{"id":13717,"date":"2020-09-23T14:59:44","date_gmt":"2020-09-23T17:59:44","guid":{"rendered":"https:\/\/correiodasemana.com\/site\/?p=13717"},"modified":"2020-09-23T14:59:44","modified_gmt":"2020-09-23T17:59:44","slug":"governo-lanca-edital-de-projeto-para-reduzir-letalidade-infantojuvenil","status":"publish","type":"post","link":"https:\/\/correiodasemana.com\/site\/governo-lanca-edital-de-projeto-para-reduzir-letalidade-infantojuvenil\/","title":{"rendered":"Governo lan\u00e7a edital de projeto para reduzir letalidade infantojuvenil"},"content":{"rendered":"<div class=\"col-lg-12 mb-3\">\n<div class=\"row\">\n<h3 class=\"col-10 offset-1 animated fadeInDown dealy-900 display-8 display-md-8 alt-font font-italic my-1 text-center\">Iniciativa \u00e9 Minist\u00e9rio da Mulher, da Fam\u00edlia e dos Direitos Humanos<\/h3>\n<\/div>\n<\/div>\n<div class=\"col-xl-7 offset-xl-1 col-lg-8 offset-lg-0 col-md-10 offset-md-1 mb-3\">\n<div class=\"post-item alt-font\">\n<div class=\"post-item-wrap\">\n<p>O Minist\u00e9rio da Mulher, da Fam\u00edlia e dos Direitos Humanos lan\u00e7ou hoje (23) edital para implementa\u00e7\u00e3o de projeto-piloto voltado \u00e0 redu\u00e7\u00e3o da viol\u00eancia e de homic\u00eddios de crian\u00e7as e adolescentes no pa\u00eds por meio da busca ativa escolar e redu\u00e7\u00e3o da evas\u00e3o escolar. A iniciativa \u00e9 em parceria com o Programa das Na\u00e7\u00f5es Unidas para o Desenvolvimento (Pnud), que vai destinar R$ 10 milh\u00f5es para a contrata\u00e7\u00e3o de seis entidades parceiras.<img decoding=\"async\" src=\"https:\/\/agenciabrasil.ebc.com.br\/ebc.png?id=1388744&amp;o=node\" \/><img decoding=\"async\" src=\"https:\/\/agenciabrasil.ebc.com.br\/ebc.gif?id=1388744&amp;o=node\" \/><\/p>\n<p>O\u00a0<a href=\"https:\/\/www.gov.br\/mdh\/pt-br\/assuntos\/noticias\/2020-2\/setembro\/22092020171507_1.BRA18024Edital92020_Letalidade_FINAL.pdf]%20e%20do%20Pnud%20[https:\/\/www.br.undp.org\/content\/brazil\/pt\/home\/jobs.html\" target=\"_blank\" rel=\"noopener noreferrer\">escopo do projeto e a \u00edntegra do edital<\/a>, contendo as instru\u00e7\u00f5es para o encaminhamento das propostas, est\u00e1 dispon\u00edvel nos sites do minist\u00e9rio.<\/p>\n<p>Para o secret\u00e1rio Nacional dos Direitos da Crian\u00e7a e do Adolescente, do Minist\u00e9rio da Mulher, da Fam\u00edlia e dos Direitos Humanos, Maur\u00edcio Cunha, apesar dos avan\u00e7os oriundo dos 30 anos do\u00a0<a href=\"http:\/\/conteudo.ebc.com.br\/agencia\/2020\/eca_30anos\/eca30anos.html\" target=\"_blank\" rel=\"noopener noreferrer\">Estatuto da Crian\u00e7a e do Adolescente<\/a>\u00a0(ECA) [http:\/\/conteudo.ebc.com.br\/agencia\/2020\/eca_30anos\/eca30anos.html], o Brasil tem um \u201cquadro grav\u00edssimo\u201d de viol\u00eancia contra esse p\u00fablico, que precisa ser combatido e superado.<\/p>\n<p>Durante a\u00a0<a href=\"https:\/\/www.youtube.com\/watch?v=GHdFYPyskzM\" target=\"_blank\" rel=\"noopener noreferrer\">abertura<\/a>\u00a0do F\u00f3rum Nacional sobre Letalidade Infantojuvenil, que acontece hoje e amanh\u00e3 (24) de forma virtual, Cunha apresentou o edital do projeto e os n\u00fameros de homic\u00eddios infantojuvenil. \u201cOs homic\u00eddios s\u00e3o apenas o cap\u00edtulo final de uma longa hist\u00f3ria de viola\u00e7\u00f5es e priva\u00e7\u00f5es de direitos de crian\u00e7as e adolescentes. Essa viol\u00eancia contra o p\u00fablico jovem provoca uma verdadeira trag\u00e9dia nacional\u201d, disse, destacando que, desde 2012, a taxa de homic\u00eddios de adolescentes \u00e9 mais alta que a da popula\u00e7\u00e3o geral.<\/p>\n<p>De acordo com o secret\u00e1rio, o Relat\u00f3rio Viol\u00eancia Letal Contra as Crian\u00e7as e Adolescentes do Brasil revela que mais de 689,6 mil crian\u00e7as e adolescentes morreram por acidente de transporte, suic\u00eddio e homic\u00eddio, entre 1980 e 2013. E crian\u00e7as e adolescentes negros morrem, proporcionalmente, quase tr\u00eas vezes mais do que brancos.<\/p>\n<p>Os homic\u00eddios s\u00e3o a principal causa do aumento dessas mortes por causas externas. Os assassinatos representam cerca de 2,5% do total de mortes at\u00e9 os 11 anos e t\u00eam um crescimento acentuado na entrada da adolesc\u00eancia, aos 12 anos, quando causam 6,7% do total de mortes nessa faixa et\u00e1ria. Entre as mortes aos 14 anos, 25,1% s\u00e3o por homic\u00eddio, percentual que atinge 48,2% na an\u00e1lise dos \u00f3bitos aos 17 anos. O Brasil \u00e9 o pa\u00eds em que, em n\u00fameros absolutos, mais morrem adolescentes v\u00edtimas de homic\u00eddios em todo o mundo, com aproximadamente 10 mil mortes por ano.<\/p>\n<p>Cunha apresentou ainda dados de um estudo de 2016, da Secretaria Nacional de Seguran\u00e7a P\u00fablica do Minist\u00e9rio da Justi\u00e7a e do Instituto de Pesquisa Econ\u00f4mica Aplicada (Ipea), que concluiu que a educa\u00e7\u00e3o \u00e9 o passo inicial para a redu\u00e7\u00e3o dos homic\u00eddios. A estimativa \u00e9 que h\u00e1 uma redu\u00e7\u00e3o de 2% na taxa de homic\u00eddios dos munic\u00edpios para cada 1% a mais de jovens entre 15 e 17 anos nas escolas.<\/p>\n<p>E \u00e9 esse o objetivo do programa que ser\u00e1 constru\u00eddo a partir do edital lan\u00e7ado nesta quarta-feira. De acordo com Cunha, as a\u00e7\u00f5es requerem interven\u00e7\u00f5es multisetoriais e integradas. Por isso, al\u00e9m da preven\u00e7\u00e3o \u00e0 evas\u00e3o escolar, o projeto dever\u00e1 trabalhar para o fortalecimento do elo comunidade, fam\u00edlia e escola e com a\u00e7\u00f5es para promo\u00e7\u00e3o de cultura de paz.<\/p>\n<p>\u201cQueremos privilegiar nessa experi\u00eancia o papel das fam\u00edlias e fortalecimento das suas compet\u00eancias protetivas. N\u00e3o existe inf\u00e2ncia protegida sem fam\u00edlias fortes\u201d, disse o secret\u00e1rio.<\/p>\n<p>Por Andreia Verd\u00e9lio \u2013 Rep\u00f3rter da Ag\u00eancia Brasil &#8211; Bras\u00edlia<\/p>\n<\/div>\n<\/div>\n<\/div>\n","protected":false},"excerpt":{"rendered":"<p>Iniciativa \u00e9 Minist\u00e9rio da Mulher, da Fam\u00edlia e dos Direitos Humanos O Minist\u00e9rio da Mulher,&#8230;<\/p>\n","protected":false},"author":1,"featured_media":13718,"comment_status":"open","ping_status":"open","sticky":false,"template":"","format":"standard","meta":{"_jetpack_memberships_contains_paid_content":false,"footnotes":"","jetpack_publicize_message":"","jetpack_publicize_feature_enabled":true,"jetpack_social_post_already_shared":true,"jetpack_social_options":{"image_generator_settings":{"template":"highway","default_image_id":0,"font":"","enabled":false},"version":2}},"categories":[1],"tags":[],"class_list":["post-13717","post","type-post","status-publish","format-standard","has-post-thumbnail","hentry","category-atualidade"],"jetpack_publicize_connections":[],"jetpack_featured_media_url":"https:\/\/correiodasemana.com\/site\/wp-content\/uploads\/2020\/09\/mcamg_abr_10052019_9651.jpg","jetpack-related-posts":[{"id":23961,"url":"https:\/\/correiodasemana.com\/site\/governo-abre-canal-para-receber-denuncias-de-ataques-em-escolas\/","url_meta":{"origin":13717,"position":0},"title":"Governo abre canal para receber den\u00fancias de ataques em escolas","author":"adminredacao","date":"Abril 11, 2023","format":false,"excerpt":"Plataforma virtual recolhe informa\u00e7\u00f5es an\u00f4nimas Por Pedro Rafael Vilela - Rep\u00f3rter da Ag\u00eancia Brasil - Bras\u00edlia O Minist\u00e9rio da Justi\u00e7a e Seguran\u00e7a P\u00fablica (MJSP), em parceria com organiza\u00e7\u00e3o n\u00e3o-governamental SaferNet Brasil, disponibilizou um canal virtual na internet para receber den\u00fancias de ataques contra escolas. O\u00a0site\u00a0est\u00e1 dispon\u00edvel\u00a0e as informa\u00e7\u00f5es enviadas ser\u00e3o\u2026","rel":"","context":"In &quot;Atualidade&quot;","block_context":{"text":"Atualidade","link":"https:\/\/correiodasemana.com\/site\/category\/atualidade\/"},"img":{"alt_text":"","src":"https:\/\/i0.wp.com\/correiodasemana.com\/site\/wp-content\/uploads\/2023\/04\/2019-03-13t221957z_964543783_rc1755366f20_rtrmadp_3_brazil-violence-school.jpg?resize=350%2C200&ssl=1","width":350,"height":200,"srcset":"https:\/\/i0.wp.com\/correiodasemana.com\/site\/wp-content\/uploads\/2023\/04\/2019-03-13t221957z_964543783_rc1755366f20_rtrmadp_3_brazil-violence-school.jpg?resize=350%2C200&ssl=1 1x, https:\/\/i0.wp.com\/correiodasemana.com\/site\/wp-content\/uploads\/2023\/04\/2019-03-13t221957z_964543783_rc1755366f20_rtrmadp_3_brazil-violence-school.jpg?resize=525%2C300&ssl=1 1.5x, https:\/\/i0.wp.com\/correiodasemana.com\/site\/wp-content\/uploads\/2023\/04\/2019-03-13t221957z_964543783_rc1755366f20_rtrmadp_3_brazil-violence-school.jpg?resize=700%2C400&ssl=1 2x, https:\/\/i0.wp.com\/correiodasemana.com\/site\/wp-content\/uploads\/2023\/04\/2019-03-13t221957z_964543783_rc1755366f20_rtrmadp_3_brazil-violence-school.jpg?resize=1050%2C600&ssl=1 3x"},"classes":[]},{"id":19196,"url":"https:\/\/correiodasemana.com\/site\/em-tempo-124\/","url_meta":{"origin":13717,"position":1},"title":"Em Tempo","author":"","date":"Mar\u00e7o 14, 2022","format":false,"excerpt":"M\u00fasica para crian\u00e7as e adolescentes O\u00a0Projeto Musicou\u00a0acontece em Fortaleza com o objetivo de oferecer\u00a0educa\u00e7\u00e3o musical\u00a0a jovens. As atividades, que s\u00e3o gratuitas, ser\u00e3o focadas em crian\u00e7as e adolescentes de 6 a 18 anos. Os cursos ser\u00e3o:\u00a0inicia\u00e7\u00e3o musical,\u00a0canto coral,\u00a0percuss\u00e3o\u00a0e\u00a0acordeon. As inscri\u00e7\u00f5es come\u00e7am no dia 14 de mar\u00e7o, e podem ser realizadas no\u2026","rel":"","context":"In &quot;Artigos&quot;","block_context":{"text":"Artigos","link":"https:\/\/correiodasemana.com\/site\/category\/artigos\/"},"img":{"alt_text":"","src":"https:\/\/i0.wp.com\/correiodasemana.com\/site\/wp-content\/uploads\/2022\/03\/1_bem_vinda_a_quixeramobim_01-18251063-300x169.jpg?resize=350%2C200&ssl=1","width":350,"height":200},"classes":[]},{"id":13358,"url":"https:\/\/correiodasemana.com\/site\/reforma-administrativa-acaba-com-a-estabilidade-de-parte-dos-servidores-veja-integra\/","url_meta":{"origin":13717,"position":2},"title":"Reforma administrativa acaba com a estabilidade de parte dos servidores","author":"","date":"Setembro 3, 2020","format":false,"excerpt":"A proposta de\u00a0reforma administrativa\u00a0que o governo federal vai enviar ao Congresso nesta quinta-feira (3) vai permitir o fim da estabilidade para a quase totalidade das categorias de servidores p\u00fablicos. As exce\u00e7\u00f5es s\u00e3o as carreiras t\u00edpicas de Estado, ou seja, que n\u00e3o encontram fun\u00e7\u00e3o correspondente na iniciativa privada, que ter\u00e3o a\u2026","rel":"","context":"In &quot;Atualidade&quot;","block_context":{"text":"Atualidade","link":"https:\/\/correiodasemana.com\/site\/category\/atualidade\/"},"img":{"alt_text":"","src":"https:\/\/i0.wp.com\/correiodasemana.com\/site\/wp-content\/uploads\/2020\/09\/49834373393_7078c0a341_c-750x430-1.jpg?resize=350%2C200&ssl=1","width":350,"height":200,"srcset":"https:\/\/i0.wp.com\/correiodasemana.com\/site\/wp-content\/uploads\/2020\/09\/49834373393_7078c0a341_c-750x430-1.jpg?resize=350%2C200&ssl=1 1x, https:\/\/i0.wp.com\/correiodasemana.com\/site\/wp-content\/uploads\/2020\/09\/49834373393_7078c0a341_c-750x430-1.jpg?resize=525%2C300&ssl=1 1.5x, https:\/\/i0.wp.com\/correiodasemana.com\/site\/wp-content\/uploads\/2020\/09\/49834373393_7078c0a341_c-750x430-1.jpg?resize=700%2C400&ssl=1 2x"},"classes":[]},{"id":16395,"url":"https:\/\/correiodasemana.com\/site\/mpce-abre-edital-para-locacao-de-imovel-para-nova-sede-em-sobral\/","url_meta":{"origin":13717,"position":3},"title":"MPCE abre edital para loca\u00e7\u00e3o de im\u00f3vel para nova sede em Sobral","author":"","date":"Maio 10, 2021","format":false,"excerpt":"O MPCE lan\u00e7ou edital de Chamamento P\u00fablico para loca\u00e7\u00e3o de im\u00f3vel sob medida (modalidade built to suit) para abrigar a nova sede das Promotorias de Justi\u00e7a de Sobral. Os interessados em participar da sele\u00e7\u00e3o p\u00fablica dever\u00e3o encaminhar a documenta\u00e7\u00e3o necess\u00e1ria, endere\u00e7ada \u00e0 Comiss\u00e3o Permanente de Licita\u00e7\u00e3o da Procuradoria Geral de\u2026","rel":"","context":"In &quot;Atualidade&quot;","block_context":{"text":"Atualidade","link":"https:\/\/correiodasemana.com\/site\/category\/atualidade\/"},"img":{"alt_text":"","src":"https:\/\/i0.wp.com\/correiodasemana.com\/site\/wp-content\/uploads\/2021\/05\/chamamento-social.jpg?resize=350%2C200&ssl=1","width":350,"height":200},"classes":[]},{"id":28232,"url":"https:\/\/correiodasemana.com\/site\/mais-de-50-das-criancas-do-2o-ano-do-fundamental-nao-conseguem-ler\/","url_meta":{"origin":13717,"position":4},"title":"Mais de 50% das crian\u00e7as do 2\u00ba ano do fundamental n\u00e3o conseguem ler","author":"adminredacao","date":"Fevereiro 6, 2024","format":false,"excerpt":"Para Unicef, situa\u00e7\u00e3o se agravou durante a pandemia de covid-19 Por Fabiana Sampaio - Rep\u00f3rter da R\u00e1dio Nacional - Rio de Janeiro Mais\u00a0da\u00a0metade\u00a0das\u00a0crian\u00e7as do segundo ano do Ensino Fundamental\u00a0da\u00a0rede p\u00fablica n\u00e3o aprenderam a ler e escrever no Brasil. A informa\u00e7\u00e3o \u00e9 do Fundo Internacional de Emerg\u00eancia das Na\u00e7\u00f5es Unidas para\u2026","rel":"","context":"In &quot;Atualidade&quot;","block_context":{"text":"Atualidade","link":"https:\/\/correiodasemana.com\/site\/category\/atualidade\/"},"img":{"alt_text":"","src":"https:\/\/i0.wp.com\/correiodasemana.com\/site\/wp-content\/uploads\/2024\/02\/AADA.jpg?resize=350%2C200&ssl=1","width":350,"height":200},"classes":[]},{"id":11224,"url":"https:\/\/correiodasemana.com\/site\/em-tempo-35\/","url_meta":{"origin":13717,"position":5},"title":"Em Tempo","author":"","date":"Mar\u00e7o 18, 2020","format":false,"excerpt":"MPCE abre vagas para estagi\u00e1rios O Minist\u00e9rio P\u00fablico do Cear\u00e1 (MPCE) divulgou edital de sele\u00e7\u00e3o de estagi\u00e1rios. Os estudantes universit\u00e1rios podem\u00a0submeter candidatura\u00a0at\u00e9 10 de abril. O valor da bolsa \u00e9 de R$ 937, mais aux\u00edlio-transporte de R$ 140,80, com carga hor\u00e1ria de 25 horas semanais. A prova est\u00e1 prevista para\u2026","rel":"","context":"In &quot;Artigos&quot;","block_context":{"text":"Artigos","link":"https:\/\/correiodasemana.com\/site\/category\/artigos\/"},"img":{"alt_text":"","src":"https:\/\/i0.wp.com\/correiodasemana.com\/site\/wp-content\/uploads\/2020\/03\/image-1.jpg?resize=350%2C200&ssl=1","width":350,"height":200,"srcset":"https:\/\/i0.wp.com\/correiodasemana.com\/site\/wp-content\/uploads\/2020\/03\/image-1.jpg?resize=350%2C200&ssl=1 1x, https:\/\/i0.wp.com\/correiodasemana.com\/site\/wp-content\/uploads\/2020\/03\/image-1.jpg?resize=525%2C300&ssl=1 1.5x, https:\/\/i0.wp.com\/correiodasemana.com\/site\/wp-content\/uploads\/2020\/03\/image-1.jpg?resize=700%2C400&ssl=1 2x, https:\/\/i0.wp.com\/correiodasemana.com\/site\/wp-content\/uploads\/2020\/03\/image-1.jpg?resize=1050%2C600&ssl=1 3x, https:\/\/i0.wp.com\/correiodasemana.com\/site\/wp-content\/uploads\/2020\/03\/image-1.jpg?resize=1400%2C800&ssl=1 4x"},"classes":[]}],"jetpack_sharing_enabled":true,"_links":{"self":[{"href":"https:\/\/correiodasemana.com\/site\/wp-json\/wp\/v2\/posts\/13717","targetHints":{"allow":["GET"]}}],"collection":[{"href":"https:\/\/correiodasemana.com\/site\/wp-json\/wp\/v2\/posts"}],"about":[{"href":"https:\/\/correiodasemana.com\/site\/wp-json\/wp\/v2\/types\/post"}],"author":[{"embeddable":true,"href":"https:\/\/correiodasemana.com\/site\/wp-json\/wp\/v2\/users\/1"}],"replies":[{"embeddable":true,"href":"https:\/\/correiodasemana.com\/site\/wp-json\/wp\/v2\/comments?post=13717"}],"version-history":[{"count":2,"href":"https:\/\/correiodasemana.com\/site\/wp-json\/wp\/v2\/posts\/13717\/revisions"}],"predecessor-version":[{"id":13720,"href":"https:\/\/correiodasemana.com\/site\/wp-json\/wp\/v2\/posts\/13717\/revisions\/13720"}],"wp:featuredmedia":[{"embeddable":true,"href":"https:\/\/correiodasemana.com\/site\/wp-json\/wp\/v2\/media\/13718"}],"wp:attachment":[{"href":"https:\/\/correiodasemana.com\/site\/wp-json\/wp\/v2\/media?parent=13717"}],"wp:term":[{"taxonomy":"category","embeddable":true,"href":"https:\/\/correiodasemana.com\/site\/wp-json\/wp\/v2\/categories?post=13717"},{"taxonomy":"post_tag","embeddable":true,"href":"https:\/\/correiodasemana.com\/site\/wp-json\/wp\/v2\/tags?post=13717"}],"curies":[{"name":"wp","href":"https:\/\/api.w.org\/{rel}","templated":true}]}}