{"id":13721,"date":"2020-09-23T15:04:53","date_gmt":"2020-09-23T18:04:53","guid":{"rendered":"https:\/\/correiodasemana.com\/site\/?p=13721"},"modified":"2020-09-23T15:04:53","modified_gmt":"2020-09-23T18:04:53","slug":"brasil-precisara-aumentar-fornecimento-de-agua-16-ao-ano","status":"publish","type":"post","link":"https:\/\/correiodasemana.com\/site\/brasil-precisara-aumentar-fornecimento-de-agua-16-ao-ano\/","title":{"rendered":"Brasil precisar\u00e1 aumentar fornecimento de \u00e1gua 1,6% ao ano"},"content":{"rendered":"<div class=\"col-lg-12 mb-3\">\n<div class=\"row\">\n<h3 class=\"col-10 offset-1 animated fadeInDown dealy-900 display-8 display-md-8 alt-font font-italic my-1 text-center\">Estimativa \u00e9 de estudo sobre demanda futura por \u00e1gua tratada no pa\u00eds<\/h3>\n<\/div>\n<\/div>\n<div class=\"col-xl-7 offset-xl-1 col-lg-8 offset-lg-0 col-md-10 offset-md-1 mb-3\">\n<div class=\"post-item alt-font\">\n<div class=\"post-item-wrap\">\n<p>O Brasil precisa aumentar o fornecimento de \u00e1gua pot\u00e1vel em 4,337 bilh\u00f5es de metros c\u00fabicos (m\u00b3) at\u00e9 2040. A proje\u00e7\u00e3o, a partir da expectativa de crescimento econ\u00f4mico, do aumento da popula\u00e7\u00e3o e do aquecimento global, indica que o crescimento da demanda por \u00e1gua pot\u00e1vel nas cidades ser\u00e1 de 43,5% at\u00e9 o final da\u00a0<span id=\"OBJ_PREFIX_DWT324_com_zimbra_date\" role=\"link\">quarta<\/span>\u00a0d\u00e9cada do s\u00e9culo 21 \u2013 uma m\u00e9dia de incremento de 1,6% ao ano.<img decoding=\"async\" src=\"https:\/\/agenciabrasil.ebc.com.br\/ebc.png?id=1388665&amp;o=node\" \/><img decoding=\"async\" src=\"https:\/\/agenciabrasil.ebc.com.br\/ebc.gif?id=1388665&amp;o=node\" \/><\/p>\n<p>O volume \u00e9 pr\u00f3ximo da demanda efetiva de consumo somada nos estados de S\u00e3o Paulo e Minas Gerais em 2017, e equivale ao volume que seria fornecido por 4,4 sistemas do porte do Sistema Cantareira, formado por seis reservat\u00f3rios que abastecem quase 9 milh\u00f5es de habitantes da Grande S\u00e3o Paulo.<\/p>\n<p>Os n\u00fameros s\u00e3o do estudo Demanda Futura por \u00c1gua Tratada nas Cidades Brasileiras \u2013 2019 a 2040, elaborado pelo Instituto Trata Brasil e pela The Nature Conservancy (TNC). O Trata Brasil \u00e9 uma organiza\u00e7\u00e3o da sociedade civil de interesse p\u00fablico (oscip) formada por empresas da \u00e1rea saneamento b\u00e1sico, e a TNC \u00e9 uma organiza\u00e7\u00e3o n\u00e3o governamental (ONG) ambiental que tem sede nos Estados Unidos e desenvolve atividades em diversos pa\u00edses, inclusive o Brasil.<\/p>\n<h2>Desperd\u00edcio e preserva\u00e7\u00e3o ambiental<\/h2>\n<p>A eventual diminui\u00e7\u00e3o do desperd\u00edcio de \u00e1gua tratada nas redes de abastecimento e o uso racional dos recursos h\u00eddricos podem ajudar no atendimento da demanda projetada, diz o estudo. O volume de \u00e1gua desperdi\u00e7ada no ano de 2017 foi calculado em 3,815 bilh\u00f5es de m\u00b3 \u00a0\u2013 88% do volume que, segundo o estudo,\u00a0deve ser acrescido at\u00e9 2040.<\/p>\n<p>A perda de \u00e1gua causa preju\u00edzo de R$ 12 bilh\u00f5es.<\/p>\n<p>Um indicador do desperd\u00edcio assinalado no estudo \u00e9 que a m\u00e9dia de consumo de \u00e1gua por habitante no Brasil \u00e9 de 151,23 litros por pessoa, mais de 41 litros (38%) acima do que estabelece a Organiza\u00e7\u00e3o das Na\u00e7\u00f5es Unidas (ONU) como volume necess\u00e1rio para viver confortavelmente (110 litros). O dado sobre a m\u00e9dia de consumo inclui o uso residencial e tamb\u00e9m o gasto de \u00e1gua em diversas atividades econ\u00f4micas como agricultura (irriga\u00e7\u00e3o) e ind\u00fastria (transforma\u00e7\u00e3o de produtos).<\/p>\n<p>Para o presidente do Instituto Trata Brasil, \u00c9dison Carlos, a demanda por mais \u00e1gua exigir\u00e1 \u201caltos investimentos em reserva\u00e7\u00e3o [reservat\u00f3rios de \u00e1gua], tratamento de esgotos e na redu\u00e7\u00e3o das perdas, com troca de redes e efici\u00eancia na distribui\u00e7\u00e3o de \u00e1gua pot\u00e1vel.\u201d<\/p>\n<p>O material de divulga\u00e7\u00e3o do estudo ainda assinala a necessidade de preserva\u00e7\u00e3o ambiental. \u201cO fortalecimento da infraestrutura verde traz benef\u00edcios ambientais extremamente valiosos, como a preserva\u00e7\u00e3o de rios, a conserva\u00e7\u00e3o da biodiversidade e a absor\u00e7\u00e3o de carbono, o que ajuda a combater as mudan\u00e7as clim\u00e1ticas\u201d, diz o documento.<\/p>\n<p>Por Ag\u00eancia Brasil &#8211; Bras\u00edlia<\/p>\n<\/div>\n<\/div>\n<\/div>\n","protected":false},"excerpt":{"rendered":"<p>Estimativa \u00e9 de estudo sobre demanda futura por \u00e1gua tratada no pa\u00eds O Brasil precisa&#8230;<\/p>\n","protected":false},"author":1,"featured_media":13722,"comment_status":"open","ping_status":"open","sticky":false,"template":"","format":"standard","meta":{"_jetpack_memberships_contains_paid_content":false,"footnotes":"","jetpack_publicize_message":"","jetpack_publicize_feature_enabled":true,"jetpack_social_post_already_shared":true,"jetpack_social_options":{"image_generator_settings":{"template":"highway","default_image_id":0,"font":"","enabled":false},"version":2}},"categories":[1],"tags":[],"class_list":["post-13721","post","type-post","status-publish","format-standard","has-post-thumbnail","hentry","category-atualidade"],"jetpack_publicize_connections":[],"jetpack_featured_media_url":"https:\/\/correiodasemana.com\/site\/wp-content\/uploads\/2020\/09\/mca_agua_1609201061.jpg","jetpack-related-posts":[{"id":13192,"url":"https:\/\/correiodasemana.com\/site\/estudo-mostra-possiveis-impactos-das-mudancas-climaticas-e-do-desenvolvimento-economico-na-demanda-por-agua-potavel-ate-2040\/","url_meta":{"origin":13721,"position":0},"title":"Estudo mostra poss\u00edveis impactos das mudan\u00e7as clim\u00e1ticas e do desenvolvimento econ\u00f4mico na demanda por \u00e1gua pot\u00e1vel at\u00e9 2040","author":"","date":"Agosto 30, 2020","format":false,"excerpt":"Novo estudo do Instituto Trata Brasil aponta cen\u00e1rios de acr\u00e9scimos importantes no consumo de \u00e1gua por mudan\u00e7as nos padr\u00f5es econ\u00f4micos e demogr\u00e1ficos e devido \u00e0s mudan\u00e7as clim\u00e1ticas. AGOSTO, 2020 -\u00a0A infraestrutura de saneamento b\u00e1sico passa por uma das mais importantes reestrutura\u00e7\u00f5es ao longo dos tempos, a partir da nova Lei\u2026","rel":"","context":"In &quot;Atualidade&quot;","block_context":{"text":"Atualidade","link":"https:\/\/correiodasemana.com\/site\/category\/atualidade\/"},"img":{"alt_text":"","src":"https:\/\/i0.wp.com\/correiodasemana.com\/site\/wp-content\/uploads\/2020\/08\/blogpost58.png?resize=350%2C200&ssl=1","width":350,"height":200,"srcset":"https:\/\/i0.wp.com\/correiodasemana.com\/site\/wp-content\/uploads\/2020\/08\/blogpost58.png?resize=350%2C200&ssl=1 1x, https:\/\/i0.wp.com\/correiodasemana.com\/site\/wp-content\/uploads\/2020\/08\/blogpost58.png?resize=525%2C300&ssl=1 1.5x, https:\/\/i0.wp.com\/correiodasemana.com\/site\/wp-content\/uploads\/2020\/08\/blogpost58.png?resize=700%2C400&ssl=1 2x"},"classes":[]},{"id":22407,"url":"https:\/\/correiodasemana.com\/site\/ceara-desperdica-quase-metade-da-agua-potavel-durante-distribuicao-a-moradias-e-comercios\/","url_meta":{"origin":13721,"position":1},"title":"Cear\u00e1 desperdi\u00e7a quase metade da \u00e1gua pot\u00e1vel durante distribui\u00e7\u00e3o a moradias e com\u00e9rcios","author":"","date":"Dezembro 25, 2022","format":false,"excerpt":"Maioria das perdas \u00e9 causada por vazamentos e liga\u00e7\u00f5es clandestinas, segundo estudo do Instituto Trata Brasil Escrito por\u00a0Theyse Viana,\u00a0theyse.viana@svm.com.br Mais de 3 milh\u00f5es de cearenses \u2013 quase 40% da popula\u00e7\u00e3o \u2013 n\u00e3o t\u00eam acesso regular a\u00a0\u00e1gua pot\u00e1vel. Enquanto isso, 44,9% do l\u00edquido que deveria ter chegado \u00e0s torneiras do Cear\u00e1\u2026","rel":"","context":"In &quot;Atualidade&quot;","block_context":{"text":"Atualidade","link":"https:\/\/correiodasemana.com\/site\/category\/atualidade\/"},"img":{"alt_text":"","src":"https:\/\/i0.wp.com\/correiodasemana.com\/site\/wp-content\/uploads\/2022\/12\/ODS-6-AGUA-E-SANEAMENTO.jpg?resize=350%2C200&ssl=1","width":350,"height":200,"srcset":"https:\/\/i0.wp.com\/correiodasemana.com\/site\/wp-content\/uploads\/2022\/12\/ODS-6-AGUA-E-SANEAMENTO.jpg?resize=350%2C200&ssl=1 1x, https:\/\/i0.wp.com\/correiodasemana.com\/site\/wp-content\/uploads\/2022\/12\/ODS-6-AGUA-E-SANEAMENTO.jpg?resize=525%2C300&ssl=1 1.5x, https:\/\/i0.wp.com\/correiodasemana.com\/site\/wp-content\/uploads\/2022\/12\/ODS-6-AGUA-E-SANEAMENTO.jpg?resize=700%2C400&ssl=1 2x, https:\/\/i0.wp.com\/correiodasemana.com\/site\/wp-content\/uploads\/2022\/12\/ODS-6-AGUA-E-SANEAMENTO.jpg?resize=1050%2C600&ssl=1 3x, https:\/\/i0.wp.com\/correiodasemana.com\/site\/wp-content\/uploads\/2022\/12\/ODS-6-AGUA-E-SANEAMENTO.jpg?resize=1400%2C800&ssl=1 4x"},"classes":[]},{"id":11292,"url":"https:\/\/correiodasemana.com\/site\/dia-da-agua-75-milhoes-de-brasileiros-ainda-nao-tem-acesso-a-saneamento\/","url_meta":{"origin":13721,"position":2},"title":"Dia da \u00e1gua: 75 milh\u00f5es de brasileiros ainda n\u00e3o t\u00eam acesso a saneamento","author":"","date":"Mar\u00e7o 24, 2020","format":false,"excerpt":"Presente em uma extensa massa no planeta e fonte de vida para a humanidade, a \u00e1gua \u00e9 considerada s\u00edmbolo de riqueza, um recurso importante para o mundo. N\u00e3o por acaso, um dos 17 objetivos de desenvolvimento sustent\u00e1vel da ONU \u00e9 o de assegurar a disponibilidade e gest\u00e3o sustent\u00e1vel da \u00e1gua\u2026","rel":"","context":"In &quot;Atualidade&quot;","block_context":{"text":"Atualidade","link":"https:\/\/correiodasemana.com\/site\/category\/atualidade\/"},"img":{"alt_text":"","src":"https:\/\/i0.wp.com\/correiodasemana.com\/site\/wp-content\/uploads\/2020\/03\/not170322a.jpg?resize=350%2C200&ssl=1","width":350,"height":200,"srcset":"https:\/\/i0.wp.com\/correiodasemana.com\/site\/wp-content\/uploads\/2020\/03\/not170322a.jpg?resize=350%2C200&ssl=1 1x, https:\/\/i0.wp.com\/correiodasemana.com\/site\/wp-content\/uploads\/2020\/03\/not170322a.jpg?resize=525%2C300&ssl=1 1.5x"},"classes":[]},{"id":22331,"url":"https:\/\/correiodasemana.com\/site\/cuidando-do-meio-ambiente-dicas-da-agenda-21\/","url_meta":{"origin":13721,"position":3},"title":"Cuidando do Meio Ambiente: Dicas da Agenda 21","author":"","date":"Dezembro 19, 2022","format":false,"excerpt":"Desligue o seu computador: muita gente tem o p\u00e9ssimo h\u00e1bito de deixar o computador de casa ou da empresa ligado ininterruptamente, \u00e0s vezes fazendo downloads, \u00e0s vezes simplesmente por comodidade. Desligue o computador sempre que for ficar mais de 2 horas sem utiliz\u00e1-lo e o monitor por at\u00e9 quinze minutos.\u2026","rel":"","context":"In &quot;Artigos&quot;","block_context":{"text":"Artigos","link":"https:\/\/correiodasemana.com\/site\/category\/artigos\/"},"img":{"alt_text":"","src":"https:\/\/i0.wp.com\/correiodasemana.com\/site\/wp-content\/uploads\/2021\/08\/Salmito-Campos.jpg?resize=350%2C200&ssl=1","width":350,"height":200,"srcset":"https:\/\/i0.wp.com\/correiodasemana.com\/site\/wp-content\/uploads\/2021\/08\/Salmito-Campos.jpg?resize=350%2C200&ssl=1 1x, https:\/\/i0.wp.com\/correiodasemana.com\/site\/wp-content\/uploads\/2021\/08\/Salmito-Campos.jpg?resize=525%2C300&ssl=1 1.5x, https:\/\/i0.wp.com\/correiodasemana.com\/site\/wp-content\/uploads\/2021\/08\/Salmito-Campos.jpg?resize=700%2C400&ssl=1 2x, https:\/\/i0.wp.com\/correiodasemana.com\/site\/wp-content\/uploads\/2021\/08\/Salmito-Campos.jpg?resize=1050%2C600&ssl=1 3x, https:\/\/i0.wp.com\/correiodasemana.com\/site\/wp-content\/uploads\/2021\/08\/Salmito-Campos.jpg?resize=1400%2C800&ssl=1 4x"},"classes":[]},{"id":14128,"url":"https:\/\/correiodasemana.com\/site\/35-milhoes-de-brasileiros-nao-tem-acesso-a-rede-de-agua-potavel\/","url_meta":{"origin":13721,"position":4},"title":"35 milh\u00f5es de brasileiros n\u00e3o tem acesso \u00e0 rede de \u00e1gua pot\u00e1vel","author":"","date":"Outubro 20, 2020","format":false,"excerpt":"O levantamento \u00e9 do Instituto Trata Brasil, com base nos dados mais recentes dispon\u00edveis pelo Sistema Nacional de Informa\u00e7\u00f5es sobre Saneamento (SNIS), de 2018. Uma pesquisa com base em dados do Instituto Brasileiro de Geografia e Estat\u00edstica (IBGE) de 2018, com recorte para o n\u00famero de habitantes por cidade, revelou\u2026","rel":"","context":"In &quot;Atualidade&quot;","block_context":{"text":"Atualidade","link":"https:\/\/correiodasemana.com\/site\/category\/atualidade\/"},"img":{"alt_text":"","src":"https:\/\/i0.wp.com\/correiodasemana.com\/site\/wp-content\/uploads\/2020\/10\/b6ddb1640e40bdd68db56d48e7164c4813c0819bad11420b1fe7db253f4a5ce3-2-1.jpg?resize=350%2C200&ssl=1","width":350,"height":200},"classes":[]},{"id":14211,"url":"https:\/\/correiodasemana.com\/site\/35-milhoes-de-brasileiros-nao-tem-acesso-a-rede-de-agua-potavel-2\/","url_meta":{"origin":13721,"position":5},"title":"35 milh\u00f5es de brasileiros n\u00e3o tem acesso \u00e0 rede de \u00e1gua pot\u00e1vel","author":"","date":"Outubro 25, 2020","format":false,"excerpt":"O levantamento \u00e9 do Instituto Trata Brasil, com base nos dados mais recentes dispon\u00edveis pelo Sistema Nacional de Informa\u00e7\u00f5es sobre Saneamento (SNIS), de 2018. Uma pesquisa com base em dados do Instituto Brasileiro de Geografia e Estat\u00edstica (IBGE) de 2018, com recorte para o n\u00famero de habitantes por cidade, revelou\u2026","rel":"","context":"In &quot;Atualidade&quot;","block_context":{"text":"Atualidade","link":"https:\/\/correiodasemana.com\/site\/category\/atualidade\/"},"img":{"alt_text":"","src":"https:\/\/i0.wp.com\/correiodasemana.com\/site\/wp-content\/uploads\/2020\/07\/saneamento_basico_arquivo_agencia_brasil-e1460148582263.jpg?resize=350%2C200&ssl=1","width":350,"height":200,"srcset":"https:\/\/i0.wp.com\/correiodasemana.com\/site\/wp-content\/uploads\/2020\/07\/saneamento_basico_arquivo_agencia_brasil-e1460148582263.jpg?resize=350%2C200&ssl=1 1x, https:\/\/i0.wp.com\/correiodasemana.com\/site\/wp-content\/uploads\/2020\/07\/saneamento_basico_arquivo_agencia_brasil-e1460148582263.jpg?resize=525%2C300&ssl=1 1.5x, https:\/\/i0.wp.com\/correiodasemana.com\/site\/wp-content\/uploads\/2020\/07\/saneamento_basico_arquivo_agencia_brasil-e1460148582263.jpg?resize=700%2C400&ssl=1 2x"},"classes":[]}],"jetpack_sharing_enabled":true,"_links":{"self":[{"href":"https:\/\/correiodasemana.com\/site\/wp-json\/wp\/v2\/posts\/13721","targetHints":{"allow":["GET"]}}],"collection":[{"href":"https:\/\/correiodasemana.com\/site\/wp-json\/wp\/v2\/posts"}],"about":[{"href":"https:\/\/correiodasemana.com\/site\/wp-json\/wp\/v2\/types\/post"}],"author":[{"embeddable":true,"href":"https:\/\/correiodasemana.com\/site\/wp-json\/wp\/v2\/users\/1"}],"replies":[{"embeddable":true,"href":"https:\/\/correiodasemana.com\/site\/wp-json\/wp\/v2\/comments?post=13721"}],"version-history":[{"count":2,"href":"https:\/\/correiodasemana.com\/site\/wp-json\/wp\/v2\/posts\/13721\/revisions"}],"predecessor-version":[{"id":13724,"href":"https:\/\/correiodasemana.com\/site\/wp-json\/wp\/v2\/posts\/13721\/revisions\/13724"}],"wp:featuredmedia":[{"embeddable":true,"href":"https:\/\/correiodasemana.com\/site\/wp-json\/wp\/v2\/media\/13722"}],"wp:attachment":[{"href":"https:\/\/correiodasemana.com\/site\/wp-json\/wp\/v2\/media?parent=13721"}],"wp:term":[{"taxonomy":"category","embeddable":true,"href":"https:\/\/correiodasemana.com\/site\/wp-json\/wp\/v2\/categories?post=13721"},{"taxonomy":"post_tag","embeddable":true,"href":"https:\/\/correiodasemana.com\/site\/wp-json\/wp\/v2\/tags?post=13721"}],"curies":[{"name":"wp","href":"https:\/\/api.w.org\/{rel}","templated":true}]}}