{"id":13726,"date":"2020-09-26T07:33:15","date_gmt":"2020-09-26T10:33:15","guid":{"rendered":"https:\/\/correiodasemana.com\/site\/?p=13726"},"modified":"2020-09-26T07:34:50","modified_gmt":"2020-09-26T10:34:50","slug":"governo-do-ceara-cria-delegacia-exclusiva-para-combater-crimes-ciberneticos","status":"publish","type":"post","link":"https:\/\/correiodasemana.com\/site\/governo-do-ceara-cria-delegacia-exclusiva-para-combater-crimes-ciberneticos\/","title":{"rendered":"Governo do Cear\u00e1 cria Delegacia exclusiva para combater crimes cibern\u00e9ticos"},"content":{"rendered":"<p><span style=\"color: #000000;\"><span style=\"font-family: OpenSans-Light, Helvetica, Arial, sans-serif;\">O registro de crimes realizados via internet \u00e9 realidade cada vez mais presente na rotina policial. Para combater esse tipo de a\u00e7\u00e3o, o governador Camilo Santana sancionou na manh\u00e3 desta sexta-feira (25) a cria\u00e7\u00e3o da Delegacia de Repress\u00e3o aos Crimes Cibern\u00e9ticos (DRCC). <\/span><\/span><span style=\"color: #000000;\"><span style=\"font-family: OpenSans-Light, Helvetica, Arial, sans-serif;\">A proposta de implanta\u00e7\u00e3o do \u00f3rg\u00e3o havia sido encaminhada pelo Governo do Cear\u00e1 no fim do m\u00eas de agosto para a Assembleia Legislativa, onde foi votada e aprovada pelos deputados estaduais.<\/span><\/span><\/p>\n<p><span style=\"color: #000000;\"><span style=\"font-family: OpenSans-Light, Helvetica, Arial, sans-serif;\">Ao assinar a cria\u00e7\u00e3o da especializada o governador Camilo Santana afirmou que com a evolu\u00e7\u00e3o da tecnologia da informa\u00e7\u00e3o tamb\u00e9m vieram os crimes cometidos atrav\u00e9s da internet. \u201cAcompanhando a evolu\u00e7\u00e3o tecnol\u00f3gica e da conectividade no mundo, estamos criando uma delegacia exclusiva para reprimir crimes como fake news ou aqueles que utilizam computadores e celulares para fazer extors\u00f5es, enfim. Essa delegacia vai trabalhar com tudo o que h\u00e1 de mais moderno, com tecnologia\u201d.<\/span><\/span><\/p>\n<p><span style=\"color: #000000;\"><span style=\"font-family: OpenSans-Light, Helvetica, Arial, sans-serif;\">A fim de assegurar o desempenho esperado, Camilo Santana anunciou que ser\u00e3o feitos todos os investimentos necess\u00e1rios. \u201cDe imediato o secret\u00e1rio e o delegado-geral est\u00e3o autorizados a iniciar toda a estrutura\u00e7\u00e3o para que possamos aprofundar e melhorar o combate aos crimes cibern\u00e9ticos aqui no Estado do Cear\u00e1\u201d, declarou o governador, avaliando a medida como sendo \u201cmais uma iniciativa importante para o combate ao crime\u201d.<\/span><\/span><\/p>\n<p><img fetchpriority=\"high\" decoding=\"async\" class=\"alignleft size-full wp-image-13728\" src=\"https:\/\/correiodasemana.com\/site\/wp-content\/uploads\/2020\/09\/200925_DELEG-CRIMES-CIBERNETICOS_CG6982.jpg\" alt=\"\" width=\"1616\" height=\"1080\" srcset=\"https:\/\/correiodasemana.com\/site\/wp-content\/uploads\/2020\/09\/200925_DELEG-CRIMES-CIBERNETICOS_CG6982.jpg 1616w, https:\/\/correiodasemana.com\/site\/wp-content\/uploads\/2020\/09\/200925_DELEG-CRIMES-CIBERNETICOS_CG6982-300x200.jpg 300w, https:\/\/correiodasemana.com\/site\/wp-content\/uploads\/2020\/09\/200925_DELEG-CRIMES-CIBERNETICOS_CG6982-1024x684.jpg 1024w, https:\/\/correiodasemana.com\/site\/wp-content\/uploads\/2020\/09\/200925_DELEG-CRIMES-CIBERNETICOS_CG6982-768x513.jpg 768w, https:\/\/correiodasemana.com\/site\/wp-content\/uploads\/2020\/09\/200925_DELEG-CRIMES-CIBERNETICOS_CG6982-1536x1027.jpg 1536w, https:\/\/correiodasemana.com\/site\/wp-content\/uploads\/2020\/09\/200925_DELEG-CRIMES-CIBERNETICOS_CG6982-675x450.jpg 675w\" sizes=\"(max-width: 1616px) 100vw, 1616px\" \/><\/p>\n<p><span style=\"color: #000000;\"><span style=\"font-family: OpenSans-Light, Helvetica, Arial, sans-serif;\">Integrada ao Departamento de Pol\u00edcia Judici\u00e1ria Especializada (DPE) a Delegacia de Repress\u00e3o aos Crimes Cibern\u00e9ticos se encarregar\u00e1 de provid\u00eancias de pol\u00edcia judici\u00e1ria destinadas \u00e0 apura\u00e7\u00e3o da responsabilidade criminal pelo uso indevido de recursos tecnol\u00f3gicos de informa\u00e7\u00e3o computadorizada, como dispositivos eletr\u00f4nicos, softwares, redes de comunica\u00e7\u00e3o e seus similares.<\/span><\/span><\/p>\n<h3 class=\"western\"><span style=\"color: #fc6836;\"><span style=\"font-family: OpenSans-Light, Helvetica, Arial, sans-serif;\">Momento hist\u00f3rico<\/span><\/span><\/h3>\n<p><span style=\"color: #000000;\"><span style=\"font-family: OpenSans-Light, Helvetica, Arial, sans-serif;\">Inserida na estrutura da Superintend\u00eancia da Pol\u00edcia Civil do Estado do Cear\u00e1, a especializada ter\u00e1 sede em Fortaleza. O secret\u00e1rio estadual da Seguran\u00e7a P\u00fablica, Sandro Caron, destacou a import\u00e2ncia da investiga\u00e7\u00e3o policial bem feita, com qualidade e realizada de forma especializada. \u201cH\u00e1 alguns anos diz\u00edamos que o crime cibern\u00e9tico era o crime do futuro. Hoje, esse \u00e9 o crime do presente. Altamente dif\u00edcil de ser investigado e que requer um efetivo da Pol\u00edcia Civil especializado, com equipamentos de ponta para que sejam apurados\u201d. Sandro Caron tamb\u00e9m classificou a cria\u00e7\u00e3o da Delegacia como importante avan\u00e7o e o momento de hist\u00f3rico. \u201cNos passa a uma especializa\u00e7\u00e3o maior para combater esse tipo de crime\u201d, apontou.<\/span><\/span><\/p>\n<h3 class=\"western\"><span style=\"color: #fc6836;\"><span style=\"font-family: OpenSans-Light, Helvetica, Arial, sans-serif;\">Combate t\u00e9cnico e estrat\u00e9gico<\/span><\/span><\/h3>\n<p><span style=\"color: #000000;\"><span style=\"font-family: OpenSans-Light, Helvetica, Arial, sans-serif;\">O delegado-geral da Pol\u00edcia Civil do Cear\u00e1, Marcus Rattacaso, observou que o mundo globalizado trouxe com ele ferramentas para facilitar a vida do cidad\u00e3o, dentre elas a internet. O uso constante da rede, que antes era restrita a poucas pessoas, na avalia\u00e7\u00e3o do delegado-geral, hoje est\u00e1 socializado. \u201cEssa quantidade de acesso \u00e0 rede mundial de computadores abriu tamb\u00e9m um nicho de oportunidades para os criminosos atuarem. \u00c9 exatamente dentro desse nicho que as fraudes acontecem. S\u00e3o milh\u00f5es de acessos indevidos, fraudes, pedofilia, crimes sexuais e extors\u00f5es\u201d, relatou. \u201cEssa delegacia veio para dar o combate t\u00e9cnico e estrat\u00e9gico a esse tipo de crime. Com a cria\u00e7\u00e3o da DRCC a Pol\u00edcia Civil do Estado do Cear\u00e1 estar\u00e1 preparada para dar resposta eficaz a esse tipo de delito\u201d.<\/span><\/span><\/p>\n<p><span style=\"font-family: OpenSans-Light, Helvetica, Arial, sans-serif;\"><span style=\"font-size: medium;\"><span style=\"color: #000000;\">Por Antonio Cardoso &#8211; Comunica\u00e7\u00e3o Institucional<\/span><\/span><\/span><\/p>\n<p><span style=\"font-family: OpenSans-Light, Helvetica, Arial, sans-serif;\"><span style=\"font-size: medium;\"><span style=\"color: #000000;\">Carlos Gibaja\u00a0&#8211; Fotos<\/span><\/span><\/span><\/p>\n","protected":false},"excerpt":{"rendered":"<p>O registro de crimes realizados via internet \u00e9 realidade cada vez mais presente na rotina&#8230;<\/p>\n","protected":false},"author":1,"featured_media":13727,"comment_status":"open","ping_status":"open","sticky":false,"template":"","format":"standard","meta":{"_jetpack_memberships_contains_paid_content":false,"footnotes":"","jetpack_publicize_message":"","jetpack_publicize_feature_enabled":true,"jetpack_social_post_already_shared":true,"jetpack_social_options":{"image_generator_settings":{"template":"highway","default_image_id":0,"font":"","enabled":false},"version":2}},"categories":[1],"tags":[],"class_list":["post-13726","post","type-post","status-publish","format-standard","has-post-thumbnail","hentry","category-atualidade"],"jetpack_publicize_connections":[],"jetpack_featured_media_url":"https:\/\/correiodasemana.com\/site\/wp-content\/uploads\/2020\/09\/200925_DELEG-CRIMES-CIBERNETICOS_CG7036.jpg","jetpack-related-posts":[{"id":18981,"url":"https:\/\/correiodasemana.com\/site\/parque-evangelina-saboya-e-inaugurado-no-bairro-sinha-saboia-em-sobral\/","url_meta":{"origin":13726,"position":0},"title":"Parque Evangelina Saboya \u00e9 inaugurado no bairro Sinh\u00e1 Saboia em Sobral","author":"","date":"Fevereiro 21, 2022","format":false,"excerpt":"Por Samuel Carvalho Reda\u00e7\u00e3o Correio da Semana No \u00faltimo s\u00e1bado (12), foi inaugurado o Parque Evangelina Saboya no Bairro Sinh\u00e1 Saboya em Sobral. A obra \u00e9 uma a\u00e7\u00e3o conjunta ntre Governo do Estado e Prefeitura de Sobral. Para el\u00e9m do complexo de lazer, tamb\u00e9m foi inaugurada uma nova unidade de\u2026","rel":"","context":"In &quot;Atualidade&quot;","block_context":{"text":"Atualidade","link":"https:\/\/correiodasemana.com\/site\/category\/atualidade\/"},"img":{"alt_text":"","src":"https:\/\/i0.wp.com\/correiodasemana.com\/site\/wp-content\/uploads\/2022\/02\/praca-inaugural-sobral-4.jpg?resize=350%2C200&ssl=1","width":350,"height":200,"srcset":"https:\/\/i0.wp.com\/correiodasemana.com\/site\/wp-content\/uploads\/2022\/02\/praca-inaugural-sobral-4.jpg?resize=350%2C200&ssl=1 1x, https:\/\/i0.wp.com\/correiodasemana.com\/site\/wp-content\/uploads\/2022\/02\/praca-inaugural-sobral-4.jpg?resize=525%2C300&ssl=1 1.5x, https:\/\/i0.wp.com\/correiodasemana.com\/site\/wp-content\/uploads\/2022\/02\/praca-inaugural-sobral-4.jpg?resize=700%2C400&ssl=1 2x"},"classes":[]},{"id":23961,"url":"https:\/\/correiodasemana.com\/site\/governo-abre-canal-para-receber-denuncias-de-ataques-em-escolas\/","url_meta":{"origin":13726,"position":1},"title":"Governo abre canal para receber den\u00fancias de ataques em escolas","author":"adminredacao","date":"Abril 11, 2023","format":false,"excerpt":"Plataforma virtual recolhe informa\u00e7\u00f5es an\u00f4nimas Por Pedro Rafael Vilela - Rep\u00f3rter da Ag\u00eancia Brasil - Bras\u00edlia O Minist\u00e9rio da Justi\u00e7a e Seguran\u00e7a P\u00fablica (MJSP), em parceria com organiza\u00e7\u00e3o n\u00e3o-governamental SaferNet Brasil, disponibilizou um canal virtual na internet para receber den\u00fancias de ataques contra escolas. O\u00a0site\u00a0est\u00e1 dispon\u00edvel\u00a0e as informa\u00e7\u00f5es enviadas ser\u00e3o\u2026","rel":"","context":"In &quot;Atualidade&quot;","block_context":{"text":"Atualidade","link":"https:\/\/correiodasemana.com\/site\/category\/atualidade\/"},"img":{"alt_text":"","src":"https:\/\/i0.wp.com\/correiodasemana.com\/site\/wp-content\/uploads\/2023\/04\/2019-03-13t221957z_964543783_rc1755366f20_rtrmadp_3_brazil-violence-school.jpg?resize=350%2C200&ssl=1","width":350,"height":200,"srcset":"https:\/\/i0.wp.com\/correiodasemana.com\/site\/wp-content\/uploads\/2023\/04\/2019-03-13t221957z_964543783_rc1755366f20_rtrmadp_3_brazil-violence-school.jpg?resize=350%2C200&ssl=1 1x, https:\/\/i0.wp.com\/correiodasemana.com\/site\/wp-content\/uploads\/2023\/04\/2019-03-13t221957z_964543783_rc1755366f20_rtrmadp_3_brazil-violence-school.jpg?resize=525%2C300&ssl=1 1.5x, https:\/\/i0.wp.com\/correiodasemana.com\/site\/wp-content\/uploads\/2023\/04\/2019-03-13t221957z_964543783_rc1755366f20_rtrmadp_3_brazil-violence-school.jpg?resize=700%2C400&ssl=1 2x, https:\/\/i0.wp.com\/correiodasemana.com\/site\/wp-content\/uploads\/2023\/04\/2019-03-13t221957z_964543783_rc1755366f20_rtrmadp_3_brazil-violence-school.jpg?resize=1050%2C600&ssl=1 3x"},"classes":[]},{"id":9166,"url":"https:\/\/correiodasemana.com\/site\/corpo-de-bombeiros-recebera-tres-veiculos-especiais-de-salvamento-e-combate-a-incendios\/","url_meta":{"origin":13726,"position":2},"title":"Corpo de Bombeiros receber\u00e1 tr\u00eas ve\u00edculos especiais de salvamento e combate a inc\u00eandios","author":"","date":"Setembro 23, 2019","format":false,"excerpt":"Governador Camilo Santana esteve na f\u00e1brica da empresa Magirus-Deutz, na Alemanha, e garantiu a libera\u00e7\u00e3o imediata do primeiro ve\u00edculo Fonte: Ascom da Casa Civil O governador Camilo Santana esteve nesta ter\u00e7a-feira (17) reunido com o presidente da Empresa Magirus-Deutz, Marc Diening, na cidade de Ulm, na Alemanha, onde fechou a\u2026","rel":"","context":"In &quot;Atualidade&quot;","block_context":{"text":"Atualidade","link":"https:\/\/correiodasemana.com\/site\/category\/atualidade\/"},"img":{"alt_text":"","src":"https:\/\/i0.wp.com\/correiodasemana.com\/site\/wp-content\/uploads\/2019\/09\/Carro-de-Bombieor-Magirus.jpg?resize=350%2C200&ssl=1","width":350,"height":200,"srcset":"https:\/\/i0.wp.com\/correiodasemana.com\/site\/wp-content\/uploads\/2019\/09\/Carro-de-Bombieor-Magirus.jpg?resize=350%2C200&ssl=1 1x, https:\/\/i0.wp.com\/correiodasemana.com\/site\/wp-content\/uploads\/2019\/09\/Carro-de-Bombieor-Magirus.jpg?resize=525%2C300&ssl=1 1.5x, https:\/\/i0.wp.com\/correiodasemana.com\/site\/wp-content\/uploads\/2019\/09\/Carro-de-Bombieor-Magirus.jpg?resize=700%2C400&ssl=1 2x, https:\/\/i0.wp.com\/correiodasemana.com\/site\/wp-content\/uploads\/2019\/09\/Carro-de-Bombieor-Magirus.jpg?resize=1050%2C600&ssl=1 3x, https:\/\/i0.wp.com\/correiodasemana.com\/site\/wp-content\/uploads\/2019\/09\/Carro-de-Bombieor-Magirus.jpg?resize=1400%2C800&ssl=1 4x"},"classes":[]},{"id":21200,"url":"https:\/\/correiodasemana.com\/site\/campanha-nacional-alerta-sobre-riscos-para-criancas-e-adolescentes-na-internet-como-pornografia-infantil-e-pedofilia\/","url_meta":{"origin":13726,"position":3},"title":"Campanha nacional alerta sobre riscos para crian\u00e7as e adolescentes na internet, como pornografia infantil e pedofilia","author":"","date":"Outubro 10, 2022","format":false,"excerpt":"Pe\u00e7as ser\u00e3o veiculadas em canais de TV, em salas de cinema e nas redes sociais do Minist\u00e9rio da Mulher, da Fam\u00edlia e dos Direitos Humanos (MMFDH) A campanha de combate aos crimes na internet contra crian\u00e7as tem o mote \u201cFique atento aos sinais. Escute. Acolha. Denuncie\u201d Pornografia infantil, pedofilia, ass\u00e9dio\u2026","rel":"","context":"In &quot;Atualidade&quot;","block_context":{"text":"Atualidade","link":"https:\/\/correiodasemana.com\/site\/category\/atualidade\/"},"img":{"alt_text":"","src":"https:\/\/i0.wp.com\/correiodasemana.com\/site\/wp-content\/uploads\/2022\/10\/b60b358a-3812-4c78-afc4-bbb686bbeca5.png?resize=350%2C200&ssl=1","width":350,"height":200,"srcset":"https:\/\/i0.wp.com\/correiodasemana.com\/site\/wp-content\/uploads\/2022\/10\/b60b358a-3812-4c78-afc4-bbb686bbeca5.png?resize=350%2C200&ssl=1 1x, https:\/\/i0.wp.com\/correiodasemana.com\/site\/wp-content\/uploads\/2022\/10\/b60b358a-3812-4c78-afc4-bbb686bbeca5.png?resize=525%2C300&ssl=1 1.5x, https:\/\/i0.wp.com\/correiodasemana.com\/site\/wp-content\/uploads\/2022\/10\/b60b358a-3812-4c78-afc4-bbb686bbeca5.png?resize=700%2C400&ssl=1 2x"},"classes":[]},{"id":10307,"url":"https:\/\/correiodasemana.com\/site\/boletim-da-semana-11\/","url_meta":{"origin":13726,"position":4},"title":"Boletim da Semana","author":"","date":"Dezembro 23, 2019","format":false,"excerpt":"Comiss\u00e3o aprova aumento de pena para maus-tratos a c\u00e3es e gatos A comiss\u00e3o especial da C\u00e2mara dos Deputados sobre maus-tratos a animais aprovou, nesta segunda-feira (16), a segunda vers\u00e3o de um\u00a0substitutivo\u00a0para aumentar a pena de quem abusa, fere ou mutila animais. O texto aprovado prev\u00ea\u00a0reclus\u00e3o\u00a0de dois a cinco anos, multa\u2026","rel":"","context":"In &quot;Atualidade&quot;","block_context":{"text":"Atualidade","link":"https:\/\/correiodasemana.com\/site\/category\/atualidade\/"},"img":{"alt_text":"","src":"https:\/\/i0.wp.com\/correiodasemana.com\/site\/wp-content\/uploads\/2019\/12\/78B80721C418A941E14560DD3A9BC1328DBA_caesegatos.jpg?resize=350%2C200&ssl=1","width":350,"height":200,"srcset":"https:\/\/i0.wp.com\/correiodasemana.com\/site\/wp-content\/uploads\/2019\/12\/78B80721C418A941E14560DD3A9BC1328DBA_caesegatos.jpg?resize=350%2C200&ssl=1 1x, https:\/\/i0.wp.com\/correiodasemana.com\/site\/wp-content\/uploads\/2019\/12\/78B80721C418A941E14560DD3A9BC1328DBA_caesegatos.jpg?resize=525%2C300&ssl=1 1.5x"},"classes":[]},{"id":22280,"url":"https:\/\/correiodasemana.com\/site\/policia-civil-de-sobral-prende-dupla-suspeita-de-trafico-de-drogas-na-regiao-norte\/","url_meta":{"origin":13726,"position":5},"title":"Pol\u00edcia Civil de Sobral prende dupla suspeita de tr\u00e1fico de drogas na Regi\u00e3o norte","author":"","date":"Dezembro 15, 2022","format":false,"excerpt":"A Pol\u00edcia Civil do Estado do Cear\u00e1 (PC-CE) realizou, na manh\u00e3 dessa ter\u00e7a-feira (13), a captura de dois homens suspeitos de envolvimento com o tr\u00e1fico il\u00edcito de drogas na Regi\u00e3o Norte do Estado. As pris\u00f5es aconteceram por for\u00e7a de cumprimento de mandados de pris\u00e3o, em Sobral, na \u00c1rea Integrada de\u2026","rel":"","context":"In &quot;Atualidade&quot;","block_context":{"text":"Atualidade","link":"https:\/\/correiodasemana.com\/site\/category\/atualidade\/"},"img":{"alt_text":"","src":"https:\/\/i0.wp.com\/correiodasemana.com\/site\/wp-content\/uploads\/2022\/12\/319826618_140306271887657_7634682964013337278_n.jpg?resize=350%2C200&ssl=1","width":350,"height":200,"srcset":"https:\/\/i0.wp.com\/correiodasemana.com\/site\/wp-content\/uploads\/2022\/12\/319826618_140306271887657_7634682964013337278_n.jpg?resize=350%2C200&ssl=1 1x, https:\/\/i0.wp.com\/correiodasemana.com\/site\/wp-content\/uploads\/2022\/12\/319826618_140306271887657_7634682964013337278_n.jpg?resize=525%2C300&ssl=1 1.5x, https:\/\/i0.wp.com\/correiodasemana.com\/site\/wp-content\/uploads\/2022\/12\/319826618_140306271887657_7634682964013337278_n.jpg?resize=700%2C400&ssl=1 2x, https:\/\/i0.wp.com\/correiodasemana.com\/site\/wp-content\/uploads\/2022\/12\/319826618_140306271887657_7634682964013337278_n.jpg?resize=1050%2C600&ssl=1 3x"},"classes":[]}],"jetpack_sharing_enabled":true,"_links":{"self":[{"href":"https:\/\/correiodasemana.com\/site\/wp-json\/wp\/v2\/posts\/13726","targetHints":{"allow":["GET"]}}],"collection":[{"href":"https:\/\/correiodasemana.com\/site\/wp-json\/wp\/v2\/posts"}],"about":[{"href":"https:\/\/correiodasemana.com\/site\/wp-json\/wp\/v2\/types\/post"}],"author":[{"embeddable":true,"href":"https:\/\/correiodasemana.com\/site\/wp-json\/wp\/v2\/users\/1"}],"replies":[{"embeddable":true,"href":"https:\/\/correiodasemana.com\/site\/wp-json\/wp\/v2\/comments?post=13726"}],"version-history":[{"count":3,"href":"https:\/\/correiodasemana.com\/site\/wp-json\/wp\/v2\/posts\/13726\/revisions"}],"predecessor-version":[{"id":13730,"href":"https:\/\/correiodasemana.com\/site\/wp-json\/wp\/v2\/posts\/13726\/revisions\/13730"}],"wp:featuredmedia":[{"embeddable":true,"href":"https:\/\/correiodasemana.com\/site\/wp-json\/wp\/v2\/media\/13727"}],"wp:attachment":[{"href":"https:\/\/correiodasemana.com\/site\/wp-json\/wp\/v2\/media?parent=13726"}],"wp:term":[{"taxonomy":"category","embeddable":true,"href":"https:\/\/correiodasemana.com\/site\/wp-json\/wp\/v2\/categories?post=13726"},{"taxonomy":"post_tag","embeddable":true,"href":"https:\/\/correiodasemana.com\/site\/wp-json\/wp\/v2\/tags?post=13726"}],"curies":[{"name":"wp","href":"https:\/\/api.w.org\/{rel}","templated":true}]}}