{"id":13732,"date":"2020-09-26T08:11:05","date_gmt":"2020-09-26T11:11:05","guid":{"rendered":"https:\/\/correiodasemana.com\/site\/?p=13732"},"modified":"2020-09-26T08:11:05","modified_gmt":"2020-09-26T11:11:05","slug":"eleicoes-2020-prazo-para-registro-de-candidaturas-termina-neste-sabado-campanha-nas-ruas-comeca-no-domingo-a-partir-de-domingo-27-candidatos-ja-poderao-fazer-comicios-carreatas-e-propaganda-na-i","status":"publish","type":"post","link":"https:\/\/correiodasemana.com\/site\/eleicoes-2020-prazo-para-registro-de-candidaturas-termina-neste-sabado-campanha-nas-ruas-comeca-no-domingo-a-partir-de-domingo-27-candidatos-ja-poderao-fazer-comicios-carreatas-e-propaganda-na-i\/","title":{"rendered":"Elei\u00e7\u00f5es 2020: prazo para registro de candidaturas termina neste s\u00e1bado; campanha nas ruas come\u00e7a no domingo A partir de domingo (27), candidatos j\u00e1 poder\u00e3o fazer com\u00edcios, carreatas e propaganda na internet. Hor\u00e1rio eleitoral na TV e no r\u00e1dio s\u00f3 come\u00e7a no dia 9 de outubro"},"content":{"rendered":"<div class=\"content__signature\">\n<div class=\"content-publication-data\">\n<div class=\"content-publication-data__text\">\n<p title=\"G1\">O prazo para partidos apresentarem o pedido de registro das candidaturas nas elei\u00e7\u00f5es de 2020 termina \u00e0s 19h deste s\u00e1bado (26). No dia seguinte, domingo (27), come\u00e7a o per\u00edodo da campanha eleitoral nas ruas. At\u00e9 as 20h24 de sexta-feira (25), havia 443 mil candidatos a prefeito, vice-prefeito e vereador j\u00e1 registrados, segundo a base de dados do\u00a0<a href=\"https:\/\/g1.globo.com\/tudo-sobre\/tribunal-superior-eleitoral\/\">Tribunal Superior Eleitoral (TSE)<\/a>.<\/p>\n<div class=\"mc-column content-text active-extra-styles\" data-block-type=\"raw\" data-block-weight=\"37\" data-block-id=\"2\">\n<ul class=\"content-unordered-list\">\n<li><a href=\"https:\/\/g1.globo.com\/politica\/eleicoes\/2020\/noticia\/2020\/09\/17\/candidatos-a-prefeito-nas-eleicoes-2020-nas-capitais-veja-quem-sao.ghtml\">Candidatos a prefeito nas capitais nas elei\u00e7\u00f5es de 2020: veja quem s\u00e3o<\/a><\/li>\n<li><a href=\"https:\/\/g1.globo.com\/politica\/eleicoes\/2020\/noticia\/2020\/09\/12\/eleicoes-2020-conheca-regras-e-saiba-o-que-candidato-e-eleitor-podem-e-nao-podem-fazer.ghtml\">Conhe\u00e7a regras e saiba o que candidato e eleitor podem e n\u00e3o podem fazer<\/a><\/li>\n<li><a href=\"https:\/\/g1.globo.com\/politica\/eleicoes\/2020\/funciona-assim\/\">Funciona Assim: s\u00e9rie do G1 explica as regras das elei\u00e7\u00f5es 2020<\/a><\/li>\n<\/ul>\n<\/div>\n<div class=\"mc-column content-text active-extra-styles \" data-block-type=\"unstyled\" data-block-weight=\"20\" data-block-id=\"3\">\n<p class=\"content-text__container \" data-track-category=\"Link no Texto\" data-track-links=\"\">As datas foram definidas pelo TSE. Veja exemplos do que passa a ser permitido aos candidatos a partir de domingo:<\/p>\n<\/div>\n<div class=\"mc-column content-text active-extra-styles\" data-block-type=\"raw\" data-block-weight=\"10\" data-block-id=\"4\">\n<ul class=\"content-unordered-list\">\n<li>realizar com\u00edcios;<\/li>\n<li>carreatas;<\/li>\n<li>distribuir material gr\u00e1fico;<\/li>\n<li>fazer propaganda na internet.<\/li>\n<\/ul>\n<\/div>\n<div class=\"mc-column content-text active-extra-styles \" data-block-type=\"unstyled\" data-block-weight=\"21\" data-block-id=\"5\">\n<p class=\"content-text__container \" data-track-category=\"Link no Texto\" data-track-links=\"\">O hor\u00e1rio eleitoral na televis\u00e3o e no r\u00e1dio come\u00e7a no dia 9 de outubro e vai at\u00e9 12 de novembro.<\/p>\n<\/div>\n<div class=\"mc-column content-text active-extra-styles\" data-block-type=\"raw\" data-block-weight=\"2\" data-block-id=\"6\">\n<div class=\"content-intertitle\">\n<h2>Calend\u00e1rio eleitoral<\/h2>\n<\/div>\n<\/div>\n<div class=\"mc-column content-text active-extra-styles\" data-block-type=\"raw\" data-block-weight=\"179\" data-block-id=\"7\">\n<ul class=\"content-unordered-list\">\n<li><strong>26 de setembro:\u00a0<\/strong>prazo para registro das candidaturas;<\/li>\n<li><strong>a partir de 26 de setembro:\u00a0<\/strong>prazo para que a Justi\u00e7a Eleitoral convoque partidos e representa\u00e7\u00e3o das emissoras de r\u00e1dio e TV para elaborarem plano de m\u00eddia;<\/li>\n<li><strong>ap\u00f3s 26 de setembro:<\/strong>\u00a0in\u00edcio da propaganda eleitoral, tamb\u00e9m na internet;<\/li>\n<li><strong>9 de outubro:<\/strong>\u00a0in\u00edcio da propaganda eleitoral gratuita no r\u00e1dio e na TV<\/li>\n<li><strong>27 de outubro:\u00a0<\/strong>prazo para partidos pol\u00edticos, coliga\u00e7\u00f5es e candidatos divulgarem relat\u00f3rio discriminando as transfer\u00eancias do Fundo Partid\u00e1rio e do Fundo Especial de Financiamento de Campanha (Fundo Eleitoral), os recursos em dinheiro e os estim\u00e1veis em dinheiro recebidos, bem como os gastos realizados;<\/li>\n<li><strong>15 de novembro:\u00a0<\/strong>primeiro turno da elei\u00e7\u00e3o;<\/li>\n<li><strong>29 de novembro:\u00a0<\/strong>segundo turno da elei\u00e7\u00e3o;<\/li>\n<li><strong>at\u00e9 15 de dezembro:\u00a0<\/strong>data-limite para o encaminhamento \u00e0 Justi\u00e7a Eleitoral do conjunto das presta\u00e7\u00f5es de contas de campanha dos candidatos e dos partidos pol\u00edticos, relativamente ao primeiro turno e, onde houver, ao segundo turno das elei\u00e7\u00f5es;<\/li>\n<li><strong>at\u00e9 18 de dezembro:<\/strong>\u00a0ser\u00e1 realizada a diploma\u00e7\u00e3o dos candidatos eleitos em todo pa\u00eds, salvo nos casos em que as elei\u00e7\u00f5es ainda n\u00e3o tiverem sido realizadas.<\/li>\n<\/ul>\n<\/div>\n<p class=\"content-publication-data__from\" title=\"G1\">Por G1 \u2014 S\u00e3o Paulo.<\/p>\n<\/div>\n<\/div>\n<\/div>\n<div class=\"content__share-bar\"><\/div>\n","protected":false},"excerpt":{"rendered":"<p>O prazo para partidos apresentarem o pedido de registro das candidaturas nas elei\u00e7\u00f5es de 2020&#8230;<\/p>\n","protected":false},"author":1,"featured_media":13733,"comment_status":"open","ping_status":"open","sticky":false,"template":"","format":"standard","meta":{"_jetpack_memberships_contains_paid_content":false,"footnotes":"","jetpack_publicize_message":"","jetpack_publicize_feature_enabled":true,"jetpack_social_post_already_shared":true,"jetpack_social_options":{"image_generator_settings":{"template":"highway","default_image_id":0,"font":"","enabled":false},"version":2}},"categories":[1],"tags":[],"class_list":["post-13732","post","type-post","status-publish","format-standard","has-post-thumbnail","hentry","category-atualidade"],"jetpack_publicize_connections":[],"jetpack_featured_media_url":"https:\/\/correiodasemana.com\/site\/wp-content\/uploads\/2020\/09\/confira-o-que-pode-e-o-que-nao-pode-na-propaganda-eleitoral-5f6cdd18d568a.jpeg","jetpack-related-posts":[{"id":13691,"url":"https:\/\/correiodasemana.com\/site\/eleicoes-2020-tse-libera-ferramenta-para-consulta-de-candidaturas\/","url_meta":{"origin":13732,"position":0},"title":"Elei\u00e7\u00f5es 2020: TSE libera ferramenta para consulta de candidaturas","author":"","date":"Setembro 22, 2020","format":false,"excerpt":"Sistema pode ser consultado por qualquer cidad\u00e3o Consultas por munic\u00edpio e cargo, acesso \u00e0 informa\u00e7\u00f5es detalhadas sobre a situa\u00e7\u00e3o dos candidatos aos cargos de prefeito, vice-prefeito e vereador, que pediram registro para concorrer \u00e0s Elei\u00e7\u00f5es Municipais de 2020 j\u00e1 est\u00e3o dispon\u00edveis na plataforma\u00a0DivulgaCandContas, do Tribunal Superior Eleitoral (TSE). A ferramenta\u2026","rel":"","context":"In &quot;Atualidade&quot;","block_context":{"text":"Atualidade","link":"https:\/\/correiodasemana.com\/site\/category\/atualidade\/"},"img":{"alt_text":"","src":"https:\/\/i0.wp.com\/correiodasemana.com\/site\/wp-content\/uploads\/2020\/09\/tse_1908200982.jpg?resize=350%2C200&ssl=1","width":350,"height":200,"srcset":"https:\/\/i0.wp.com\/correiodasemana.com\/site\/wp-content\/uploads\/2020\/09\/tse_1908200982.jpg?resize=350%2C200&ssl=1 1x, https:\/\/i0.wp.com\/correiodasemana.com\/site\/wp-content\/uploads\/2020\/09\/tse_1908200982.jpg?resize=525%2C300&ssl=1 1.5x, https:\/\/i0.wp.com\/correiodasemana.com\/site\/wp-content\/uploads\/2020\/09\/tse_1908200982.jpg?resize=700%2C400&ssl=1 2x, https:\/\/i0.wp.com\/correiodasemana.com\/site\/wp-content\/uploads\/2020\/09\/tse_1908200982.jpg?resize=1050%2C600&ssl=1 3x"},"classes":[]},{"id":10383,"url":"https:\/\/correiodasemana.com\/site\/em-2020-brasileiros-vao-eleger-prefeitos-vice-prefeitos-e-vereadores\/","url_meta":{"origin":13732,"position":1},"title":"Em 2020, brasileiros v\u00e3o eleger prefeitos, vice-prefeitos e vereadores","author":"","date":"Janeiro 5, 2020","format":false,"excerpt":"Por Ag\u00eancia Brasil A partir de 1\u00ba de janeiro de 2020, eleitores, partidos e candidatos devem estar atentos ao calend\u00e1rio definido pelo Tribunal Superior Eleitoral (TSE) para elei\u00e7\u00f5es municipais do ano que vem, quando ser\u00e3o escolhidos prefeitos, vice-prefeitos e vereadores. Pelo calend\u00e1rio eleitoral aprovado pela Corte, todas as pessoas envolvidas\u2026","rel":"","context":"In &quot;Atualidade&quot;","block_context":{"text":"Atualidade","link":"https:\/\/correiodasemana.com\/site\/category\/atualidade\/"},"img":{"alt_text":"","src":"https:\/\/i0.wp.com\/correiodasemana.com\/site\/wp-content\/uploads\/2019\/08\/urna_lecr-e1447217261594.jpg?resize=350%2C200&ssl=1","width":350,"height":200,"srcset":"https:\/\/i0.wp.com\/correiodasemana.com\/site\/wp-content\/uploads\/2019\/08\/urna_lecr-e1447217261594.jpg?resize=350%2C200&ssl=1 1x, https:\/\/i0.wp.com\/correiodasemana.com\/site\/wp-content\/uploads\/2019\/08\/urna_lecr-e1447217261594.jpg?resize=525%2C300&ssl=1 1.5x, https:\/\/i0.wp.com\/correiodasemana.com\/site\/wp-content\/uploads\/2019\/08\/urna_lecr-e1447217261594.jpg?resize=700%2C400&ssl=1 2x, https:\/\/i0.wp.com\/correiodasemana.com\/site\/wp-content\/uploads\/2019\/08\/urna_lecr-e1447217261594.jpg?resize=1050%2C600&ssl=1 3x, https:\/\/i0.wp.com\/correiodasemana.com\/site\/wp-content\/uploads\/2019\/08\/urna_lecr-e1447217261594.jpg?resize=1400%2C800&ssl=1 4x"},"classes":[]},{"id":30418,"url":"https:\/\/correiodasemana.com\/site\/eleicoes-2024-mais-de-400-mil-candidaturas-estao-registradas\/","url_meta":{"origin":13732,"position":2},"title":"Elei\u00e7\u00f5es 2024: mais de 400 mil candidaturas est\u00e3o registradas","author":"adminredacao","date":"Agosto 19, 2024","format":false,"excerpt":"Prazo para o registro presencial se encerra \u00e0s 19h desta quinta-feira Por Felipe Pontes - Rep\u00f3rter da Ag\u00eancia Brasil - Bras\u00edlia Os partidos, coliga\u00e7\u00f5es e federa\u00e7\u00f5es t\u00eam at\u00e9 esta quinta-feira (15) registrem os candidatos a prefeito e vereador para as elei\u00e7\u00f5es municipais deste ano, marcadas para 6 de outubro, com\u2026","rel":"","context":"In &quot;Atualidade&quot;","block_context":{"text":"Atualidade","link":"https:\/\/correiodasemana.com\/site\/category\/atualidade\/"},"img":{"alt_text":"","src":"https:\/\/i0.wp.com\/correiodasemana.com\/site\/wp-content\/uploads\/2024\/08\/50429036346_a9271a4327_o.webp?resize=350%2C200&ssl=1","width":350,"height":200,"srcset":"https:\/\/i0.wp.com\/correiodasemana.com\/site\/wp-content\/uploads\/2024\/08\/50429036346_a9271a4327_o.webp?resize=350%2C200&ssl=1 1x, https:\/\/i0.wp.com\/correiodasemana.com\/site\/wp-content\/uploads\/2024\/08\/50429036346_a9271a4327_o.webp?resize=525%2C300&ssl=1 1.5x, https:\/\/i0.wp.com\/correiodasemana.com\/site\/wp-content\/uploads\/2024\/08\/50429036346_a9271a4327_o.webp?resize=700%2C400&ssl=1 2x, https:\/\/i0.wp.com\/correiodasemana.com\/site\/wp-content\/uploads\/2024\/08\/50429036346_a9271a4327_o.webp?resize=1050%2C600&ssl=1 3x"},"classes":[]},{"id":12767,"url":"https:\/\/correiodasemana.com\/site\/tse-aprova-resolucoes-com-novas-datas-para-o-processo-eleitoral\/","url_meta":{"origin":13732,"position":3},"title":"TSE aprova resolu\u00e7\u00f5es com novas datas para o processo eleitoral","author":"","date":"Agosto 17, 2020","format":false,"excerpt":"Devido \u00e0 pandemia Congresso adiou o pleito para 15 de novembro Por Andreia Verd\u00e9lio \u2013 Rep\u00f3rter da Ag\u00eancia Brasil - Bras\u00edlia O Tribunal Superior Eleitoral (TSE) aprovou hoje (13) os ajustes em suas resolu\u00e7\u00f5es com as novas datas dos eventos eleitorais e vota\u00e7\u00f5es das elei\u00e7\u00f5es municipais deste ano. Devido \u00e0\u2026","rel":"","context":"In &quot;Atualidade&quot;","block_context":{"text":"Atualidade","link":"https:\/\/correiodasemana.com\/site\/category\/atualidade\/"},"img":{"alt_text":"","src":"https:\/\/i0.wp.com\/correiodasemana.com\/site\/wp-content\/uploads\/2019\/08\/urna_lecr-e1447217261594.jpg?resize=350%2C200&ssl=1","width":350,"height":200,"srcset":"https:\/\/i0.wp.com\/correiodasemana.com\/site\/wp-content\/uploads\/2019\/08\/urna_lecr-e1447217261594.jpg?resize=350%2C200&ssl=1 1x, https:\/\/i0.wp.com\/correiodasemana.com\/site\/wp-content\/uploads\/2019\/08\/urna_lecr-e1447217261594.jpg?resize=525%2C300&ssl=1 1.5x, https:\/\/i0.wp.com\/correiodasemana.com\/site\/wp-content\/uploads\/2019\/08\/urna_lecr-e1447217261594.jpg?resize=700%2C400&ssl=1 2x, https:\/\/i0.wp.com\/correiodasemana.com\/site\/wp-content\/uploads\/2019\/08\/urna_lecr-e1447217261594.jpg?resize=1050%2C600&ssl=1 3x, https:\/\/i0.wp.com\/correiodasemana.com\/site\/wp-content\/uploads\/2019\/08\/urna_lecr-e1447217261594.jpg?resize=1400%2C800&ssl=1 4x"},"classes":[]},{"id":20731,"url":"https:\/\/correiodasemana.com\/site\/registro-de-candidaturas-bate-recorde-e-mais-de-10-mil-disputam-vaga-de-deputado-federal\/","url_meta":{"origin":13732,"position":4},"title":"Registro de candidaturas bate recorde e mais de 10 mil disputam vaga de deputado federal","author":"","date":"Agosto 21, 2022","format":false,"excerpt":"Thiago Fagundes\/Ag\u00eancia C\u00e2mara A Justi\u00e7a Eleitoral recebeu 10.271 inscri\u00e7\u00f5es para disputar uma vaga para C\u00e2mara dos Deputados nas elei\u00e7\u00f5es deste ano. Trata-se do maior n\u00famero de candidatos desde a volta da democracia, nos anos 1980. Como compara\u00e7\u00e3o, nas elei\u00e7\u00f5es de 2018, 8.588 candidatos se inscreveram. O prazo para registro das\u2026","rel":"","context":"In &quot;Atualidade&quot;","block_context":{"text":"Atualidade","link":"https:\/\/correiodasemana.com\/site\/category\/atualidade\/"},"img":{"alt_text":"","src":"https:\/\/i0.wp.com\/correiodasemana.com\/site\/wp-content\/uploads\/2020\/07\/urna-eletronica.jpg?resize=350%2C200&ssl=1","width":350,"height":200},"classes":[]},{"id":13035,"url":"https:\/\/correiodasemana.com\/site\/eleicoes-municipais-a-midia-e-as-redes-sociais-podem-causar-impacto-nas-urnas\/","url_meta":{"origin":13732,"position":5},"title":"Elei\u00e7\u00f5es MUNICIPAIS: A m\u00eddia e as redes sociais podem causar impacto nas urnas","author":"","date":"Agosto 24, 2020","format":false,"excerpt":"Com as altera\u00e7\u00f5es do calend\u00e1rio para as elei\u00e7\u00f5es deste ano, quando ser\u00e3o escolhidos prefeitos e vereadores, a partir desta ter\u00e7a-feira (18), o juiz eleitoral come\u00e7a a nomear os membros das mesas receptoras e o pessoal de apoio log\u00edstico dos locais de vota\u00e7\u00e3o para o primeiro e eventual segundo turnos de\u2026","rel":"","context":"In &quot;Atualidade&quot;","block_context":{"text":"Atualidade","link":"https:\/\/correiodasemana.com\/site\/category\/atualidade\/"},"img":{"alt_text":"","src":"https:\/\/i0.wp.com\/correiodasemana.com\/site\/wp-content\/uploads\/2019\/08\/urna_lecr-e1447217261594.jpg?resize=350%2C200&ssl=1","width":350,"height":200,"srcset":"https:\/\/i0.wp.com\/correiodasemana.com\/site\/wp-content\/uploads\/2019\/08\/urna_lecr-e1447217261594.jpg?resize=350%2C200&ssl=1 1x, https:\/\/i0.wp.com\/correiodasemana.com\/site\/wp-content\/uploads\/2019\/08\/urna_lecr-e1447217261594.jpg?resize=525%2C300&ssl=1 1.5x, https:\/\/i0.wp.com\/correiodasemana.com\/site\/wp-content\/uploads\/2019\/08\/urna_lecr-e1447217261594.jpg?resize=700%2C400&ssl=1 2x, https:\/\/i0.wp.com\/correiodasemana.com\/site\/wp-content\/uploads\/2019\/08\/urna_lecr-e1447217261594.jpg?resize=1050%2C600&ssl=1 3x, https:\/\/i0.wp.com\/correiodasemana.com\/site\/wp-content\/uploads\/2019\/08\/urna_lecr-e1447217261594.jpg?resize=1400%2C800&ssl=1 4x"},"classes":[]}],"jetpack_sharing_enabled":true,"_links":{"self":[{"href":"https:\/\/correiodasemana.com\/site\/wp-json\/wp\/v2\/posts\/13732","targetHints":{"allow":["GET"]}}],"collection":[{"href":"https:\/\/correiodasemana.com\/site\/wp-json\/wp\/v2\/posts"}],"about":[{"href":"https:\/\/correiodasemana.com\/site\/wp-json\/wp\/v2\/types\/post"}],"author":[{"embeddable":true,"href":"https:\/\/correiodasemana.com\/site\/wp-json\/wp\/v2\/users\/1"}],"replies":[{"embeddable":true,"href":"https:\/\/correiodasemana.com\/site\/wp-json\/wp\/v2\/comments?post=13732"}],"version-history":[{"count":2,"href":"https:\/\/correiodasemana.com\/site\/wp-json\/wp\/v2\/posts\/13732\/revisions"}],"predecessor-version":[{"id":13735,"href":"https:\/\/correiodasemana.com\/site\/wp-json\/wp\/v2\/posts\/13732\/revisions\/13735"}],"wp:featuredmedia":[{"embeddable":true,"href":"https:\/\/correiodasemana.com\/site\/wp-json\/wp\/v2\/media\/13733"}],"wp:attachment":[{"href":"https:\/\/correiodasemana.com\/site\/wp-json\/wp\/v2\/media?parent=13732"}],"wp:term":[{"taxonomy":"category","embeddable":true,"href":"https:\/\/correiodasemana.com\/site\/wp-json\/wp\/v2\/categories?post=13732"},{"taxonomy":"post_tag","embeddable":true,"href":"https:\/\/correiodasemana.com\/site\/wp-json\/wp\/v2\/tags?post=13732"}],"curies":[{"name":"wp","href":"https:\/\/api.w.org\/{rel}","templated":true}]}}