{"id":13736,"date":"2020-09-28T09:10:21","date_gmt":"2020-09-28T12:10:21","guid":{"rendered":"https:\/\/correiodasemana.com\/site\/?p=13736"},"modified":"2020-09-28T09:10:21","modified_gmt":"2020-09-28T12:10:21","slug":"confianca-da-industria-atinge-maior-nivel-desde-janeiro-de-2013","status":"publish","type":"post","link":"https:\/\/correiodasemana.com\/site\/confianca-da-industria-atinge-maior-nivel-desde-janeiro-de-2013\/","title":{"rendered":"Confian\u00e7a da ind\u00fastria atinge maior n\u00edvel desde janeiro de 2013"},"content":{"rendered":"<div class=\"col-lg-12 mb-3\">\n<div class=\"row\">\n<h3 class=\"col-10 offset-1 animated fadeInDown dealy-900 display-8 display-md-8 alt-font font-italic my-1 text-center\">Com o resultado, o indicador chegou a 106,7 pontos, diz FGV<\/h3>\n<\/div>\n<\/div>\n<div class=\"col-xl-7 offset-xl-1 col-lg-8 offset-lg-0 col-md-10 offset-md-1 mb-3\">\n<div class=\"post-item alt-font\">\n<div class=\"post-item-wrap\">\n<p>O \u00cdndice de Confian\u00e7a da Ind\u00fastria, medido pela Funda\u00e7\u00e3o Getulio Vargas (FGV), cresceu 8 pontos na passagem de agosto para setembro deste ano. Com o resultado, o indicador chegou a 106,7 pontos, em uma escala de zero a 200 pontos, o maior n\u00edvel desde janeiro de 2013, quando tamb\u00e9m registrou 106,7 pontos.<img decoding=\"async\" src=\"https:\/\/agenciabrasil.ebc.com.br\/ebc.png?id=1389108&amp;o=node\" \/><img decoding=\"async\" src=\"https:\/\/agenciabrasil.ebc.com.br\/ebc.gif?id=1389108&amp;o=node\" \/><\/p>\n<p>Dezoito dos 19 segmentos industriais pesquisados registraram aumento da confian\u00e7a de agosto para setembro.<\/p>\n<p>O \u00cdndice da Situa\u00e7\u00e3o Atual, que mede a confian\u00e7a dos empres\u00e1rios no momento presente, cresceu 9,5 pontos e chegou a 107,3 pontos. J\u00e1 o \u00cdndice de Expectativas, que mede a confian\u00e7a no futuro, subiu 6,3 pontos e atingiu 105,9 pontos.<\/p>\n<p>\u201cNa opini\u00e3o dos empres\u00e1rios, a demanda estaria satisfat\u00f3ria, o n\u00edvel de estoques est\u00e1 confort\u00e1vel e haveria expectativa de aumento de produ\u00e7\u00e3o e do quadro de pessoal no curt\u00edssimo prazo. Esse resultado sugere que o pior da crise j\u00e1 foi superado e que o setor teria f\u00f4lego para continuar a apresentar resultados positivos no pr\u00f3ximo trimestre\u201d, afirma a economista da FGV Renata de Mello Franco.<\/p>\n<p>H\u00e1 no entanto, uma preocupa\u00e7\u00e3o do setor com rela\u00e7\u00e3o aos pr\u00f3ximos seis meses. \u201cUma cautela possivelmente motivada pela incerteza com rela\u00e7\u00e3o aos rumos da economia ap\u00f3s a retirada dos programas emergenciais do governo\u201d, diz Renata de Mello Franco.<\/p>\n<p>Por Vitor Abdala &#8211; Rep\u00f3rter da Ag\u00eancia Brasil &#8211; Rio de Janeiro<\/p>\n<\/div>\n<\/div>\n<\/div>\n","protected":false},"excerpt":{"rendered":"<p>Com o resultado, o indicador chegou a 106,7 pontos, diz FGV O \u00cdndice de Confian\u00e7a&#8230;<\/p>\n","protected":false},"author":1,"featured_media":13737,"comment_status":"open","ping_status":"open","sticky":false,"template":"","format":"standard","meta":{"_jetpack_memberships_contains_paid_content":false,"footnotes":"","jetpack_publicize_message":"","jetpack_publicize_feature_enabled":true,"jetpack_social_post_already_shared":true,"jetpack_social_options":{"image_generator_settings":{"template":"highway","default_image_id":0,"font":"","enabled":false},"version":2}},"categories":[1],"tags":[],"class_list":["post-13736","post","type-post","status-publish","format-standard","has-post-thumbnail","hentry","category-atualidade"],"jetpack_publicize_connections":[],"jetpack_featured_media_url":"https:\/\/correiodasemana.com\/site\/wp-content\/uploads\/2020\/09\/17342982700_9f14892dc8_o.jpg","jetpack-related-posts":[{"id":13942,"url":"https:\/\/correiodasemana.com\/site\/faturamento-da-industria-supera-periodo-pre-pandemia-diz-cni\/","url_meta":{"origin":13736,"position":0},"title":"Faturamento da ind\u00fastria supera per\u00edodo pr\u00e9-pandemia, diz CNI","author":"","date":"Outubro 6, 2020","format":false,"excerpt":"Empregos na ind\u00fastria cresceram 1,9% em agosto O faturamento real da ind\u00fastria da transforma\u00e7\u00e3o ultrapassou o patamar pr\u00e9-pandemia do in\u00edcio do ano, e a atividade industrial se manteve em crescimento em agosto. As informa\u00e7\u00f5es s\u00e3o da\u00a0pesquisa Indicadores Industriais, divulgada hoje (6) pela Confedera\u00e7\u00e3o Nacional da Ind\u00fastria (CNI). Segundo o levantamento,\u2026","rel":"","context":"In &quot;Atualidade&quot;","block_context":{"text":"Atualidade","link":"https:\/\/correiodasemana.com\/site\/category\/atualidade\/"},"img":{"alt_text":"","src":"https:\/\/i0.wp.com\/correiodasemana.com\/site\/wp-content\/uploads\/2020\/10\/fabrica.jpg?resize=350%2C200&ssl=1","width":350,"height":200,"srcset":"https:\/\/i0.wp.com\/correiodasemana.com\/site\/wp-content\/uploads\/2020\/10\/fabrica.jpg?resize=350%2C200&ssl=1 1x, https:\/\/i0.wp.com\/correiodasemana.com\/site\/wp-content\/uploads\/2020\/10\/fabrica.jpg?resize=525%2C300&ssl=1 1.5x, https:\/\/i0.wp.com\/correiodasemana.com\/site\/wp-content\/uploads\/2020\/10\/fabrica.jpg?resize=700%2C400&ssl=1 2x, https:\/\/i0.wp.com\/correiodasemana.com\/site\/wp-content\/uploads\/2020\/10\/fabrica.jpg?resize=1050%2C600&ssl=1 3x"},"classes":[]},{"id":22555,"url":"https:\/\/correiodasemana.com\/site\/precos-de-alugueis-residenciais-fecham-2022-com-alta-de-825\/","url_meta":{"origin":13736,"position":1},"title":"Pre\u00e7os de alugueis residenciais fecham 2022 com alta de 8,25%","author":"","date":"Janeiro 6, 2023","format":false,"excerpt":"O \u00cdndice de Varia\u00e7\u00e3o de Alugu\u00e9is Residenciais (Ivar), calculado pela Funda\u00e7\u00e3o Getulio Vargas (FGV), acumulou alta de 8,25%, em 2022. No ano anterior, o indicador havia fechado com defla\u00e7\u00e3o (queda de pre\u00e7os) de 0,61%. O \u00edndice \u00e9 calculado com base em pre\u00e7os coletados nas cidades de S\u00e3o Paulo, Rio de\u2026","rel":"","context":"In &quot;Atualidade&quot;","block_context":{"text":"Atualidade","link":"https:\/\/correiodasemana.com\/site\/category\/atualidade\/"},"img":{"alt_text":"","src":"https:\/\/i0.wp.com\/correiodasemana.com\/site\/wp-content\/uploads\/2023\/01\/JWUWD4QM6FHWRBQWDG5PIKMWJQ.jpg?resize=350%2C200&ssl=1","width":350,"height":200,"srcset":"https:\/\/i0.wp.com\/correiodasemana.com\/site\/wp-content\/uploads\/2023\/01\/JWUWD4QM6FHWRBQWDG5PIKMWJQ.jpg?resize=350%2C200&ssl=1 1x, https:\/\/i0.wp.com\/correiodasemana.com\/site\/wp-content\/uploads\/2023\/01\/JWUWD4QM6FHWRBQWDG5PIKMWJQ.jpg?resize=525%2C300&ssl=1 1.5x, https:\/\/i0.wp.com\/correiodasemana.com\/site\/wp-content\/uploads\/2023\/01\/JWUWD4QM6FHWRBQWDG5PIKMWJQ.jpg?resize=700%2C400&ssl=1 2x"},"classes":[]},{"id":13835,"url":"https:\/\/correiodasemana.com\/site\/desemprego-chega-a-138-no-trimestre-encerrado-em-julho-maior-taxa-desde-2012\/","url_meta":{"origin":13736,"position":2},"title":"Desemprego chega a 13,8% no trimestre encerrado em julho, maior taxa desde 2012","author":"","date":"Setembro 30, 2020","format":false,"excerpt":"A taxa de desocupa\u00e7\u00e3o no Brasil foi de 13,8%, no trimestre de maio a julho de 2020, a maior taxa da s\u00e9rie hist\u00f3rica, iniciada em 2012. O \u00edndice corresponde a um aumento de 1,2 ponto percentual em rela\u00e7\u00e3o ao trimestre anterior (fevereiro a abril, de 12,6%). J\u00e1 em compara\u00e7\u00e3o com\u2026","rel":"","context":"In &quot;Atualidade&quot;","block_context":{"text":"Atualidade","link":"https:\/\/correiodasemana.com\/site\/category\/atualidade\/"},"img":{"alt_text":"","src":"https:\/\/i0.wp.com\/correiodasemana.com\/site\/wp-content\/uploads\/2020\/09\/desemprego-e-maior-entre-os-jovens-que-tem-dificuldade-para-conseguir-um-primeiro-emprego-com-carteira-assinada-1574329430345_v2_450x337.jpg?resize=350%2C200&ssl=1","width":350,"height":200},"classes":[]},{"id":22552,"url":"https:\/\/correiodasemana.com\/site\/indice-de-precos-de-alimentos-da-fao-cai-pelo-9o-mes-e-sobe-143-em-2022\/","url_meta":{"origin":13736,"position":3},"title":"\u00cdndice de pre\u00e7os de alimentos da FAO cai pelo 9\u00ba m\u00eas e sobe 14,3% em 2022","author":"","date":"Janeiro 6, 2023","format":false,"excerpt":"O \u00cdndice de Pre\u00e7os de Alimentos da Organiza\u00e7\u00e3o das Na\u00e7\u00f5es Unidas para Agricultura e Alimenta\u00e7\u00e3o (FAO) alcan\u00e7ou m\u00e9dia de 132,4 pontos em dezembro, queda de 2,6 pontos (1,9%) ante novembro, mas maior em 1,3 pontos (1%) em compara\u00e7\u00e3o com o mesmo m\u00eas de 2021. O resultado mensal, segundo a FAO,\u2026","rel":"","context":"In &quot;Atualidade&quot;","block_context":{"text":"Atualidade","link":"https:\/\/correiodasemana.com\/site\/category\/atualidade\/"},"img":{"alt_text":"","src":"https:\/\/i0.wp.com\/correiodasemana.com\/site\/wp-content\/uploads\/2023\/01\/nrd-d6tu-l3chle-unsplash.webp?resize=350%2C200&ssl=1","width":350,"height":200,"srcset":"https:\/\/i0.wp.com\/correiodasemana.com\/site\/wp-content\/uploads\/2023\/01\/nrd-d6tu-l3chle-unsplash.webp?resize=350%2C200&ssl=1 1x, https:\/\/i0.wp.com\/correiodasemana.com\/site\/wp-content\/uploads\/2023\/01\/nrd-d6tu-l3chle-unsplash.webp?resize=525%2C300&ssl=1 1.5x, https:\/\/i0.wp.com\/correiodasemana.com\/site\/wp-content\/uploads\/2023\/01\/nrd-d6tu-l3chle-unsplash.webp?resize=700%2C400&ssl=1 2x"},"classes":[]},{"id":8238,"url":"https:\/\/correiodasemana.com\/site\/medo-do-desemprego-aumenta-e-satisfacao-com-a-vida-diminui-diz-cni\/","url_meta":{"origin":13736,"position":4},"title":"Medo do desemprego aumenta e satisfa\u00e7\u00e3o com a vida diminui, diz CNI","author":"","date":"Julho 8, 2019","format":false,"excerpt":"Por\u00a0Ag\u00eancia Brasil\u00a0\u00a0Bras\u00edlia O medo do desemprego aumentou e a satisfa\u00e7\u00e3o com a vida diminuiu entre os brasileiros. \u00c9 o que revela a pesquisa da Confedera\u00e7\u00e3o Nacional da Industria (CNI), divulgada hoje. O \u00edndice do medo do desemprego cresceu 2,3 pontos em rela\u00e7\u00e3o a abril e alcan\u00e7ou 59,3 pontos em junho.\u2026","rel":"","context":"In &quot;Atualidade&quot;","block_context":{"text":"Atualidade","link":"https:\/\/correiodasemana.com\/site\/category\/atualidade\/"},"img":{"alt_text":"","src":"https:\/\/i0.wp.com\/correiodasemana.com\/site\/wp-content\/uploads\/2019\/07\/desemprego2-2.jpg?resize=350%2C200&ssl=1","width":350,"height":200,"srcset":"https:\/\/i0.wp.com\/correiodasemana.com\/site\/wp-content\/uploads\/2019\/07\/desemprego2-2.jpg?resize=350%2C200&ssl=1 1x, https:\/\/i0.wp.com\/correiodasemana.com\/site\/wp-content\/uploads\/2019\/07\/desemprego2-2.jpg?resize=525%2C300&ssl=1 1.5x, https:\/\/i0.wp.com\/correiodasemana.com\/site\/wp-content\/uploads\/2019\/07\/desemprego2-2.jpg?resize=700%2C400&ssl=1 2x"},"classes":[]},{"id":9836,"url":"https:\/\/correiodasemana.com\/site\/vendas-do-varejo-crescem-03-em-setembro\/","url_meta":{"origin":13736,"position":5},"title":"Vendas do varejo crescem 0,3% em setembro","author":"","date":"Novembro 18, 2019","format":false,"excerpt":"As vendas no varejo cresceram 0,3% em setembro de 2019 na compara\u00e7\u00e3o com agosto do mesmo ano. \u00c9 o primeiro resultado positivo depois de tr\u00eas meses. Comparado a setembro de 2018, o varejo decresceu 2,8%, quarta taxa negativa seguida. O resultado tamb\u00e9m foi negativo no acumulado dos nove primeiros meses\u2026","rel":"","context":"In &quot;Atualidade&quot;","block_context":{"text":"Atualidade","link":"https:\/\/correiodasemana.com\/site\/category\/atualidade\/"},"img":{"alt_text":"","src":"https:\/\/i0.wp.com\/correiodasemana.com\/site\/wp-content\/uploads\/2019\/11\/Colaboracao-Efetiva-industria-varejo.jpg?resize=350%2C200&ssl=1","width":350,"height":200,"srcset":"https:\/\/i0.wp.com\/correiodasemana.com\/site\/wp-content\/uploads\/2019\/11\/Colaboracao-Efetiva-industria-varejo.jpg?resize=350%2C200&ssl=1 1x, https:\/\/i0.wp.com\/correiodasemana.com\/site\/wp-content\/uploads\/2019\/11\/Colaboracao-Efetiva-industria-varejo.jpg?resize=525%2C300&ssl=1 1.5x, https:\/\/i0.wp.com\/correiodasemana.com\/site\/wp-content\/uploads\/2019\/11\/Colaboracao-Efetiva-industria-varejo.jpg?resize=700%2C400&ssl=1 2x"},"classes":[]}],"jetpack_sharing_enabled":true,"_links":{"self":[{"href":"https:\/\/correiodasemana.com\/site\/wp-json\/wp\/v2\/posts\/13736","targetHints":{"allow":["GET"]}}],"collection":[{"href":"https:\/\/correiodasemana.com\/site\/wp-json\/wp\/v2\/posts"}],"about":[{"href":"https:\/\/correiodasemana.com\/site\/wp-json\/wp\/v2\/types\/post"}],"author":[{"embeddable":true,"href":"https:\/\/correiodasemana.com\/site\/wp-json\/wp\/v2\/users\/1"}],"replies":[{"embeddable":true,"href":"https:\/\/correiodasemana.com\/site\/wp-json\/wp\/v2\/comments?post=13736"}],"version-history":[{"count":2,"href":"https:\/\/correiodasemana.com\/site\/wp-json\/wp\/v2\/posts\/13736\/revisions"}],"predecessor-version":[{"id":13739,"href":"https:\/\/correiodasemana.com\/site\/wp-json\/wp\/v2\/posts\/13736\/revisions\/13739"}],"wp:featuredmedia":[{"embeddable":true,"href":"https:\/\/correiodasemana.com\/site\/wp-json\/wp\/v2\/media\/13737"}],"wp:attachment":[{"href":"https:\/\/correiodasemana.com\/site\/wp-json\/wp\/v2\/media?parent=13736"}],"wp:term":[{"taxonomy":"category","embeddable":true,"href":"https:\/\/correiodasemana.com\/site\/wp-json\/wp\/v2\/categories?post=13736"},{"taxonomy":"post_tag","embeddable":true,"href":"https:\/\/correiodasemana.com\/site\/wp-json\/wp\/v2\/tags?post=13736"}],"curies":[{"name":"wp","href":"https:\/\/api.w.org\/{rel}","templated":true}]}}