{"id":13740,"date":"2020-09-28T09:48:42","date_gmt":"2020-09-28T12:48:42","guid":{"rendered":"https:\/\/correiodasemana.com\/site\/?p=13740"},"modified":"2020-09-28T09:51:30","modified_gmt":"2020-09-28T12:51:30","slug":"projeto-maes-da-favela-quer-conectar-a-internet-2-milhoes-de-pessoas","status":"publish","type":"post","link":"https:\/\/correiodasemana.com\/site\/projeto-maes-da-favela-quer-conectar-a-internet-2-milhoes-de-pessoas\/","title":{"rendered":"Projeto M\u00e3es da Favela quer conectar \u00e0 internet 2 milh\u00f5es de pessoas"},"content":{"rendered":"<div class=\"col-lg-12 mb-3\">\n<div class=\"row\">\n<h3 class=\"col-10 offset-1 animated fadeInDown dealy-900 display-8 display-md-8 alt-font font-italic my-1 text-center\">Programa se expandir\u00e1 por todo o pa\u00eds<\/h3>\n<\/div>\n<\/div>\n<div class=\"col-xl-7 offset-xl-1 col-lg-8 offset-lg-0 col-md-10 offset-md-1 mb-3\">\n<div class=\"post-item alt-font\">\n<div class=\"post-item-wrap\">\n<p>Depois de ser lan\u00e7ado ontem (24) na Favela de Heli\u00f3polis, em S\u00e3o Paulo, o projeto M\u00e3es da Favela ON foi inaugurado dia (25) na Favela da Rocinha, no Rio de Janeiro, numa a\u00e7\u00e3o conjunta da Central \u00danica das Favelas (Cufa), Comunidade Door e Al\u00f4 Social.<img decoding=\"async\" src=\"https:\/\/agenciabrasil.ebc.com.br\/ebc.png?id=1388921&amp;o=node\" \/><img decoding=\"async\" src=\"https:\/\/agenciabrasil.ebc.com.br\/ebc.gif?id=1388921&amp;o=node\" \/><\/p>\n<p>Segundo os organizadores, o programa \u00e9 o maior projeto de conectividade em favelas j\u00e1 feito no Brasil e pretende levar internet gratuita para 2 milh\u00f5es de pessoas at\u00e9 julho de 2021.<\/p>\n<p>Trata-se de uma continuidade da iniciativa M\u00e3es da Favela, lan\u00e7ada em abril, ap\u00f3s o in\u00edcio da pandemia de covid-19 no pa\u00eds. No M\u00e3es de Favela, \u00e9 feita a distribui\u00e7\u00e3o de cestas b\u00e1sicas, f\u00edsicas e digitais, nas mais de cinco mil favelas brasileiras onde a Cufa tem atua\u00e7\u00e3o. A sele\u00e7\u00e3o das m\u00e3es \u00e9 feita pelas lideran\u00e7as regionais da institui\u00e7\u00e3o, de acordo com a prioriza\u00e7\u00e3o por necessidade.<\/p>\n<p>Depois do Rio, o programa se expandir\u00e1 por todo o Brasil. Segundo a organiza\u00e7\u00e3o, para que a plataforma seja aproveitada como uma ferramenta de retomada econ\u00f4mica e educacional, o projeto ter\u00e1 como foco o acesso aos conte\u00fados voltados \u00e0 educa\u00e7\u00e3o e ao empreendedorismo.<\/p>\n<p>A a\u00e7\u00e3o vai disponibilizar conex\u00e3o aberta \u00e0 internet em diversos pontos de 150 complexos de favelas nos 26 estados e no Distrito Federal, al\u00e9m da distribui\u00e7\u00e3o de chips da empresa Al\u00f4 Social, em parceria com a TIM, para as 500 mil m\u00e3es previamente cadastradas.<\/p>\n<h2>Dificuldades corriqueiras<\/h2>\n<p>De acordo com o fundador da Cufa, Celso Athayde, a iniciativa nasceu a partir do relato de m\u00e3es atendidas que, al\u00e9m das dificuldades corriqueiras e as impostas pela crise da covid-19, veem seus filhos sem a op\u00e7\u00e3o de se adequarem ao ensino remoto imposto pelo isolamento social por n\u00e3o terem os equipamentos necess\u00e1rios ou internet dispon\u00edvel para as aulas.<\/p>\n<p>\u201c\u00c9 claro que eu penso muito na educa\u00e7\u00e3o das crian\u00e7as, mas quem conhece esta realidade de perto sabe que, muitas vezes, enquanto a m\u00e3e do asfalto est\u00e1 preocupada com o rein\u00edcio das aulas, as m\u00e3es da favela est\u00e3o tentando salvar a vida dos filhos naquele dia. Manter as fam\u00edlias conectadas \u00e9 uma necessidade de sobreviv\u00eancia&#8221;, disse Athayde, em nota.<\/p>\n<p>A instala\u00e7\u00e3o dos pontos de wifi livre ficar\u00e1 a cargo da Comunidade Door. A coordena\u00e7\u00e3o da curadoria e chancela do projeto fica por conta da Organiza\u00e7\u00e3o das Na\u00e7\u00f5es Unidas para a Educa\u00e7\u00e3o, a Ci\u00eancia e a Cultura (Unesco), que apoia o M\u00e3es da Favela desde a sua cria\u00e7\u00e3o com patroc\u00ednio do Instituto Unibanco.<\/p>\n<p>Por Ana Cristina Campos \u2013 Rep\u00f3rter da Ag\u00eancia Brasil &#8211; Rio de Janeiro<\/p>\n<\/div>\n<\/div>\n<\/div>\n","protected":false},"excerpt":{"rendered":"<p>Programa se expandir\u00e1 por todo o pa\u00eds Depois de ser lan\u00e7ado ontem (24) na Favela&#8230;<\/p>\n","protected":false},"author":1,"featured_media":13741,"comment_status":"open","ping_status":"open","sticky":false,"template":"","format":"standard","meta":{"_jetpack_memberships_contains_paid_content":false,"footnotes":"","jetpack_publicize_message":"","jetpack_publicize_feature_enabled":true,"jetpack_social_post_already_shared":true,"jetpack_social_options":{"image_generator_settings":{"template":"highway","default_image_id":0,"font":"","enabled":false},"version":2}},"categories":[1],"tags":[],"class_list":["post-13740","post","type-post","status-publish","format-standard","has-post-thumbnail","hentry","category-atualidade"],"jetpack_publicize_connections":[],"jetpack_featured_media_url":"https:\/\/correiodasemana.com\/site\/wp-content\/uploads\/2020\/09\/1091736-ferfraz_abr_20170922_160815_1.jpg","jetpack-related-posts":[{"id":10372,"url":"https:\/\/correiodasemana.com\/site\/favela-no-campo-e-o-fim\/","url_meta":{"origin":13740,"position":0},"title":"Favela no campo \u00e9 o fim","author":"","date":"Janeiro 5, 2020","format":false,"excerpt":"Os sistemas de favelas s\u00f3 funcionam nas grandes cidades. Mentira, pois conhe\u00e7o uma favela com todos os percal\u00e7os sociais, encravada no meio das montanhas da Serra da Meruoca, bem ali no distrito de S\u00e3o Francisco. Favela sim, doa a quem doer. A hist\u00f3ria desta vila foi seguinte: havia uma fam\u00edlia\u2026","rel":"","context":"In &quot;Artigos&quot;","block_context":{"text":"Artigos","link":"https:\/\/correiodasemana.com\/site\/category\/artigos\/"},"img":{"alt_text":"","src":"https:\/\/i0.wp.com\/correiodasemana.com\/site\/wp-content\/uploads\/2020\/01\/Meruoca-Tabocas-Serra-da-Meruoca-Claudio-Oliveira-Lima-scaled.jpg?resize=350%2C200&ssl=1","width":350,"height":200,"srcset":"https:\/\/i0.wp.com\/correiodasemana.com\/site\/wp-content\/uploads\/2020\/01\/Meruoca-Tabocas-Serra-da-Meruoca-Claudio-Oliveira-Lima-scaled.jpg?resize=350%2C200&ssl=1 1x, https:\/\/i0.wp.com\/correiodasemana.com\/site\/wp-content\/uploads\/2020\/01\/Meruoca-Tabocas-Serra-da-Meruoca-Claudio-Oliveira-Lima-scaled.jpg?resize=525%2C300&ssl=1 1.5x, https:\/\/i0.wp.com\/correiodasemana.com\/site\/wp-content\/uploads\/2020\/01\/Meruoca-Tabocas-Serra-da-Meruoca-Claudio-Oliveira-Lima-scaled.jpg?resize=700%2C400&ssl=1 2x, https:\/\/i0.wp.com\/correiodasemana.com\/site\/wp-content\/uploads\/2020\/01\/Meruoca-Tabocas-Serra-da-Meruoca-Claudio-Oliveira-Lima-scaled.jpg?resize=1050%2C600&ssl=1 3x, https:\/\/i0.wp.com\/correiodasemana.com\/site\/wp-content\/uploads\/2020\/01\/Meruoca-Tabocas-Serra-da-Meruoca-Claudio-Oliveira-Lima-scaled.jpg?resize=1400%2C800&ssl=1 4x"},"classes":[]},{"id":37827,"url":"https:\/\/correiodasemana.com\/site\/a-atuacao-da-igreja-na-luta-por-moradia\/","url_meta":{"origin":13740,"position":1},"title":"A atua\u00e7\u00e3o da Igreja na luta por moradia","author":"adminredacao","date":"Mar\u00e7o 20, 2026","format":false,"excerpt":"Dando continuidade \u00e0s reflex\u00f5es que temos feito, nesta quaresma, sobre a Campanha da Fraternidade (CF) 2026, queremos celebrar a atua\u00e7\u00e3o hist\u00f3rica da Igreja e as conquistas de pol\u00edticas p\u00fablicas por parte da popula\u00e7\u00e3o que sofre com o problema da moradia. Reafirmando a evang\u00e9lica op\u00e7\u00e3o preferencial pelos pobres, a CF recorda\u2026","rel":"","context":"In &quot;Artigos&quot;","block_context":{"text":"Artigos","link":"https:\/\/correiodasemana.com\/site\/category\/artigos\/"},"img":{"alt_text":"","src":"https:\/\/i0.wp.com\/correiodasemana.com\/site\/wp-content\/uploads\/2019\/07\/editorial-cs.jpg?resize=350%2C200&ssl=1","width":350,"height":200,"srcset":"https:\/\/i0.wp.com\/correiodasemana.com\/site\/wp-content\/uploads\/2019\/07\/editorial-cs.jpg?resize=350%2C200&ssl=1 1x, https:\/\/i0.wp.com\/correiodasemana.com\/site\/wp-content\/uploads\/2019\/07\/editorial-cs.jpg?resize=525%2C300&ssl=1 1.5x"},"classes":[]},{"id":37728,"url":"https:\/\/correiodasemana.com\/site\/a-realidade-da-moradia-no-brasil\/","url_meta":{"origin":13740,"position":2},"title":"A realidade da moradia no Brasil","author":"adminredacao","date":"Mar\u00e7o 10, 2026","format":false,"excerpt":"Dando continuidade \u00e0s reflex\u00f5es sobre a Campanha da Fraternidade (CF) 2026, cujo tema \u00e9 \u201cFraternidade e Moradia\u201d, queremos voltar o olhar para a realidade da moradia em nosso pa\u00eds. A partir do que a Igreja busca refletir, entendemos que o direito \u00e0 moradia digna ainda n\u00e3o foi garantido a uma\u2026","rel":"","context":"In &quot;Artigos&quot;","block_context":{"text":"Artigos","link":"https:\/\/correiodasemana.com\/site\/category\/artigos\/"},"img":{"alt_text":"","src":"https:\/\/i0.wp.com\/correiodasemana.com\/site\/wp-content\/uploads\/2018\/02\/editorial-cs.jpg?resize=350%2C200&ssl=1","width":350,"height":200,"srcset":"https:\/\/i0.wp.com\/correiodasemana.com\/site\/wp-content\/uploads\/2018\/02\/editorial-cs.jpg?resize=350%2C200&ssl=1 1x, https:\/\/i0.wp.com\/correiodasemana.com\/site\/wp-content\/uploads\/2018\/02\/editorial-cs.jpg?resize=525%2C300&ssl=1 1.5x"},"classes":[]},{"id":13032,"url":"https:\/\/correiodasemana.com\/site\/ministerio-vai-fiscalizar-estacoes-de-esgoto-no-pais-diz-salles-2\/","url_meta":{"origin":13740,"position":3},"title":"Minist\u00e9rio vai fiscalizar esta\u00e7\u00f5es de esgoto no pa\u00eds , diz Salles","author":"","date":"Agosto 24, 2020","format":false,"excerpt":"Segundo ele, investimentos na \u00e1rea n\u00e3o t\u00eam obtido resultados esperados O ministro do Meio Ambiente, Ricardo Salles, disse hoje (17) que sua pasta come\u00e7ar\u00e1 um programa para avaliar as esta\u00e7\u00f5es de tratamento de esgoto no pa\u00eds. \u201cN\u00f3s faremos a partir de agora um programa de fiscaliza\u00e7\u00e3o da efici\u00eancia do tratamento\u2026","rel":"","context":"In &quot;Atualidade&quot;","block_context":{"text":"Atualidade","link":"https:\/\/correiodasemana.com\/site\/category\/atualidade\/"},"img":{"alt_text":"","src":"https:\/\/i0.wp.com\/correiodasemana.com\/site\/wp-content\/uploads\/2020\/08\/a-65.jpeg?resize=350%2C200&ssl=1","width":350,"height":200,"srcset":"https:\/\/i0.wp.com\/correiodasemana.com\/site\/wp-content\/uploads\/2020\/08\/a-65.jpeg?resize=350%2C200&ssl=1 1x, https:\/\/i0.wp.com\/correiodasemana.com\/site\/wp-content\/uploads\/2020\/08\/a-65.jpeg?resize=525%2C300&ssl=1 1.5x, https:\/\/i0.wp.com\/correiodasemana.com\/site\/wp-content\/uploads\/2020\/08\/a-65.jpeg?resize=700%2C400&ssl=1 2x"},"classes":[]},{"id":12897,"url":"https:\/\/correiodasemana.com\/site\/ministerio-vai-fiscalizar-estacoes-de-esgoto-no-pais-diz-salles\/","url_meta":{"origin":13740,"position":4},"title":"Minist\u00e9rio vai fiscalizar esta\u00e7\u00f5es de esgoto no pa\u00eds , diz Salles","author":"","date":"Agosto 17, 2020","format":false,"excerpt":"Segundo ele, investimentos na \u00e1rea n\u00e3o t\u00eam obtido resultados esperados O ministro do Meio Ambiente, Ricardo Salles, disse hoje (17) que sua pasta come\u00e7ar\u00e1 um programa para avaliar as esta\u00e7\u00f5es de tratamento de esgoto no pa\u00eds. \u201cN\u00f3s faremos a partir de agora um programa de fiscaliza\u00e7\u00e3o da efici\u00eancia do tratamento\u2026","rel":"","context":"In &quot;Atualidade&quot;","block_context":{"text":"Atualidade","link":"https:\/\/correiodasemana.com\/site\/category\/atualidade\/"},"img":{"alt_text":"","src":"https:\/\/i0.wp.com\/correiodasemana.com\/site\/wp-content\/uploads\/2020\/08\/jfcrz_abr_0709184603.jpg?resize=350%2C200&ssl=1","width":350,"height":200,"srcset":"https:\/\/i0.wp.com\/correiodasemana.com\/site\/wp-content\/uploads\/2020\/08\/jfcrz_abr_0709184603.jpg?resize=350%2C200&ssl=1 1x, https:\/\/i0.wp.com\/correiodasemana.com\/site\/wp-content\/uploads\/2020\/08\/jfcrz_abr_0709184603.jpg?resize=525%2C300&ssl=1 1.5x, https:\/\/i0.wp.com\/correiodasemana.com\/site\/wp-content\/uploads\/2020\/08\/jfcrz_abr_0709184603.jpg?resize=700%2C400&ssl=1 2x, https:\/\/i0.wp.com\/correiodasemana.com\/site\/wp-content\/uploads\/2020\/08\/jfcrz_abr_0709184603.jpg?resize=1050%2C600&ssl=1 3x"},"classes":[]},{"id":37465,"url":"https:\/\/correiodasemana.com\/site\/entenda-os-elementos-visuais-do-cartaz-da-campanha-da-fraternidade-2026-com-inicio-na-quarta-feira-de-cinzas-18-2\/","url_meta":{"origin":13740,"position":5},"title":"Entenda os elementos visuais do cartaz da Campanha da Fraternidade 2026, com in\u00edcio na quarta-feira de Cinzas, 18\/2","author":"adminredacao","date":"Fevereiro 20, 2026","format":false,"excerpt":"Em agosto de 2025, a Confer\u00eancia Nacional dos Bispos do Brasil (CNBB) lan\u00e7ou a identidade visual da Campanha da Fraternidade (CF) 2026. Com o tema \u201cFraternidade e Moradia\u201d e o lema b\u00edblico \u201cEle veio morar entre n\u00f3s\u201d (Jo 1,14), a Campanha vai buscar\u00e1 despertar a consci\u00eancia sobre o direito \u00e0\u2026","rel":"","context":"In &quot;Atualidade&quot;","block_context":{"text":"Atualidade","link":"https:\/\/correiodasemana.com\/site\/category\/atualidade\/"},"img":{"alt_text":"","src":"","width":0,"height":0},"classes":[]}],"jetpack_sharing_enabled":true,"_links":{"self":[{"href":"https:\/\/correiodasemana.com\/site\/wp-json\/wp\/v2\/posts\/13740","targetHints":{"allow":["GET"]}}],"collection":[{"href":"https:\/\/correiodasemana.com\/site\/wp-json\/wp\/v2\/posts"}],"about":[{"href":"https:\/\/correiodasemana.com\/site\/wp-json\/wp\/v2\/types\/post"}],"author":[{"embeddable":true,"href":"https:\/\/correiodasemana.com\/site\/wp-json\/wp\/v2\/users\/1"}],"replies":[{"embeddable":true,"href":"https:\/\/correiodasemana.com\/site\/wp-json\/wp\/v2\/comments?post=13740"}],"version-history":[{"count":3,"href":"https:\/\/correiodasemana.com\/site\/wp-json\/wp\/v2\/posts\/13740\/revisions"}],"predecessor-version":[{"id":13743,"href":"https:\/\/correiodasemana.com\/site\/wp-json\/wp\/v2\/posts\/13740\/revisions\/13743"}],"wp:featuredmedia":[{"embeddable":true,"href":"https:\/\/correiodasemana.com\/site\/wp-json\/wp\/v2\/media\/13741"}],"wp:attachment":[{"href":"https:\/\/correiodasemana.com\/site\/wp-json\/wp\/v2\/media?parent=13740"}],"wp:term":[{"taxonomy":"category","embeddable":true,"href":"https:\/\/correiodasemana.com\/site\/wp-json\/wp\/v2\/categories?post=13740"},{"taxonomy":"post_tag","embeddable":true,"href":"https:\/\/correiodasemana.com\/site\/wp-json\/wp\/v2\/tags?post=13740"}],"curies":[{"name":"wp","href":"https:\/\/api.w.org\/{rel}","templated":true}]}}