{"id":13745,"date":"2020-09-28T11:17:05","date_gmt":"2020-09-28T14:17:05","guid":{"rendered":"https:\/\/correiodasemana.com\/site\/?p=13745"},"modified":"2020-09-28T11:17:05","modified_gmt":"2020-09-28T14:17:05","slug":"renda-cidada-entrara-na-pec-emergencial-e-tera-pelo-menos-r-25-bilhoes-a-mais-que-o-bolsa-familia","status":"publish","type":"post","link":"https:\/\/correiodasemana.com\/site\/renda-cidada-entrara-na-pec-emergencial-e-tera-pelo-menos-r-25-bilhoes-a-mais-que-o-bolsa-familia\/","title":{"rendered":"Renda Cidad\u00e3 entrar\u00e1 na PEC emergencial e ter\u00e1 pelo menos R$ 25 bilh\u00f5es a mais que o Bolsa Fam\u00edlia"},"content":{"rendered":"<p><span style=\"font-family: inherit;\"><span style=\"font-size: large;\"><span style=\"color: #555555;\">Governo deve apresentar nesta segunda-feira (28) proposta de novo programa social e a segunda etapa da reforma tribut\u00e1ria<\/span><\/span><\/span><\/p>\n<p><span id=\"Quadro13\" dir=\"ltr\"><\/span><span style=\"color: #c4170c;\"><span style=\"font-family: inherit;\"><span style=\"font-size: large;\"><b><a href=\"https:\/\/g1.globo.com\/politica\/noticia\/2020\/09\/16\/relator-do-orcamento-diz-que-bolsonaro-autorizou-a-criacao-de-um-novo-programa-social.ghtml\">O novo programa social do governo<\/a><\/b><\/span><\/span><\/span><span style=\"color: #333333;\"><span style=\"font-family: opensans, helvetica, arial, sans-serif;\"><span style=\"font-size: large;\">, rebatizado de Renda Cidad\u00e3, estar\u00e1 contido dentro da proposta de emenda \u00e0 Constitui\u00e7\u00e3o (PEC) emergencial e ter\u00e1 pelo menos R$ 25 bilh\u00f5es a mais que o Bolsa Fam\u00edlia, podendo atingir R$ 30 bilh\u00f5es extras. Mesmo assim, o valor a ser pago a cada benef\u00edcio individual n\u00e3o deve chegar a R$ 300, como chegou a ser cogitado inicialmente.<\/span><\/span><\/span><\/p>\n<p><span style=\"color: #333333;\"><span style=\"font-family: opensans, helvetica, arial, sans-serif;\"><span style=\"font-size: large;\">O relator da PEC emergencial, senador M\u00e1rcio Bittar (MDB-AC), afirmou ao blog que, para financiar o novo programa,\u00a0<\/span><\/span><\/span><span style=\"color: #c4170c;\"><span style=\"font-family: inherit;\"><span style=\"font-size: large;\"><b><a href=\"https:\/\/g1.globo.com\/politica\/noticia\/2020\/08\/12\/bolsonaro-reune-politicos-e-ministros-para-dizer-que-governo-respeitara-o-teto-de-gastos.ghtml\">o governo n\u00e3o vai furar o teto de gastos<\/a><\/b><\/span><\/span><\/span><span style=\"color: #333333;\"><span style=\"font-family: opensans, helvetica, arial, sans-serif;\"><span style=\"font-size: large;\">, que prev\u00ea que as despesas da Uni\u00e3o de um ano para o outro cres\u00e7am somente na mesma taxa da infla\u00e7\u00e3o.<\/span><\/span><\/span><\/p>\n<p><span style=\"color: #333333;\">\u201c<span style=\"font-family: opensans, helvetica, arial, sans-serif;\"><span style=\"font-size: large;\">O valor [do benef\u00edcio individual] ficar\u00e1 mais baixo. Ficar\u00e1 entre R$ 200 e R$ 300 neste primeiro momento. Para isso, tivemos que encontrar uma nova solu\u00e7\u00e3o or\u00e7ament\u00e1ria. Mas n\u00e3o vamos furar o teto. Nesse debate, chegou a ser pensada numa solu\u00e7\u00e3o extra-teto. Por\u00e9m, n\u00e3o era ideal e a equipe econ\u00f4mica encontrou uma solu\u00e7\u00e3o\u201d, disse Bittar.<\/span><\/span><\/span><\/p>\n<p><span style=\"color: #333333;\"><span style=\"font-family: opensans, helvetica, arial, sans-serif;\"><span style=\"font-size: large;\">Segundo o senador, o valor dever\u00e1 ser aumentado a cada per\u00edodo, conforme o aumento do espa\u00e7o no Or\u00e7amento. O an\u00fancio das linhas gerais do novo programa social do governo deve ser feito nesta segunda-feira (28) em reuni\u00e3o do presidente Jair Bolsonaro com l\u00edderes da base aliada.<\/span><\/span><\/span><\/p>\n<p><span style=\"color: #333333;\"><span style=\"font-family: opensans, helvetica, arial, sans-serif;\"><span style=\"font-size: large;\">Tamb\u00e9m deve ser anunciada uma\u00a0<\/span><\/span><\/span><span style=\"color: #c4170c;\"><span style=\"font-family: opensans, helvetica, arial, sans-serif;\"><span style=\"font-size: large;\"><b><a href=\"https:\/\/g1.globo.com\/economia\/noticia\/2020\/09\/26\/bolsonaro-definira-qual-proposta-de-reforma-tributaria-sera-enviada-ao-congresso.ghtml\">nova etapa da proposta do governo de reforma tribut\u00e1ria<\/a><\/b><\/span><\/span><\/span><span style=\"color: #333333;\"><span style=\"font-family: opensans, helvetica, arial, sans-serif;\"><span style=\"font-size: large;\">, com a cria\u00e7\u00e3o de um imposto digital para compensar a desonera\u00e7\u00e3o permanente da folha de todos os setores da economia.<\/span><\/span><\/span><\/p>\n<p><span style=\"font-family: opensans, helvetica, arial, sans-serif;\"><span style=\"font-size: large;\"><span style=\"color: #333333;\">Bittar est\u00e1 confiante na aprova\u00e7\u00e3o da PEC emergencial que trar\u00e1 n\u00e3o s\u00f3 o Renda Cidad\u00e3, mas tamb\u00e9m vai estabelecer os gatilhos para manter o teto dos gastos p\u00fablicos, inclusive com a possibilidade de redu\u00e7\u00e3o de sal\u00e1rio dos servidores em at\u00e9 25%. Em paralelo, seguir\u00e1 a tramita\u00e7\u00e3o da PEC do pacto federativo. \u201cO governo est\u00e1 retomando a agenda\u201d, disse Bittar.<\/span><\/span><\/span><\/p>\n<p><span style=\"color: #333333;\">\u201c<span style=\"font-family: opensans, helvetica, arial, sans-serif;\"><span style=\"font-size: large;\">Est\u00e1 que nem a m\u00fasica do Tim Maia: Vale tudo. S\u00f3 n\u00e3o pode aumentar a carga tribut\u00e1ria e mexer no teto dos gastos. O resto vale\u201d, refor\u00e7ou o l\u00edder do governo no Congresso, senador Eduardo Gomes (MDB-TO).<\/span><\/span><\/span><\/p>\n<p>Fonte: G1<\/p>\n","protected":false},"excerpt":{"rendered":"<p>Governo deve apresentar nesta segunda-feira (28) proposta de novo programa social e a segunda etapa&#8230;<\/p>\n","protected":false},"author":1,"featured_media":13746,"comment_status":"open","ping_status":"open","sticky":false,"template":"","format":"standard","meta":{"_jetpack_memberships_contains_paid_content":false,"footnotes":"","jetpack_publicize_message":"","jetpack_publicize_feature_enabled":true,"jetpack_social_post_already_shared":true,"jetpack_social_options":{"image_generator_settings":{"template":"highway","default_image_id":0,"font":"","enabled":false},"version":2}},"categories":[1],"tags":[],"class_list":["post-13745","post","type-post","status-publish","format-standard","has-post-thumbnail","hentry","category-atualidade"],"jetpack_publicize_connections":[],"jetpack_featured_media_url":"https:\/\/correiodasemana.com\/site\/wp-content\/uploads\/2020\/09\/infoweek_2016-01-15rendacidadaa-maisdestaques.jpg","jetpack-related-posts":[{"id":13755,"url":"https:\/\/correiodasemana.com\/site\/governo-anuncia-renda-cidada-com-recursos-de-precatorios-e-do-fundeb\/","url_meta":{"origin":13745,"position":0},"title":"Governo anuncia Renda Cidad\u00e3, com recursos de precat\u00f3rios e do Fundeb","author":"","date":"Setembro 28, 2020","format":false,"excerpt":"Novo programa substituir\u00e1 o aux\u00edlio emergencial e o Bolsa Fam\u00edlia O presidente Jair Bolsonaro anunciou\u00a0hoje\u00a0(28) o Renda Cidad\u00e3, novo programa de transfer\u00eancia de renda do governo, que substituir\u00e1 o aux\u00edlio emergencial e o Bolsa Fam\u00edlia. Para financiar o programa, a proposta \u00e9 usar os recursos de pagamento de precat\u00f3rios e\u2026","rel":"","context":"In &quot;Atualidade&quot;","block_context":{"text":"Atualidade","link":"https:\/\/correiodasemana.com\/site\/category\/atualidade\/"},"img":{"alt_text":"","src":"https:\/\/i0.wp.com\/correiodasemana.com\/site\/wp-content\/uploads\/2020\/09\/coletiva_de_imprensa_palacio_da_alvorada_pr_2809201330.jpg?resize=350%2C200&ssl=1","width":350,"height":200,"srcset":"https:\/\/i0.wp.com\/correiodasemana.com\/site\/wp-content\/uploads\/2020\/09\/coletiva_de_imprensa_palacio_da_alvorada_pr_2809201330.jpg?resize=350%2C200&ssl=1 1x, https:\/\/i0.wp.com\/correiodasemana.com\/site\/wp-content\/uploads\/2020\/09\/coletiva_de_imprensa_palacio_da_alvorada_pr_2809201330.jpg?resize=525%2C300&ssl=1 1.5x, https:\/\/i0.wp.com\/correiodasemana.com\/site\/wp-content\/uploads\/2020\/09\/coletiva_de_imprensa_palacio_da_alvorada_pr_2809201330.jpg?resize=700%2C400&ssl=1 2x, https:\/\/i0.wp.com\/correiodasemana.com\/site\/wp-content\/uploads\/2020\/09\/coletiva_de_imprensa_palacio_da_alvorada_pr_2809201330.jpg?resize=1050%2C600&ssl=1 3x"},"classes":[]},{"id":13307,"url":"https:\/\/correiodasemana.com\/site\/sem-renda-brasil-orcamento-eleva-em-18-verba-do-bolsa-familia\/","url_meta":{"origin":13745,"position":1},"title":"Sem Renda Brasil, Or\u00e7amento eleva em 18% verba do Bolsa Fam\u00edlia","author":"","date":"Setembro 1, 2020","format":false,"excerpt":"Educa\u00e7\u00e3o continuar\u00e1 com gastos maiores que Defesa Por Wellton M\u00e1ximo \u2013 Rep\u00f3rter da Ag\u00eancia Brasil - Bras\u00edlia A proposta do Or\u00e7amento de 2021, enviada hoje (31) ao Congresso, n\u00e3o ter\u00e1 recursos para o programa Renda Brasil, novo programa de transfer\u00eancia de renda em estudo pelo governo, mas elevar\u00e1 em 18,22%\u2026","rel":"","context":"In &quot;Atualidade&quot;","block_context":{"text":"Atualidade","link":"https:\/\/correiodasemana.com\/site\/category\/atualidade\/"},"img":{"alt_text":"","src":"https:\/\/i0.wp.com\/correiodasemana.com\/site\/wp-content\/uploads\/2020\/09\/1079882-01.02.2017_mcajr-12-6.jpg?resize=350%2C200&ssl=1","width":350,"height":200,"srcset":"https:\/\/i0.wp.com\/correiodasemana.com\/site\/wp-content\/uploads\/2020\/09\/1079882-01.02.2017_mcajr-12-6.jpg?resize=350%2C200&ssl=1 1x, https:\/\/i0.wp.com\/correiodasemana.com\/site\/wp-content\/uploads\/2020\/09\/1079882-01.02.2017_mcajr-12-6.jpg?resize=525%2C300&ssl=1 1.5x, https:\/\/i0.wp.com\/correiodasemana.com\/site\/wp-content\/uploads\/2020\/09\/1079882-01.02.2017_mcajr-12-6.jpg?resize=700%2C400&ssl=1 2x, https:\/\/i0.wp.com\/correiodasemana.com\/site\/wp-content\/uploads\/2020\/09\/1079882-01.02.2017_mcajr-12-6.jpg?resize=1050%2C600&ssl=1 3x"},"classes":[]},{"id":15782,"url":"https:\/\/correiodasemana.com\/site\/sobral-e-outros-municipios-cearenses-buscam-alternativas-para-suprir-a-suspensao-temporaria-do-auxilio-emergencial\/","url_meta":{"origin":13745,"position":2},"title":"Sobral e outros munic\u00edpios cearenses buscam alternativas para suprir a suspens\u00e3o tempor\u00e1ria do Aux\u00edlio Emergencial","author":"","date":"Fevereiro 24, 2021","format":false,"excerpt":"Por Samuel Carvalho - Reda\u00e7\u00e3o Correio da Semana O novo aux\u00edlio emergencial ainda segue em discuss\u00e3o no Congresso Nacional, enquanto isso, munic\u00edpios do estado do Cear\u00e1 tentam criar alternativas para garantir assist\u00eancia econ\u00f4mica para a popula\u00e7\u00e3o diante das incertezas de como ir\u00e1 acontecer as novas parcelas do programa. Em Sobral,\u2026","rel":"","context":"In &quot;Atualidade&quot;","block_context":{"text":"Atualidade","link":"https:\/\/correiodasemana.com\/site\/category\/atualidade\/"},"img":{"alt_text":"","src":"https:\/\/i0.wp.com\/correiodasemana.com\/site\/wp-content\/uploads\/2021\/02\/unnamed.jpg?resize=350%2C200&ssl=1","width":350,"height":200},"classes":[]},{"id":16019,"url":"https:\/\/correiodasemana.com\/site\/nova-rodada-do-auxilio-emergencial-como-serao-os-pagamentos-quem-vai-receber-e-o-que-falta-saber\/","url_meta":{"origin":13745,"position":3},"title":"Nova rodada do Aux\u00edlio Emergencial: como ser\u00e3o os pagamentos, quem vai receber e o que falta saber","author":"","date":"Mar\u00e7o 22, 2021","format":false,"excerpt":"Pagamento ser\u00e1 feito em quarto parcelas; valor m\u00e9dio ser\u00e1 de R$ 250, mas pode variar conforme o perfil do benefici\u00e1rio. olta do benef\u00edcio. O novo aux\u00edlio ter\u00e1 4 parcelas de R$ 150 a R$ 375 Fonte: G1 Com o agravamento da pandemia de coronav\u00edrus em todo o pa\u00eds, o governo\u2026","rel":"","context":"In &quot;Atualidade&quot;","block_context":{"text":"Atualidade","link":"https:\/\/correiodasemana.com\/site\/category\/atualidade\/"},"img":{"alt_text":"","src":"https:\/\/i0.wp.com\/correiodasemana.com\/site\/wp-content\/uploads\/2020\/07\/auxilio-emergencial-caixa-1592266093900_v2_900x506-750x370-1.jpg?resize=350%2C200&ssl=1","width":350,"height":200,"srcset":"https:\/\/i0.wp.com\/correiodasemana.com\/site\/wp-content\/uploads\/2020\/07\/auxilio-emergencial-caixa-1592266093900_v2_900x506-750x370-1.jpg?resize=350%2C200&ssl=1 1x, https:\/\/i0.wp.com\/correiodasemana.com\/site\/wp-content\/uploads\/2020\/07\/auxilio-emergencial-caixa-1592266093900_v2_900x506-750x370-1.jpg?resize=525%2C300&ssl=1 1.5x, https:\/\/i0.wp.com\/correiodasemana.com\/site\/wp-content\/uploads\/2020\/07\/auxilio-emergencial-caixa-1592266093900_v2_900x506-750x370-1.jpg?resize=700%2C400&ssl=1 2x"},"classes":[]},{"id":22400,"url":"https:\/\/correiodasemana.com\/site\/beneficiarios-com-nis-final-7-recebem-hoje-20-o-auxilio-brasil\/","url_meta":{"origin":13745,"position":4},"title":"Benefici\u00e1rios com NIS final 7 recebem hoje (20) o Aux\u00edlio Brasil","author":"","date":"Dezembro 20, 2022","format":false,"excerpt":"A Caixa Econ\u00f4mica Federal paga\u00a0hoje\u00a0(20) a parcela\u00a0de dezembro\u00a0do Aux\u00edlio Brasil aos benefici\u00e1rios com N\u00famero de Inscri\u00e7\u00e3o Social (NIS) com final 7. Essa \u00e9 a\u00a0quinta\u00a0parcela com o valor m\u00ednimo de R$ 600, que vigorar\u00e1 at\u00e9 dezembro, conforme emenda constitucional promulgada em julho pelo Congresso Nacional. A menos que uma nova proposta\u2026","rel":"","context":"In &quot;Atualidade&quot;","block_context":{"text":"Atualidade","link":"https:\/\/correiodasemana.com\/site\/category\/atualidade\/"},"img":{"alt_text":"","src":"https:\/\/i0.wp.com\/correiodasemana.com\/site\/wp-content\/uploads\/2022\/12\/naom_62b19833858e7-1024x576-1.jpg?resize=350%2C200&ssl=1","width":350,"height":200,"srcset":"https:\/\/i0.wp.com\/correiodasemana.com\/site\/wp-content\/uploads\/2022\/12\/naom_62b19833858e7-1024x576-1.jpg?resize=350%2C200&ssl=1 1x, https:\/\/i0.wp.com\/correiodasemana.com\/site\/wp-content\/uploads\/2022\/12\/naom_62b19833858e7-1024x576-1.jpg?resize=525%2C300&ssl=1 1.5x, https:\/\/i0.wp.com\/correiodasemana.com\/site\/wp-content\/uploads\/2022\/12\/naom_62b19833858e7-1024x576-1.jpg?resize=700%2C400&ssl=1 2x"},"classes":[]},{"id":15886,"url":"https:\/\/correiodasemana.com\/site\/nova-parcela-do-auxilio-emergencial-deve-comecar-a-ser-pago-dia-18-de-marco\/","url_meta":{"origin":13745,"position":5},"title":"Nova parcela do aux\u00edlio emergencial deve come\u00e7ar a ser pago dia 18 de Mar\u00e7o","author":"","date":"Mar\u00e7o 7, 2021","format":false,"excerpt":"Por Samuel Carvalho - Reda\u00e7\u00e3o Correio da Semana O Governo Federal deve iniciar o pagamento da nova parcela do aux\u00edlio emergencial no dia 18 de Mar\u00e7o, frente ao avan\u00e7o da pandemia no pa\u00eds. A data inicial \u00e9 destinada aos benefici\u00e1rios do Bolsa Fam\u00edlia, j\u00e1 o restante dos trabalhadores deve receber\u2026","rel":"","context":"In &quot;Atualidade&quot;","block_context":{"text":"Atualidade","link":"https:\/\/correiodasemana.com\/site\/category\/atualidade\/"},"img":{"alt_text":"","src":"https:\/\/i0.wp.com\/correiodasemana.com\/site\/wp-content\/uploads\/2021\/03\/unnamed-8.jpg?resize=350%2C200&ssl=1","width":350,"height":200},"classes":[]}],"jetpack_sharing_enabled":true,"_links":{"self":[{"href":"https:\/\/correiodasemana.com\/site\/wp-json\/wp\/v2\/posts\/13745","targetHints":{"allow":["GET"]}}],"collection":[{"href":"https:\/\/correiodasemana.com\/site\/wp-json\/wp\/v2\/posts"}],"about":[{"href":"https:\/\/correiodasemana.com\/site\/wp-json\/wp\/v2\/types\/post"}],"author":[{"embeddable":true,"href":"https:\/\/correiodasemana.com\/site\/wp-json\/wp\/v2\/users\/1"}],"replies":[{"embeddable":true,"href":"https:\/\/correiodasemana.com\/site\/wp-json\/wp\/v2\/comments?post=13745"}],"version-history":[{"count":2,"href":"https:\/\/correiodasemana.com\/site\/wp-json\/wp\/v2\/posts\/13745\/revisions"}],"predecessor-version":[{"id":13748,"href":"https:\/\/correiodasemana.com\/site\/wp-json\/wp\/v2\/posts\/13745\/revisions\/13748"}],"wp:featuredmedia":[{"embeddable":true,"href":"https:\/\/correiodasemana.com\/site\/wp-json\/wp\/v2\/media\/13746"}],"wp:attachment":[{"href":"https:\/\/correiodasemana.com\/site\/wp-json\/wp\/v2\/media?parent=13745"}],"wp:term":[{"taxonomy":"category","embeddable":true,"href":"https:\/\/correiodasemana.com\/site\/wp-json\/wp\/v2\/categories?post=13745"},{"taxonomy":"post_tag","embeddable":true,"href":"https:\/\/correiodasemana.com\/site\/wp-json\/wp\/v2\/tags?post=13745"}],"curies":[{"name":"wp","href":"https:\/\/api.w.org\/{rel}","templated":true}]}}