{"id":13749,"date":"2020-09-28T14:50:46","date_gmt":"2020-09-28T17:50:46","guid":{"rendered":"https:\/\/correiodasemana.com\/site\/?p=13749"},"modified":"2020-09-28T15:00:18","modified_gmt":"2020-09-28T18:00:18","slug":"74-das-brasileiras-nao-tem-condicoes-de-pagar-um-teste-para-covid-diz-estudo","status":"publish","type":"post","link":"https:\/\/correiodasemana.com\/site\/74-das-brasileiras-nao-tem-condicoes-de-pagar-um-teste-para-covid-diz-estudo\/","title":{"rendered":"74% das brasileiras n\u00e3o t\u00eam condi\u00e7\u00f5es de pagar um teste para covid, diz estudo"},"content":{"rendered":"<p align=\"center\"><span style=\"color: #232121;\"><span style=\"font-family: Arial;\"><span style=\"font-size: large;\"><i>J\u00e1 14% consideram que o custo de at\u00e9 R$50,00 caberia em seus or\u00e7amentos.<\/i><\/span><\/span><\/span><\/p>\n<p align=\"justify\"><span style=\"color: #232121;\"><span style=\"font-family: Arial;\"><span style=\"font-size: large;\">O Brasil j\u00e1 passou 4 milh\u00f5es de casos de infec\u00e7\u00f5es por coronav\u00edrus, por\u00e9m, sua taxa de recuperados \u00e9 maior do que a taxa mundial, segundo a Universidade de Johns Hopkins. Por\u00e9m, mesmo com a alta taxa de recupera\u00e7\u00e3o, a popula\u00e7\u00e3o continua assustada com o n\u00famero de casos, e tamb\u00e9m com a impossibilidade de realizar um teste para Covid. Pois, os testes s\u00e3o reservados para as pessoas que apresentam sintomas.\u00a0<\/span><\/span><\/span><\/p>\n<p align=\"justify\"><span style=\"color: #232121;\"><span style=\"font-family: Arial;\"><span style=\"font-size: large;\">Portanto, as que sentem medo e gostariam de fazer somente para tirar a d\u00favida e prevenir que pessoas pr\u00f3ximas peguem, ficam com a op\u00e7\u00e3o mais cara, que \u00e9 a de pagar pelo teste. Tendo em vista o alto custo, o\u00a0<\/span><\/span><\/span><a href=\"https:\/\/www.trocandofraldas.com.br\/\" target=\"_blank\" rel=\"noopener noreferrer\"><span style=\"color: #9932cc;\"><span style=\"font-family: Arial;\"><span style=\"font-size: large;\"><u>Trocando Fraldas<\/u><\/span><\/span><\/span><\/a><span style=\"color: #232121;\"><span style=\"font-family: Arial;\"><span style=\"font-size: large;\">\u00a0em seu mais recente estudo, constatou que 82% das brasileiras ainda n\u00e3o realizou um teste para Covid.<\/span><\/span><\/span><\/p>\n<p align=\"justify\"><span style=\"color: #232121;\"><span style=\"font-family: Arial;\"><span style=\"font-size: large;\">Ademais, pelo menos metade das participantes do estudo gostariam de faz\u00ea-lo para confirmar se t\u00eam ou j\u00e1 tiveram o v\u00edrus. O principal motivo que faz com que 74% das participantes queiram fazer o teste \u00e9 a curiosidade de saber se j\u00e1 tiveram ou t\u00eam coronav\u00edrus. O segundo motivo \u00e9 realmente pela suspeita de ter o v\u00edrus, com 14% das entrevistadas.\u00a0<\/span><\/span><\/span><\/p>\n<p align=\"justify\"><span style=\"color: #232121;\"><span style=\"font-family: Arial;\"><span style=\"font-size: large;\">Al\u00e9m disso, o estudo tamb\u00e9m constatou que 74% das brasileiras n\u00e3o t\u00eam condi\u00e7\u00f5es financeiras para realizar um teste r\u00e1pido para Covid-19, e consideram que o teste deveria ser gratuito. J\u00e1 14% consideram que um custo de at\u00e9 R$50,00 seria justo e caberia em seus or\u00e7amentos.\u00a0<\/span><\/span><\/span><\/p>\n<p align=\"justify\"><span style=\"color: #232121;\"><span style=\"font-family: Arial;\"><span style=\"font-size: large;\">Os dados estaduais demonstram que, Rio Grande do Norte e Par\u00e1 s\u00e3o os estados com os maiores percentuais de pessoas que gostariam de fazer um teste, com 68% e 64% respectivamente. No Rio de Janeiro, 52% da popula\u00e7\u00e3o gostaria de poder fazer. J\u00e1 em S\u00e3o Paulo pelo menos metade da popula\u00e7\u00e3o gostaria de realizar o teste. E o Mato Grosso \u00e9 o estado com o menor percentual, mas mesmo assim, 41% da popula\u00e7\u00e3o gostaria de fazer um teste.<\/span><\/span><\/span><\/p>\n","protected":false},"excerpt":{"rendered":"<p>J\u00e1 14% consideram que o custo de at\u00e9 R$50,00 caberia em seus or\u00e7amentos. O Brasil&#8230;<\/p>\n","protected":false},"author":1,"featured_media":13750,"comment_status":"open","ping_status":"open","sticky":false,"template":"","format":"standard","meta":{"_jetpack_memberships_contains_paid_content":false,"footnotes":"","jetpack_publicize_message":"","jetpack_publicize_feature_enabled":true,"jetpack_social_post_already_shared":true,"jetpack_social_options":{"image_generator_settings":{"template":"highway","default_image_id":0,"font":"","enabled":false},"version":2}},"categories":[1],"tags":[],"class_list":["post-13749","post","type-post","status-publish","format-standard","has-post-thumbnail","hentry","category-atualidade"],"jetpack_publicize_connections":[],"jetpack_featured_media_url":"https:\/\/correiodasemana.com\/site\/wp-content\/uploads\/2020\/09\/download.jpg","jetpack-related-posts":[{"id":14773,"url":"https:\/\/correiodasemana.com\/site\/taxa-de-transmissao-da-covid-19-no-pais-e-a-maior-desde-maio-sobral-passa-de-doze-mil-curados\/","url_meta":{"origin":13749,"position":0},"title":"Taxa de transmiss\u00e3o da Covid-19 no pa\u00eds \u00e9 a maior desde maio; Sobral passa de doze mil curados","author":"","date":"Novembro 30, 2020","format":false,"excerpt":"Por Joc\u00e9lio Tavares. A taxa de transmiss\u00e3o do novo coronav\u00edrus voltou a subir no Brasil e j\u00e1 \u00e9 a maior desde maio, de acordo com os dados divulgados nesta ter\u00e7a-feira (24) pelo Centro de Controle de Epidemias do Imperial College, de Londres. A taxa passou de 1,10 no \u00faltimo balan\u00e7o\u2026","rel":"","context":"In &quot;Atualidade&quot;","block_context":{"text":"Atualidade","link":"https:\/\/correiodasemana.com\/site\/category\/atualidade\/"},"img":{"alt_text":"","src":"https:\/\/i0.wp.com\/correiodasemana.com\/site\/wp-content\/uploads\/2020\/11\/covid-em-sobral-scaled.jpg?resize=350%2C200&ssl=1","width":350,"height":200,"srcset":"https:\/\/i0.wp.com\/correiodasemana.com\/site\/wp-content\/uploads\/2020\/11\/covid-em-sobral-scaled.jpg?resize=350%2C200&ssl=1 1x, https:\/\/i0.wp.com\/correiodasemana.com\/site\/wp-content\/uploads\/2020\/11\/covid-em-sobral-scaled.jpg?resize=525%2C300&ssl=1 1.5x, https:\/\/i0.wp.com\/correiodasemana.com\/site\/wp-content\/uploads\/2020\/11\/covid-em-sobral-scaled.jpg?resize=700%2C400&ssl=1 2x, https:\/\/i0.wp.com\/correiodasemana.com\/site\/wp-content\/uploads\/2020\/11\/covid-em-sobral-scaled.jpg?resize=1050%2C600&ssl=1 3x, https:\/\/i0.wp.com\/correiodasemana.com\/site\/wp-content\/uploads\/2020\/11\/covid-em-sobral-scaled.jpg?resize=1400%2C800&ssl=1 4x"},"classes":[]},{"id":12293,"url":"https:\/\/correiodasemana.com\/site\/mais-de-16-milhao-de-pessoas-ja-se-recuperaram-da-covid-19-no-brasil\/","url_meta":{"origin":13749,"position":1},"title":"Mais de 1,6 milh\u00e3o de pessoas j\u00e1 se recuperaram da Covid-19 no Brasil","author":"","date":"Julho 28, 2020","format":false,"excerpt":"SA\u00daDE\/PANDEMIA At\u00e9 o \u00faltimo dia 27 o Brasil j\u00e1 tinha registrado a recupera\u00e7\u00e3o de 1.634.274 pessoas que foram infectadas pelo novo coronav\u00edrus. Os casos confirmados no pa\u00eds j\u00e1 ultrapassam os 2,4 milh\u00f5es. Segundo a Organiza\u00e7\u00e3o Mundial da Sa\u00fade (OMS) em todo o mundo mais de 16 milh\u00f5es de pessoas ficaram\u2026","rel":"","context":"In &quot;Atualidade&quot;","block_context":{"text":"Atualidade","link":"https:\/\/correiodasemana.com\/site\/category\/atualidade\/"},"img":{"alt_text":"","src":"https:\/\/i0.wp.com\/correiodasemana.com\/site\/wp-content\/uploads\/2020\/07\/RECUPERADOS.jpg?resize=350%2C200&ssl=1","width":350,"height":200},"classes":[]},{"id":12288,"url":"https:\/\/correiodasemana.com\/site\/governo-do-ceara-vai-instalar-laboratorios-para-analise-de-testes-em-sobral-e-no-cariri\/","url_meta":{"origin":13749,"position":2},"title":"Governo do Cear\u00e1 vai instalar laborat\u00f3rios para an\u00e1lise de testes em Sobral e no Cariri","author":"","date":"Julho 28, 2020","format":false,"excerpt":"CORONAV\u00cdRUS (COVID-19) \u00a0 O Cear\u00e1 continua apresentando n\u00fameros mais animadores em rela\u00e7\u00e3o ao controle da pandemia do novo coronav\u00edrus. Mesmo a velocidade da doen\u00e7a tendo seguido ritmos diferentes nas mais variadas regi\u00f5es, devido ao grande n\u00famero de testes realizados o Governo do Cear\u00e1 tem conseguido monitorar e planejar suas a\u00e7\u00f5es\u2026","rel":"","context":"In &quot;Atualidade&quot;","block_context":{"text":"Atualidade","link":"https:\/\/correiodasemana.com\/site\/category\/atualidade\/"},"img":{"alt_text":"","src":"https:\/\/i0.wp.com\/correiodasemana.com\/site\/wp-content\/uploads\/2020\/07\/WhatsApp-Image-2020-07-27-at-19.14.52.jpeg?resize=350%2C200&ssl=1","width":350,"height":200,"srcset":"https:\/\/i0.wp.com\/correiodasemana.com\/site\/wp-content\/uploads\/2020\/07\/WhatsApp-Image-2020-07-27-at-19.14.52.jpeg?resize=350%2C200&ssl=1 1x, https:\/\/i0.wp.com\/correiodasemana.com\/site\/wp-content\/uploads\/2020\/07\/WhatsApp-Image-2020-07-27-at-19.14.52.jpeg?resize=525%2C300&ssl=1 1.5x, https:\/\/i0.wp.com\/correiodasemana.com\/site\/wp-content\/uploads\/2020\/07\/WhatsApp-Image-2020-07-27-at-19.14.52.jpeg?resize=700%2C400&ssl=1 2x, https:\/\/i0.wp.com\/correiodasemana.com\/site\/wp-content\/uploads\/2020\/07\/WhatsApp-Image-2020-07-27-at-19.14.52.jpeg?resize=1050%2C600&ssl=1 3x"},"classes":[]},{"id":16837,"url":"https:\/\/correiodasemana.com\/site\/sesa-registra-queda-de-18-no-numero-de-cidades-cearenses-em-alerta-altissimo-no-ultimo-mes\/","url_meta":{"origin":13749,"position":3},"title":"Sesa registra queda de 18% no n\u00famero de cidades cearenses em alerta \u2018alt\u00edssimo\u2019 no ultimo m\u00eas","author":"","date":"Junho 27, 2021","format":false,"excerpt":"Por Samuel Carvalho - Reda\u00e7\u00e3o Correio da Semana Conforme informa\u00e7\u00f5es disponibilizadas no boletim epidemiol\u00f3gico da Secretaria da Sa\u00fade (Sesa) do Cear\u00e1, 150 cidades est\u00e3o em alerta \u201calt\u00edssimo\u201d, 14 a menos do que o verificado h\u00e1 duas semanas. Esta \u00e9 a segunda vez consecutiva que o risco de transmiss\u00e3o da Covid-19\u2026","rel":"","context":"In &quot;Atualidade&quot;","block_context":{"text":"Atualidade","link":"https:\/\/correiodasemana.com\/site\/category\/atualidade\/"},"img":{"alt_text":"","src":"https:\/\/i0.wp.com\/correiodasemana.com\/site\/wp-content\/uploads\/2021\/06\/covid.jpg?resize=350%2C200&ssl=1","width":350,"height":200,"srcset":"https:\/\/i0.wp.com\/correiodasemana.com\/site\/wp-content\/uploads\/2021\/06\/covid.jpg?resize=350%2C200&ssl=1 1x, https:\/\/i0.wp.com\/correiodasemana.com\/site\/wp-content\/uploads\/2021\/06\/covid.jpg?resize=525%2C300&ssl=1 1.5x, https:\/\/i0.wp.com\/correiodasemana.com\/site\/wp-content\/uploads\/2021\/06\/covid.jpg?resize=700%2C400&ssl=1 2x, https:\/\/i0.wp.com\/correiodasemana.com\/site\/wp-content\/uploads\/2021\/06\/covid.jpg?resize=1050%2C600&ssl=1 3x"},"classes":[]},{"id":17901,"url":"https:\/\/correiodasemana.com\/site\/25-cidades-do-estado-do-ceara-ainda-apresentam-indicies-altissimos-para-a-transmissao-de-covid-19\/","url_meta":{"origin":13749,"position":4},"title":"25 cidades do Estado do Cear\u00e1 ainda apresentam indicies alt\u00edssimos para a transmiss\u00e3o de covid-19","author":"","date":"Outubro 31, 2021","format":false,"excerpt":"Por Samuel Carvalho Reda\u00e7\u00e3o Correio da Semana Apesar da melhora nos indicies de covid-19 em todo o estado, no decorrer dos \u00faltimos per\u00edodos, mas ainda assim, nas semanas epidemiol\u00f3gicas 41 e 42 - do dia 10 a 23 de outubro em 25 dos 184 munic\u00edpios do Cear\u00e1, o n\u00edvel de\u2026","rel":"","context":"In &quot;Atualidade&quot;","block_context":{"text":"Atualidade","link":"https:\/\/correiodasemana.com\/site\/category\/atualidade\/"},"img":{"alt_text":"","src":"https:\/\/i0.wp.com\/correiodasemana.com\/site\/wp-content\/uploads\/2020\/11\/frasco_rotulado_como_vacina_contra_covid-19_em_foto_de_ilustracao_10_04_2020_reuters_dado_ruvic_illustration1408200865-1.jpg?resize=350%2C200&ssl=1","width":350,"height":200,"srcset":"https:\/\/i0.wp.com\/correiodasemana.com\/site\/wp-content\/uploads\/2020\/11\/frasco_rotulado_como_vacina_contra_covid-19_em_foto_de_ilustracao_10_04_2020_reuters_dado_ruvic_illustration1408200865-1.jpg?resize=350%2C200&ssl=1 1x, https:\/\/i0.wp.com\/correiodasemana.com\/site\/wp-content\/uploads\/2020\/11\/frasco_rotulado_como_vacina_contra_covid-19_em_foto_de_ilustracao_10_04_2020_reuters_dado_ruvic_illustration1408200865-1.jpg?resize=525%2C300&ssl=1 1.5x, https:\/\/i0.wp.com\/correiodasemana.com\/site\/wp-content\/uploads\/2020\/11\/frasco_rotulado_como_vacina_contra_covid-19_em_foto_de_ilustracao_10_04_2020_reuters_dado_ruvic_illustration1408200865-1.jpg?resize=700%2C400&ssl=1 2x, https:\/\/i0.wp.com\/correiodasemana.com\/site\/wp-content\/uploads\/2020\/11\/frasco_rotulado_como_vacina_contra_covid-19_em_foto_de_ilustracao_10_04_2020_reuters_dado_ruvic_illustration1408200865-1.jpg?resize=1050%2C600&ssl=1 3x"},"classes":[]},{"id":11823,"url":"https:\/\/correiodasemana.com\/site\/sobral-e-iguatu-tem-256-mil-pessoas-com-anticorpos-para-a-covid-19-estima-pesquisa\/","url_meta":{"origin":13749,"position":5},"title":"Sobral e Iguatu t\u00eam 25,6 mil pessoas com anticorpos para a Covid-19, estima pesquisa","author":"","date":"Julho 14, 2020","format":false,"excerpt":"Somadas, as duas cidades concentram 57,3 mil pessoas em contato com o v\u00edrus, considerando-se as que t\u00eam a doen\u00e7a ativa e as que desenvolveram anticorpos, segundo estudo do Governo do Cear\u00e1 e do Instituto Opnus Um total de 25,6 mil pessoas nas cidades de Sobral e Iguatu j\u00e1 podem ter\u2026","rel":"","context":"In &quot;Atualidade&quot;","block_context":{"text":"Atualidade","link":"https:\/\/correiodasemana.com\/site\/category\/atualidade\/"},"img":{"alt_text":"","src":"https:\/\/i0.wp.com\/correiodasemana.com\/site\/wp-content\/uploads\/2020\/07\/coronavirus.jpg?resize=350%2C200&ssl=1","width":350,"height":200,"srcset":"https:\/\/i0.wp.com\/correiodasemana.com\/site\/wp-content\/uploads\/2020\/07\/coronavirus.jpg?resize=350%2C200&ssl=1 1x, https:\/\/i0.wp.com\/correiodasemana.com\/site\/wp-content\/uploads\/2020\/07\/coronavirus.jpg?resize=525%2C300&ssl=1 1.5x, https:\/\/i0.wp.com\/correiodasemana.com\/site\/wp-content\/uploads\/2020\/07\/coronavirus.jpg?resize=700%2C400&ssl=1 2x, https:\/\/i0.wp.com\/correiodasemana.com\/site\/wp-content\/uploads\/2020\/07\/coronavirus.jpg?resize=1050%2C600&ssl=1 3x, https:\/\/i0.wp.com\/correiodasemana.com\/site\/wp-content\/uploads\/2020\/07\/coronavirus.jpg?resize=1400%2C800&ssl=1 4x"},"classes":[]}],"jetpack_sharing_enabled":true,"_links":{"self":[{"href":"https:\/\/correiodasemana.com\/site\/wp-json\/wp\/v2\/posts\/13749","targetHints":{"allow":["GET"]}}],"collection":[{"href":"https:\/\/correiodasemana.com\/site\/wp-json\/wp\/v2\/posts"}],"about":[{"href":"https:\/\/correiodasemana.com\/site\/wp-json\/wp\/v2\/types\/post"}],"author":[{"embeddable":true,"href":"https:\/\/correiodasemana.com\/site\/wp-json\/wp\/v2\/users\/1"}],"replies":[{"embeddable":true,"href":"https:\/\/correiodasemana.com\/site\/wp-json\/wp\/v2\/comments?post=13749"}],"version-history":[{"count":3,"href":"https:\/\/correiodasemana.com\/site\/wp-json\/wp\/v2\/posts\/13749\/revisions"}],"predecessor-version":[{"id":13752,"href":"https:\/\/correiodasemana.com\/site\/wp-json\/wp\/v2\/posts\/13749\/revisions\/13752"}],"wp:featuredmedia":[{"embeddable":true,"href":"https:\/\/correiodasemana.com\/site\/wp-json\/wp\/v2\/media\/13750"}],"wp:attachment":[{"href":"https:\/\/correiodasemana.com\/site\/wp-json\/wp\/v2\/media?parent=13749"}],"wp:term":[{"taxonomy":"category","embeddable":true,"href":"https:\/\/correiodasemana.com\/site\/wp-json\/wp\/v2\/categories?post=13749"},{"taxonomy":"post_tag","embeddable":true,"href":"https:\/\/correiodasemana.com\/site\/wp-json\/wp\/v2\/tags?post=13749"}],"curies":[{"name":"wp","href":"https:\/\/api.w.org\/{rel}","templated":true}]}}