{"id":13755,"date":"2020-09-28T16:38:52","date_gmt":"2020-09-28T19:38:52","guid":{"rendered":"https:\/\/correiodasemana.com\/site\/?p=13755"},"modified":"2020-09-28T16:38:52","modified_gmt":"2020-09-28T19:38:52","slug":"governo-anuncia-renda-cidada-com-recursos-de-precatorios-e-do-fundeb","status":"publish","type":"post","link":"https:\/\/correiodasemana.com\/site\/governo-anuncia-renda-cidada-com-recursos-de-precatorios-e-do-fundeb\/","title":{"rendered":"Governo anuncia Renda Cidad\u00e3, com recursos de precat\u00f3rios e do Fundeb"},"content":{"rendered":"<div class=\"col-lg-12 mb-3\">\n<div class=\"row\">\n<h3 class=\"col-10 offset-1 animated fadeInDown dealy-900 display-8 display-md-8 alt-font font-italic my-1 text-center\">Novo programa substituir\u00e1 o aux\u00edlio emergencial e o Bolsa Fam\u00edlia<\/h3>\n<\/div>\n<\/div>\n<div class=\"col-xl-7 offset-xl-1 col-lg-8 offset-lg-0 col-md-10 offset-md-1 mb-3\">\n<div class=\"post-item alt-font\">\n<div class=\"post-item-wrap\">\n<p>O presidente Jair Bolsonaro anunciou\u00a0hoje\u00a0(28) o Renda Cidad\u00e3, novo programa de transfer\u00eancia de renda do governo, que substituir\u00e1 o aux\u00edlio emergencial e o Bolsa Fam\u00edlia. Para financiar o programa, a proposta \u00e9 usar os recursos de pagamento de precat\u00f3rios e parte do Fundo de Manuten\u00e7\u00e3o e Desenvolvimento da Educa\u00e7\u00e3o B\u00e1sica e de Valoriza\u00e7\u00e3o dos Profissionais da Educa\u00e7\u00e3o (Fundeb). Os precat\u00f3rios s\u00e3o t\u00edtulos da d\u00edvida p\u00fablica reconhecidos ap\u00f3s decis\u00e3o definitiva da Justi\u00e7a.<img decoding=\"async\" src=\"https:\/\/agenciabrasil.ebc.com.br\/ebc.png?id=1389123&amp;o=node\" \/><img decoding=\"async\" src=\"https:\/\/agenciabrasil.ebc.com.br\/ebc.gif?id=1389123&amp;o=node\" \/><\/p>\n<p>\u201cEstamos buscando recursos com responsabilidade fiscal e respeitando a lei do teto de gastos. N\u00f3s queremos demonstrar \u00e0 sociedade e ao investidor que o Brasil \u00e9 um pa\u00eds confi\u00e1vel\u201d, disse o presidente, em declara\u00e7\u00e3o \u00e0 imprensa ap\u00f3s reuni\u00e3o com ministros de Estado e l\u00edderes partid\u00e1rios, realizada na manh\u00e3 desta\u00a0segunda-feira, no Pal\u00e1cio da Alvorada.<\/p>\n<p>O senador M\u00e1rcio Bittar (MDB-AC), relator da Proposta de Emenda \u00e0 Constitui\u00e7\u00e3o (PEC) do Pacto Federativo, explicou que as propostas das duas fontes de renda ser\u00e3o apresentadas tanto na PEC do Pacto Federativo, quanto na PEC Emergencial, que tratam da desindexa\u00e7\u00e3o dos gastos p\u00fablicos.<\/p>\n<p>\u201cO Brasil tem no Or\u00e7amento R$ 55 bilh\u00f5es para pagar de precat\u00f3rios e vamos utilizar o limite de 2% das receitas correntes l\u00edquidas, que \u00e9 mais ou menos o que j\u00e1 fazem estados e munic\u00edpios. Vamos estabelecer a mesma coisa para o governo federal. E o que sobrar desse recurso, juntando com o que tem no or\u00e7amento do Bolsa Fam\u00edlia, vai criar e patrocinar o novo programa\u201d, explicou Bittar.<\/p>\n<p>Al\u00e9m disso, ser\u00e1 proposto que o governo federal tamb\u00e9m possa utilizar at\u00e9 5% dos recursos Fundeb, segundo o senador, \u201ctamb\u00e9m para ajudar essa fam\u00edlia que estar\u00e3o no programa a manterem seus filhos na escola\u201d. O Fundeb foi promulgado no m\u00eas passado e amplia de 10% para 23% a participa\u00e7\u00e3o da Uni\u00e3o no financiamento da educa\u00e7\u00e3o b\u00e1sica.<\/p>\n<p><strong>Assista a declara\u00e7\u00e3o \u00e0\u00a0imprensa:<\/strong><\/p>\n<div class=\"embed-container\"><iframe src=\"https:\/\/www.youtube.com\/embed\/2T95gnBqnLo\" frameborder=\"0\" allowfullscreen=\"allowfullscreen\" data-mce-fragment=\"1\"><\/iframe><\/div>\n<p>Durante a reuni\u00e3o, o governo tamb\u00e9m discutiu com os parlamentares a proposta de reforma tribut\u00e1ria, mas, segundo o l\u00edder do governo na C\u00e2mara, deputado Ricardo Barros (PP-PR), ainda n\u00e3o houve um acordo sobre o texto. \u201cN\u00f3s continuaremos conversando para que ela possa avan\u00e7ar\u201d, disse.<\/p>\n<p>A primeira parte da proposta de reforma tribut\u00e1ria do governo, que j\u00e1 est\u00e1 em tramita\u00e7\u00e3o, trata apenas da unifica\u00e7\u00e3o de impostos federais e estaduais num futuro Imposto sobre Valor Agregado (IVA) dual. A\u00a0segunda\u00a0parte, que ainda ser\u00e1 enviada ao Congresso, deve tratar sobre a desonera\u00e7\u00e3o da folha de pagamento das empresas.<\/p>\n<p>Por Andreia Verd\u00e9lio \u2013 Rep\u00f3rter da Ag\u00eancia Brasil &#8211; Bras\u00edlia<\/p>\n<\/div>\n<\/div>\n<\/div>\n","protected":false},"excerpt":{"rendered":"<p>Novo programa substituir\u00e1 o aux\u00edlio emergencial e o Bolsa Fam\u00edlia O presidente Jair Bolsonaro anunciou\u00a0hoje\u00a0(28)&#8230;<\/p>\n","protected":false},"author":1,"featured_media":13756,"comment_status":"open","ping_status":"open","sticky":false,"template":"","format":"standard","meta":{"_jetpack_memberships_contains_paid_content":false,"footnotes":"","jetpack_publicize_message":"","jetpack_publicize_feature_enabled":true,"jetpack_social_post_already_shared":true,"jetpack_social_options":{"image_generator_settings":{"template":"highway","default_image_id":0,"font":"","enabled":false},"version":2}},"categories":[1],"tags":[],"class_list":["post-13755","post","type-post","status-publish","format-standard","has-post-thumbnail","hentry","category-atualidade"],"jetpack_publicize_connections":[],"jetpack_featured_media_url":"https:\/\/correiodasemana.com\/site\/wp-content\/uploads\/2020\/09\/coletiva_de_imprensa_palacio_da_alvorada_pr_2809201330.jpg","jetpack-related-posts":[{"id":17985,"url":"https:\/\/correiodasemana.com\/site\/precatorio-nao-pao-sim\/","url_meta":{"origin":13755,"position":0},"title":"Precat\u00f3rio n\u00e3o; p\u00e3o sim","author":"","date":"Novembro 13, 2021","format":false,"excerpt":"A semana foi de muito pega na C\u00e2mara dos deputados com a vota\u00e7\u00e3o da PEC dos precat\u00f3rios, que mais uma vez adiou o pagamento de d\u00edvidas da Uni\u00e3o para com terceiros. Essa ciranda de d\u00edvidas vem desde o come\u00e7o do pa\u00eds, e algumas delas ir\u00e3o at\u00e9 o final dos tempos,\u2026","rel":"","context":"In &quot;Artigos&quot;","block_context":{"text":"Artigos","link":"https:\/\/correiodasemana.com\/site\/category\/artigos\/"},"img":{"alt_text":"","src":"https:\/\/i0.wp.com\/correiodasemana.com\/site\/wp-content\/uploads\/2021\/11\/DSC03134.jpg?resize=350%2C200&ssl=1","width":350,"height":200,"srcset":"https:\/\/i0.wp.com\/correiodasemana.com\/site\/wp-content\/uploads\/2021\/11\/DSC03134.jpg?resize=350%2C200&ssl=1 1x, https:\/\/i0.wp.com\/correiodasemana.com\/site\/wp-content\/uploads\/2021\/11\/DSC03134.jpg?resize=525%2C300&ssl=1 1.5x, https:\/\/i0.wp.com\/correiodasemana.com\/site\/wp-content\/uploads\/2021\/11\/DSC03134.jpg?resize=700%2C400&ssl=1 2x, https:\/\/i0.wp.com\/correiodasemana.com\/site\/wp-content\/uploads\/2021\/11\/DSC03134.jpg?resize=1050%2C600&ssl=1 3x, https:\/\/i0.wp.com\/correiodasemana.com\/site\/wp-content\/uploads\/2021\/11\/DSC03134.jpg?resize=1400%2C800&ssl=1 4x"},"classes":[]},{"id":12205,"url":"https:\/\/correiodasemana.com\/site\/camara-forca-planalto-a-ceder-e-aprova-o-novo-fundeb\/","url_meta":{"origin":13755,"position":1},"title":"C\u00e2mara for\u00e7a Planalto a ceder  e aprova o novo Fundeb","author":"","date":"Julho 25, 2020","format":false,"excerpt":"Gest\u00e3o Bolsonaro concordou em aumentar participa\u00e7\u00e3o de 10% para 23% no principal fundo de financiamento da educa\u00e7\u00e3o b\u00e1sica do Brasil. Governo queria reservar recursos para novo programa de Paulo Guedes, que pretende absover Bolsa Fam\u00edlia Depois de cinco anos de discuss\u00f5es, a C\u00e2mara dos Deputados aprovou na noite desta ter\u00e7a-feira,\u2026","rel":"","context":"In &quot;Atualidade&quot;","block_context":{"text":"Atualidade","link":"https:\/\/correiodasemana.com\/site\/category\/atualidade\/"},"img":{"alt_text":"","src":"https:\/\/i0.wp.com\/correiodasemana.com\/site\/wp-content\/uploads\/2020\/07\/d7c21a79-4454-40c0-aeb4-ba7deaec4fcf.jpg?resize=350%2C200&ssl=1","width":350,"height":200,"srcset":"https:\/\/i0.wp.com\/correiodasemana.com\/site\/wp-content\/uploads\/2020\/07\/d7c21a79-4454-40c0-aeb4-ba7deaec4fcf.jpg?resize=350%2C200&ssl=1 1x, https:\/\/i0.wp.com\/correiodasemana.com\/site\/wp-content\/uploads\/2020\/07\/d7c21a79-4454-40c0-aeb4-ba7deaec4fcf.jpg?resize=525%2C300&ssl=1 1.5x"},"classes":[]},{"id":17205,"url":"https:\/\/correiodasemana.com\/site\/governo-federal-avalia-distribuir-vale-gas-a-cada-dois-meses-para-beneficiarios-do-bolsa-familia-e-aumento-de-100-no-beneficio\/","url_meta":{"origin":13755,"position":2},"title":"Governo Federal avalia distribuir vale-g\u00e1s a cada dois meses para benefici\u00e1rios do Bolsa Fam\u00edlia e aumento de 100% no benef\u00edcio","author":"","date":"Agosto 9, 2021","format":false,"excerpt":"Por Samuel Carvalho - Reda\u00e7\u00e3o Correio da Semana O presidente da Rep\u00fablica, Jair Bolsonaro, na \u00faltima quarta-feira (4) anunciou que o Governo Federal cogita utilizar cerca de R$ 3 bilh\u00f5es de fundo da Petrobras para subsidiar a compra de um botij\u00e3o de g\u00e1s a cada dois meses para benefici\u00e1rios do\u2026","rel":"","context":"In &quot;Atualidade&quot;","block_context":{"text":"Atualidade","link":"https:\/\/correiodasemana.com\/site\/category\/atualidade\/"},"img":{"alt_text":"","src":"https:\/\/i0.wp.com\/correiodasemana.com\/site\/wp-content\/uploads\/2021\/08\/vale-gas.jpg?resize=350%2C200&ssl=1","width":350,"height":200,"srcset":"https:\/\/i0.wp.com\/correiodasemana.com\/site\/wp-content\/uploads\/2021\/08\/vale-gas.jpg?resize=350%2C200&ssl=1 1x, https:\/\/i0.wp.com\/correiodasemana.com\/site\/wp-content\/uploads\/2021\/08\/vale-gas.jpg?resize=525%2C300&ssl=1 1.5x, https:\/\/i0.wp.com\/correiodasemana.com\/site\/wp-content\/uploads\/2021\/08\/vale-gas.jpg?resize=700%2C400&ssl=1 2x, https:\/\/i0.wp.com\/correiodasemana.com\/site\/wp-content\/uploads\/2021\/08\/vale-gas.jpg?resize=1050%2C600&ssl=1 3x, https:\/\/i0.wp.com\/correiodasemana.com\/site\/wp-content\/uploads\/2021\/08\/vale-gas.jpg?resize=1400%2C800&ssl=1 4x"},"classes":[]},{"id":13307,"url":"https:\/\/correiodasemana.com\/site\/sem-renda-brasil-orcamento-eleva-em-18-verba-do-bolsa-familia\/","url_meta":{"origin":13755,"position":3},"title":"Sem Renda Brasil, Or\u00e7amento eleva em 18% verba do Bolsa Fam\u00edlia","author":"","date":"Setembro 1, 2020","format":false,"excerpt":"Educa\u00e7\u00e3o continuar\u00e1 com gastos maiores que Defesa Por Wellton M\u00e1ximo \u2013 Rep\u00f3rter da Ag\u00eancia Brasil - Bras\u00edlia A proposta do Or\u00e7amento de 2021, enviada hoje (31) ao Congresso, n\u00e3o ter\u00e1 recursos para o programa Renda Brasil, novo programa de transfer\u00eancia de renda em estudo pelo governo, mas elevar\u00e1 em 18,22%\u2026","rel":"","context":"In &quot;Atualidade&quot;","block_context":{"text":"Atualidade","link":"https:\/\/correiodasemana.com\/site\/category\/atualidade\/"},"img":{"alt_text":"","src":"https:\/\/i0.wp.com\/correiodasemana.com\/site\/wp-content\/uploads\/2020\/09\/1079882-01.02.2017_mcajr-12-6.jpg?resize=350%2C200&ssl=1","width":350,"height":200,"srcset":"https:\/\/i0.wp.com\/correiodasemana.com\/site\/wp-content\/uploads\/2020\/09\/1079882-01.02.2017_mcajr-12-6.jpg?resize=350%2C200&ssl=1 1x, https:\/\/i0.wp.com\/correiodasemana.com\/site\/wp-content\/uploads\/2020\/09\/1079882-01.02.2017_mcajr-12-6.jpg?resize=525%2C300&ssl=1 1.5x, https:\/\/i0.wp.com\/correiodasemana.com\/site\/wp-content\/uploads\/2020\/09\/1079882-01.02.2017_mcajr-12-6.jpg?resize=700%2C400&ssl=1 2x, https:\/\/i0.wp.com\/correiodasemana.com\/site\/wp-content\/uploads\/2020\/09\/1079882-01.02.2017_mcajr-12-6.jpg?resize=1050%2C600&ssl=1 3x"},"classes":[]},{"id":12045,"url":"https:\/\/correiodasemana.com\/site\/maia-para-ser-aceita-proposta-do-governo-sobre-fundeb-nao-deve-ser-distante-do-relatorio-da-camara\/","url_meta":{"origin":13755,"position":4},"title":"Maia: para ser aceita, proposta do governo sobre Fundeb n\u00e3o deve ser distante do relat\u00f3rio da C\u00e2mara","author":"","date":"Julho 21, 2020","format":false,"excerpt":"O presidente da C\u00e2mara disse ser contra o adiamento para 2022 da entrada em vigor da proposta O presidente da C\u00e2mara, Rodrigo Maia (DEM-RJ), afirmou que a proposta que amplia a participa\u00e7\u00e3o do governo no Fundeb e torna o programa permanente (PEC 15\/15) tem amplo apoio entre os deputados e\u2026","rel":"","context":"In &quot;Atualidade&quot;","block_context":{"text":"Atualidade","link":"https:\/\/correiodasemana.com\/site\/category\/atualidade\/"},"img":{"alt_text":"","src":"https:\/\/i0.wp.com\/correiodasemana.com\/site\/wp-content\/uploads\/2020\/07\/Maia.jpg?resize=350%2C200&ssl=1","width":350,"height":200,"srcset":"https:\/\/i0.wp.com\/correiodasemana.com\/site\/wp-content\/uploads\/2020\/07\/Maia.jpg?resize=350%2C200&ssl=1 1x, https:\/\/i0.wp.com\/correiodasemana.com\/site\/wp-content\/uploads\/2020\/07\/Maia.jpg?resize=525%2C300&ssl=1 1.5x, https:\/\/i0.wp.com\/correiodasemana.com\/site\/wp-content\/uploads\/2020\/07\/Maia.jpg?resize=700%2C400&ssl=1 2x"},"classes":[]},{"id":13745,"url":"https:\/\/correiodasemana.com\/site\/renda-cidada-entrara-na-pec-emergencial-e-tera-pelo-menos-r-25-bilhoes-a-mais-que-o-bolsa-familia\/","url_meta":{"origin":13755,"position":5},"title":"Renda Cidad\u00e3 entrar\u00e1 na PEC emergencial e ter\u00e1 pelo menos R$ 25 bilh\u00f5es a mais que o Bolsa Fam\u00edlia","author":"","date":"Setembro 28, 2020","format":false,"excerpt":"Governo deve apresentar nesta segunda-feira (28) proposta de novo programa social e a segunda etapa da reforma tribut\u00e1ria O novo programa social do governo, rebatizado de Renda Cidad\u00e3, estar\u00e1 contido dentro da proposta de emenda \u00e0 Constitui\u00e7\u00e3o (PEC) emergencial e ter\u00e1 pelo menos R$ 25 bilh\u00f5es a mais que o\u2026","rel":"","context":"In &quot;Atualidade&quot;","block_context":{"text":"Atualidade","link":"https:\/\/correiodasemana.com\/site\/category\/atualidade\/"},"img":{"alt_text":"","src":"","width":0,"height":0},"classes":[]}],"jetpack_sharing_enabled":true,"_links":{"self":[{"href":"https:\/\/correiodasemana.com\/site\/wp-json\/wp\/v2\/posts\/13755","targetHints":{"allow":["GET"]}}],"collection":[{"href":"https:\/\/correiodasemana.com\/site\/wp-json\/wp\/v2\/posts"}],"about":[{"href":"https:\/\/correiodasemana.com\/site\/wp-json\/wp\/v2\/types\/post"}],"author":[{"embeddable":true,"href":"https:\/\/correiodasemana.com\/site\/wp-json\/wp\/v2\/users\/1"}],"replies":[{"embeddable":true,"href":"https:\/\/correiodasemana.com\/site\/wp-json\/wp\/v2\/comments?post=13755"}],"version-history":[{"count":2,"href":"https:\/\/correiodasemana.com\/site\/wp-json\/wp\/v2\/posts\/13755\/revisions"}],"predecessor-version":[{"id":13758,"href":"https:\/\/correiodasemana.com\/site\/wp-json\/wp\/v2\/posts\/13755\/revisions\/13758"}],"wp:featuredmedia":[{"embeddable":true,"href":"https:\/\/correiodasemana.com\/site\/wp-json\/wp\/v2\/media\/13756"}],"wp:attachment":[{"href":"https:\/\/correiodasemana.com\/site\/wp-json\/wp\/v2\/media?parent=13755"}],"wp:term":[{"taxonomy":"category","embeddable":true,"href":"https:\/\/correiodasemana.com\/site\/wp-json\/wp\/v2\/categories?post=13755"},{"taxonomy":"post_tag","embeddable":true,"href":"https:\/\/correiodasemana.com\/site\/wp-json\/wp\/v2\/tags?post=13755"}],"curies":[{"name":"wp","href":"https:\/\/api.w.org\/{rel}","templated":true}]}}