{"id":13759,"date":"2020-09-28T16:45:12","date_gmt":"2020-09-28T19:45:12","guid":{"rendered":"https:\/\/correiodasemana.com\/site\/?p=13759"},"modified":"2020-09-28T16:45:12","modified_gmt":"2020-09-28T19:45:12","slug":"uniao-libera-r-5-bi-para-financiar-mei-micro-e-pequena-empresa","status":"publish","type":"post","link":"https:\/\/correiodasemana.com\/site\/uniao-libera-r-5-bi-para-financiar-mei-micro-e-pequena-empresa\/","title":{"rendered":"Uni\u00e3o libera R$ 5 bi para financiar MEI, micro e pequena empresa"},"content":{"rendered":"<div class=\"col-lg-12 mb-3\">\n<div class=\"row\">\n<h3 class=\"col-10 offset-1 animated fadeInDown dealy-900 display-8 display-md-8 alt-font font-italic my-1 text-center\">Programa integra pacote de aux\u00edlio durante pandemia da covid-19<\/h3>\n<\/div>\n<\/div>\n<div class=\"col-xl-7 offset-xl-1 col-lg-8 offset-lg-0 col-md-10 offset-md-1 mb-3\">\n<div class=\"post-item alt-font\">\n<div class=\"post-item-wrap\">\n<p>Os microempreendedores individuais (MEI), as micro e pequenas empresas t\u00eam acesso, a partir de hoje (28), \u00e0 primeira parcela de R$ 5 bilh\u00f5es do Programa Emergencial de Acesso ao Cr\u00e9dito na modalidade de garantia de receb\u00edveis (Peac-Maquininhas). O programa facilita o acesso ao cr\u00e9dito durante a pandemia da covid-19 para pequenos neg\u00f3cios, que faturam at\u00e9 R$ 4,8 milh\u00f5es por ano, durante a pandemia de covid-19.<img decoding=\"async\" src=\"https:\/\/agenciabrasil.ebc.com.br\/ebc.png?id=1389149&amp;o=node\" \/><img decoding=\"async\" src=\"https:\/\/agenciabrasil.ebc.com.br\/ebc.gif?id=1389149&amp;o=node\" \/><\/p>\n<p>A libera\u00e7\u00e3o foi poss\u00edvel depois que o Conselho Monet\u00e1rio Nacional (CMN) ampliou, na semana passada, o escopo e o prazo para as institui\u00e7\u00f5es financeiras reduzirem o provisionamento (reserva) de recursos em caixa nas opera\u00e7\u00f5es de cr\u00e9dito com\u00a0<a href=\"https:\/\/agenciabrasil.ebc.com.br\/economia\/noticia\/2020-09\/cmn-amplia-ajuda-para-combater-efeitos-da-covid-19-na-economia\" target=\"_blank\" rel=\"noopener noreferrer\">recursos de programas federais<\/a>. A medida reduz as travas que as institui\u00e7\u00f5es financeiras tinham para come\u00e7ar a emprestar.<\/p>\n<p>Institu\u00eddo pela\u00a0<a href=\"https:\/\/www.in.gov.br\/web\/dou\/-\/lei-n-14.042-de-19-de-agosto-de-2020-273219958\" target=\"_blank\" rel=\"noopener noreferrer\">Lei 14.042, de 19 de agosto<\/a>, o Peac-Maquininhas oferecer\u00e1 R$ 10 bilh\u00f5es de recursos da Uni\u00e3o, liberados em duas parcelas de R$ 5 bilh\u00f5es. Por meio do programa, o MEI, micro e pequeno empres\u00e1rio pode pegar empr\u00e9stimos, fornecendo como garantia os recursos a receber originados nas m\u00e1quinas de cart\u00e3o de cr\u00e9dito e de d\u00e9bito.<\/p>\n<p>O valor do cr\u00e9dito est\u00e1 limitado ao dobro da m\u00e9dia mensal das vendas de bens e presta\u00e7\u00f5es de servi\u00e7os recebidos pelas maquininhas de cart\u00e3o, at\u00e9 o valor m\u00e1ximo de R$ 50 mil. Essa m\u00e9dia ser\u00e1 calculada com base no per\u00edodo de 1\u00ba de mar\u00e7o de 2019 e 29 de fevereiro de 2020, no per\u00edodo anterior \u00e0 pandemia.<\/p>\n<h2>Garantia facilitada<\/h2>\n<p>O Peac-Maquininhas \u00e9 financiado integralmente com recursos da Uni\u00e3o. Al\u00e9m dos receb\u00edveis originados nas maquininhas, as opera\u00e7\u00f5es de cr\u00e9dito t\u00eam garantia do Tesouro Nacional. A institui\u00e7\u00e3o financeira est\u00e1 proibida de pedir garantias adicionais, como aval ou fian\u00e7a do contratante.<\/p>\n<p>Em vigor at\u00e9 31 de dezembro, o Peac-Maquininhas emprestar\u00e1 recursos com juros de 6% ao ano. Os financiamentos t\u00eam 30 parcelas e seis meses de car\u00eancia, com o tomador come\u00e7ando a pagar a primeira parcela apenas no s\u00e9timo m\u00eas, totalizando 36 meses. A institui\u00e7\u00e3o financeira n\u00e3o poder\u00e1 cobrar quaisquer tarifas, encargos ou emolumentos para a concess\u00e3o de cr\u00e9dito no \u00e2mbito do Peac-Maquininhas.<\/p>\n<p>O MEI, os micro e pequenos empres\u00e1rios poder\u00e3o pedir empr\u00e9stimos a partir de quinta-feira (1\u00ba) em qualquer canal de atendimento das institui\u00e7\u00f5es financeiras habilitadas a participar do programa. Al\u00e9m disso, as pr\u00f3prias institui\u00e7\u00f5es participantes do programa poder\u00e3o oferecer o cr\u00e9dito diretamente na m\u00e1quina de cart\u00e3o de cr\u00e9dito e de d\u00e9bito.<\/p>\n<p>A lista das institui\u00e7\u00f5es financeiras habilitadas ao Peac est\u00e1\u00a0<a href=\"https:\/\/www.bndes.gov.br\/wps\/portal\/site\/home\/financiamento\/peac\/faq-peac\/\" target=\"_blank\" rel=\"noopener noreferrer\">dispon\u00edvel na p\u00e1gina do Banco Nacional do Desenvolvimento (BNDES) na internet<\/a>. O banco de fomento \u00e9 o agente operador do programa.<\/p>\n<\/div>\n<p>Por Wellton M\u00e1ximo \u2013 Rep\u00f3rter da Ag\u00eancia Brasil &#8211; Bras\u00edlia<\/p>\n<\/div>\n<\/div>\n","protected":false},"excerpt":{"rendered":"<p>Programa integra pacote de aux\u00edlio durante pandemia da covid-19 Os microempreendedores individuais (MEI), as micro&#8230;<\/p>\n","protected":false},"author":1,"featured_media":13760,"comment_status":"open","ping_status":"open","sticky":false,"template":"","format":"standard","meta":{"_jetpack_memberships_contains_paid_content":false,"footnotes":"","jetpack_publicize_message":"","jetpack_publicize_feature_enabled":true,"jetpack_social_post_already_shared":true,"jetpack_social_options":{"image_generator_settings":{"template":"highway","default_image_id":0,"font":"","enabled":false},"version":2}},"categories":[1],"tags":[],"class_list":["post-13759","post","type-post","status-publish","format-standard","has-post-thumbnail","hentry","category-atualidade"],"jetpack_publicize_connections":[],"jetpack_featured_media_url":"https:\/\/correiodasemana.com\/site\/wp-content\/uploads\/2020\/09\/rvrsa_abr_151019794.jpg","jetpack-related-posts":[{"id":13464,"url":"https:\/\/correiodasemana.com\/site\/metade-dos-microempreendedores-individuais-do-pais-conseguiram-o-auxilio-emergencial-do-governo\/","url_meta":{"origin":13759,"position":0},"title":"Metade dos microempreendedores individuais do pa\u00eds conseguiram o aux\u00edlio emergencial do governo","author":"","date":"Setembro 10, 2020","format":false,"excerpt":"Do total de 10,7 milh\u00f5es de empreendedores formalizados na categoria de MEI existentes atualmente, 12% n\u00e3o se enquadraram nos crit\u00e9rios para receber o benef\u00edcio Mais de 5 milh\u00f5es de microempreendedores individuais (MEI) tiveram acesso ao benef\u00edcio do aux\u00edlio emergencial concedido pelo governo federal devido \u00e0 pandemia da Covid-19. Esse n\u00famero\u2026","rel":"","context":"In &quot;Atualidade&quot;","block_context":{"text":"Atualidade","link":"https:\/\/correiodasemana.com\/site\/category\/atualidade\/"},"img":{"alt_text":"","src":"https:\/\/i0.wp.com\/correiodasemana.com\/site\/wp-content\/uploads\/2020\/09\/Auxilio-caixa-app-002.jpg?resize=350%2C200&ssl=1","width":350,"height":200,"srcset":"https:\/\/i0.wp.com\/correiodasemana.com\/site\/wp-content\/uploads\/2020\/09\/Auxilio-caixa-app-002.jpg?resize=350%2C200&ssl=1 1x, https:\/\/i0.wp.com\/correiodasemana.com\/site\/wp-content\/uploads\/2020\/09\/Auxilio-caixa-app-002.jpg?resize=525%2C300&ssl=1 1.5x, https:\/\/i0.wp.com\/correiodasemana.com\/site\/wp-content\/uploads\/2020\/09\/Auxilio-caixa-app-002.jpg?resize=700%2C400&ssl=1 2x"},"classes":[]},{"id":11715,"url":"https:\/\/correiodasemana.com\/site\/caixa-ultrapassa-r-5-bi-em-credito-para-micro-e-pequenas-empresas-em-suas-principais-linhas\/","url_meta":{"origin":13759,"position":1},"title":"Caixa ultrapassa r$ 5 bi em cr\u00e9dito para micro e pequenas empresas em suas principais linhas","author":"","date":"Julho 12, 2020","format":false,"excerpt":"Novo limite de cr\u00e9dito dispon\u00edvel para o Giro CAIXA Pronampe \u00e9 de R$ 4,24 bilh\u00f5es Durante a pandemia do novo Coronav\u00edrus, a CAIXA j\u00e1 destinou mais de R$ 5 bilh\u00f5es nas linhas de cr\u00e9dito do Programa de Apoio \u00e0s Microempresas e Empresas de Pequeno Porte (Pronampe) e do Fundo de\u2026","rel":"","context":"In &quot;Atualidade&quot;","block_context":{"text":"Atualidade","link":"https:\/\/correiodasemana.com\/site\/category\/atualidade\/"},"img":{"alt_text":"","src":"https:\/\/i0.wp.com\/correiodasemana.com\/site\/wp-content\/uploads\/2020\/07\/caixa_economica_federal0505202673.jpg?resize=350%2C200&ssl=1","width":350,"height":200,"srcset":"https:\/\/i0.wp.com\/correiodasemana.com\/site\/wp-content\/uploads\/2020\/07\/caixa_economica_federal0505202673.jpg?resize=350%2C200&ssl=1 1x, https:\/\/i0.wp.com\/correiodasemana.com\/site\/wp-content\/uploads\/2020\/07\/caixa_economica_federal0505202673.jpg?resize=525%2C300&ssl=1 1.5x, https:\/\/i0.wp.com\/correiodasemana.com\/site\/wp-content\/uploads\/2020\/07\/caixa_economica_federal0505202673.jpg?resize=700%2C400&ssl=1 2x, https:\/\/i0.wp.com\/correiodasemana.com\/site\/wp-content\/uploads\/2020\/07\/caixa_economica_federal0505202673.jpg?resize=1050%2C600&ssl=1 3x"},"classes":[]},{"id":13005,"url":"https:\/\/correiodasemana.com\/site\/bolsonaro-fala-em-estender-auxilio-emergencial-ate-o-final-do-ano\/","url_meta":{"origin":13759,"position":2},"title":"Bolsonaro fala em estender aux\u00edlio emergencial at\u00e9 o final do ano","author":"","date":"Agosto 20, 2020","format":false,"excerpt":"Programa atende 66,4 milh\u00f5es de pessoas no pa\u00eds O presidente Jair Bolsonaro afirmou nesta\u00a0quarta-feira (19) que o aux\u00edlio emergencial deve ser prorrogado por mais alguns meses, podendo ser estendido at\u00e9 o final do ano. A declara\u00e7\u00e3o foi dada durante cerim\u00f4nia, no Pal\u00e1cio do Planalto, em que o presidente sancionou duas\u2026","rel":"","context":"In &quot;Atualidade&quot;","block_context":{"text":"Atualidade","link":"https:\/\/correiodasemana.com\/site\/category\/atualidade\/"},"img":{"alt_text":"","src":"https:\/\/i0.wp.com\/correiodasemana.com\/site\/wp-content\/uploads\/2020\/08\/19082020-solenidade-de-sano-de-medidas-provisrias-de-facilitao-de-acesso-ao-crdito_50245945996_o.jpg?resize=350%2C200&ssl=1","width":350,"height":200,"srcset":"https:\/\/i0.wp.com\/correiodasemana.com\/site\/wp-content\/uploads\/2020\/08\/19082020-solenidade-de-sano-de-medidas-provisrias-de-facilitao-de-acesso-ao-crdito_50245945996_o.jpg?resize=350%2C200&ssl=1 1x, https:\/\/i0.wp.com\/correiodasemana.com\/site\/wp-content\/uploads\/2020\/08\/19082020-solenidade-de-sano-de-medidas-provisrias-de-facilitao-de-acesso-ao-crdito_50245945996_o.jpg?resize=525%2C300&ssl=1 1.5x, https:\/\/i0.wp.com\/correiodasemana.com\/site\/wp-content\/uploads\/2020\/08\/19082020-solenidade-de-sano-de-medidas-provisrias-de-facilitao-de-acesso-ao-crdito_50245945996_o.jpg?resize=700%2C400&ssl=1 2x, https:\/\/i0.wp.com\/correiodasemana.com\/site\/wp-content\/uploads\/2020\/08\/19082020-solenidade-de-sano-de-medidas-provisrias-de-facilitao-de-acesso-ao-crdito_50245945996_o.jpg?resize=1050%2C600&ssl=1 3x"},"classes":[]},{"id":26182,"url":"https:\/\/correiodasemana.com\/site\/84-das-farmacias-no-brasil-sao-micro-e-pequenas-empresas\/","url_meta":{"origin":13759,"position":3},"title":"84% das farm\u00e1cias no Brasil s\u00e3o micro e pequenas empresas","author":"adminredacao","date":"Agosto 21, 2023","format":false,"excerpt":"Setor continua em expans\u00e3o. Somente no primeiro semestre deste ano foram abertos mais de 4 mil pequenos neg\u00f3cios no setor, n\u00famero superior ao registrado antes da pandemia O segmento de farm\u00e1cias continua em expans\u00e3o no Brasil. Levantamento feito pelo Sebrae, a partir de dados da Receita Federal, mostram que existem\u2026","rel":"","context":"In &quot;Atualidade&quot;","block_context":{"text":"Atualidade","link":"https:\/\/correiodasemana.com\/site\/category\/atualidade\/"},"img":{"alt_text":"","src":"https:\/\/i0.wp.com\/correiodasemana.com\/site\/wp-content\/uploads\/2023\/08\/52-farmacias-Google-Napp-digitalizacao.jpg.webp?resize=350%2C200&ssl=1","width":350,"height":200,"srcset":"https:\/\/i0.wp.com\/correiodasemana.com\/site\/wp-content\/uploads\/2023\/08\/52-farmacias-Google-Napp-digitalizacao.jpg.webp?resize=350%2C200&ssl=1 1x, https:\/\/i0.wp.com\/correiodasemana.com\/site\/wp-content\/uploads\/2023\/08\/52-farmacias-Google-Napp-digitalizacao.jpg.webp?resize=525%2C300&ssl=1 1.5x, https:\/\/i0.wp.com\/correiodasemana.com\/site\/wp-content\/uploads\/2023\/08\/52-farmacias-Google-Napp-digitalizacao.jpg.webp?resize=700%2C400&ssl=1 2x, https:\/\/i0.wp.com\/correiodasemana.com\/site\/wp-content\/uploads\/2023\/08\/52-farmacias-Google-Napp-digitalizacao.jpg.webp?resize=1050%2C600&ssl=1 3x"},"classes":[]},{"id":13563,"url":"https:\/\/correiodasemana.com\/site\/governo-amplia-credito-a-grandes-empresas-prejudicadas-pela-pandemia\/","url_meta":{"origin":13759,"position":4},"title":"Governo amplia cr\u00e9dito a grandes empresas prejudicadas pela pandemia","author":"","date":"Setembro 15, 2020","format":false,"excerpt":"O governo decidiu estender a empresas com faturamento superior a R$ 300 milh\u00f5es empr\u00e9stimo facilitado pelo\u00a0Programa Emergencial de Acesso a Cr\u00e9dito (Peac), criado inicialmente para atender a empreendimentos que tiveram receita bruta at\u00e9 esse valor em 2019. O cr\u00e9dito ser\u00e1 facilitado por ag\u00eancias oficiais de fomento para os 34 setores\u2026","rel":"","context":"In &quot;Atualidade&quot;","block_context":{"text":"Atualidade","link":"https:\/\/correiodasemana.com\/site\/category\/atualidade\/"},"img":{"alt_text":"","src":"https:\/\/i0.wp.com\/correiodasemana.com\/site\/wp-content\/uploads\/2020\/09\/fcpzzb_edit_abr_051120196332.jpg?resize=350%2C200&ssl=1","width":350,"height":200,"srcset":"https:\/\/i0.wp.com\/correiodasemana.com\/site\/wp-content\/uploads\/2020\/09\/fcpzzb_edit_abr_051120196332.jpg?resize=350%2C200&ssl=1 1x, https:\/\/i0.wp.com\/correiodasemana.com\/site\/wp-content\/uploads\/2020\/09\/fcpzzb_edit_abr_051120196332.jpg?resize=525%2C300&ssl=1 1.5x, https:\/\/i0.wp.com\/correiodasemana.com\/site\/wp-content\/uploads\/2020\/09\/fcpzzb_edit_abr_051120196332.jpg?resize=700%2C400&ssl=1 2x, https:\/\/i0.wp.com\/correiodasemana.com\/site\/wp-content\/uploads\/2020\/09\/fcpzzb_edit_abr_051120196332.jpg?resize=1050%2C600&ssl=1 3x"},"classes":[]},{"id":12377,"url":"https:\/\/correiodasemana.com\/site\/senado-aprova-mp-que-facilita-credito-a-pequenas-e-medias-empresas\/","url_meta":{"origin":13759,"position":5},"title":"Senado aprova MP que facilita cr\u00e9dito a pequenas e m\u00e9dias empresas","author":"","date":"Julho 30, 2020","format":false,"excerpt":"Os senadores chancelaram as mudan\u00e7as feitas pela C\u00e2mara na\u00a0MP 975\/2020, que cria o Programa Emergencial de Acesso a Cr\u00e9dito (Peac),\u00a0aux\u00edlio destinado a pequenas e m\u00e9dias empresas a fim de complementar o rec\u00e9m-criado Programa Nacional de Apoio \u00e0s Microempresas e Empresas de Pequeno Porte (Pronampe).\u00a0J\u00e1 analisado pela C\u00e2mara, o texto foi\u2026","rel":"","context":"In &quot;Atualidade&quot;","block_context":{"text":"Atualidade","link":"https:\/\/correiodasemana.com\/site\/category\/atualidade\/"},"img":{"alt_text":"","src":"https:\/\/i0.wp.com\/correiodasemana.com\/site\/wp-content\/uploads\/2020\/07\/industrias_wd2219_1-750x430-1.jpg?resize=350%2C200&ssl=1","width":350,"height":200,"srcset":"https:\/\/i0.wp.com\/correiodasemana.com\/site\/wp-content\/uploads\/2020\/07\/industrias_wd2219_1-750x430-1.jpg?resize=350%2C200&ssl=1 1x, https:\/\/i0.wp.com\/correiodasemana.com\/site\/wp-content\/uploads\/2020\/07\/industrias_wd2219_1-750x430-1.jpg?resize=525%2C300&ssl=1 1.5x, https:\/\/i0.wp.com\/correiodasemana.com\/site\/wp-content\/uploads\/2020\/07\/industrias_wd2219_1-750x430-1.jpg?resize=700%2C400&ssl=1 2x"},"classes":[]}],"jetpack_sharing_enabled":true,"_links":{"self":[{"href":"https:\/\/correiodasemana.com\/site\/wp-json\/wp\/v2\/posts\/13759","targetHints":{"allow":["GET"]}}],"collection":[{"href":"https:\/\/correiodasemana.com\/site\/wp-json\/wp\/v2\/posts"}],"about":[{"href":"https:\/\/correiodasemana.com\/site\/wp-json\/wp\/v2\/types\/post"}],"author":[{"embeddable":true,"href":"https:\/\/correiodasemana.com\/site\/wp-json\/wp\/v2\/users\/1"}],"replies":[{"embeddable":true,"href":"https:\/\/correiodasemana.com\/site\/wp-json\/wp\/v2\/comments?post=13759"}],"version-history":[{"count":2,"href":"https:\/\/correiodasemana.com\/site\/wp-json\/wp\/v2\/posts\/13759\/revisions"}],"predecessor-version":[{"id":13762,"href":"https:\/\/correiodasemana.com\/site\/wp-json\/wp\/v2\/posts\/13759\/revisions\/13762"}],"wp:featuredmedia":[{"embeddable":true,"href":"https:\/\/correiodasemana.com\/site\/wp-json\/wp\/v2\/media\/13760"}],"wp:attachment":[{"href":"https:\/\/correiodasemana.com\/site\/wp-json\/wp\/v2\/media?parent=13759"}],"wp:term":[{"taxonomy":"category","embeddable":true,"href":"https:\/\/correiodasemana.com\/site\/wp-json\/wp\/v2\/categories?post=13759"},{"taxonomy":"post_tag","embeddable":true,"href":"https:\/\/correiodasemana.com\/site\/wp-json\/wp\/v2\/tags?post=13759"}],"curies":[{"name":"wp","href":"https:\/\/api.w.org\/{rel}","templated":true}]}}