{"id":13763,"date":"2020-09-29T02:00:45","date_gmt":"2020-09-29T05:00:45","guid":{"rendered":"https:\/\/correiodasemana.com\/site\/?p=13763"},"modified":"2020-09-29T02:00:45","modified_gmt":"2020-09-29T05:00:45","slug":"sobral-sobral-9","status":"publish","type":"post","link":"https:\/\/correiodasemana.com\/site\/sobral-sobral-9\/","title":{"rendered":"Sobral, Sobral"},"content":{"rendered":"<p><strong>\u201cA VIDA \u00c9 AQUILO QUE ACONTECE ENQUANTO VOC\u00ca EST\u00c1 FAZENDO OUTROS PLANOS\u201d<\/strong><br \/>\n<strong>(JOHN LENNON)<\/strong><\/p>\n<p><strong>MINHAS HIST\u00d3RIAS\u2026<\/strong><br \/>\n<strong>PORQUE ROBERTO CARLOS CANCELOU SHOW EM SOBRAL <\/strong><br \/>\n<strong>Jatinho do Rei: GULFSTREAM 280 prefixo PR-CRC.<\/strong><\/p>\n<p>Poucos sabem, mas o cancelamento do show do ROBERTO CARLOS previsto para a cidade de SOBRAL no dia 8 de abril de 2016 foi devido \u00e0 falta de condi\u00e7\u00f5es de pouso do avi\u00e3o do Rei. Momento apropriado para tocar neste assunto, uma vez que nossa cidade se prepara para ganhar em breve novo e moderno aeroporto. A pista do atual aeroporto de SOBRAL n\u00e3o corresponde aos padr\u00f5es de comprimento e largura exigidos para<br \/>\naterrissagem e descolagem do jatinho da marca americana GULFSTREAM prefixo PR-CRC. Para ROBERTO chegar a SOBRAL, vindo de TERESINA, a sua aeronave teria de pousar nos aeroportos de S\u00c3O BENEDITO ou de GIJOCA. E o restante do percurso a ser feito por terra.<img fetchpriority=\"high\" decoding=\"async\" class=\"wp-image-13764 size-large aligncenter\" src=\"https:\/\/correiodasemana.com\/site\/wp-content\/uploads\/2020\/09\/WhatsApp-Image-2020-09-22-at-12.39.09-1024x503.jpeg\" alt=\"\" width=\"640\" height=\"314\" srcset=\"https:\/\/correiodasemana.com\/site\/wp-content\/uploads\/2020\/09\/WhatsApp-Image-2020-09-22-at-12.39.09-1024x503.jpeg 1024w, https:\/\/correiodasemana.com\/site\/wp-content\/uploads\/2020\/09\/WhatsApp-Image-2020-09-22-at-12.39.09-300x148.jpeg 300w, https:\/\/correiodasemana.com\/site\/wp-content\/uploads\/2020\/09\/WhatsApp-Image-2020-09-22-at-12.39.09-768x378.jpeg 768w, https:\/\/correiodasemana.com\/site\/wp-content\/uploads\/2020\/09\/WhatsApp-Image-2020-09-22-at-12.39.09.jpeg 1080w\" sizes=\"(max-width: 640px) 100vw, 640px\" \/><\/p>\n<p>&#8212;- COMO \u00c9 QUE EU PAGO 75 MILH\u00d5ES DE REAIS NUM AVI\u00c3O E VOU PRECISAR VIAJAR DE CARRO MAIS DE 20O KM (ida e volta) ?? &#8212; questionou ROBERTO junto \u00e0 sua produtora DCSET.<br \/>\nComo chovia muito naquele per\u00edodo e as vendas de ingressos n\u00e3o empolgavam, o empres\u00e1rio JO\u00c3O CARLOS PARENTE, da ARTE PRODU\u00c7\u00d5ES, devolveu o dinheiro dos ingressos vendidos e adiou o espet\u00e1culo para outra ocasi\u00e3o. ROBERTO CARLOS havia se apresentado pela primeira vez em SOBRAL no inicio deste s\u00e9culo. Show ocorreu no Est\u00e1dio do Junco, iniciativa do mesmo JO\u00c3O CARLOS, em parceria com a R\u00c1DIO PARA\u00cdSO, ent\u00e3o dirigida pelos empres\u00e1rios FRANZ\u00c9 LOIOLA e este redator.<\/p>\n<p><img decoding=\"async\" class=\"wp-image-13765 size-medium alignright\" src=\"https:\/\/correiodasemana.com\/site\/wp-content\/uploads\/2020\/09\/WhatsApp-Image-2020-09-22-at-12.39.44-300x277.jpeg\" alt=\"\" width=\"300\" height=\"277\" srcset=\"https:\/\/correiodasemana.com\/site\/wp-content\/uploads\/2020\/09\/WhatsApp-Image-2020-09-22-at-12.39.44-300x277.jpeg 300w, https:\/\/correiodasemana.com\/site\/wp-content\/uploads\/2020\/09\/WhatsApp-Image-2020-09-22-at-12.39.44-1024x946.jpeg 1024w, https:\/\/correiodasemana.com\/site\/wp-content\/uploads\/2020\/09\/WhatsApp-Image-2020-09-22-at-12.39.44-768x710.jpeg 768w, https:\/\/correiodasemana.com\/site\/wp-content\/uploads\/2020\/09\/WhatsApp-Image-2020-09-22-at-12.39.44.jpeg 1080w\" sizes=\"(max-width: 300px) 100vw, 300px\" \/><\/p>\n<p><strong>MINHAS M\u00daSICAS\u2026<\/strong><br \/>\nESTOU AQUI &#8211; ROBERTO CARLOS. 1983. Desde a grava\u00e7\u00e3o de JESUS CRISTO no Long Play de 1970, todo disco de ROBERTO CARLOS passou a contar com uma m\u00fasica religiosa. Assim, R.C. nos brindou com 13 m\u00fasicas em que reafirma a sua f\u00e9: A MONTANHA, NOSSA SENHORA, JESUS SALVADOR, LUZ DIVINA, O HOMEM, O TER\u00c7O, F\u00c9, ELE EST\u00c1 PRA CHEGAR, CORA\u00c7\u00c3O DE JESUS, QUANDO EU QUERO FALAR COM DEUS, ALELUIA, JESUS CRISTO e ESTOU AQUI. Cat\u00f3lico fervoroso, todas as m\u00fasicas do Rei com mensagens divinas s\u00e3o cantadas em missas no mundo inteiro, inclusive em templos evang\u00e9licos. ROBERTO CARLOS completou 79 anos no dia 19 de abril de 2020.<\/p>\n<p><strong>MINHAS FRASES\u2026<\/strong><br \/>\n\u201cAPRENDE-SE MAIS ABRINDO O OLHO DO QUE ABRINDO A BOCA\u201d<br \/>\n(autor desconhecido)<\/p>\n","protected":false},"excerpt":{"rendered":"<p>\u201cA VIDA \u00c9 AQUILO QUE ACONTECE ENQUANTO VOC\u00ca EST\u00c1 FAZENDO OUTROS PLANOS\u201d (JOHN LENNON) MINHAS&#8230;<\/p>\n","protected":false},"author":1,"featured_media":12393,"comment_status":"open","ping_status":"open","sticky":false,"template":"","format":"standard","meta":{"_jetpack_memberships_contains_paid_content":false,"footnotes":"","jetpack_publicize_message":"","jetpack_publicize_feature_enabled":true,"jetpack_social_post_already_shared":true,"jetpack_social_options":{"image_generator_settings":{"template":"highway","default_image_id":0,"font":"","enabled":false},"version":2}},"categories":[11,75],"tags":[],"class_list":["post-13763","post","type-post","status-publish","format-standard","has-post-thumbnail","hentry","category-artigos","category-carolino-soares"],"jetpack_publicize_connections":[],"jetpack_featured_media_url":"https:\/\/correiodasemana.com\/site\/wp-content\/uploads\/2020\/08\/Carolino-Soares.png","jetpack-related-posts":[{"id":19192,"url":"https:\/\/correiodasemana.com\/site\/sobral-realiza-sonho-do-novo-aeroporto\/","url_meta":{"origin":13763,"position":0},"title":"Sobral realiza sonho do novo aeroporto","author":"","date":"Mar\u00e7o 14, 2022","format":false,"excerpt":"A regi\u00e3o noroeste do Estado Cear\u00e1 vai acompanhar no dia 31 deste m\u00eas a concretiza\u00e7\u00e3o de um sonho acalentado nas \u00faltimas d\u00e9cadas. A inaugura\u00e7\u00e3o do novo Aeroporto Dr. LUCIANO DE ARRUDA COELHO, localizado a 13 km da Avenida Pericentral de SOBRAL. Contar\u00e1 com pista de pouso e decolagem de 1.800m\u2026","rel":"","context":"In &quot;Atualidade&quot;","block_context":{"text":"Atualidade","link":"https:\/\/correiodasemana.com\/site\/category\/atualidade\/"},"img":{"alt_text":"","src":"https:\/\/i0.wp.com\/correiodasemana.com\/site\/wp-content\/uploads\/2022\/03\/sobral-aeroporto-2.jpg?resize=350%2C200&ssl=1","width":350,"height":200,"srcset":"https:\/\/i0.wp.com\/correiodasemana.com\/site\/wp-content\/uploads\/2022\/03\/sobral-aeroporto-2.jpg?resize=350%2C200&ssl=1 1x, https:\/\/i0.wp.com\/correiodasemana.com\/site\/wp-content\/uploads\/2022\/03\/sobral-aeroporto-2.jpg?resize=525%2C300&ssl=1 1.5x, https:\/\/i0.wp.com\/correiodasemana.com\/site\/wp-content\/uploads\/2022\/03\/sobral-aeroporto-2.jpg?resize=700%2C400&ssl=1 2x"},"classes":[]},{"id":17055,"url":"https:\/\/correiodasemana.com\/site\/sobral-sobral-48\/","url_meta":{"origin":13763,"position":1},"title":"Sobral, Sobral","author":"","date":"Julho 27, 2021","format":false,"excerpt":"SOBRAL, SOBRAL... Que a gente saiba agradecer o pouco para que possamos merecer o muito !! BOM DIA MINHAS HIST\u00d3RIAS... PADRE ANT\u00d4NIO TOM\u00c1S (1868-1941) sacerdote cat\u00f3lico, foi p\u00e1roco, poeta e escritor. Nasceu em ACARA\u00da-CE e \u00e9 considerado o Pr\u00edncipe dos Poetas Cearenses. Muito humilde, seus sonetos eram publicados na imprensa,\u2026","rel":"","context":"In &quot;Artigos&quot;","block_context":{"text":"Artigos","link":"https:\/\/correiodasemana.com\/site\/category\/artigos\/"},"img":{"alt_text":"","src":"https:\/\/i0.wp.com\/correiodasemana.com\/site\/wp-content\/uploads\/2021\/02\/artigo-carolino-radio.png?resize=350%2C200&ssl=1","width":350,"height":200,"srcset":"https:\/\/i0.wp.com\/correiodasemana.com\/site\/wp-content\/uploads\/2021\/02\/artigo-carolino-radio.png?resize=350%2C200&ssl=1 1x, https:\/\/i0.wp.com\/correiodasemana.com\/site\/wp-content\/uploads\/2021\/02\/artigo-carolino-radio.png?resize=525%2C300&ssl=1 1.5x, https:\/\/i0.wp.com\/correiodasemana.com\/site\/wp-content\/uploads\/2021\/02\/artigo-carolino-radio.png?resize=700%2C400&ssl=1 2x"},"classes":[]},{"id":23988,"url":"https:\/\/correiodasemana.com\/site\/sobralsobral\/","url_meta":{"origin":13763,"position":2},"title":"Sobral,Sobral","author":"adminredacao","date":"Abril 11, 2023","format":false,"excerpt":"Esque\u00e7a o mal que \ud835\uddf9\ud835\uddf5\ud835\uddf2 fizeram, mas n\u00e3o a li\u00e7\u00e3o que \ud835\ude03\ud835\uddfc\ud835\uddf0\ud835\uddf2\u0302 aprendeu!! BOM DIA !! HIST\u00d3RIAS... QUEM COMP\u00d4S \u201cO HOMEM\u201d PARA ROBERTO CARLOS??? No imagin\u00e1rio da MPB corre h\u00e1 d\u00e9cadas uma lenda sobre a verdadeira autoria de um dos maiores sucessos da carreira do rei ROBERTO CARLOS. Ocorreu muito\u2026","rel":"","context":"In &quot;Artigos&quot;","block_context":{"text":"Artigos","link":"https:\/\/correiodasemana.com\/site\/category\/artigos\/"},"img":{"alt_text":"","src":"https:\/\/i0.wp.com\/correiodasemana.com\/site\/wp-content\/uploads\/2021\/02\/artigo-carolino-radio.png?resize=350%2C200&ssl=1","width":350,"height":200,"srcset":"https:\/\/i0.wp.com\/correiodasemana.com\/site\/wp-content\/uploads\/2021\/02\/artigo-carolino-radio.png?resize=350%2C200&ssl=1 1x, https:\/\/i0.wp.com\/correiodasemana.com\/site\/wp-content\/uploads\/2021\/02\/artigo-carolino-radio.png?resize=525%2C300&ssl=1 1.5x, https:\/\/i0.wp.com\/correiodasemana.com\/site\/wp-content\/uploads\/2021\/02\/artigo-carolino-radio.png?resize=700%2C400&ssl=1 2x"},"classes":[]},{"id":20964,"url":"https:\/\/correiodasemana.com\/site\/sobral-sobral-103\/","url_meta":{"origin":13763,"position":3},"title":"Sobral, Sobral","author":"","date":"Setembro 11, 2022","format":false,"excerpt":"CORRA RISCOS... Se der certo, FELICIDADE!! Se der errado, SABEDORIA!! MINHAS HIST\u00d3RIAS... NAMORADINHA DE UM AMIGO MEU Rock\u2019n\u2019roll que entrou no disco de ROBERTO CARLOS em 1966. Diferente da maioria das outras composi\u00e7\u00f5es, s\u00f3 traz a autoria de ROBERTO. Dava a entender que o rei havia se apaixonado por uma\u2026","rel":"","context":"In &quot;Artigos&quot;","block_context":{"text":"Artigos","link":"https:\/\/correiodasemana.com\/site\/category\/artigos\/"},"img":{"alt_text":"","src":"https:\/\/i0.wp.com\/correiodasemana.com\/site\/wp-content\/uploads\/2021\/02\/artigo-carolino-radio.png?resize=350%2C200&ssl=1","width":350,"height":200,"srcset":"https:\/\/i0.wp.com\/correiodasemana.com\/site\/wp-content\/uploads\/2021\/02\/artigo-carolino-radio.png?resize=350%2C200&ssl=1 1x, https:\/\/i0.wp.com\/correiodasemana.com\/site\/wp-content\/uploads\/2021\/02\/artigo-carolino-radio.png?resize=525%2C300&ssl=1 1.5x, https:\/\/i0.wp.com\/correiodasemana.com\/site\/wp-content\/uploads\/2021\/02\/artigo-carolino-radio.png?resize=700%2C400&ssl=1 2x"},"classes":[]},{"id":25251,"url":"https:\/\/correiodasemana.com\/site\/aeroporto-de-sobral-recebera-voos-de-aviacao-comercial-e-particular\/","url_meta":{"origin":13763,"position":4},"title":"Aeroporto de Sobral receber\u00e1 voos de avia\u00e7\u00e3o comercial e particular","author":"adminredacao","date":"Junho 19, 2023","format":false,"excerpt":"O governador do Cear\u00e1, Elmano de Freitas (PT), anunciou que Ag\u00eancia Nacional de Avia\u00e7\u00e3o (Anac) autorizou o embarque e desembarque de voos de avia\u00e7\u00e3o geral no aeroporto de Sobral, na regi\u00e3o Norte do estado. O an\u00fancio foi feito na quarta-feira (14 de junho de 2023). \u201cUma medida importante para a\u2026","rel":"","context":"In &quot;Atualidade&quot;","block_context":{"text":"Atualidade","link":"https:\/\/correiodasemana.com\/site\/category\/atualidade\/"},"img":{"alt_text":"","src":"https:\/\/i0.wp.com\/correiodasemana.com\/site\/wp-content\/uploads\/2023\/06\/277759132_3256134244619146_2108823903735529853_n.jpg?resize=350%2C200&ssl=1","width":350,"height":200,"srcset":"https:\/\/i0.wp.com\/correiodasemana.com\/site\/wp-content\/uploads\/2023\/06\/277759132_3256134244619146_2108823903735529853_n.jpg?resize=350%2C200&ssl=1 1x, https:\/\/i0.wp.com\/correiodasemana.com\/site\/wp-content\/uploads\/2023\/06\/277759132_3256134244619146_2108823903735529853_n.jpg?resize=525%2C300&ssl=1 1.5x, https:\/\/i0.wp.com\/correiodasemana.com\/site\/wp-content\/uploads\/2023\/06\/277759132_3256134244619146_2108823903735529853_n.jpg?resize=700%2C400&ssl=1 2x, https:\/\/i0.wp.com\/correiodasemana.com\/site\/wp-content\/uploads\/2023\/06\/277759132_3256134244619146_2108823903735529853_n.jpg?resize=1050%2C600&ssl=1 3x"},"classes":[]},{"id":16581,"url":"https:\/\/correiodasemana.com\/site\/sobral-para-sobral-2\/","url_meta":{"origin":13763,"position":5},"title":"Sobral para Sobral","author":"","date":"Maio 31, 2021","format":false,"excerpt":"VOC\u00ca PERCEBE QUE \u00c9 RICO QUANDO POSSUI COISAS QUE N\u00c3O TROCARIA POR DINHEIRO NENHUM!! (AUTORIA DESCONHECIDA) MINHAS HIST\u00d3RIAS... ZEZ\u00c9 DI CAMARGO & LUCIANO: O MAIOR SHOW DE BILHETERIA EM SOBRAL \u00c9 da dupla sertaneja ZEZ\u00c9 DI CAMARGO & LUCIANO o recorde de maior p\u00fablico com ingressos vendidos na cidade de\u2026","rel":"","context":"In &quot;Artigos&quot;","block_context":{"text":"Artigos","link":"https:\/\/correiodasemana.com\/site\/category\/artigos\/"},"img":{"alt_text":"","src":"https:\/\/i0.wp.com\/correiodasemana.com\/site\/wp-content\/uploads\/2021\/02\/artigo-carolino-radio.png?resize=350%2C200&ssl=1","width":350,"height":200,"srcset":"https:\/\/i0.wp.com\/correiodasemana.com\/site\/wp-content\/uploads\/2021\/02\/artigo-carolino-radio.png?resize=350%2C200&ssl=1 1x, https:\/\/i0.wp.com\/correiodasemana.com\/site\/wp-content\/uploads\/2021\/02\/artigo-carolino-radio.png?resize=525%2C300&ssl=1 1.5x, https:\/\/i0.wp.com\/correiodasemana.com\/site\/wp-content\/uploads\/2021\/02\/artigo-carolino-radio.png?resize=700%2C400&ssl=1 2x"},"classes":[]}],"jetpack_sharing_enabled":true,"_links":{"self":[{"href":"https:\/\/correiodasemana.com\/site\/wp-json\/wp\/v2\/posts\/13763","targetHints":{"allow":["GET"]}}],"collection":[{"href":"https:\/\/correiodasemana.com\/site\/wp-json\/wp\/v2\/posts"}],"about":[{"href":"https:\/\/correiodasemana.com\/site\/wp-json\/wp\/v2\/types\/post"}],"author":[{"embeddable":true,"href":"https:\/\/correiodasemana.com\/site\/wp-json\/wp\/v2\/users\/1"}],"replies":[{"embeddable":true,"href":"https:\/\/correiodasemana.com\/site\/wp-json\/wp\/v2\/comments?post=13763"}],"version-history":[{"count":1,"href":"https:\/\/correiodasemana.com\/site\/wp-json\/wp\/v2\/posts\/13763\/revisions"}],"predecessor-version":[{"id":13766,"href":"https:\/\/correiodasemana.com\/site\/wp-json\/wp\/v2\/posts\/13763\/revisions\/13766"}],"wp:featuredmedia":[{"embeddable":true,"href":"https:\/\/correiodasemana.com\/site\/wp-json\/wp\/v2\/media\/12393"}],"wp:attachment":[{"href":"https:\/\/correiodasemana.com\/site\/wp-json\/wp\/v2\/media?parent=13763"}],"wp:term":[{"taxonomy":"category","embeddable":true,"href":"https:\/\/correiodasemana.com\/site\/wp-json\/wp\/v2\/categories?post=13763"},{"taxonomy":"post_tag","embeddable":true,"href":"https:\/\/correiodasemana.com\/site\/wp-json\/wp\/v2\/tags?post=13763"}],"curies":[{"name":"wp","href":"https:\/\/api.w.org\/{rel}","templated":true}]}}