{"id":13767,"date":"2020-09-29T02:01:46","date_gmt":"2020-09-29T05:01:46","guid":{"rendered":"https:\/\/correiodasemana.com\/site\/?p=13767"},"modified":"2020-09-29T02:01:46","modified_gmt":"2020-09-29T05:01:46","slug":"saiba-o-que-voce-pode-e-nao-pode-fazer","status":"publish","type":"post","link":"https:\/\/correiodasemana.com\/site\/saiba-o-que-voce-pode-e-nao-pode-fazer\/","title":{"rendered":"Saiba o que voc\u00ea pode e n\u00e3o pode fazer"},"content":{"rendered":"<p>Por Joc\u00e9lio Tavares.<br \/>\nIniciam, pr\u00f3ximo dia 27 de Setembro, as corridas ao pleito de 2020 em todo o territ\u00f3rio nacional, com a veicula\u00e7\u00e3o de propagandas eleitorais, inclusive na internet. Este ano, primeiro e segundo turnos ser\u00e3o realizados, respectivamente, nos dias 15 e 29 de novembro.<br \/>\nSaiba o que pode e n\u00e3o pode ser feito durante o per\u00edodo eleitoral:<\/p>\n<p>O que pode<br \/>\nN\u00e3o configura propaganda eleitoral antecipada, desde que n\u00e3o envolvam pedido expl\u00edcito de voto, a men\u00e7\u00e3o \u00e0 pretensa candidatura, a exalta\u00e7\u00e3o das qualidades pessoais dos pr\u00e9-candidatos e os seguintes atos, que poder\u00e3o ter cobertura dos meios de comunica\u00e7\u00e3o social, inclusive via internet;<br \/>\nA Justi\u00e7a eleitoral permite a veicula\u00e7\u00e3o de propaganda eleitoral, distribui\u00e7\u00e3o de folhetos e outros impressos. Eles devem ser editados sob a responsabilidade do partido;<br \/>\n\u00c9 permitido o uso de bandeiras e mesas para distribuir material, desde que n\u00e3o atrapalhe o tr\u00e2nsito;<br \/>\nO funcionamento de alto-falantes ou amplificadores de som \u00e9 permitido, mas h\u00e1 regras. O servi\u00e7o deve ser feito entre 8 h e 22 h. Se a atividade for com com\u00edcio, a justi\u00e7a permite a extens\u00e3o at\u00e9 \u00e0s 24 h. O candidato s\u00f3 poder\u00e1 usar o equipamento com o m\u00ednimo de 200 metros de locais como escolas, hospitais, igrejas e teatros;<br \/>\nA realiza\u00e7\u00e3o de com\u00edcios e a utiliza\u00e7\u00e3o de aparelhagem de sonoriza\u00e7\u00e3o fixa s\u00e3o permitidas no hor\u00e1rio compreendido entre 8 h e 24 h. Com exce\u00e7\u00e3o do com\u00edcio de encerramento da campanha, que poder\u00e1 ser prorrogado por mais duas horas;<br \/>\nAn\u00fancios pagos em redes sociais e o impulsionamento de p\u00e1ginas e publica\u00e7\u00f5es, assim como o uso de sites para candidatos, blogs e aplicativos de mensagens s\u00e3o autorizados;<\/p>\n<p>Servi\u00e7o de crowdfunding ou \u201cvaquinha virtual\u201d, tamb\u00e9m s\u00e3o permitidos. No entanto, empresas ou entidades interessadas devem cumprir uma s\u00e9rie de requisitos.<\/p>\n<p>O que n\u00e3o pode<br \/>\nEst\u00e3o proibidas desde 15 de agosto as a\u00e7\u00f5es de nomear, contratar, admitir ou demitir sem justa causa servidor p\u00fablico municipal . \u00c9 vedado aos gestores p\u00fablicos remover, transferir ou exonerar servidores do munic\u00edpio, at\u00e9 a posse de quem for eleito;<br \/>\nEst\u00e1 proibido fazer transfer\u00eancias volunt\u00e1rias de recursos da Uni\u00e3o aos estados e munic\u00edpios, e dos estados aos munic\u00edpios. Exce\u00e7\u00f5es s\u00e3o para obras ou servi\u00e7os em andamento ou verbas para emerg\u00eancia e calamidade p\u00fablica, como Covid-19 e desastres clim\u00e1ticos;<br \/>\nN\u00e3o ser\u00e1 permitido qualquer tipo de propaganda pol\u00edtica paga no r\u00e1dio e na televis\u00e3o. A multa pode ser de de R$ 5 a R$ 25 mil, ou o equivalente ao custo da propaganda, se este for maior;<br \/>\nFica vedada a utiliza\u00e7\u00e3o de trios el\u00e9tricos em campanhas eleitorais, exceto para a sonoriza\u00e7\u00e3o de com\u00edcios;<br \/>\nBrindes e shows com artistas est\u00e3o proibidos;<br \/>\nA distribui\u00e7\u00e3o de panfletos, adesivos, santinhos, promo\u00e7\u00e3o de carreatas entre outros, n\u00e3o podem ocorrer depois do dia 14 de novembro;<br \/>\nS\u00e3o vedados, no dia do pleito, at\u00e9 o t\u00e9rmino do hor\u00e1rio de vota\u00e7\u00e3o, a aglomera\u00e7\u00e3o de pessoas portando vestu\u00e1rio padronizado e os instrumentos de propaganda referidos no caput, de modo a caracterizar manifesta\u00e7\u00e3o coletiva, com ou sem utiliza\u00e7\u00e3o de ve\u00edculos (Lei n\u00ba 9.504\/1997, art. 39-A, \u00a7 1\u00ba);<br \/>\nFica proibido o uso de qualquer tipo de ve\u00edculo para divulgar jingles no dia das elei\u00e7\u00f5es;<br \/>\nEst\u00e1 proibido, no dia da vota\u00e7\u00e3o, publicar ou impulsionar conte\u00fados pela internet.<\/p>\n","protected":false},"excerpt":{"rendered":"<p>Por Joc\u00e9lio Tavares. Iniciam, pr\u00f3ximo dia 27 de Setembro, as corridas ao pleito de 2020&#8230;<\/p>\n","protected":false},"author":1,"featured_media":13768,"comment_status":"open","ping_status":"open","sticky":false,"template":"","format":"standard","meta":{"_jetpack_memberships_contains_paid_content":false,"footnotes":"","jetpack_publicize_message":"","jetpack_publicize_feature_enabled":true,"jetpack_social_post_already_shared":true,"jetpack_social_options":{"image_generator_settings":{"template":"highway","default_image_id":0,"font":"","enabled":false},"version":2}},"categories":[1],"tags":[],"class_list":["post-13767","post","type-post","status-publish","format-standard","has-post-thumbnail","hentry","category-atualidade"],"jetpack_publicize_connections":[],"jetpack_featured_media_url":"https:\/\/correiodasemana.com\/site\/wp-content\/uploads\/2020\/09\/confira-o-que-pode-e-o-que-nao-pode-na-propaganda-eleitoral-5f6cdd18d568a-1.jpeg","jetpack-related-posts":[{"id":30441,"url":"https:\/\/correiodasemana.com\/site\/campanhas-eleitorais-comecam-nesta-sexta-veja-o-que-e-permitido\/","url_meta":{"origin":13767,"position":0},"title":"Campanhas eleitorais come\u00e7am nesta sexta; veja o que \u00e9 permitido","author":"adminredacao","date":"Agosto 19, 2024","format":false,"excerpt":"Atividades ocorrem at\u00e9 a v\u00e9spera da elei\u00e7\u00e3o, em 6 de outubro Por Felipe Pontes - Rep\u00f3rter da Ag\u00eancia Brasil - Bras\u00edlia A partir desta sexta-feira (16) come\u00e7a\u00a0oficialmente a campanha paras as elei\u00e7\u00f5es municipais de outubro, sendo liberadas as propagandas e os pedidos de votos, na internet e nas ruas. A\u2026","rel":"","context":"In &quot;Atualidade&quot;","block_context":{"text":"Atualidade","link":"https:\/\/correiodasemana.com\/site\/category\/atualidade\/"},"img":{"alt_text":"","src":"https:\/\/i0.wp.com\/correiodasemana.com\/site\/wp-content\/uploads\/2024\/08\/predio-tse_mcamgo_abr_22062023-5.webp?resize=350%2C200&ssl=1","width":350,"height":200,"srcset":"https:\/\/i0.wp.com\/correiodasemana.com\/site\/wp-content\/uploads\/2024\/08\/predio-tse_mcamgo_abr_22062023-5.webp?resize=350%2C200&ssl=1 1x, https:\/\/i0.wp.com\/correiodasemana.com\/site\/wp-content\/uploads\/2024\/08\/predio-tse_mcamgo_abr_22062023-5.webp?resize=525%2C300&ssl=1 1.5x, https:\/\/i0.wp.com\/correiodasemana.com\/site\/wp-content\/uploads\/2024\/08\/predio-tse_mcamgo_abr_22062023-5.webp?resize=700%2C400&ssl=1 2x, https:\/\/i0.wp.com\/correiodasemana.com\/site\/wp-content\/uploads\/2024\/08\/predio-tse_mcamgo_abr_22062023-5.webp?resize=1050%2C600&ssl=1 3x"},"classes":[]},{"id":13732,"url":"https:\/\/correiodasemana.com\/site\/eleicoes-2020-prazo-para-registro-de-candidaturas-termina-neste-sabado-campanha-nas-ruas-comeca-no-domingo-a-partir-de-domingo-27-candidatos-ja-poderao-fazer-comicios-carreatas-e-propaganda-na-i\/","url_meta":{"origin":13767,"position":1},"title":"Elei\u00e7\u00f5es 2020: prazo para registro de candidaturas termina neste s\u00e1bado; campanha nas ruas come\u00e7a no domingo A partir de domingo (27), candidatos j\u00e1 poder\u00e3o fazer com\u00edcios, carreatas e propaganda na internet. Hor\u00e1rio eleitoral na TV e no r\u00e1dio s\u00f3 come\u00e7a no dia 9 de outubro","author":"","date":"Setembro 26, 2020","format":false,"excerpt":"O prazo para partidos apresentarem o pedido de registro das candidaturas nas elei\u00e7\u00f5es de 2020 termina \u00e0s 19h deste s\u00e1bado (26). No dia seguinte, domingo (27), come\u00e7a o per\u00edodo da campanha eleitoral nas ruas. At\u00e9 as 20h24 de sexta-feira (25), havia 443 mil candidatos a prefeito, vice-prefeito e vereador j\u00e1\u2026","rel":"","context":"In &quot;Atualidade&quot;","block_context":{"text":"Atualidade","link":"https:\/\/correiodasemana.com\/site\/category\/atualidade\/"},"img":{"alt_text":"","src":"https:\/\/i0.wp.com\/correiodasemana.com\/site\/wp-content\/uploads\/2020\/09\/confira-o-que-pode-e-o-que-nao-pode-na-propaganda-eleitoral-5f6cdd18d568a.jpeg?resize=350%2C200&ssl=1","width":350,"height":200,"srcset":"https:\/\/i0.wp.com\/correiodasemana.com\/site\/wp-content\/uploads\/2020\/09\/confira-o-que-pode-e-o-que-nao-pode-na-propaganda-eleitoral-5f6cdd18d568a.jpeg?resize=350%2C200&ssl=1 1x, https:\/\/i0.wp.com\/correiodasemana.com\/site\/wp-content\/uploads\/2020\/09\/confira-o-que-pode-e-o-que-nao-pode-na-propaganda-eleitoral-5f6cdd18d568a.jpeg?resize=525%2C300&ssl=1 1.5x"},"classes":[]},{"id":30429,"url":"https:\/\/correiodasemana.com\/site\/eleitores-podem-denunciar-irregularidades-via-aplicativo-pardal\/","url_meta":{"origin":13767,"position":2},"title":"Eleitores podem denunciar irregularidades via aplicativo Pardal","author":"adminredacao","date":"Agosto 19, 2024","format":false,"excerpt":"O Pardal funciona como um sistema que fortalece os princ\u00edpios da participa\u00e7\u00e3o popular, da transpar\u00eancia e da lisura do pleito. Os eleitores que identificarem ind\u00edcios de irregularidades eleitorais no pleito de 2024 j\u00e1 podem realizar den\u00fancias por meio do aplicativo Pardal. Considerado a maior ferramenta de controle social sobre as\u2026","rel":"","context":"In &quot;Atualidade&quot;","block_context":{"text":"Atualidade","link":"https:\/\/correiodasemana.com\/site\/category\/atualidade\/"},"img":{"alt_text":"","src":"https:\/\/i0.wp.com\/correiodasemana.com\/site\/wp-content\/uploads\/2024\/08\/28c3103a-5a3c-42ce-8174-0ac74726cdc0.jpeg?resize=350%2C200&ssl=1","width":350,"height":200,"srcset":"https:\/\/i0.wp.com\/correiodasemana.com\/site\/wp-content\/uploads\/2024\/08\/28c3103a-5a3c-42ce-8174-0ac74726cdc0.jpeg?resize=350%2C200&ssl=1 1x, https:\/\/i0.wp.com\/correiodasemana.com\/site\/wp-content\/uploads\/2024\/08\/28c3103a-5a3c-42ce-8174-0ac74726cdc0.jpeg?resize=525%2C300&ssl=1 1.5x, https:\/\/i0.wp.com\/correiodasemana.com\/site\/wp-content\/uploads\/2024\/08\/28c3103a-5a3c-42ce-8174-0ac74726cdc0.jpeg?resize=700%2C400&ssl=1 2x"},"classes":[]},{"id":14039,"url":"https:\/\/correiodasemana.com\/site\/veiculos-de-comunicacao-de-sobral-recebem-orientacoes-para-trabalharem-na-cobertura-das-eleicoes-municipais-2020\/","url_meta":{"origin":13767,"position":3},"title":"Ve\u00edculos de comunica\u00e7\u00e3o de Sobral recebem orienta\u00e7\u00f5es para trabalharem na cobertura das elei\u00e7\u00f5es municipais 2020","author":"","date":"Outubro 13, 2020","format":false,"excerpt":"Por Joc\u00e9lio Tavares. Aconteceu, na \u00faltima ter\u00e7a-feira (06\/10), no Audit\u00f3rio Dom Walfrido, da Diocese de Sobral, uma reuni\u00e3o sobre as condutas vedadas no r\u00e1dio para as elei\u00e7\u00f5es de 2020. Participaram do momento, representantes da R\u00e1dio Educadora do Nordeste e do Jornal Correio da Semana. O encontro foi mediado por Kelson\u2026","rel":"","context":"In &quot;Atualidade&quot;","block_context":{"text":"Atualidade","link":"https:\/\/correiodasemana.com\/site\/category\/atualidade\/"},"img":{"alt_text":"","src":"https:\/\/i0.wp.com\/correiodasemana.com\/site\/wp-content\/uploads\/2020\/10\/eleicoes-2020-campanha-nas-ruas-comeca-no-domingo.jpg?resize=350%2C200&ssl=1","width":350,"height":200,"srcset":"https:\/\/i0.wp.com\/correiodasemana.com\/site\/wp-content\/uploads\/2020\/10\/eleicoes-2020-campanha-nas-ruas-comeca-no-domingo.jpg?resize=350%2C200&ssl=1 1x, https:\/\/i0.wp.com\/correiodasemana.com\/site\/wp-content\/uploads\/2020\/10\/eleicoes-2020-campanha-nas-ruas-comeca-no-domingo.jpg?resize=525%2C300&ssl=1 1.5x, https:\/\/i0.wp.com\/correiodasemana.com\/site\/wp-content\/uploads\/2020\/10\/eleicoes-2020-campanha-nas-ruas-comeca-no-domingo.jpg?resize=700%2C400&ssl=1 2x, https:\/\/i0.wp.com\/correiodasemana.com\/site\/wp-content\/uploads\/2020\/10\/eleicoes-2020-campanha-nas-ruas-comeca-no-domingo.jpg?resize=1050%2C600&ssl=1 3x, https:\/\/i0.wp.com\/correiodasemana.com\/site\/wp-content\/uploads\/2020\/10\/eleicoes-2020-campanha-nas-ruas-comeca-no-domingo.jpg?resize=1400%2C800&ssl=1 4x"},"classes":[]},{"id":12767,"url":"https:\/\/correiodasemana.com\/site\/tse-aprova-resolucoes-com-novas-datas-para-o-processo-eleitoral\/","url_meta":{"origin":13767,"position":4},"title":"TSE aprova resolu\u00e7\u00f5es com novas datas para o processo eleitoral","author":"","date":"Agosto 17, 2020","format":false,"excerpt":"Devido \u00e0 pandemia Congresso adiou o pleito para 15 de novembro Por Andreia Verd\u00e9lio \u2013 Rep\u00f3rter da Ag\u00eancia Brasil - Bras\u00edlia O Tribunal Superior Eleitoral (TSE) aprovou hoje (13) os ajustes em suas resolu\u00e7\u00f5es com as novas datas dos eventos eleitorais e vota\u00e7\u00f5es das elei\u00e7\u00f5es municipais deste ano. Devido \u00e0\u2026","rel":"","context":"In &quot;Atualidade&quot;","block_context":{"text":"Atualidade","link":"https:\/\/correiodasemana.com\/site\/category\/atualidade\/"},"img":{"alt_text":"","src":"https:\/\/i0.wp.com\/correiodasemana.com\/site\/wp-content\/uploads\/2019\/08\/urna_lecr-e1447217261594.jpg?resize=350%2C200&ssl=1","width":350,"height":200,"srcset":"https:\/\/i0.wp.com\/correiodasemana.com\/site\/wp-content\/uploads\/2019\/08\/urna_lecr-e1447217261594.jpg?resize=350%2C200&ssl=1 1x, https:\/\/i0.wp.com\/correiodasemana.com\/site\/wp-content\/uploads\/2019\/08\/urna_lecr-e1447217261594.jpg?resize=525%2C300&ssl=1 1.5x, https:\/\/i0.wp.com\/correiodasemana.com\/site\/wp-content\/uploads\/2019\/08\/urna_lecr-e1447217261594.jpg?resize=700%2C400&ssl=1 2x, https:\/\/i0.wp.com\/correiodasemana.com\/site\/wp-content\/uploads\/2019\/08\/urna_lecr-e1447217261594.jpg?resize=1050%2C600&ssl=1 3x, https:\/\/i0.wp.com\/correiodasemana.com\/site\/wp-content\/uploads\/2019\/08\/urna_lecr-e1447217261594.jpg?resize=1400%2C800&ssl=1 4x"},"classes":[]},{"id":14059,"url":"https:\/\/correiodasemana.com\/site\/eleicoes-2020-confira-os-aplicativos-da-justica-eleitoral\/","url_meta":{"origin":13767,"position":5},"title":"Elei\u00e7\u00f5es 2020 \u2013 Confira os aplicativos da Justi\u00e7a Eleitoral","author":"","date":"Outubro 14, 2020","format":false,"excerpt":"Apps facilitam a vida dos eleitores, mes\u00e1rios e candidatos Nas Elei\u00e7\u00f5es 2020 est\u00e3o\u00a0dispon\u00edveis cinco aplicativos que possibilitam a utiliza\u00e7\u00e3o de servi\u00e7os por eleitores, mes\u00e1rios e candidatos. Os apps s\u00e3o: Boletim de M\u00e3o, Mes\u00e1rio, e-T\u00edtulo, Pardal e Resultados. Todos est\u00e3o dispon\u00edveis nas plataformas Android e IOS, e podem ser obtidos gratuitamente\u2026","rel":"","context":"In &quot;Atualidade&quot;","block_context":{"text":"Atualidade","link":"https:\/\/correiodasemana.com\/site\/category\/atualidade\/"},"img":{"alt_text":"","src":"https:\/\/i0.wp.com\/correiodasemana.com\/site\/wp-content\/uploads\/2020\/10\/eleicoes_2020_-_banner_destaque_01.jpg?resize=350%2C200&ssl=1","width":350,"height":200,"srcset":"https:\/\/i0.wp.com\/correiodasemana.com\/site\/wp-content\/uploads\/2020\/10\/eleicoes_2020_-_banner_destaque_01.jpg?resize=350%2C200&ssl=1 1x, https:\/\/i0.wp.com\/correiodasemana.com\/site\/wp-content\/uploads\/2020\/10\/eleicoes_2020_-_banner_destaque_01.jpg?resize=525%2C300&ssl=1 1.5x, https:\/\/i0.wp.com\/correiodasemana.com\/site\/wp-content\/uploads\/2020\/10\/eleicoes_2020_-_banner_destaque_01.jpg?resize=700%2C400&ssl=1 2x, https:\/\/i0.wp.com\/correiodasemana.com\/site\/wp-content\/uploads\/2020\/10\/eleicoes_2020_-_banner_destaque_01.jpg?resize=1050%2C600&ssl=1 3x"},"classes":[]}],"jetpack_sharing_enabled":true,"_links":{"self":[{"href":"https:\/\/correiodasemana.com\/site\/wp-json\/wp\/v2\/posts\/13767","targetHints":{"allow":["GET"]}}],"collection":[{"href":"https:\/\/correiodasemana.com\/site\/wp-json\/wp\/v2\/posts"}],"about":[{"href":"https:\/\/correiodasemana.com\/site\/wp-json\/wp\/v2\/types\/post"}],"author":[{"embeddable":true,"href":"https:\/\/correiodasemana.com\/site\/wp-json\/wp\/v2\/users\/1"}],"replies":[{"embeddable":true,"href":"https:\/\/correiodasemana.com\/site\/wp-json\/wp\/v2\/comments?post=13767"}],"version-history":[{"count":1,"href":"https:\/\/correiodasemana.com\/site\/wp-json\/wp\/v2\/posts\/13767\/revisions"}],"predecessor-version":[{"id":13769,"href":"https:\/\/correiodasemana.com\/site\/wp-json\/wp\/v2\/posts\/13767\/revisions\/13769"}],"wp:featuredmedia":[{"embeddable":true,"href":"https:\/\/correiodasemana.com\/site\/wp-json\/wp\/v2\/media\/13768"}],"wp:attachment":[{"href":"https:\/\/correiodasemana.com\/site\/wp-json\/wp\/v2\/media?parent=13767"}],"wp:term":[{"taxonomy":"category","embeddable":true,"href":"https:\/\/correiodasemana.com\/site\/wp-json\/wp\/v2\/categories?post=13767"},{"taxonomy":"post_tag","embeddable":true,"href":"https:\/\/correiodasemana.com\/site\/wp-json\/wp\/v2\/tags?post=13767"}],"curies":[{"name":"wp","href":"https:\/\/api.w.org\/{rel}","templated":true}]}}