{"id":13774,"date":"2020-09-29T02:05:18","date_gmt":"2020-09-29T05:05:18","guid":{"rendered":"https:\/\/correiodasemana.com\/site\/?p=13774"},"modified":"2020-09-29T02:05:18","modified_gmt":"2020-09-29T05:05:18","slug":"santa-casa-de-misericordia-de-sobral-realiza-duas-captacoes-de-multiplos-orgaos-em-menos-de-24-horas","status":"publish","type":"post","link":"https:\/\/correiodasemana.com\/site\/santa-casa-de-misericordia-de-sobral-realiza-duas-captacoes-de-multiplos-orgaos-em-menos-de-24-horas\/","title":{"rendered":"Santa Casa de Miseric\u00f3rdia de Sobral realiza duas capta\u00e7\u00f5es de m\u00faltiplos \u00f3rg\u00e3os em menos de 24 horas"},"content":{"rendered":"<p><strong>Hospital conta com uma Organiza\u00e7\u00e3o de Procura de \u00d3rg\u00e3os (OPO) \u2013 entidade vinculada \u00e0 Central de Transplantes do Estado do Cear\u00e1.<\/strong><\/p>\n<p>Retomando as atividades de capta\u00e7\u00e3o de \u00f3rg\u00e3os, que estavam suspensas desde o in\u00edcio de mar\u00e7o, devido \u00e0 pandemia de Covid-19, a Santa Casa de Miseric\u00f3rdia de Sobral (SCMS) voltou a realizar o procedimento no domingo (06\/09), em parceria com profissionais da Central de Transplantes do Cear\u00e1. Foram realizadas capta\u00e7\u00f5es de m\u00faltiplos \u00f3rg\u00e3os de dois doadores, em menos de 24 horas, depois de busca ativa, adequado diagn\u00f3stico de morte encef\u00e1lica e entrevista com as fam\u00edlias, que autorizaram a doa\u00e7\u00e3o.<br \/>\nA Santa Casa disp\u00f5e de uma Organiza\u00e7\u00e3o de Procura de \u00d3rg\u00e3os (OPO) \u2013 entidade vinculada \u00e0 Central de Transplantes do Estado do Cear\u00e1 \u2013 composta por uma equipe multiprofissional formada por m\u00e9dicos, enfermeiros, bolsistas de Enfermagem e Medicina, e assistentes sociais. De acordo com o presidente da OPO no hospital, Dr. Cristiano Ara\u00fajo Costa, o trabalho de busca ativa de potenciais doadores define o fluxo do servi\u00e7o: \u201cA busca significa avaliar os pacientes com gravidade, que tenham tido traumatismo craniano grave, que possam estar evoluindo para morte cerebral. Depois de detectado o paciente como potencial doador se abre o protocolo para a confirma\u00e7\u00e3o diagn\u00f3stica de morte encef\u00e1lica, sendo concretizada com a avalia\u00e7\u00e3o de dois profissionais distintos e um exame de comprova\u00e7\u00e3o de atividade el\u00e9trica cerebral &#8211; Eletroencefalograma. Ent\u00e3o, se chama a fam\u00edlia e se apresenta o diagn\u00f3stico final, podendo a mesma aceitar ou n\u00e3o a doa\u00e7\u00e3o dos \u00f3rg\u00e3os\u201d, explica.<br \/>\nAo serem identificados como potenciais doadores, depois de receber o diagn\u00f3stico de morte encef\u00e1lica, foram realizadas entrevistas com as fam\u00edlias, que aceitaram a doa\u00e7\u00e3o dos \u00f3rg\u00e3os. \u201cA Central de Transplante enviou uma equipe para a capta\u00e7\u00e3o de \u00f3rg\u00e3os dos pacientes. A pandemia trouxe um d\u00e9ficit para a doa\u00e7\u00e3o, e essas capta\u00e7\u00f5es marcam o in\u00edcio de uma retomada, aumentando mais ainda a expectativa e esperan\u00e7a para os transplantes vindouros\u201d, ressalta Dr. Cristiano Ara\u00fajo.<\/p>\n","protected":false},"excerpt":{"rendered":"<p>Hospital conta com uma Organiza\u00e7\u00e3o de Procura de \u00d3rg\u00e3os (OPO) \u2013 entidade vinculada \u00e0 Central&#8230;<\/p>\n","protected":false},"author":1,"featured_media":13775,"comment_status":"open","ping_status":"open","sticky":false,"template":"","format":"standard","meta":{"_jetpack_memberships_contains_paid_content":false,"footnotes":"","jetpack_publicize_message":"","jetpack_publicize_feature_enabled":true,"jetpack_social_post_already_shared":true,"jetpack_social_options":{"image_generator_settings":{"template":"highway","default_image_id":0,"font":"","enabled":false},"version":2}},"categories":[1],"tags":[],"class_list":["post-13774","post","type-post","status-publish","format-standard","has-post-thumbnail","hentry","category-atualidade"],"jetpack_publicize_connections":[],"jetpack_featured_media_url":"https:\/\/correiodasemana.com\/site\/wp-content\/uploads\/2020\/09\/Captacao-de-multiplos-orgaos.jpeg","jetpack-related-posts":[{"id":16733,"url":"https:\/\/correiodasemana.com\/site\/santa-casa-de-sobral-volta-a-realizar-captacao-de-multiplos-orgaos\/","url_meta":{"origin":13774,"position":0},"title":"Santa Casa de Sobral volta a realizar capta\u00e7\u00e3o de m\u00faltiplos \u00f3rg\u00e3os","author":"","date":"Junho 14, 2021","format":false,"excerpt":"A realiza\u00e7\u00e3o do procedimento foi interrompida devido \u00e0s dificuldades impostas pela pandemia de Covid- 19. Ascom Complexo SCMS A pandemia de Covid-19 tamb\u00e9m impactou a doa\u00e7\u00e3o de \u00f3rg\u00e3os no pa\u00eds, aumentando ainda mais a expectativa de pacientes que esperam por transplantes. Retomando as atividades de capta\u00e7\u00e3o de \u00f3rg\u00e3os, a Santa\u2026","rel":"","context":"In &quot;Atualidade&quot;","block_context":{"text":"Atualidade","link":"https:\/\/correiodasemana.com\/site\/category\/atualidade\/"},"img":{"alt_text":"","src":"https:\/\/i0.wp.com\/correiodasemana.com\/site\/wp-content\/uploads\/2021\/06\/Captacao-de-multiplos-orgaos-2021.jpeg?resize=350%2C200&ssl=1","width":350,"height":200,"srcset":"https:\/\/i0.wp.com\/correiodasemana.com\/site\/wp-content\/uploads\/2021\/06\/Captacao-de-multiplos-orgaos-2021.jpeg?resize=350%2C200&ssl=1 1x, https:\/\/i0.wp.com\/correiodasemana.com\/site\/wp-content\/uploads\/2021\/06\/Captacao-de-multiplos-orgaos-2021.jpeg?resize=525%2C300&ssl=1 1.5x, https:\/\/i0.wp.com\/correiodasemana.com\/site\/wp-content\/uploads\/2021\/06\/Captacao-de-multiplos-orgaos-2021.jpeg?resize=700%2C400&ssl=1 2x"},"classes":[]},{"id":26244,"url":"https:\/\/correiodasemana.com\/site\/apos-10-anos-santa-casa-de-sobral-realiza-captacao-de-coracao\/","url_meta":{"origin":13774,"position":1},"title":"Ap\u00f3s 10 anos, Santa Casa de Sobral realiza capta\u00e7\u00e3o de cora\u00e7\u00e3o","author":"","date":"Agosto 23, 2023","format":false,"excerpt":"Com empenho em salvar vidas de quem aguarda na fila por transplantes de \u00f3rg\u00e3os, a Santa Casa de Miseric\u00f3rdia de Sobral, realizou, na quinta-feira (17\/08), uma capta\u00e7\u00e3o de cora\u00e7\u00e3o, fato que n\u00e3o ocorria na unidade h\u00e1 10 anos. Al\u00e9m do cora\u00e7\u00e3o, o hospital tamb\u00e9m fez a capta\u00e7\u00e3o de m\u00faltiplos \u00f3rg\u00e3os\u2026","rel":"","context":"In &quot;Atualidade&quot;","block_context":{"text":"Atualidade","link":"https:\/\/correiodasemana.com\/site\/category\/atualidade\/"},"img":{"alt_text":"","src":"https:\/\/i0.wp.com\/correiodasemana.com\/site\/wp-content\/uploads\/2023\/08\/santacasasobral_1692797646871.jpeg?resize=350%2C200&ssl=1","width":350,"height":200,"srcset":"https:\/\/i0.wp.com\/correiodasemana.com\/site\/wp-content\/uploads\/2023\/08\/santacasasobral_1692797646871.jpeg?resize=350%2C200&ssl=1 1x, https:\/\/i0.wp.com\/correiodasemana.com\/site\/wp-content\/uploads\/2023\/08\/santacasasobral_1692797646871.jpeg?resize=525%2C300&ssl=1 1.5x, https:\/\/i0.wp.com\/correiodasemana.com\/site\/wp-content\/uploads\/2023\/08\/santacasasobral_1692797646871.jpeg?resize=700%2C400&ssl=1 2x"},"classes":[]},{"id":16803,"url":"https:\/\/correiodasemana.com\/site\/politica-em-evidencia-66\/","url_meta":{"origin":13774,"position":2},"title":"Pol\u00edtica em Evid\u00eancia","author":"","date":"Junho 21, 2021","format":false,"excerpt":"Informa\u00e7\u00f5es da Assessoria de Comunica\u00e7\u00e3o da Santa Casa de Sobral, informando que a pandemia de Covid-19,\u00a0tamb\u00e9m impactou a doa\u00e7\u00e3o de \u00f3rg\u00e3os no pa\u00eds, aumentando ainda mais a expectativa de pacientes que esperam por transplantes. Retomando as atividades de capta\u00e7\u00e3o de \u00f3rg\u00e3os, a Santa Casa de Miseric\u00f3rdia de Sobral (SCMS), que\u2026","rel":"","context":"In &quot;Artigos&quot;","block_context":{"text":"Artigos","link":"https:\/\/correiodasemana.com\/site\/category\/artigos\/"},"img":{"alt_text":"","src":"","width":0,"height":0},"classes":[]},{"id":36151,"url":"https:\/\/correiodasemana.com\/site\/santa-casa-de-sobral-realiza-segunda-captacao-de-coracao-para-transplante-do-ano\/","url_meta":{"origin":13774,"position":3},"title":"Santa Casa de Sobral realiza segunda capta\u00e7\u00e3o de cora\u00e7\u00e3o para transplante do ano","author":"adminredacao","date":"Novembro 3, 2025","format":false,"excerpt":"A Santa Casa de Miseric\u00f3rdia de Sobral realizou a segunda capta\u00e7\u00e3o de cora\u00e7\u00e3o para transplante deste ano no \u00faltimo s\u00e1bado (25). Gra\u00e7as \u00e0 generosidade de uma fam\u00edlia em luto, tamb\u00e9m foram doados f\u00edgado e rins, que seguiram para pacientes que aguardavam por um transplante no Cear\u00e1. Somente neste ano, a\u2026","rel":"","context":"In &quot;Atualidade&quot;","block_context":{"text":"Atualidade","link":"https:\/\/correiodasemana.com\/site\/category\/atualidade\/"},"img":{"alt_text":"","src":"https:\/\/i0.wp.com\/correiodasemana.com\/site\/wp-content\/uploads\/2025\/11\/Doacao-de-orgaos-3-scaled.jpeg?resize=350%2C200&ssl=1","width":350,"height":200,"srcset":"https:\/\/i0.wp.com\/correiodasemana.com\/site\/wp-content\/uploads\/2025\/11\/Doacao-de-orgaos-3-scaled.jpeg?resize=350%2C200&ssl=1 1x, https:\/\/i0.wp.com\/correiodasemana.com\/site\/wp-content\/uploads\/2025\/11\/Doacao-de-orgaos-3-scaled.jpeg?resize=525%2C300&ssl=1 1.5x, https:\/\/i0.wp.com\/correiodasemana.com\/site\/wp-content\/uploads\/2025\/11\/Doacao-de-orgaos-3-scaled.jpeg?resize=700%2C400&ssl=1 2x, https:\/\/i0.wp.com\/correiodasemana.com\/site\/wp-content\/uploads\/2025\/11\/Doacao-de-orgaos-3-scaled.jpeg?resize=1050%2C600&ssl=1 3x, https:\/\/i0.wp.com\/correiodasemana.com\/site\/wp-content\/uploads\/2025\/11\/Doacao-de-orgaos-3-scaled.jpeg?resize=1400%2C800&ssl=1 4x"},"classes":[]},{"id":37087,"url":"https:\/\/correiodasemana.com\/site\/primeira-captacao-de-coracao-do-ano-e-realizada-na-santa-casa-de-sobral\/","url_meta":{"origin":13774,"position":4},"title":"Primeira capta\u00e7\u00e3o de cora\u00e7\u00e3o do ano \u00e9 realizada na Santa Casa de Sobral","author":"adminredacao","date":"Janeiro 17, 2026","format":false,"excerpt":"A Santa Casa de Miseric\u00f3rdia de Sobral realizou, no \u00faltimo domingo (11), a primeira capta\u00e7\u00e3o de cora\u00e7\u00e3o para transplante de 2026. Gra\u00e7as \u00e0 generosidade de uma fam\u00edlia em luto, tamb\u00e9m foram doados f\u00edgado, rins e c\u00f3rneas, beneficiando pacientes que aguardavam por transplante no Cear\u00e1. Esta foi a segunda capta\u00e7\u00e3o de\u2026","rel":"","context":"In &quot;Atualidade&quot;","block_context":{"text":"Atualidade","link":"https:\/\/correiodasemana.com\/site\/category\/atualidade\/"},"img":{"alt_text":"","src":"https:\/\/i0.wp.com\/correiodasemana.com\/site\/wp-content\/uploads\/2026\/01\/Doacao-de-orgaos-2.png?resize=350%2C200&ssl=1","width":350,"height":200,"srcset":"https:\/\/i0.wp.com\/correiodasemana.com\/site\/wp-content\/uploads\/2026\/01\/Doacao-de-orgaos-2.png?resize=350%2C200&ssl=1 1x, https:\/\/i0.wp.com\/correiodasemana.com\/site\/wp-content\/uploads\/2026\/01\/Doacao-de-orgaos-2.png?resize=525%2C300&ssl=1 1.5x, https:\/\/i0.wp.com\/correiodasemana.com\/site\/wp-content\/uploads\/2026\/01\/Doacao-de-orgaos-2.png?resize=700%2C400&ssl=1 2x, https:\/\/i0.wp.com\/correiodasemana.com\/site\/wp-content\/uploads\/2026\/01\/Doacao-de-orgaos-2.png?resize=1050%2C600&ssl=1 3x"},"classes":[]},{"id":14554,"url":"https:\/\/correiodasemana.com\/site\/santa-casa-de-misericordia-de-sobral-atinge-marca-de-400-transplantes-de-corneas-realizados\/","url_meta":{"origin":13774,"position":5},"title":"Santa Casa de Miseric\u00f3rdia de Sobral atinge marca de 400 transplantes de c\u00f3rneas realizados","author":"","date":"Novembro 16, 2020","format":false,"excerpt":"Hospital \u00e9 o \u00fanico do interior do Cear\u00e1 a realizar esse tipo de procedimento. Ascom Complexo SCMS \u201cAno passado descobri que precisaria fazer transplante de c\u00f3rneas nos meus dois olhos. No in\u00edcio foi dif\u00edcil aceitar, chorei bastante. Mas hoje estou feliz aqui na Santa Casa realizando o primeiro transplante no\u2026","rel":"","context":"In &quot;Atualidade&quot;","block_context":{"text":"Atualidade","link":"https:\/\/correiodasemana.com\/site\/category\/atualidade\/"},"img":{"alt_text":"","src":"https:\/\/i0.wp.com\/correiodasemana.com\/site\/wp-content\/uploads\/2020\/11\/Tranplante-corneas-400.jpg?resize=350%2C200&ssl=1","width":350,"height":200,"srcset":"https:\/\/i0.wp.com\/correiodasemana.com\/site\/wp-content\/uploads\/2020\/11\/Tranplante-corneas-400.jpg?resize=350%2C200&ssl=1 1x, https:\/\/i0.wp.com\/correiodasemana.com\/site\/wp-content\/uploads\/2020\/11\/Tranplante-corneas-400.jpg?resize=525%2C300&ssl=1 1.5x"},"classes":[]}],"jetpack_sharing_enabled":true,"_links":{"self":[{"href":"https:\/\/correiodasemana.com\/site\/wp-json\/wp\/v2\/posts\/13774","targetHints":{"allow":["GET"]}}],"collection":[{"href":"https:\/\/correiodasemana.com\/site\/wp-json\/wp\/v2\/posts"}],"about":[{"href":"https:\/\/correiodasemana.com\/site\/wp-json\/wp\/v2\/types\/post"}],"author":[{"embeddable":true,"href":"https:\/\/correiodasemana.com\/site\/wp-json\/wp\/v2\/users\/1"}],"replies":[{"embeddable":true,"href":"https:\/\/correiodasemana.com\/site\/wp-json\/wp\/v2\/comments?post=13774"}],"version-history":[{"count":1,"href":"https:\/\/correiodasemana.com\/site\/wp-json\/wp\/v2\/posts\/13774\/revisions"}],"predecessor-version":[{"id":13776,"href":"https:\/\/correiodasemana.com\/site\/wp-json\/wp\/v2\/posts\/13774\/revisions\/13776"}],"wp:featuredmedia":[{"embeddable":true,"href":"https:\/\/correiodasemana.com\/site\/wp-json\/wp\/v2\/media\/13775"}],"wp:attachment":[{"href":"https:\/\/correiodasemana.com\/site\/wp-json\/wp\/v2\/media?parent=13774"}],"wp:term":[{"taxonomy":"category","embeddable":true,"href":"https:\/\/correiodasemana.com\/site\/wp-json\/wp\/v2\/categories?post=13774"},{"taxonomy":"post_tag","embeddable":true,"href":"https:\/\/correiodasemana.com\/site\/wp-json\/wp\/v2\/tags?post=13774"}],"curies":[{"name":"wp","href":"https:\/\/api.w.org\/{rel}","templated":true}]}}