{"id":13786,"date":"2020-09-29T02:16:16","date_gmt":"2020-09-29T05:16:16","guid":{"rendered":"https:\/\/correiodasemana.com\/site\/?p=13786"},"modified":"2020-09-29T02:16:16","modified_gmt":"2020-09-29T05:16:16","slug":"orcamento-de-sobral-para-2021-supera-os-800-milhoes-de-reais","status":"publish","type":"post","link":"https:\/\/correiodasemana.com\/site\/orcamento-de-sobral-para-2021-supera-os-800-milhoes-de-reais\/","title":{"rendered":"Or\u00e7amento de Sobral para 2021 supera os 800 milh\u00f5es de reais"},"content":{"rendered":"<p>Por Joc\u00e9lio Tavares.<br \/>\nO prefeito de Sobral, Ivo Gomes (PDT), e o Secret\u00e1rio de Or\u00e7amento e Finan\u00e7as, Ricardo Teixeira, encerraram, na \u00faltima semana, o planejamento do or\u00e7amento anual para o ano de 2021.<br \/>\nA Lei Or\u00e7ament\u00e1ria Anual (LOA) \u00e9 uma lei elaborada pelo Poder Executivo que estabelece as despesas e as receitas que ser\u00e3o realizadas no pr\u00f3ximo ano. A Constitui\u00e7\u00e3o determina que o or\u00e7amento deva ser votado e aprovado at\u00e9 o final de cada ano.<br \/>\nOs gastos previstos s\u00e3o de R$ 823.910.800,00, o maior or\u00e7amento da hist\u00f3ria do munic\u00edpio, superando em cerca de R$ 49 milh\u00f5es as receitas de 2020. O Projeto de Lei, com as receitas e despesas para o novo ano, ser\u00e1 enviado \u00e0 C\u00e2mara Municipal nas pr\u00f3ximas semanas.<\/p>\n","protected":false},"excerpt":{"rendered":"<p>Por Joc\u00e9lio Tavares. O prefeito de Sobral, Ivo Gomes (PDT), e o Secret\u00e1rio de Or\u00e7amento&#8230;<\/p>\n","protected":false},"author":1,"featured_media":13787,"comment_status":"open","ping_status":"open","sticky":false,"template":"","format":"standard","meta":{"_jetpack_memberships_contains_paid_content":false,"footnotes":"","jetpack_publicize_message":"","jetpack_publicize_feature_enabled":true,"jetpack_social_post_already_shared":true,"jetpack_social_options":{"image_generator_settings":{"template":"highway","default_image_id":0,"font":"","enabled":false},"version":2}},"categories":[1],"tags":[],"class_list":["post-13786","post","type-post","status-publish","format-standard","has-post-thumbnail","hentry","category-atualidade"],"jetpack_publicize_connections":[],"jetpack_featured_media_url":"https:\/\/correiodasemana.com\/site\/wp-content\/uploads\/2020\/09\/sobral_ceara_aerea-scaled.jpg","jetpack-related-posts":[{"id":22862,"url":"https:\/\/correiodasemana.com\/site\/sancionado-com-um-veto-o-projeto-de-lei-orcamentaria-de-2023\/","url_meta":{"origin":13786,"position":0},"title":"Sancionado com um veto o projeto de lei or\u00e7ament\u00e1ria de 2023","author":"","date":"Janeiro 18, 2023","format":false,"excerpt":"O presidente da Rep\u00fablica, Luiz In\u00e1cio Lula da Silva, sancionou o projeto de lei or\u00e7ament\u00e1ria anual (LOA) de 2023, que estima a receita e fixa a despesa da Uni\u00e3o para o exerc\u00edcio financeiro deste ano. Aprovado pelo Congresso em 22 de dezembro, o projeto tinha at\u00e9 o dia 20 de\u2026","rel":"","context":"In &quot;Atualidade&quot;","block_context":{"text":"Atualidade","link":"https:\/\/correiodasemana.com\/site\/category\/atualidade\/"},"img":{"alt_text":"","src":"https:\/\/i0.wp.com\/correiodasemana.com\/site\/wp-content\/uploads\/2023\/01\/dinheiro-esquecido.webp?resize=350%2C200&ssl=1","width":350,"height":200,"srcset":"https:\/\/i0.wp.com\/correiodasemana.com\/site\/wp-content\/uploads\/2023\/01\/dinheiro-esquecido.webp?resize=350%2C200&ssl=1 1x, https:\/\/i0.wp.com\/correiodasemana.com\/site\/wp-content\/uploads\/2023\/01\/dinheiro-esquecido.webp?resize=525%2C300&ssl=1 1.5x, https:\/\/i0.wp.com\/correiodasemana.com\/site\/wp-content\/uploads\/2023\/01\/dinheiro-esquecido.webp?resize=700%2C400&ssl=1 2x, https:\/\/i0.wp.com\/correiodasemana.com\/site\/wp-content\/uploads\/2023\/01\/dinheiro-esquecido.webp?resize=1050%2C600&ssl=1 3x"},"classes":[]},{"id":26476,"url":"https:\/\/correiodasemana.com\/site\/orcamento-de-2024-preve-salario-minimo-de-r-1-421\/","url_meta":{"origin":13786,"position":1},"title":"Or\u00e7amento de 2024 prev\u00ea sal\u00e1rio m\u00ednimo de R$ 1.421","author":"adminredacao","date":"Setembro 11, 2023","format":false,"excerpt":"Valor \u00e9 R$ 32 maior que o aprovado na LDO Por Wellton M\u00e1ximo \u2013 Rep\u00f3rter da Ag\u00eancia Brasil - Bras\u00edlia A nova regra de corre\u00e7\u00e3o fez o governo elevar a previs\u00e3o para o sal\u00e1rio m\u00ednimo no pr\u00f3ximo ano. O projeto da Lei Or\u00e7ament\u00e1ria de 2024, que ser\u00e1 enviado at\u00e9 o\u2026","rel":"","context":"In &quot;Atualidade&quot;","block_context":{"text":"Atualidade","link":"https:\/\/correiodasemana.com\/site\/category\/atualidade\/"},"img":{"alt_text":"","src":"https:\/\/i0.wp.com\/correiodasemana.com\/site\/wp-content\/uploads\/2023\/09\/real_moeda_dinheiro_mcajr_2904223669.jpg?resize=350%2C200&ssl=1","width":350,"height":200,"srcset":"https:\/\/i0.wp.com\/correiodasemana.com\/site\/wp-content\/uploads\/2023\/09\/real_moeda_dinheiro_mcajr_2904223669.jpg?resize=350%2C200&ssl=1 1x, https:\/\/i0.wp.com\/correiodasemana.com\/site\/wp-content\/uploads\/2023\/09\/real_moeda_dinheiro_mcajr_2904223669.jpg?resize=525%2C300&ssl=1 1.5x, https:\/\/i0.wp.com\/correiodasemana.com\/site\/wp-content\/uploads\/2023\/09\/real_moeda_dinheiro_mcajr_2904223669.jpg?resize=700%2C400&ssl=1 2x, https:\/\/i0.wp.com\/correiodasemana.com\/site\/wp-content\/uploads\/2023\/09\/real_moeda_dinheiro_mcajr_2904223669.jpg?resize=1050%2C600&ssl=1 3x"},"classes":[]},{"id":21409,"url":"https:\/\/correiodasemana.com\/site\/grendene-atinge-r-9097-milhoes-em-receita-bruta-no-3o-trimestre-de-2022\/","url_meta":{"origin":13786,"position":2},"title":"Grendene atinge R$ 909,7 milh\u00f5es em receita bruta no 3\u00ba trimestre de 2022","author":"","date":"Outubro 30, 2022","format":false,"excerpt":"Marcas da Divis\u00e3o 1 tiveram o melhor terceiro trimestre da hist\u00f3ria da companhia em receita bruta e o segundo melhor dos \u00faltimos oito anos em volume\u00a0 Por Ana Beatriz Paschoal\/CDN Sobral, 27 de outubro de 2022 -\u00a0No terceiro trimestre de 2022, a Grendene alcan\u00e7ou receita bruta de R$ 909,7 milh\u00f5es,\u2026","rel":"","context":"In &quot;Atualidade&quot;","block_context":{"text":"Atualidade","link":"https:\/\/correiodasemana.com\/site\/category\/atualidade\/"},"img":{"alt_text":"","src":"https:\/\/i0.wp.com\/correiodasemana.com\/site\/wp-content\/uploads\/2022\/10\/grendene.jpg?resize=350%2C200&ssl=1","width":350,"height":200},"classes":[]},{"id":34001,"url":"https:\/\/correiodasemana.com\/site\/prefeitura-de-sobral-presta-contas-na-camara-municipal\/","url_meta":{"origin":13786,"position":3},"title":"Prefeitura de Sobral presta contas na C\u00e2mara Municipal","author":"adminredacao","date":"Junho 4, 2025","format":false,"excerpt":"A Prefeitura de Sobral participou de audi\u00eancia p\u00fablica na C\u00e2mara Municipal de Sobral nesta sexta-feira, 30 de maio, para Presta\u00e7\u00e3o das Contas de Gest\u00e3o Fiscal e apresenta\u00e7\u00e3o do Relat\u00f3rio de Gest\u00e3o da Sa\u00fade\/SUS, relativos aos primeiros meses de 2025. \u00a0O momento refor\u00e7a o compromisso da gest\u00e3o com a transpar\u00eancia e\u2026","rel":"","context":"In &quot;Atualidade&quot;","block_context":{"text":"Atualidade","link":"https:\/\/correiodasemana.com\/site\/category\/atualidade\/"},"img":{"alt_text":"","src":"https:\/\/i0.wp.com\/correiodasemana.com\/site\/wp-content\/uploads\/2025\/06\/Imagem-do-WhatsApp-de-2025-05-30-s-18.24.22_37f5e456-scaled.jpg?resize=350%2C200&ssl=1","width":350,"height":200,"srcset":"https:\/\/i0.wp.com\/correiodasemana.com\/site\/wp-content\/uploads\/2025\/06\/Imagem-do-WhatsApp-de-2025-05-30-s-18.24.22_37f5e456-scaled.jpg?resize=350%2C200&ssl=1 1x, https:\/\/i0.wp.com\/correiodasemana.com\/site\/wp-content\/uploads\/2025\/06\/Imagem-do-WhatsApp-de-2025-05-30-s-18.24.22_37f5e456-scaled.jpg?resize=525%2C300&ssl=1 1.5x, https:\/\/i0.wp.com\/correiodasemana.com\/site\/wp-content\/uploads\/2025\/06\/Imagem-do-WhatsApp-de-2025-05-30-s-18.24.22_37f5e456-scaled.jpg?resize=700%2C400&ssl=1 2x, https:\/\/i0.wp.com\/correiodasemana.com\/site\/wp-content\/uploads\/2025\/06\/Imagem-do-WhatsApp-de-2025-05-30-s-18.24.22_37f5e456-scaled.jpg?resize=1050%2C600&ssl=1 3x, https:\/\/i0.wp.com\/correiodasemana.com\/site\/wp-content\/uploads\/2025\/06\/Imagem-do-WhatsApp-de-2025-05-30-s-18.24.22_37f5e456-scaled.jpg?resize=1400%2C800&ssl=1 4x"},"classes":[]},{"id":21295,"url":"https:\/\/correiodasemana.com\/site\/governo-do-ceara-propoe-orcamento-de-r-364-bi-para-2023\/","url_meta":{"origin":13786,"position":4},"title":"Governo do Cear\u00e1 prop\u00f5e Or\u00e7amento de R$ 36,4 bi para 2023","author":"","date":"Outubro 16, 2022","format":false,"excerpt":"Ascom Seplag\u00a0Texto Carlos Gibaja, Tiago Stille e Helene Santos\u00a0Fotos O Governo do Cear\u00e1 entregou, nesta quinta-feira (13), a proposta de Lei Or\u00e7ament\u00e1ria Anual (PLOA) de 2023 para an\u00e1lise da Assembleia Legislativa do Cear\u00e1. O texto prev\u00ea R$ 36,4 bilh\u00f5es para o or\u00e7amento do pr\u00f3ximo ano. O Executivo estipula ainda R$\u2026","rel":"","context":"In &quot;Atualidade&quot;","block_context":{"text":"Atualidade","link":"https:\/\/correiodasemana.com\/site\/category\/atualidade\/"},"img":{"alt_text":"","src":"https:\/\/i0.wp.com\/correiodasemana.com\/site\/wp-content\/uploads\/2022\/10\/governo.jpg?resize=350%2C200&ssl=1","width":350,"height":200,"srcset":"https:\/\/i0.wp.com\/correiodasemana.com\/site\/wp-content\/uploads\/2022\/10\/governo.jpg?resize=350%2C200&ssl=1 1x, https:\/\/i0.wp.com\/correiodasemana.com\/site\/wp-content\/uploads\/2022\/10\/governo.jpg?resize=525%2C300&ssl=1 1.5x, https:\/\/i0.wp.com\/correiodasemana.com\/site\/wp-content\/uploads\/2022\/10\/governo.jpg?resize=700%2C400&ssl=1 2x"},"classes":[]},{"id":13307,"url":"https:\/\/correiodasemana.com\/site\/sem-renda-brasil-orcamento-eleva-em-18-verba-do-bolsa-familia\/","url_meta":{"origin":13786,"position":5},"title":"Sem Renda Brasil, Or\u00e7amento eleva em 18% verba do Bolsa Fam\u00edlia","author":"","date":"Setembro 1, 2020","format":false,"excerpt":"Educa\u00e7\u00e3o continuar\u00e1 com gastos maiores que Defesa Por Wellton M\u00e1ximo \u2013 Rep\u00f3rter da Ag\u00eancia Brasil - Bras\u00edlia A proposta do Or\u00e7amento de 2021, enviada hoje (31) ao Congresso, n\u00e3o ter\u00e1 recursos para o programa Renda Brasil, novo programa de transfer\u00eancia de renda em estudo pelo governo, mas elevar\u00e1 em 18,22%\u2026","rel":"","context":"In &quot;Atualidade&quot;","block_context":{"text":"Atualidade","link":"https:\/\/correiodasemana.com\/site\/category\/atualidade\/"},"img":{"alt_text":"","src":"https:\/\/i0.wp.com\/correiodasemana.com\/site\/wp-content\/uploads\/2020\/09\/1079882-01.02.2017_mcajr-12-6.jpg?resize=350%2C200&ssl=1","width":350,"height":200,"srcset":"https:\/\/i0.wp.com\/correiodasemana.com\/site\/wp-content\/uploads\/2020\/09\/1079882-01.02.2017_mcajr-12-6.jpg?resize=350%2C200&ssl=1 1x, https:\/\/i0.wp.com\/correiodasemana.com\/site\/wp-content\/uploads\/2020\/09\/1079882-01.02.2017_mcajr-12-6.jpg?resize=525%2C300&ssl=1 1.5x, https:\/\/i0.wp.com\/correiodasemana.com\/site\/wp-content\/uploads\/2020\/09\/1079882-01.02.2017_mcajr-12-6.jpg?resize=700%2C400&ssl=1 2x, https:\/\/i0.wp.com\/correiodasemana.com\/site\/wp-content\/uploads\/2020\/09\/1079882-01.02.2017_mcajr-12-6.jpg?resize=1050%2C600&ssl=1 3x"},"classes":[]}],"jetpack_sharing_enabled":true,"_links":{"self":[{"href":"https:\/\/correiodasemana.com\/site\/wp-json\/wp\/v2\/posts\/13786","targetHints":{"allow":["GET"]}}],"collection":[{"href":"https:\/\/correiodasemana.com\/site\/wp-json\/wp\/v2\/posts"}],"about":[{"href":"https:\/\/correiodasemana.com\/site\/wp-json\/wp\/v2\/types\/post"}],"author":[{"embeddable":true,"href":"https:\/\/correiodasemana.com\/site\/wp-json\/wp\/v2\/users\/1"}],"replies":[{"embeddable":true,"href":"https:\/\/correiodasemana.com\/site\/wp-json\/wp\/v2\/comments?post=13786"}],"version-history":[{"count":1,"href":"https:\/\/correiodasemana.com\/site\/wp-json\/wp\/v2\/posts\/13786\/revisions"}],"predecessor-version":[{"id":13788,"href":"https:\/\/correiodasemana.com\/site\/wp-json\/wp\/v2\/posts\/13786\/revisions\/13788"}],"wp:featuredmedia":[{"embeddable":true,"href":"https:\/\/correiodasemana.com\/site\/wp-json\/wp\/v2\/media\/13787"}],"wp:attachment":[{"href":"https:\/\/correiodasemana.com\/site\/wp-json\/wp\/v2\/media?parent=13786"}],"wp:term":[{"taxonomy":"category","embeddable":true,"href":"https:\/\/correiodasemana.com\/site\/wp-json\/wp\/v2\/categories?post=13786"},{"taxonomy":"post_tag","embeddable":true,"href":"https:\/\/correiodasemana.com\/site\/wp-json\/wp\/v2\/tags?post=13786"}],"curies":[{"name":"wp","href":"https:\/\/api.w.org\/{rel}","templated":true}]}}