{"id":14037,"date":"2020-10-13T00:57:02","date_gmt":"2020-10-13T03:57:02","guid":{"rendered":"https:\/\/correiodasemana.com\/site\/?p=14037"},"modified":"2020-10-13T00:57:02","modified_gmt":"2020-10-13T03:57:02","slug":"celebrar-sempre","status":"publish","type":"post","link":"https:\/\/correiodasemana.com\/site\/celebrar-sempre\/","title":{"rendered":"CELEBRAR SEMPRE!"},"content":{"rendered":"<p>Segunda-feira pr\u00f3xima \u00e9 a festa de Nossa Senhora Aparecida. No calend\u00e1rio lit\u00fargico cat\u00f3lico \u00e9 Solenidade. Feriado nacional, dado o significado da Padroeira para a Na\u00e7\u00e3o. A imagem de Nossa Senhora Aparecida foi encontrada nas \u00e1guas do rio Para\u00edba do Sul (SP), em 1717. De l\u00e1 para c\u00e1 a devo\u00e7\u00e3o a Nossa Senhora representada naquela imagem se fortaleceu ao ponto d\u2019Ela ser aclamada Rainha e Padroeira do Brasil. E eu lembro de uma can\u00e7\u00e3o do Pe. Zezinho: \u201cVim ver a imagem que no rio foi achada\/ e sei tamb\u00e9m sei muito bem que ela n\u00e3o \u00e9 Nossa Senhora.\/ N\u00e3o vim falar com a imagem n\u00e3o senhor,\/ eu vim falar \u00e9 com Maria, que \u00e9 a M\u00e3e do Salvador!\u201d. E n\u00f3s cat\u00f3licos prestamos homenagens a quem na imagem \u00e9 representada, aquela que foi sacr\u00e1rio de Nosso Senhor Jesus Cristo, Sua M\u00e3e Sant\u00edssima: Maria de Nazar\u00e9, a Imaculada Concei\u00e7\u00e3o cuja imagem foi encontrada naquelas \u00e1guas e aben\u00e7oa a todos n\u00f3s!<br \/>\nNa quinta-feira, dia 15, liturgicamente temos a celebra\u00e7\u00e3o de Santa Teresa de Jesus, Teresa d\u2019\u00c1vila, definida no Martirol\u00f3gio romano santa e \u201cdoutora da Igreja, que, agregada \u00e0 Ordem das Carmelitas em \u00c1vila, na Espanha, foi m\u00e3e e mestra de uma observ\u00e2ncia mais estrita e concebeu em seu cora\u00e7\u00e3o um caminho de perfei\u00e7\u00e3o espiritual sob a forma de ascens\u00e3o por degraus da alma at\u00e9 Deus; ao empreender a reforma da sua Ordem, teve de sofrer muitas tribula\u00e7\u00f5es, mas tudo suportou com fortaleza invenc\u00edvel; tamb\u00e9m escreveu livros, em que exp\u00f5e uma doutrina profunda e o fruto das suas experi\u00eancias\u201d. Salve \u00e0 Santa Mestra!<br \/>\nNeste mesmo dia, no Brasil, celebramos o dia do Professor. Digo sem titubear que \u00e9 esta uma das mais nobres miss\u00f5es. Ensinar. \u00c0s vezes aprender para ensinar e aprender ensinando. E recordo poema que est\u00e1 no meu livro \u201cAlgum Poema?\u201d: O Filho de Deus foi chamado: Mestre!\/ E muitas vezes fora convidado a ensinar. \/Conduzir pessoas. \u00c9 a miss\u00e3o do Professor. \/\/ O magist\u00e9rio \u00e9 antes de tudo: Partilha!\/ Partilha do conhecimento adquirido.\/ Hist\u00f3ria. Literatura. Direito. &#8230;<br \/>\nNosso aplauso aos que abra\u00e7aram o magist\u00e9rio e foram nossos professores que ficaram gravados em nossas mem\u00f3rias e, ainda, a todos os colegas que abra\u00e7am o magist\u00e9rio na atualidade. Que Deus nos d\u00ea for\u00e7as para as inova\u00e7\u00f5es que estes tempos nos apontam e tenhamos sempre a alegria de ensinar e aprender!<br \/>\nPor fim, no \u00faltimo dia 7, festa de Nossa Senhora do Ros\u00e1rio, foi eleito presidente da Academia Fortalezense de Letras o Prof. Dr. Antonio Cola\u00e7o Martins. Professor Cola\u00e7o Martins foi reitor da Universidade Estadual Vale do Acara\u00fa (UVA). \u00c9 um dos grandes intelectuais cearenses e destacamos sua contribui\u00e7\u00e3o no campo da Filosofia, da Teologia e da Administra\u00e7\u00e3o Universit\u00e1ria. Al\u00e9m de reitor da UVA o foi da Universidade de Fortaleza (UNIFOR). N\u00e3o tive a honra de ser seu aluno, mas, o tive por reitor duas vezes: na UNIFOR e na UVA, quando chefiei seu gabinete na reitoria. Fundadores que fomos da Academia Fortalezense de Letras, Matusahila Santiago (in memoriam) e eu, Jos\u00e9 Lu\u00eds Lira, sempre admiramos e estimamos ao presidente eleito e em nome dela (sei que ela aprovou e aplaudiu sua escolha) e meu, apresento ao Prof. Cola\u00e7o Martins, os melhores votos para sua gest\u00e3o \u00e0 frente dessa Academia que neste ano at\u00edpico completou 18 anos de funda\u00e7\u00e3o, sendo ele o s\u00e9timo presidente. Parab\u00e9ns, Professor!<\/p>\n","protected":false},"excerpt":{"rendered":"<p>Segunda-feira pr\u00f3xima \u00e9 a festa de Nossa Senhora Aparecida. No calend\u00e1rio lit\u00fargico cat\u00f3lico \u00e9 Solenidade&#8230;.<\/p>\n","protected":false},"author":1,"featured_media":8256,"comment_status":"open","ping_status":"open","sticky":false,"template":"","format":"standard","meta":{"_jetpack_memberships_contains_paid_content":false,"footnotes":"","jetpack_publicize_message":"","jetpack_publicize_feature_enabled":true,"jetpack_social_post_already_shared":true,"jetpack_social_options":{"image_generator_settings":{"template":"highway","default_image_id":0,"font":"","enabled":false},"version":2}},"categories":[11,41],"tags":[],"class_list":["post-14037","post","type-post","status-publish","format-standard","has-post-thumbnail","hentry","category-artigos","category-jose-luis-lira"],"jetpack_publicize_connections":[],"jetpack_featured_media_url":"https:\/\/correiodasemana.com\/site\/wp-content\/uploads\/2019\/07\/Jose\u0301-1.jpg","jetpack-related-posts":[{"id":9469,"url":"https:\/\/correiodasemana.com\/site\/em-procissao-em-romaria\/","url_meta":{"origin":14037,"position":0},"title":"EM PROCISS\u00c3O, EM ROMARIA&#8230;","author":"","date":"Outubro 14, 2019","format":false,"excerpt":"O t\u00edtulo dessa coluna \u00e9 o in\u00edcio do c\u00e2ntico \u201cL\u00e1 no Altar de Aparecida\u201d, do Pe. Zezinho. E segue o grande sacerdote, \u201c... romeiro ruma para a casa de Maria. Em prociss\u00e3o feliz da vida, romeiro vai buscar a paz de Aparecida\u201d. Estamos no 285\u00ba dia do ano de 2019,\u2026","rel":"","context":"In &quot;Artigos&quot;","block_context":{"text":"Artigos","link":"https:\/\/correiodasemana.com\/site\/category\/artigos\/"},"img":{"alt_text":"","src":"https:\/\/i0.wp.com\/correiodasemana.com\/site\/wp-content\/uploads\/2019\/07\/Jose%CC%81-1.jpg?resize=350%2C200&ssl=1","width":350,"height":200,"srcset":"https:\/\/i0.wp.com\/correiodasemana.com\/site\/wp-content\/uploads\/2019\/07\/Jose%CC%81-1.jpg?resize=350%2C200&ssl=1 1x, https:\/\/i0.wp.com\/correiodasemana.com\/site\/wp-content\/uploads\/2019\/07\/Jose%CC%81-1.jpg?resize=525%2C300&ssl=1 1.5x, https:\/\/i0.wp.com\/correiodasemana.com\/site\/wp-content\/uploads\/2019\/07\/Jose%CC%81-1.jpg?resize=700%2C400&ssl=1 2x"},"classes":[]},{"id":26898,"url":"https:\/\/correiodasemana.com\/site\/diocese-de-sobral-realiza-mais-uma-edicao-da-romaria-em-honra-a-nossa-senhora-aparecida\/","url_meta":{"origin":14037,"position":1},"title":"Diocese de Sobral realiza mais uma edi\u00e7\u00e3o da Romaria em honra \u00e0 Nossa Senhora Aparecida","author":"adminredacao","date":"Outubro 17, 2023","format":false,"excerpt":"Uma grande multid\u00e3o de crist\u00e3os cat\u00f3licos se reuniu nesta quinta-feira, 12\/10, para a II Romaria da Rainha e Padroeira do Brasil, Nossa Senhora Aparecida em Sobral. A Par\u00f3quia de Nossa Senhora de F\u00e1tima sediou novamente este evento diocesano com as orienta\u00e7\u00f5es do p\u00e1roco e coordenador diocesano de evangeliza\u00e7\u00e3o, Pe. Edinardo\u2026","rel":"","context":"In &quot;Atualidade&quot;","block_context":{"text":"Atualidade","link":"https:\/\/correiodasemana.com\/site\/category\/atualidade\/"},"img":{"alt_text":"","src":"https:\/\/i0.wp.com\/correiodasemana.com\/site\/wp-content\/uploads\/2023\/10\/WhatsApp-Image-2023-10-13-at-21.30.31.jpeg?resize=350%2C200&ssl=1","width":350,"height":200,"srcset":"https:\/\/i0.wp.com\/correiodasemana.com\/site\/wp-content\/uploads\/2023\/10\/WhatsApp-Image-2023-10-13-at-21.30.31.jpeg?resize=350%2C200&ssl=1 1x, https:\/\/i0.wp.com\/correiodasemana.com\/site\/wp-content\/uploads\/2023\/10\/WhatsApp-Image-2023-10-13-at-21.30.31.jpeg?resize=525%2C300&ssl=1 1.5x, https:\/\/i0.wp.com\/correiodasemana.com\/site\/wp-content\/uploads\/2023\/10\/WhatsApp-Image-2023-10-13-at-21.30.31.jpeg?resize=700%2C400&ssl=1 2x, https:\/\/i0.wp.com\/correiodasemana.com\/site\/wp-content\/uploads\/2023\/10\/WhatsApp-Image-2023-10-13-at-21.30.31.jpeg?resize=1050%2C600&ssl=1 3x, https:\/\/i0.wp.com\/correiodasemana.com\/site\/wp-content\/uploads\/2023\/10\/WhatsApp-Image-2023-10-13-at-21.30.31.jpeg?resize=1400%2C800&ssl=1 4x"},"classes":[]},{"id":35832,"url":"https:\/\/correiodasemana.com\/site\/aparecida-nas-aguas-5\/","url_meta":{"origin":14037,"position":2},"title":"Aparecida nas \u00e1guas","author":"adminredacao","date":"Outubro 13, 2025","format":false,"excerpt":"Neste domingo, dia 12, celebramos a festa da Rainha e Padroeira do Brasil, Nossa Senhora Aparecida. Tal devo\u00e7\u00e3o, hoje t\u00e3o popularizada, surgiu na simplicidade da devo\u00e7\u00e3o de um povo pobre e humilde. A Virgem Maria, a partir daquela pequenina imagem aparecida nas \u00e1guas, mais uma vez, colocava-se ao lado dos\u2026","rel":"","context":"In &quot;Artigos&quot;","block_context":{"text":"Artigos","link":"https:\/\/correiodasemana.com\/site\/category\/artigos\/"},"img":{"alt_text":"","src":"https:\/\/i0.wp.com\/correiodasemana.com\/site\/wp-content\/uploads\/2019\/07\/editorial-cs.jpg?resize=350%2C200&ssl=1","width":350,"height":200,"srcset":"https:\/\/i0.wp.com\/correiodasemana.com\/site\/wp-content\/uploads\/2019\/07\/editorial-cs.jpg?resize=350%2C200&ssl=1 1x, https:\/\/i0.wp.com\/correiodasemana.com\/site\/wp-content\/uploads\/2019\/07\/editorial-cs.jpg?resize=525%2C300&ssl=1 1.5x"},"classes":[]},{"id":14199,"url":"https:\/\/correiodasemana.com\/site\/uma-imagem-aparecida-nas-aguas\/","url_meta":{"origin":14037,"position":3},"title":"Uma imagem aparecida nas \u00e1guas","author":"","date":"Outubro 20, 2020","format":false,"excerpt":"No \u00faltimo dia 12, feriado nacional, a Igreja do Brasil celebrou a festa da Rainha e Padroeira desta na\u00e7\u00e3o, Nossa Senhora Aparecida. Tal devo\u00e7\u00e3o, hoje t\u00e3o popularizada, surgiu na simplicidade da devo\u00e7\u00e3o de um povo pobre e humilde. A Virgem Maria, a partir daquela pequenina imagem aparecida nas \u00e1guas, mais\u2026","rel":"","context":"In &quot;Artigos&quot;","block_context":{"text":"Artigos","link":"https:\/\/correiodasemana.com\/site\/category\/artigos\/"},"img":{"alt_text":"","src":"https:\/\/i0.wp.com\/correiodasemana.com\/site\/wp-content\/uploads\/2018\/02\/editorial-cs.jpg?resize=350%2C200&ssl=1","width":350,"height":200,"srcset":"https:\/\/i0.wp.com\/correiodasemana.com\/site\/wp-content\/uploads\/2018\/02\/editorial-cs.jpg?resize=350%2C200&ssl=1 1x, https:\/\/i0.wp.com\/correiodasemana.com\/site\/wp-content\/uploads\/2018\/02\/editorial-cs.jpg?resize=525%2C300&ssl=1 1.5x"},"classes":[]},{"id":26835,"url":"https:\/\/correiodasemana.com\/site\/aparecida-nas-aguas-3\/","url_meta":{"origin":14037,"position":4},"title":"Aparecida nas \u00e1guas","author":"adminredacao","date":"Outubro 17, 2023","format":false,"excerpt":"No \u00faltimo dia 12, feriado nacional, celebramos a festa da Rainha e Padroeira do Brasil, Nossa Senhora Aparecida. Tal devo\u00e7\u00e3o, hoje t\u00e3o popularizada, surgiu na simplicidade da devo\u00e7\u00e3o de um povo pobre e humilde. A Virgem Maria, a partir daquela pequenina imagem aparecida nas \u00e1guas, mais uma vez, colocava-se ao\u2026","rel":"","context":"In &quot;Artigos&quot;","block_context":{"text":"Artigos","link":"https:\/\/correiodasemana.com\/site\/category\/artigos\/"},"img":{"alt_text":"","src":"https:\/\/i0.wp.com\/correiodasemana.com\/site\/wp-content\/uploads\/2019\/07\/editorial-cs.jpg?resize=350%2C200&ssl=1","width":350,"height":200,"srcset":"https:\/\/i0.wp.com\/correiodasemana.com\/site\/wp-content\/uploads\/2019\/07\/editorial-cs.jpg?resize=350%2C200&ssl=1 1x, https:\/\/i0.wp.com\/correiodasemana.com\/site\/wp-content\/uploads\/2019\/07\/editorial-cs.jpg?resize=525%2C300&ssl=1 1.5x"},"classes":[]},{"id":31055,"url":"https:\/\/correiodasemana.com\/site\/aparecida-nas-aguas-4\/","url_meta":{"origin":14037,"position":5},"title":"Aparecida nas \u00e1guas","author":"adminredacao","date":"Outubro 21, 2024","format":false,"excerpt":"Neste s\u00e1bado, dia 12, feriado nacional, celebramos a festa da Rainha e Padroeira do Brasil, Nossa Senhora Aparecida. Tal devo\u00e7\u00e3o, hoje t\u00e3o popularizada, surgiu na simplicidade da devo\u00e7\u00e3o de um povo pobre e humilde. A Virgem Maria, a partir daquela pequenina imagem aparecida nas \u00e1guas, mais uma vez, colocava-se ao\u2026","rel":"","context":"In &quot;Artigos&quot;","block_context":{"text":"Artigos","link":"https:\/\/correiodasemana.com\/site\/category\/artigos\/"},"img":{"alt_text":"","src":"https:\/\/i0.wp.com\/correiodasemana.com\/site\/wp-content\/uploads\/2019\/07\/editorial-cs.jpg?resize=350%2C200&ssl=1","width":350,"height":200,"srcset":"https:\/\/i0.wp.com\/correiodasemana.com\/site\/wp-content\/uploads\/2019\/07\/editorial-cs.jpg?resize=350%2C200&ssl=1 1x, https:\/\/i0.wp.com\/correiodasemana.com\/site\/wp-content\/uploads\/2019\/07\/editorial-cs.jpg?resize=525%2C300&ssl=1 1.5x"},"classes":[]}],"jetpack_sharing_enabled":true,"_links":{"self":[{"href":"https:\/\/correiodasemana.com\/site\/wp-json\/wp\/v2\/posts\/14037","targetHints":{"allow":["GET"]}}],"collection":[{"href":"https:\/\/correiodasemana.com\/site\/wp-json\/wp\/v2\/posts"}],"about":[{"href":"https:\/\/correiodasemana.com\/site\/wp-json\/wp\/v2\/types\/post"}],"author":[{"embeddable":true,"href":"https:\/\/correiodasemana.com\/site\/wp-json\/wp\/v2\/users\/1"}],"replies":[{"embeddable":true,"href":"https:\/\/correiodasemana.com\/site\/wp-json\/wp\/v2\/comments?post=14037"}],"version-history":[{"count":1,"href":"https:\/\/correiodasemana.com\/site\/wp-json\/wp\/v2\/posts\/14037\/revisions"}],"predecessor-version":[{"id":14038,"href":"https:\/\/correiodasemana.com\/site\/wp-json\/wp\/v2\/posts\/14037\/revisions\/14038"}],"wp:featuredmedia":[{"embeddable":true,"href":"https:\/\/correiodasemana.com\/site\/wp-json\/wp\/v2\/media\/8256"}],"wp:attachment":[{"href":"https:\/\/correiodasemana.com\/site\/wp-json\/wp\/v2\/media?parent=14037"}],"wp:term":[{"taxonomy":"category","embeddable":true,"href":"https:\/\/correiodasemana.com\/site\/wp-json\/wp\/v2\/categories?post=14037"},{"taxonomy":"post_tag","embeddable":true,"href":"https:\/\/correiodasemana.com\/site\/wp-json\/wp\/v2\/tags?post=14037"}],"curies":[{"name":"wp","href":"https:\/\/api.w.org\/{rel}","templated":true}]}}