{"id":14039,"date":"2020-10-13T00:58:03","date_gmt":"2020-10-13T03:58:03","guid":{"rendered":"https:\/\/correiodasemana.com\/site\/?p=14039"},"modified":"2020-10-13T00:58:03","modified_gmt":"2020-10-13T03:58:03","slug":"veiculos-de-comunicacao-de-sobral-recebem-orientacoes-para-trabalharem-na-cobertura-das-eleicoes-municipais-2020","status":"publish","type":"post","link":"https:\/\/correiodasemana.com\/site\/veiculos-de-comunicacao-de-sobral-recebem-orientacoes-para-trabalharem-na-cobertura-das-eleicoes-municipais-2020\/","title":{"rendered":"Ve\u00edculos de comunica\u00e7\u00e3o de Sobral recebem orienta\u00e7\u00f5es para trabalharem na cobertura das elei\u00e7\u00f5es municipais 2020"},"content":{"rendered":"<p>Por Joc\u00e9lio Tavares.<br \/>\nAconteceu, na \u00faltima ter\u00e7a-feira (06\/10), no Audit\u00f3rio Dom Walfrido, da Diocese de Sobral, uma reuni\u00e3o sobre as condutas vedadas no r\u00e1dio para as elei\u00e7\u00f5es de 2020. Participaram do momento, representantes da R\u00e1dio Educadora do Nordeste e do Jornal Correio da Semana. O encontro foi mediado por Kelson Albuquerque, Procurador do Munic\u00edpio de Sobral e advogado da Santa Casa da Miseric\u00f3rdia.<br \/>\nO Procurador explicou atos leis que devem ser seguidas pelas emissoras de r\u00e1dio e TV para que multas sejam evitadas. \u201cAs multas ser\u00e3o destinadas aos ve\u00edculos e n\u00e3o para os colunistas ou arrendat\u00e1rios\u201d, completou.<br \/>\nPara ajudar radialistas e rep\u00f3rteres na cobertura das elei\u00e7\u00f5es 2020, foi lan\u00e7ada a Cartilha Eleitoral. Nela, al\u00e9m dos direitos e calend\u00e1rios eleitorais, \u00e9 explicado como os ve\u00edculos de comunica\u00e7\u00e3o dever\u00e3o agir na divulga\u00e7\u00e3o pesquisas e no material levado ao ar em suas programa\u00e7\u00f5es, explicando o que \u00e9 vedado e quais as penalidades para quem desobedecer as regras.<br \/>\nParticiparam do encontro Padre Lucas do Nascimento, diretor da R\u00e1dio Educadora do Nordeste e do Jornal Correio da Semana; os radialistas Bette Salsa, Frank Oliveira, Pastor Carlos Alves outros convidados.<\/p>\n<p>\u201cSe eu puder deixar uma mensagem para voc\u00eas [radialistas e rep\u00f3rteres] trabalharem tranquilamente, tenham em mente aquela situa\u00e7\u00e3o que \u00e9 paridade de armas, respeito m\u00fatuo e equilibrado que se d\u00e1 ao candidato e o respeito ao eleitor. Com isso, n\u00e3o \u00e9 preciso ter medo de infringir a legisla\u00e7\u00e3o eleitoral\u201d, pontua Kelson.<\/p>\n<p>DEFINIDO TEMPO DE PROPAGANDA ELEITORAL GRATUITA OBRIGAT\u00d3RIA EM SOBRAL<br \/>\nO Tribunal Regional Eleitoral do Cear\u00e1 (TRE), em Sobral, que envolve a 24\u00aa e a 121\u00aa zonas eleitorais, promoveu audi\u00eancia p\u00fablica para defini\u00e7\u00e3o da distribui\u00e7\u00e3o do tempo do Hor\u00e1rio Eleitoral Gratuito das Elei\u00e7\u00f5es 2020. O hor\u00e1rio, regulamentado pela Lei 9.504\/97 e pela Resolu\u00e7\u00e3o TSE n\u00ba 23.610\/2019, ser\u00e1 exibido de 9 de outubro a 12 de novembro, conforme Calend\u00e1rio Eleitoral.<br \/>\nO candidato Ivo Gomes, do PDT, ter\u00e1 7 minutos e 18 segundos do tempo total de 10 minutos estabelecido pelo TRE. J\u00e1 o candidato Oscar Rodrigues, do MDB, ter\u00e1 apenas 2 minutos e 41 segundos, tanto no tempo de r\u00e1dio como em televis\u00e3o. Ivo ter\u00e1 2.149 inser\u00e7\u00f5es de 30 e 60 segundos de propaganda eleitoral; Oscar ter\u00e1 791.<br \/>\nA R\u00e1dio Tupinamb\u00e1 FM ser\u00e1 a emissora geradora das m\u00eddias radiof\u00f4nicas, enquanto que a Nordestv exibir\u00e1 os programas de TV.<br \/>\nA propaganda eleitoral gratuita ser\u00e1 exibida, pelos canais de r\u00e1dio e televis\u00e3o, a partir de 9 de Outubro, de segunda-feira a s\u00e1bado, em dois hor\u00e1rios. No r\u00e1dio, a propaganda ser\u00e1 exibida das 7h \u00e0s 7h10 e depois das 12h \u00e0s 12h10; j\u00e1 na televis\u00e3o, a transmiss\u00e3o ocorrer\u00e1 das 13h \u00e0s 13h10 e das 20h30 \u00e0s 20h40.<br \/>\nAl\u00e9m disso, as emissoras dever\u00e3o reservar em sua programa\u00e7\u00e3o di\u00e1ria 70 minutos, no primeiro turno, e 25 minutos, no segundo, para a veicula\u00e7\u00e3o de inser\u00e7\u00f5es de 30 e 60 segundos de propaganda eleitoral.<\/p>\n","protected":false},"excerpt":{"rendered":"<p>Por Joc\u00e9lio Tavares. Aconteceu, na \u00faltima ter\u00e7a-feira (06\/10), no Audit\u00f3rio Dom Walfrido, da Diocese de&#8230;<\/p>\n","protected":false},"author":1,"featured_media":13927,"comment_status":"open","ping_status":"open","sticky":false,"template":"","format":"standard","meta":{"_jetpack_memberships_contains_paid_content":false,"footnotes":"","jetpack_publicize_message":"","jetpack_publicize_feature_enabled":true,"jetpack_social_post_already_shared":true,"jetpack_social_options":{"image_generator_settings":{"template":"highway","default_image_id":0,"font":"","enabled":false},"version":2}},"categories":[1],"tags":[],"class_list":["post-14039","post","type-post","status-publish","format-standard","has-post-thumbnail","hentry","category-atualidade"],"jetpack_publicize_connections":[],"jetpack_featured_media_url":"https:\/\/correiodasemana.com\/site\/wp-content\/uploads\/2020\/10\/eleicoes-2020-campanha-nas-ruas-comeca-no-domingo.jpg","jetpack-related-posts":[{"id":30166,"url":"https:\/\/correiodasemana.com\/site\/ivan-frota-reune-midia-sobralense-na-oab-sobral\/","url_meta":{"origin":14039,"position":0},"title":"Ivan Frota re\u00fane m\u00eddia sobralense na OAB\/SOBRAL","author":"adminredacao","date":"Julho 29, 2024","format":false,"excerpt":"OAB Not\u00edcias | Nesta quinta-feira, 18, a sede da OAB Sobral foi palco de um evento de grande relev\u00e2ncia para o cen\u00e1rio pol\u00edtico e midi\u00e1tico da regi\u00e3o: a palestra \u201cElei\u00e7\u00f5es Municipais: Regras Gerais para R\u00e1dio, TV e Internet\u201d, ministrada pelo renomado advogado Dr. Francisco Ant\u00f4nio Cristino. O evento contou com\u2026","rel":"","context":"In &quot;Atualidade&quot;","block_context":{"text":"Atualidade","link":"https:\/\/correiodasemana.com\/site\/category\/atualidade\/"},"img":{"alt_text":"","src":"https:\/\/i0.wp.com\/correiodasemana.com\/site\/wp-content\/uploads\/2024\/07\/WhatsApp-Image-2024-07-25-at-10.24.44.jpeg?resize=350%2C200&ssl=1","width":350,"height":200},"classes":[]},{"id":13767,"url":"https:\/\/correiodasemana.com\/site\/saiba-o-que-voce-pode-e-nao-pode-fazer\/","url_meta":{"origin":14039,"position":1},"title":"Saiba o que voc\u00ea pode e n\u00e3o pode fazer","author":"","date":"Setembro 29, 2020","format":false,"excerpt":"Por Joc\u00e9lio Tavares. Iniciam, pr\u00f3ximo dia 27 de Setembro, as corridas ao pleito de 2020 em todo o territ\u00f3rio nacional, com a veicula\u00e7\u00e3o de propagandas eleitorais, inclusive na internet. Este ano, primeiro e segundo turnos ser\u00e3o realizados, respectivamente, nos dias 15 e 29 de novembro. Saiba o que pode e\u2026","rel":"","context":"In &quot;Atualidade&quot;","block_context":{"text":"Atualidade","link":"https:\/\/correiodasemana.com\/site\/category\/atualidade\/"},"img":{"alt_text":"","src":"https:\/\/i0.wp.com\/correiodasemana.com\/site\/wp-content\/uploads\/2020\/09\/confira-o-que-pode-e-o-que-nao-pode-na-propaganda-eleitoral-5f6cdd18d568a-1.jpeg?resize=350%2C200&ssl=1","width":350,"height":200,"srcset":"https:\/\/i0.wp.com\/correiodasemana.com\/site\/wp-content\/uploads\/2020\/09\/confira-o-que-pode-e-o-que-nao-pode-na-propaganda-eleitoral-5f6cdd18d568a-1.jpeg?resize=350%2C200&ssl=1 1x, https:\/\/i0.wp.com\/correiodasemana.com\/site\/wp-content\/uploads\/2020\/09\/confira-o-que-pode-e-o-que-nao-pode-na-propaganda-eleitoral-5f6cdd18d568a-1.jpeg?resize=525%2C300&ssl=1 1.5x"},"classes":[]},{"id":13732,"url":"https:\/\/correiodasemana.com\/site\/eleicoes-2020-prazo-para-registro-de-candidaturas-termina-neste-sabado-campanha-nas-ruas-comeca-no-domingo-a-partir-de-domingo-27-candidatos-ja-poderao-fazer-comicios-carreatas-e-propaganda-na-i\/","url_meta":{"origin":14039,"position":2},"title":"Elei\u00e7\u00f5es 2020: prazo para registro de candidaturas termina neste s\u00e1bado; campanha nas ruas come\u00e7a no domingo A partir de domingo (27), candidatos j\u00e1 poder\u00e3o fazer com\u00edcios, carreatas e propaganda na internet. Hor\u00e1rio eleitoral na TV e no r\u00e1dio s\u00f3 come\u00e7a no dia 9 de outubro","author":"","date":"Setembro 26, 2020","format":false,"excerpt":"O prazo para partidos apresentarem o pedido de registro das candidaturas nas elei\u00e7\u00f5es de 2020 termina \u00e0s 19h deste s\u00e1bado (26). No dia seguinte, domingo (27), come\u00e7a o per\u00edodo da campanha eleitoral nas ruas. At\u00e9 as 20h24 de sexta-feira (25), havia 443 mil candidatos a prefeito, vice-prefeito e vereador j\u00e1\u2026","rel":"","context":"In &quot;Atualidade&quot;","block_context":{"text":"Atualidade","link":"https:\/\/correiodasemana.com\/site\/category\/atualidade\/"},"img":{"alt_text":"","src":"https:\/\/i0.wp.com\/correiodasemana.com\/site\/wp-content\/uploads\/2020\/09\/confira-o-que-pode-e-o-que-nao-pode-na-propaganda-eleitoral-5f6cdd18d568a.jpeg?resize=350%2C200&ssl=1","width":350,"height":200,"srcset":"https:\/\/i0.wp.com\/correiodasemana.com\/site\/wp-content\/uploads\/2020\/09\/confira-o-que-pode-e-o-que-nao-pode-na-propaganda-eleitoral-5f6cdd18d568a.jpeg?resize=350%2C200&ssl=1 1x, https:\/\/i0.wp.com\/correiodasemana.com\/site\/wp-content\/uploads\/2020\/09\/confira-o-que-pode-e-o-que-nao-pode-na-propaganda-eleitoral-5f6cdd18d568a.jpeg?resize=525%2C300&ssl=1 1.5x"},"classes":[]},{"id":13035,"url":"https:\/\/correiodasemana.com\/site\/eleicoes-municipais-a-midia-e-as-redes-sociais-podem-causar-impacto-nas-urnas\/","url_meta":{"origin":14039,"position":3},"title":"Elei\u00e7\u00f5es MUNICIPAIS: A m\u00eddia e as redes sociais podem causar impacto nas urnas","author":"","date":"Agosto 24, 2020","format":false,"excerpt":"Com as altera\u00e7\u00f5es do calend\u00e1rio para as elei\u00e7\u00f5es deste ano, quando ser\u00e3o escolhidos prefeitos e vereadores, a partir desta ter\u00e7a-feira (18), o juiz eleitoral come\u00e7a a nomear os membros das mesas receptoras e o pessoal de apoio log\u00edstico dos locais de vota\u00e7\u00e3o para o primeiro e eventual segundo turnos de\u2026","rel":"","context":"In &quot;Atualidade&quot;","block_context":{"text":"Atualidade","link":"https:\/\/correiodasemana.com\/site\/category\/atualidade\/"},"img":{"alt_text":"","src":"https:\/\/i0.wp.com\/correiodasemana.com\/site\/wp-content\/uploads\/2019\/08\/urna_lecr-e1447217261594.jpg?resize=350%2C200&ssl=1","width":350,"height":200,"srcset":"https:\/\/i0.wp.com\/correiodasemana.com\/site\/wp-content\/uploads\/2019\/08\/urna_lecr-e1447217261594.jpg?resize=350%2C200&ssl=1 1x, https:\/\/i0.wp.com\/correiodasemana.com\/site\/wp-content\/uploads\/2019\/08\/urna_lecr-e1447217261594.jpg?resize=525%2C300&ssl=1 1.5x, https:\/\/i0.wp.com\/correiodasemana.com\/site\/wp-content\/uploads\/2019\/08\/urna_lecr-e1447217261594.jpg?resize=700%2C400&ssl=1 2x, https:\/\/i0.wp.com\/correiodasemana.com\/site\/wp-content\/uploads\/2019\/08\/urna_lecr-e1447217261594.jpg?resize=1050%2C600&ssl=1 3x, https:\/\/i0.wp.com\/correiodasemana.com\/site\/wp-content\/uploads\/2019\/08\/urna_lecr-e1447217261594.jpg?resize=1400%2C800&ssl=1 4x"},"classes":[]},{"id":13831,"url":"https:\/\/correiodasemana.com\/site\/eleitor-podera-justificar-falta-pelo-celular\/","url_meta":{"origin":14039,"position":4},"title":"Eleitor poder\u00e1 justificar falta pelo celular","author":"","date":"Setembro 30, 2020","format":false,"excerpt":"e-T\u00edtulo estar\u00e1 atualizado at\u00e9 as elei\u00e7\u00f5es para a justificativa As lojas de aplicativo de celular (app) colocam \u00e0 disposi\u00e7\u00e3o nesta\u00a0quarta-feira (30) uma nova vers\u00e3o do e-T\u00edtulo com mais funcionalidades. O recurso eletr\u00f4nico possibilitar\u00e1 a justificativa de aus\u00eancia nas vota\u00e7\u00f5es de\u00a015 de novembro\u00a0(1\u00ba turno) e\u00a029 de novembro\u00a0(2\u00ba turno), at\u00e9 60 dias\u2026","rel":"","context":"In &quot;Atualidade&quot;","block_context":{"text":"Atualidade","link":"https:\/\/correiodasemana.com\/site\/category\/atualidade\/"},"img":{"alt_text":"","src":"https:\/\/i0.wp.com\/correiodasemana.com\/site\/wp-content\/uploads\/2020\/09\/etitulo.jpg?resize=350%2C200&ssl=1","width":350,"height":200,"srcset":"https:\/\/i0.wp.com\/correiodasemana.com\/site\/wp-content\/uploads\/2020\/09\/etitulo.jpg?resize=350%2C200&ssl=1 1x, https:\/\/i0.wp.com\/correiodasemana.com\/site\/wp-content\/uploads\/2020\/09\/etitulo.jpg?resize=525%2C300&ssl=1 1.5x, https:\/\/i0.wp.com\/correiodasemana.com\/site\/wp-content\/uploads\/2020\/09\/etitulo.jpg?resize=700%2C400&ssl=1 2x, https:\/\/i0.wp.com\/correiodasemana.com\/site\/wp-content\/uploads\/2020\/09\/etitulo.jpg?resize=1050%2C600&ssl=1 3x"},"classes":[]},{"id":9192,"url":"https:\/\/correiodasemana.com\/site\/becco-ponto-com-12\/","url_meta":{"origin":14039,"position":5},"title":"Becco ponto Com","author":"","date":"Setembro 23, 2019","format":false,"excerpt":"Livrai-nos, senhor! Do esp\u00edrito de porco dos pol\u00edticos do PT Lula. Das especula\u00e7\u00f5es quanto as elei\u00e7\u00f5es de 2020 grita. Do povo por emprego e meio de vida, ui! Do analfabetismo provindo da redes sociais. do lixo musical forr\u00f3 moderno via Safad\u00e3o. Das mortes violentas nas ruas de Sobral, ui! Da\u2026","rel":"","context":"In &quot;Artigos&quot;","block_context":{"text":"Artigos","link":"https:\/\/correiodasemana.com\/site\/category\/artigos\/"},"img":{"alt_text":"","src":"https:\/\/i0.wp.com\/correiodasemana.com\/site\/wp-content\/uploads\/2019\/09\/Jos%C3%A9-Olavo.jpg?resize=350%2C200&ssl=1","width":350,"height":200,"srcset":"https:\/\/i0.wp.com\/correiodasemana.com\/site\/wp-content\/uploads\/2019\/09\/Jos%C3%A9-Olavo.jpg?resize=350%2C200&ssl=1 1x, https:\/\/i0.wp.com\/correiodasemana.com\/site\/wp-content\/uploads\/2019\/09\/Jos%C3%A9-Olavo.jpg?resize=525%2C300&ssl=1 1.5x, https:\/\/i0.wp.com\/correiodasemana.com\/site\/wp-content\/uploads\/2019\/09\/Jos%C3%A9-Olavo.jpg?resize=700%2C400&ssl=1 2x, https:\/\/i0.wp.com\/correiodasemana.com\/site\/wp-content\/uploads\/2019\/09\/Jos%C3%A9-Olavo.jpg?resize=1050%2C600&ssl=1 3x, https:\/\/i0.wp.com\/correiodasemana.com\/site\/wp-content\/uploads\/2019\/09\/Jos%C3%A9-Olavo.jpg?resize=1400%2C800&ssl=1 4x"},"classes":[]}],"jetpack_sharing_enabled":true,"_links":{"self":[{"href":"https:\/\/correiodasemana.com\/site\/wp-json\/wp\/v2\/posts\/14039","targetHints":{"allow":["GET"]}}],"collection":[{"href":"https:\/\/correiodasemana.com\/site\/wp-json\/wp\/v2\/posts"}],"about":[{"href":"https:\/\/correiodasemana.com\/site\/wp-json\/wp\/v2\/types\/post"}],"author":[{"embeddable":true,"href":"https:\/\/correiodasemana.com\/site\/wp-json\/wp\/v2\/users\/1"}],"replies":[{"embeddable":true,"href":"https:\/\/correiodasemana.com\/site\/wp-json\/wp\/v2\/comments?post=14039"}],"version-history":[{"count":1,"href":"https:\/\/correiodasemana.com\/site\/wp-json\/wp\/v2\/posts\/14039\/revisions"}],"predecessor-version":[{"id":14040,"href":"https:\/\/correiodasemana.com\/site\/wp-json\/wp\/v2\/posts\/14039\/revisions\/14040"}],"wp:featuredmedia":[{"embeddable":true,"href":"https:\/\/correiodasemana.com\/site\/wp-json\/wp\/v2\/media\/13927"}],"wp:attachment":[{"href":"https:\/\/correiodasemana.com\/site\/wp-json\/wp\/v2\/media?parent=14039"}],"wp:term":[{"taxonomy":"category","embeddable":true,"href":"https:\/\/correiodasemana.com\/site\/wp-json\/wp\/v2\/categories?post=14039"},{"taxonomy":"post_tag","embeddable":true,"href":"https:\/\/correiodasemana.com\/site\/wp-json\/wp\/v2\/tags?post=14039"}],"curies":[{"name":"wp","href":"https:\/\/api.w.org\/{rel}","templated":true}]}}