{"id":14045,"date":"2020-10-13T10:37:09","date_gmt":"2020-10-13T13:37:09","guid":{"rendered":"https:\/\/correiodasemana.com\/site\/?p=14045"},"modified":"2020-10-13T10:37:09","modified_gmt":"2020-10-13T13:37:09","slug":"conheca-as-medidas-de-seguranca-contra-covid-19-para-o-dia-da-votacao","status":"publish","type":"post","link":"https:\/\/correiodasemana.com\/site\/conheca-as-medidas-de-seguranca-contra-covid-19-para-o-dia-da-votacao\/","title":{"rendered":"Conhe\u00e7a as medidas de seguran\u00e7a contra covid-19 para o dia da vota\u00e7\u00e3o"},"content":{"rendered":"<div class=\"col-lg-12 mb-3\">\n<div class=\"row\">\n<h3 class=\"col-10 offset-1 animated fadeInDown dealy-900 display-8 display-md-8 alt-font font-italic my-1 text-center\">Protocolos ser\u00e3o adotados no primeiro e no segundo turno<\/h3>\n<\/div>\n<\/div>\n<div class=\"col-xl-7 offset-xl-1 col-lg-8 offset-lg-0 col-md-10 offset-md-1 mb-3\">\n<div class=\"post-item alt-font\">\n<div class=\"post-item-wrap\">\n<p>Por causa da pandemia do novo coronav\u00edrus, uma s\u00e9rie de protocolos de seguran\u00e7a ser\u00e3o adotados pela Justi\u00e7a Eleitoral no primeiro e no segundo turno das elei\u00e7\u00f5es municipais nos dias 15 e 29 de novembro, respectivamente. Elaborado por uma equipe de especialistas dos hospitais Albert Einstein, S\u00edrio-Liban\u00eas e por t\u00e9cnicos da Funda\u00e7\u00e3o Oswaldo Cruz (Fiocruz), consultados pelo Tribunal Superior Eleitoral (TSE), o plano de seguran\u00e7a sanit\u00e1ria para as elei\u00e7\u00f5es municipais de 2020 \u00e9 focado em duas frentes: mes\u00e1rios e eleitor. Cartazes ilustrativos com o passo a passo da vota\u00e7\u00e3o ser\u00e3o fixados nas se\u00e7\u00f5es eleitorais.<img decoding=\"async\" src=\"https:\/\/agenciabrasil.ebc.com.br\/ebc.png?id=1390455&amp;o=node\" \/><img decoding=\"async\" src=\"https:\/\/agenciabrasil.ebc.com.br\/ebc.gif?id=1390455&amp;o=node\" \/><\/p>\n<h2>Eleitores<\/h2>\n<p>Hor\u00e1rio de vota\u00e7\u00e3o ampliado: 7h da manh\u00e3 at\u00e9 as 17h. At\u00e9 as 10h ser\u00e1 preferencial para maiores de 60 anos. M\u00e1scaras: uso obrigat\u00f3rio, sem ela o eleitor n\u00e3o poder\u00e1 votar. Caso seja necess\u00e1rio, o mes\u00e1rio pode pedir que o eleitor se afaste e abaixe a m\u00e1scara para conferir a foto na identidade. Distanciamento: ser\u00e1 exigido m\u00ednimo de 1 metro. Comida: n\u00e3o ser\u00e1 permitido comer ou beber nada na fila de espera. A medida \u00e9 para evitar que as pessoas tirem a m\u00e1scara.<\/p>\n<p>\u00c1lcool em gel: ser\u00e1 distribu\u00eddo em todas se\u00e7\u00f5es para que os eleitores limpem as m\u00e3os antes e depois da vota\u00e7\u00e3o.<\/p>\n<p>Caneta: o TSE recomenda que os eleitores levem sua pr\u00f3pria caneta para assinar presen\u00e7a no caderno de vota\u00e7\u00e3o.<\/p>\n<p>Mes\u00e1rios receber\u00e3o m\u00e1scaras e ter\u00e3o que troc\u00e1-las a cada quatro horas, usar \u00e1lcool e uma prote\u00e7\u00e3o facial de acetato (face shield), que ter\u00e1 de ser usada o tempo todo.<\/p>\n<h2>Covid-19<\/h2>\n<p>Tanto mes\u00e1rios quanto eleitores que estiverem com sintomas da covid-19 no dia do pleito n\u00e3o devem comparecer ao local de vota\u00e7\u00e3o. Posteriormente, a aus\u00eancia poder\u00e1 ser justificada na Justi\u00e7a Eleitoral.<\/p>\n<p>Por Karine Melo &#8211; Rep\u00f3rter da Ag\u00eancia Brasil &#8211; Bras\u00edlia<\/p>\n<\/div>\n<\/div>\n<\/div>\n","protected":false},"excerpt":{"rendered":"<p>Protocolos ser\u00e3o adotados no primeiro e no segundo turno Por causa da pandemia do novo&#8230;<\/p>\n","protected":false},"author":1,"featured_media":14046,"comment_status":"open","ping_status":"open","sticky":false,"template":"","format":"standard","meta":{"_jetpack_memberships_contains_paid_content":false,"footnotes":"","jetpack_publicize_message":"","jetpack_publicize_feature_enabled":true,"jetpack_social_post_already_shared":true,"jetpack_social_options":{"image_generator_settings":{"template":"highway","default_image_id":0,"font":"","enabled":false},"version":2}},"categories":[1],"tags":[],"class_list":["post-14045","post","type-post","status-publish","format-standard","has-post-thumbnail","hentry","category-atualidade"],"jetpack_publicize_connections":[],"jetpack_featured_media_url":"https:\/\/correiodasemana.com\/site\/wp-content\/uploads\/2020\/10\/eleicoes_2020_-_banner_destaque_02-1.jpg","jetpack-related-posts":[{"id":12076,"url":"https:\/\/correiodasemana.com\/site\/tse-ira-discutir-novas-medidas-sanitarias-durante-as-eleicoes-deste-ano\/","url_meta":{"origin":14045,"position":0},"title":"TSE ir\u00e1 discutir novas medidas sanit\u00e1rias durante as elei\u00e7\u00f5es deste ano","author":"","date":"Julho 21, 2020","format":false,"excerpt":"Mesmo com o adiamento das elei\u00e7\u00f5es municipais deste ano, o Tribunal Superior Eleitoral (TSE) segue implementando novas medidas para garantir a seguran\u00e7a dos eleitores devido \u00e0 pandemia da Covid-19. Para isso, a corte firmou acordo de consultoria sanit\u00e1ria com a funda\u00e7\u00e3o Fiocruz e os hospitais S\u00edrio Liban\u00eas e Albert Einstein\u2026","rel":"","context":"In &quot;Atualidade&quot;","block_context":{"text":"Atualidade","link":"https:\/\/correiodasemana.com\/site\/category\/atualidade\/"},"img":{"alt_text":"","src":"https:\/\/i0.wp.com\/correiodasemana.com\/site\/wp-content\/uploads\/2020\/07\/vota%C3%A7%C3%A3o.jpg?resize=350%2C200&ssl=1","width":350,"height":200,"srcset":"https:\/\/i0.wp.com\/correiodasemana.com\/site\/wp-content\/uploads\/2020\/07\/vota%C3%A7%C3%A3o.jpg?resize=350%2C200&ssl=1 1x, https:\/\/i0.wp.com\/correiodasemana.com\/site\/wp-content\/uploads\/2020\/07\/vota%C3%A7%C3%A3o.jpg?resize=525%2C300&ssl=1 1.5x, https:\/\/i0.wp.com\/correiodasemana.com\/site\/wp-content\/uploads\/2020\/07\/vota%C3%A7%C3%A3o.jpg?resize=700%2C400&ssl=1 2x"},"classes":[]},{"id":11876,"url":"https:\/\/correiodasemana.com\/site\/para-evitar-contagio-tse-excluira-biometria-nas-eleicoes-municipais\/","url_meta":{"origin":14045,"position":1},"title":"Para evitar cont\u00e1gio, TSE excluir\u00e1 biometria nas elei\u00e7\u00f5es municipais","author":"","date":"Julho 15, 2020","format":false,"excerpt":"Decis\u00e3o foi tomada ap\u00f3s reuni\u00e3o de t\u00e9cnicos do tribunal com m\u00e9dicos O presidente do Tribunal Superior Eleitoral (TSE), Lu\u00eds Roberto Barroso, decidiu excluir a necessidade de identifica\u00e7\u00e3o biom\u00e9trica, por meio de impress\u00e3o digital, nas elei\u00e7\u00f5es municipais deste ano, tendo em vista o risco de cont\u00e1gio por covid-19. A decis\u00e3o foi\u2026","rel":"","context":"In &quot;Atualidade&quot;","block_context":{"text":"Atualidade","link":"https:\/\/correiodasemana.com\/site\/category\/atualidade\/"},"img":{"alt_text":"","src":"https:\/\/i0.wp.com\/correiodasemana.com\/site\/wp-content\/uploads\/2020\/07\/fachada_do_tse1008120396.jpg?resize=350%2C200&ssl=1","width":350,"height":200,"srcset":"https:\/\/i0.wp.com\/correiodasemana.com\/site\/wp-content\/uploads\/2020\/07\/fachada_do_tse1008120396.jpg?resize=350%2C200&ssl=1 1x, https:\/\/i0.wp.com\/correiodasemana.com\/site\/wp-content\/uploads\/2020\/07\/fachada_do_tse1008120396.jpg?resize=525%2C300&ssl=1 1.5x, https:\/\/i0.wp.com\/correiodasemana.com\/site\/wp-content\/uploads\/2020\/07\/fachada_do_tse1008120396.jpg?resize=700%2C400&ssl=1 2x, https:\/\/i0.wp.com\/correiodasemana.com\/site\/wp-content\/uploads\/2020\/07\/fachada_do_tse1008120396.jpg?resize=1050%2C600&ssl=1 3x"},"classes":[]},{"id":12473,"url":"https:\/\/correiodasemana.com\/site\/sistema-eletronico-de-votacao-garante-seguranca-do-voto-e-liberdade-democratica\/","url_meta":{"origin":14045,"position":2},"title":"Sistema eletr\u00f4nico de vota\u00e7\u00e3o garante seguran\u00e7a do voto e liberdade democr\u00e1tica","author":"","date":"Agosto 4, 2020","format":false,"excerpt":"Urna eletr\u00f4nica j\u00e1 contabiliza 12 elei\u00e7\u00f5es bem-sucedidas, sem qualquer vest\u00edgio ou comprova\u00e7\u00e3o de fraude O sistema eletr\u00f4nico de vota\u00e7\u00e3o brasileiro \u00e9 refer\u00eancia mundial, por conter mecanismos que garantem a normalidade dos pleitos, a seguran\u00e7a do voto e a liberdade democr\u00e1tica. Desde que foi adotada no processo eleitoral, em 1996, a\u2026","rel":"","context":"In &quot;Atualidade&quot;","block_context":{"text":"Atualidade","link":"https:\/\/correiodasemana.com\/site\/category\/atualidade\/"},"img":{"alt_text":"","src":"https:\/\/i0.wp.com\/correiodasemana.com\/site\/wp-content\/uploads\/2020\/08\/urna-eletronica.jpeg?resize=350%2C200&ssl=1","width":350,"height":200,"srcset":"https:\/\/i0.wp.com\/correiodasemana.com\/site\/wp-content\/uploads\/2020\/08\/urna-eletronica.jpeg?resize=350%2C200&ssl=1 1x, https:\/\/i0.wp.com\/correiodasemana.com\/site\/wp-content\/uploads\/2020\/08\/urna-eletronica.jpeg?resize=525%2C300&ssl=1 1.5x"},"classes":[]},{"id":13035,"url":"https:\/\/correiodasemana.com\/site\/eleicoes-municipais-a-midia-e-as-redes-sociais-podem-causar-impacto-nas-urnas\/","url_meta":{"origin":14045,"position":3},"title":"Elei\u00e7\u00f5es MUNICIPAIS: A m\u00eddia e as redes sociais podem causar impacto nas urnas","author":"","date":"Agosto 24, 2020","format":false,"excerpt":"Com as altera\u00e7\u00f5es do calend\u00e1rio para as elei\u00e7\u00f5es deste ano, quando ser\u00e3o escolhidos prefeitos e vereadores, a partir desta ter\u00e7a-feira (18), o juiz eleitoral come\u00e7a a nomear os membros das mesas receptoras e o pessoal de apoio log\u00edstico dos locais de vota\u00e7\u00e3o para o primeiro e eventual segundo turnos de\u2026","rel":"","context":"In &quot;Atualidade&quot;","block_context":{"text":"Atualidade","link":"https:\/\/correiodasemana.com\/site\/category\/atualidade\/"},"img":{"alt_text":"","src":"https:\/\/i0.wp.com\/correiodasemana.com\/site\/wp-content\/uploads\/2019\/08\/urna_lecr-e1447217261594.jpg?resize=350%2C200&ssl=1","width":350,"height":200,"srcset":"https:\/\/i0.wp.com\/correiodasemana.com\/site\/wp-content\/uploads\/2019\/08\/urna_lecr-e1447217261594.jpg?resize=350%2C200&ssl=1 1x, https:\/\/i0.wp.com\/correiodasemana.com\/site\/wp-content\/uploads\/2019\/08\/urna_lecr-e1447217261594.jpg?resize=525%2C300&ssl=1 1.5x, https:\/\/i0.wp.com\/correiodasemana.com\/site\/wp-content\/uploads\/2019\/08\/urna_lecr-e1447217261594.jpg?resize=700%2C400&ssl=1 2x, https:\/\/i0.wp.com\/correiodasemana.com\/site\/wp-content\/uploads\/2019\/08\/urna_lecr-e1447217261594.jpg?resize=1050%2C600&ssl=1 3x, https:\/\/i0.wp.com\/correiodasemana.com\/site\/wp-content\/uploads\/2019\/08\/urna_lecr-e1447217261594.jpg?resize=1400%2C800&ssl=1 4x"},"classes":[]},{"id":13290,"url":"https:\/\/correiodasemana.com\/site\/eleicoes-2020-tse-amplia-horario-de-votacao-em-uma-hora-e-eleitores-irao-as-urnas-das-7h-as-17h\/","url_meta":{"origin":14045,"position":4},"title":"Elei\u00e7\u00f5es 2020: TSE amplia hor\u00e1rio de vota\u00e7\u00e3o em uma hora, e eleitores ir\u00e3o \u00e0s urnas das 7h \u00e0s 17h","author":"","date":"Agosto 31, 2020","format":false,"excerpt":"Tribunal tamb\u00e9m decidiu reservar hor\u00e1rio preferencial das 7h \u00e0s 10h para pessoas acima de 60 anos, que integram grupo de risco O presidente do Tribunal Superior Eleitoral, ministro Lu\u00eds Roberto Barroso, decidiu na noite desta quinta-feira (27) ampliar o hor\u00e1rio de vota\u00e7\u00e3o nas Elei\u00e7\u00f5es Municipais de 2020 em uma hora\u2026","rel":"","context":"In &quot;Atualidade&quot;","block_context":{"text":"Atualidade","link":"https:\/\/correiodasemana.com\/site\/category\/atualidade\/"},"img":{"alt_text":"","src":"https:\/\/i0.wp.com\/correiodasemana.com\/site\/wp-content\/uploads\/2020\/08\/seu-voto.jpg?resize=350%2C200&ssl=1","width":350,"height":200,"srcset":"https:\/\/i0.wp.com\/correiodasemana.com\/site\/wp-content\/uploads\/2020\/08\/seu-voto.jpg?resize=350%2C200&ssl=1 1x, https:\/\/i0.wp.com\/correiodasemana.com\/site\/wp-content\/uploads\/2020\/08\/seu-voto.jpg?resize=525%2C300&ssl=1 1.5x"},"classes":[]},{"id":14474,"url":"https:\/\/correiodasemana.com\/site\/tse-exige-que-eleitor-use-mascara-para-votar\/","url_meta":{"origin":14045,"position":5},"title":"TSE exige que eleitor use m\u00e1scara para votar","author":"","date":"Novembro 11, 2020","format":false,"excerpt":"Esta \u00e9 a regra no mundo inteiro, diz presidente do tribunal O presidente do Tribunal Superior Eleitoral (TSE), ministro Lu\u00eds Roberto Barroso, reafirmou hoje (9) que os eleitores s\u00f3 poder\u00e3o\u00a0entrar nas se\u00e7\u00f5es eleitorais para votar se estiverem usando m\u00e1scaras. As elei\u00e7\u00f5es municipais ser\u00e3o realizadas no pr\u00f3ximo domingo (15) em todo\u2026","rel":"","context":"In &quot;Atualidade&quot;","block_context":{"text":"Atualidade","link":"https:\/\/correiodasemana.com\/site\/category\/atualidade\/"},"img":{"alt_text":"","src":"https:\/\/i0.wp.com\/correiodasemana.com\/site\/wp-content\/uploads\/2020\/11\/17_07_2020_covid_testes_exame-2.jpg?resize=350%2C200&ssl=1","width":350,"height":200,"srcset":"https:\/\/i0.wp.com\/correiodasemana.com\/site\/wp-content\/uploads\/2020\/11\/17_07_2020_covid_testes_exame-2.jpg?resize=350%2C200&ssl=1 1x, https:\/\/i0.wp.com\/correiodasemana.com\/site\/wp-content\/uploads\/2020\/11\/17_07_2020_covid_testes_exame-2.jpg?resize=525%2C300&ssl=1 1.5x, https:\/\/i0.wp.com\/correiodasemana.com\/site\/wp-content\/uploads\/2020\/11\/17_07_2020_covid_testes_exame-2.jpg?resize=700%2C400&ssl=1 2x, https:\/\/i0.wp.com\/correiodasemana.com\/site\/wp-content\/uploads\/2020\/11\/17_07_2020_covid_testes_exame-2.jpg?resize=1050%2C600&ssl=1 3x"},"classes":[]}],"jetpack_sharing_enabled":true,"_links":{"self":[{"href":"https:\/\/correiodasemana.com\/site\/wp-json\/wp\/v2\/posts\/14045","targetHints":{"allow":["GET"]}}],"collection":[{"href":"https:\/\/correiodasemana.com\/site\/wp-json\/wp\/v2\/posts"}],"about":[{"href":"https:\/\/correiodasemana.com\/site\/wp-json\/wp\/v2\/types\/post"}],"author":[{"embeddable":true,"href":"https:\/\/correiodasemana.com\/site\/wp-json\/wp\/v2\/users\/1"}],"replies":[{"embeddable":true,"href":"https:\/\/correiodasemana.com\/site\/wp-json\/wp\/v2\/comments?post=14045"}],"version-history":[{"count":2,"href":"https:\/\/correiodasemana.com\/site\/wp-json\/wp\/v2\/posts\/14045\/revisions"}],"predecessor-version":[{"id":14048,"href":"https:\/\/correiodasemana.com\/site\/wp-json\/wp\/v2\/posts\/14045\/revisions\/14048"}],"wp:featuredmedia":[{"embeddable":true,"href":"https:\/\/correiodasemana.com\/site\/wp-json\/wp\/v2\/media\/14046"}],"wp:attachment":[{"href":"https:\/\/correiodasemana.com\/site\/wp-json\/wp\/v2\/media?parent=14045"}],"wp:term":[{"taxonomy":"category","embeddable":true,"href":"https:\/\/correiodasemana.com\/site\/wp-json\/wp\/v2\/categories?post=14045"},{"taxonomy":"post_tag","embeddable":true,"href":"https:\/\/correiodasemana.com\/site\/wp-json\/wp\/v2\/tags?post=14045"}],"curies":[{"name":"wp","href":"https:\/\/api.w.org\/{rel}","templated":true}]}}