{"id":14258,"date":"2020-10-25T23:02:01","date_gmt":"2020-10-26T02:02:01","guid":{"rendered":"https:\/\/correiodasemana.com\/site\/?p=14258"},"modified":"2020-10-25T23:02:01","modified_gmt":"2020-10-26T02:02:01","slug":"a-estatua-do-padre-cicero","status":"publish","type":"post","link":"https:\/\/correiodasemana.com\/site\/a-estatua-do-padre-cicero\/","title":{"rendered":"A EST\u00c1TUA DO PADRE C\u00cdCERO"},"content":{"rendered":"<p>Em 1\u00b0 de novembro de 1969 era entregue ao povo cearense ou, mais amplamente ao povo brasileiro, particularmente o de Juazeiro Norte, no sul do Cear\u00e1, a est\u00e1tua do Padre C\u00edcero Rom\u00e3o Batista, santificado no cora\u00e7\u00e3o do povo nordestino. A inaugura\u00e7\u00e3o foi em data muito apropriada. \u00c9 o dia que a Igreja Cat\u00f3lica Apost\u00f3lica Romana, conforme afirmo em meu livro \u201cA Caminho da Santidade\u201d (Ed. A Partilha, 2012), em sua sabedoria, reservou para a\u00a0Festum Omnium Sanctorum, festa de Todos os Santos, celebrada anualmente. A Igreja firma na Liturgia, o santo desconhecido, mas, glorificado por Deus. Os santos reconhecidos, foram beatificados ou canonizados e possuem festas pr\u00f3prias. Aqueles que n\u00e3o tiveram esse reconhecimento s\u00e3o celebrados nessa festa. A hist\u00f3ria do Padre C\u00edcero \u00e9 uma hist\u00f3ria complexa, mas, ao adentrarmos nela encontramos um sacerdote fiel \u00e0 Igreja. Claro que controv\u00e9rsias h\u00e1, mas, hoje se tem uma dimens\u00e3o maior do que ele fora e realmente fez, retiradas as inj\u00farias e lendas que foram se acoplando a ele ao longo dos anos. A Igreja j\u00e1 reconhece a necessidade do reconhecimento de seus m\u00e9ritos. Isto se iniciou no bispado de Dom Fernando Panico e esperamos um dia ver meu \u201cPadim\u201d reconhecido pela Igreja.<br \/>\nA est\u00e1tua foi constru\u00edda na gest\u00e3o do Dr. Mauro Sampaio, m\u00e9dico. Em v\u00eddeo comemorativo dos 50 anos da inaugura\u00e7\u00e3o da est\u00e1tua que o amigo historiador Armando Rafael me enviou essa semana, vemos um depoimento do edificador. Diz o Dr. Sampaio que alguns dias ap\u00f3s a sua posse na Prefeitura de Juazeiro recebeu um beato de nome Beato da Cruz que lhe pediu para edificar um cruzeiro na colina do Horto e ele disse que faria uma imagem do Pe. C\u00edcero. O Beato ficou feliz, mas, incr\u00e9dulo. O prefeito diz que \u201cnunca mais o viu\u201d, mas, levou adiante a ideia. Pensava-se em uma est\u00e1tua de uns 8 metros de altura, mas, o projeto alterado para 28 metros de altura. As funda\u00e7\u00f5es da est\u00e1tua s\u00e3o as mesmas funda\u00e7\u00f5es da capela que o Padre C\u00edcero pretendia construir naquela Colina. Com a base, a est\u00e1tua tem 30 metros de altura no total. O escultor foi Armando Lacerda. R\u00f4mulo Ayres Montenegro foi o engenheiro respons\u00e1vel.<br \/>\nNo relato do Dr. Mauro Sampaio ele diz que faltou cimento durante a constru\u00e7\u00e3o, contudo, o governador Pl\u00e1cido Castelo estava construindo o Castel\u00e3o e tinha cimento para a obra. Conforme Sampaio, Pl\u00e1cido Castelo havia sido juiz em Juazeiro e estava ao lado do Pe. C\u00edcero quando ele faleceu. O Prefeito foi, ent\u00e3o, ao Governador que doou o cimento vindo da R\u00fassia e da Hungria.<br \/>\nAinda no cinquenten\u00e1rio da est\u00e1tua que \u00e9 s\u00edmbolo do Cear\u00e1, na Reuni\u00e3o Ordin\u00e1ria do Conselho Estadual de Preserva\u00e7\u00e3o do Patrim\u00f4nio Cultural &#8211; COEPA &#8211; de quarta-feira, 21\/10, iniciamos a discuss\u00e3o sobre os estudos para registro n\u00e3o s\u00f3 da Est\u00e1tua do Pe. C\u00edcero, mas, de outros bens, no pedido intitulado Juazeiro Lugar Sagrado, feito pelo pr\u00f3prio munic\u00edpio de Juazeiro do Norte, em tr\u00e2mite no Conselho desde 2018. Em julho de 2019 quando estive na regi\u00e3o, cheguei at\u00e9 a falar com os amigos Armando Lopes Rafael e Heitor Feitosa para fazermos a solicita\u00e7\u00e3o ao COEPA, mas, constatando a exist\u00eancia do pedido, aguardamos. Veio uma lei estadual, mas, agora o \u00f3rg\u00e3o certo para defini-la como patrim\u00f4nio do Estado do Cear\u00e1 iniciar\u00e1 seus estudos e a Coordena\u00e7\u00e3o de Patrim\u00f4nio Cultural e Mem\u00f3ria est\u00e1 nas m\u00e3os de quem conhece bem essa hist\u00f3ria e foi diretora do Memorial Pe. C\u00edcero, Cristina Holanda.<\/p>\n<p>Viva Meu Padrinho C\u00edcero!<\/p>\n","protected":false},"excerpt":{"rendered":"<p>Em 1\u00b0 de novembro de 1969 era entregue ao povo cearense ou, mais amplamente ao&#8230;<\/p>\n","protected":false},"author":1,"featured_media":8256,"comment_status":"open","ping_status":"open","sticky":false,"template":"","format":"standard","meta":{"_jetpack_memberships_contains_paid_content":false,"footnotes":"","jetpack_publicize_message":"","jetpack_publicize_feature_enabled":true,"jetpack_social_post_already_shared":true,"jetpack_social_options":{"image_generator_settings":{"template":"highway","default_image_id":0,"font":"","enabled":false},"version":2}},"categories":[11,41],"tags":[],"class_list":["post-14258","post","type-post","status-publish","format-standard","has-post-thumbnail","hentry","category-artigos","category-jose-luis-lira"],"jetpack_publicize_connections":[],"jetpack_featured_media_url":"https:\/\/correiodasemana.com\/site\/wp-content\/uploads\/2019\/07\/Jose\u0301-1.jpg","jetpack-related-posts":[{"id":8438,"url":"https:\/\/correiodasemana.com\/site\/padre-cicero-85-anos-depois\/","url_meta":{"origin":14258,"position":0},"title":"PADRE C\u00cdCERO, 85 ANOS DEPOIS!","author":"","date":"Julho 22, 2019","format":false,"excerpt":"H\u00e1 exatos 85 anos, em Juazeiro do Norte, aos 90 anos falecia o santo dos sertanejos, Padre C\u00edcero Rom\u00e3o Batista. Quase cego. Proibido de celebrar ou de falar do milagre que presenciou. Obediente. Semana passada, falei sobre o Padre C\u00edcero. O tema \u00e9 inesgot\u00e1vel e eu lembrava leitura que havia\u2026","rel":"","context":"In &quot;Artigos&quot;","block_context":{"text":"Artigos","link":"https:\/\/correiodasemana.com\/site\/category\/artigos\/"},"img":{"alt_text":"","src":"https:\/\/i0.wp.com\/correiodasemana.com\/site\/wp-content\/uploads\/2019\/07\/Jose%CC%81-1.jpg?resize=350%2C200&ssl=1","width":350,"height":200,"srcset":"https:\/\/i0.wp.com\/correiodasemana.com\/site\/wp-content\/uploads\/2019\/07\/Jose%CC%81-1.jpg?resize=350%2C200&ssl=1 1x, https:\/\/i0.wp.com\/correiodasemana.com\/site\/wp-content\/uploads\/2019\/07\/Jose%CC%81-1.jpg?resize=525%2C300&ssl=1 1.5x, https:\/\/i0.wp.com\/correiodasemana.com\/site\/wp-content\/uploads\/2019\/07\/Jose%CC%81-1.jpg?resize=700%2C400&ssl=1 2x"},"classes":[]},{"id":20876,"url":"https:\/\/correiodasemana.com\/site\/padre-cicero-e-a-nova-evangelizacao\/","url_meta":{"origin":14258,"position":1},"title":"Padre C\u00edcero e a nova evangeliza\u00e7\u00e3o","author":"","date":"Agosto 29, 2022","format":false,"excerpt":"No \u00faltimo dia 20, um acontecimento hist\u00f3rico veio alegrar os cora\u00e7\u00f5es de milh\u00f5es de nordestinos: a autoriza\u00e7\u00e3o, por parte da Santa S\u00e9, da abertura do processo de beatifica\u00e7\u00e3o do Padre C\u00edcero Rom\u00e3o Batista. Exatamente 88 anos e um m\u00eas ap\u00f3s a morte do sacerdote cearense, vemos um passo importante para\u2026","rel":"","context":"In &quot;Artigos&quot;","block_context":{"text":"Artigos","link":"https:\/\/correiodasemana.com\/site\/category\/artigos\/"},"img":{"alt_text":"","src":"https:\/\/i0.wp.com\/correiodasemana.com\/site\/wp-content\/uploads\/2018\/02\/editorial-cs.jpg?resize=350%2C200&ssl=1","width":350,"height":200,"srcset":"https:\/\/i0.wp.com\/correiodasemana.com\/site\/wp-content\/uploads\/2018\/02\/editorial-cs.jpg?resize=350%2C200&ssl=1 1x, https:\/\/i0.wp.com\/correiodasemana.com\/site\/wp-content\/uploads\/2018\/02\/editorial-cs.jpg?resize=525%2C300&ssl=1 1.5x"},"classes":[]},{"id":20948,"url":"https:\/\/correiodasemana.com\/site\/padre-cicero-e-maria-de-araujo-justica-e-reparacao\/","url_meta":{"origin":14258,"position":2},"title":"Padre C\u00edcero e Maria de Ara\u00fajo: justi\u00e7a e repara\u00e7\u00e3o","author":"","date":"Setembro 5, 2022","format":false,"excerpt":"Tal como j\u00e1 foi citado no editorial da edi\u00e7\u00e3o passada, a abertura do processo de beatifica\u00e7\u00e3o do Padre C\u00edcero Rom\u00e3o Batista \u00e9 um marco na abertura de novos horizontes na grande epop\u00e9ia da quest\u00e3o religiosa de Juazeiro do Norte. Para milh\u00f5es de pessoas que esperavam ansiosas por essa not\u00edcia, o\u2026","rel":"","context":"In &quot;Artigos&quot;","block_context":{"text":"Artigos","link":"https:\/\/correiodasemana.com\/site\/category\/artigos\/"},"img":{"alt_text":"","src":"https:\/\/i0.wp.com\/correiodasemana.com\/site\/wp-content\/uploads\/2018\/02\/editorial-cs.jpg?resize=350%2C200&ssl=1","width":350,"height":200,"srcset":"https:\/\/i0.wp.com\/correiodasemana.com\/site\/wp-content\/uploads\/2018\/02\/editorial-cs.jpg?resize=350%2C200&ssl=1 1x, https:\/\/i0.wp.com\/correiodasemana.com\/site\/wp-content\/uploads\/2018\/02\/editorial-cs.jpg?resize=525%2C300&ssl=1 1.5x"},"classes":[]},{"id":33975,"url":"https:\/\/correiodasemana.com\/site\/diocese-de-crato-anuncia-conclusao-da-fase-diocesana-do-primeiro-inquerito-do-processo-de-beatificacao-do-padre-cicero-romao-para-junho-de-2025\/","url_meta":{"origin":14258,"position":3},"title":"Diocese de Crato anuncia conclus\u00e3o da fase Diocesana do primeiro inqu\u00e9rito do processo de beatifica\u00e7\u00e3o do Padre C\u00edcero Rom\u00e3o para junho de 2025","author":"adminredacao","date":"Junho 3, 2025","format":false,"excerpt":"Na manh\u00e3 desta segunda-feira, 19 de maio, a Diocese de Crato reuniu jornalistas e representantes de ve\u00edculos de comunica\u00e7\u00e3o da regi\u00e3o para uma coletiva de imprensa marcada por emo\u00e7\u00e3o, gratid\u00e3o e esperan\u00e7a. O encontro teve como objetivo apresentar os avan\u00e7os da fase diocesana da Causa de Beatifica\u00e7\u00e3o do Servo de\u2026","rel":"","context":"In &quot;Atualidade&quot;","block_context":{"text":"Atualidade","link":"https:\/\/correiodasemana.com\/site\/category\/atualidade\/"},"img":{"alt_text":"","src":"https:\/\/i0.wp.com\/correiodasemana.com\/site\/wp-content\/uploads\/2025\/06\/coletiva-em-crato-1.jpg?resize=350%2C200&ssl=1","width":350,"height":200,"srcset":"https:\/\/i0.wp.com\/correiodasemana.com\/site\/wp-content\/uploads\/2025\/06\/coletiva-em-crato-1.jpg?resize=350%2C200&ssl=1 1x, https:\/\/i0.wp.com\/correiodasemana.com\/site\/wp-content\/uploads\/2025\/06\/coletiva-em-crato-1.jpg?resize=525%2C300&ssl=1 1.5x, https:\/\/i0.wp.com\/correiodasemana.com\/site\/wp-content\/uploads\/2025\/06\/coletiva-em-crato-1.jpg?resize=700%2C400&ssl=1 2x, https:\/\/i0.wp.com\/correiodasemana.com\/site\/wp-content\/uploads\/2025\/06\/coletiva-em-crato-1.jpg?resize=1050%2C600&ssl=1 3x, https:\/\/i0.wp.com\/correiodasemana.com\/site\/wp-content\/uploads\/2025\/06\/coletiva-em-crato-1.jpg?resize=1400%2C800&ssl=1 4x"},"classes":[]},{"id":26848,"url":"https:\/\/correiodasemana.com\/site\/padre-cicero-entra-para-o-livro-dos-herois-e-heroinas-da-patria\/","url_meta":{"origin":14258,"position":4},"title":"Padre C\u00edcero entra para o Livro dos Her\u00f3is e Hero\u00ednas da P\u00e1tria","author":"adminredacao","date":"Outubro 17, 2023","format":false,"excerpt":"Ele nasceu em 1844 e morreu em 1934, aos 90 anos Por Fab\u00edola Sinimb\u00fa - Rep\u00f3rter da Ag\u00eancia Brasil - Bras\u00edlia O nome de C\u00edcero Rom\u00e3o Batista - mais conhecido como padre C\u00edcero - foi inscrito no Livro dos Her\u00f3is e Hero\u00ednas da P\u00e1tria, atrav\u00e9s da lei 14.693\/2023, sancionada pelo\u2026","rel":"","context":"In &quot;Atualidade&quot;","block_context":{"text":"Atualidade","link":"https:\/\/correiodasemana.com\/site\/category\/atualidade\/"},"img":{"alt_text":"","src":"https:\/\/i0.wp.com\/correiodasemana.com\/site\/wp-content\/uploads\/2023\/10\/alta_9e433e57-cf28-4194-a3e3-a91bb10198a8_jv.jpeg?resize=350%2C200&ssl=1","width":350,"height":200,"srcset":"https:\/\/i0.wp.com\/correiodasemana.com\/site\/wp-content\/uploads\/2023\/10\/alta_9e433e57-cf28-4194-a3e3-a91bb10198a8_jv.jpeg?resize=350%2C200&ssl=1 1x, https:\/\/i0.wp.com\/correiodasemana.com\/site\/wp-content\/uploads\/2023\/10\/alta_9e433e57-cf28-4194-a3e3-a91bb10198a8_jv.jpeg?resize=525%2C300&ssl=1 1.5x, https:\/\/i0.wp.com\/correiodasemana.com\/site\/wp-content\/uploads\/2023\/10\/alta_9e433e57-cf28-4194-a3e3-a91bb10198a8_jv.jpeg?resize=700%2C400&ssl=1 2x, https:\/\/i0.wp.com\/correiodasemana.com\/site\/wp-content\/uploads\/2023\/10\/alta_9e433e57-cf28-4194-a3e3-a91bb10198a8_jv.jpeg?resize=1050%2C600&ssl=1 3x"},"classes":[]},{"id":15749,"url":"https:\/\/correiodasemana.com\/site\/nordeste-as-pegadas-do-padre-cicero\/","url_meta":{"origin":14258,"position":5},"title":"Nordeste \u00e0s pegadas do padre C\u00edcero","author":"","date":"Fevereiro 24, 2021","format":false,"excerpt":"Lucas Monteiro Barbosa seminaristalucas18@gmail.com Independentemente das motiva\u00e7\u00f5es pelas quais muitos historiadores se aventuraram pelos anais da vida do Padre C\u00edcero Rom\u00e3o Batista, o \u201cPadim C\u00ed\u00e7o\u201d, como \u00e9 devotamente conhecido, sobretudo pelos romeiros de Juazeiro do Norte, sempre foi centro de debates na historiografia do Nordeste brasileiro. Algumas de suas biografias\u2026","rel":"","context":"In &quot;Atualidade&quot;","block_context":{"text":"Atualidade","link":"https:\/\/correiodasemana.com\/site\/category\/atualidade\/"},"img":{"alt_text":"","src":"","width":0,"height":0},"classes":[]}],"jetpack_sharing_enabled":true,"_links":{"self":[{"href":"https:\/\/correiodasemana.com\/site\/wp-json\/wp\/v2\/posts\/14258","targetHints":{"allow":["GET"]}}],"collection":[{"href":"https:\/\/correiodasemana.com\/site\/wp-json\/wp\/v2\/posts"}],"about":[{"href":"https:\/\/correiodasemana.com\/site\/wp-json\/wp\/v2\/types\/post"}],"author":[{"embeddable":true,"href":"https:\/\/correiodasemana.com\/site\/wp-json\/wp\/v2\/users\/1"}],"replies":[{"embeddable":true,"href":"https:\/\/correiodasemana.com\/site\/wp-json\/wp\/v2\/comments?post=14258"}],"version-history":[{"count":1,"href":"https:\/\/correiodasemana.com\/site\/wp-json\/wp\/v2\/posts\/14258\/revisions"}],"predecessor-version":[{"id":14259,"href":"https:\/\/correiodasemana.com\/site\/wp-json\/wp\/v2\/posts\/14258\/revisions\/14259"}],"wp:featuredmedia":[{"embeddable":true,"href":"https:\/\/correiodasemana.com\/site\/wp-json\/wp\/v2\/media\/8256"}],"wp:attachment":[{"href":"https:\/\/correiodasemana.com\/site\/wp-json\/wp\/v2\/media?parent=14258"}],"wp:term":[{"taxonomy":"category","embeddable":true,"href":"https:\/\/correiodasemana.com\/site\/wp-json\/wp\/v2\/categories?post=14258"},{"taxonomy":"post_tag","embeddable":true,"href":"https:\/\/correiodasemana.com\/site\/wp-json\/wp\/v2\/tags?post=14258"}],"curies":[{"name":"wp","href":"https:\/\/api.w.org\/{rel}","templated":true}]}}