{"id":14260,"date":"2020-10-25T23:03:17","date_gmt":"2020-10-26T02:03:17","guid":{"rendered":"https:\/\/correiodasemana.com\/site\/?p=14260"},"modified":"2020-10-25T23:03:17","modified_gmt":"2020-10-26T02:03:17","slug":"sobral-realiza-celebracao-em-homenagem-a-festa-da-mae-rainha","status":"publish","type":"post","link":"https:\/\/correiodasemana.com\/site\/sobral-realiza-celebracao-em-homenagem-a-festa-da-mae-rainha\/","title":{"rendered":"Sobral realiza celebra\u00e7\u00e3o em homenagem \u00e0 Festa da M\u00e3e Rainha"},"content":{"rendered":"<p>N\u00famero reduzido de fieis presentes nas comemora\u00e7\u00f5es j\u00e1 era esperado pela organiza\u00e7\u00e3o<\/p>\n<p>Por Joc\u00e9lio Tavares.<br \/>\nO Movimento M\u00e3e Rainha celebrou, na \u00faltima semana, o 23\u00ba anivers\u00e1rio do santu\u00e1rio. A programa\u00e7\u00e3o, j\u00e1 tradicional na cidade de Sobral, precisou realizar algumas adapta\u00e7\u00f5es por conta das medidas de seguran\u00e7a contra o novo coronav\u00edrus.<br \/>\nAs celebra\u00e7\u00f5es iniciaram com uma carreata, \u00e0s 8h30, que saiu da Pra\u00e7a do Museu do Eclipse e percorreu as principais ruas da cidade com a imagem da M\u00e3e Rainha.<br \/>\nNeste ano, visando n\u00e3o causar aglomera\u00e7\u00f5es de fieis, mas ainda assim pensando na possibilidade de atender ao p\u00fablico que anualmente se faz presente, foram realizadas duas missas, \u00e0s 8h, celebrada pelo Padre Joc\u00e9lio, e \u00e0s 10h a missa tradicional, celebrada pelo Padre J\u00fanior Melo. A santa missa das 10h na ocorreu com a chegada solene da imagem da M\u00e3e Rainha.<br \/>\nO encerramento das comemora\u00e7\u00f5es foi realizado \u00e0s 18h no Morro da M\u00e3e Rainha e foi celebrado pelo Padre J\u00fanior Melo. Ao final, foi realizada a coroa\u00e7\u00e3o de Nossa Senhora.<br \/>\nDona Iai\u00e1, coordenadora diocesana do movimento, sentiu-se muito feliz e realizada por termos a possibilidade de realizar a festa da M\u00e3e Rainha, apesar desse momento que toda a humanidade vive.<\/p>\n<p><img fetchpriority=\"high\" decoding=\"async\" class=\"alignleft size-full wp-image-14261\" src=\"https:\/\/correiodasemana.com\/site\/wp-content\/uploads\/2020\/10\/WhatsApp-Image-2020-10-19-at-10.48.37.jpeg\" alt=\"\" width=\"1280\" height=\"960\" srcset=\"https:\/\/correiodasemana.com\/site\/wp-content\/uploads\/2020\/10\/WhatsApp-Image-2020-10-19-at-10.48.37.jpeg 1280w, https:\/\/correiodasemana.com\/site\/wp-content\/uploads\/2020\/10\/WhatsApp-Image-2020-10-19-at-10.48.37-300x225.jpeg 300w, https:\/\/correiodasemana.com\/site\/wp-content\/uploads\/2020\/10\/WhatsApp-Image-2020-10-19-at-10.48.37-1024x768.jpeg 1024w, https:\/\/correiodasemana.com\/site\/wp-content\/uploads\/2020\/10\/WhatsApp-Image-2020-10-19-at-10.48.37-768x576.jpeg 768w\" sizes=\"(max-width: 1280px) 100vw, 1280px\" \/><\/p>\n","protected":false},"excerpt":{"rendered":"<p>N\u00famero reduzido de fieis presentes nas comemora\u00e7\u00f5es j\u00e1 era esperado pela organiza\u00e7\u00e3o Por Joc\u00e9lio Tavares&#8230;.<\/p>\n","protected":false},"author":1,"featured_media":14261,"comment_status":"open","ping_status":"open","sticky":false,"template":"","format":"standard","meta":{"_jetpack_memberships_contains_paid_content":false,"footnotes":"","jetpack_publicize_message":"","jetpack_publicize_feature_enabled":true,"jetpack_social_post_already_shared":true,"jetpack_social_options":{"image_generator_settings":{"template":"highway","default_image_id":0,"font":"","enabled":false},"version":2}},"categories":[1],"tags":[],"class_list":["post-14260","post","type-post","status-publish","format-standard","has-post-thumbnail","hentry","category-atualidade"],"jetpack_publicize_connections":[],"jetpack_featured_media_url":"https:\/\/correiodasemana.com\/site\/wp-content\/uploads\/2020\/10\/WhatsApp-Image-2020-10-19-at-10.48.37.jpeg","jetpack-related-posts":[{"id":21332,"url":"https:\/\/correiodasemana.com\/site\/depois-de-2-anos-festa-da-mae-rainha-atrai-fieis-em-grande-celebracao-de-fe-e-evangelizacao\/","url_meta":{"origin":14260,"position":0},"title":"Depois de 2 anos, festa da M\u00e3e Rainha atrai fi\u00e9is em grande celebra\u00e7\u00e3o de f\u00e9 e evangeliza\u00e7\u00e3o","author":"","date":"Outubro 24, 2022","format":false,"excerpt":"O Santu\u00e1rio Diocesano da M\u00e3e Rainha (Sobral) celebrou no \u00faltimo domingo (16), 25 anos de exist\u00eancia e 30 anos do movimento Shoenstatt em Sobral. \u201c A gra\u00e7a da transforma\u00e7\u00e3o interior \u2013 M\u00e3e Rainha e Vencedora Tr\u00eas Vezes Admir\u00e1vel, formadora do mundo novo\u201d foi o lema da festa deste ano. A\u2026","rel":"","context":"In &quot;Atualidade&quot;","block_context":{"text":"Atualidade","link":"https:\/\/correiodasemana.com\/site\/category\/atualidade\/"},"img":{"alt_text":"","src":"https:\/\/i0.wp.com\/correiodasemana.com\/site\/wp-content\/uploads\/2022\/10\/paroquia-mae-rainha-sobral-9.jpeg?resize=350%2C200&ssl=1","width":350,"height":200,"srcset":"https:\/\/i0.wp.com\/correiodasemana.com\/site\/wp-content\/uploads\/2022\/10\/paroquia-mae-rainha-sobral-9.jpeg?resize=350%2C200&ssl=1 1x, https:\/\/i0.wp.com\/correiodasemana.com\/site\/wp-content\/uploads\/2022\/10\/paroquia-mae-rainha-sobral-9.jpeg?resize=525%2C300&ssl=1 1.5x, https:\/\/i0.wp.com\/correiodasemana.com\/site\/wp-content\/uploads\/2022\/10\/paroquia-mae-rainha-sobral-9.jpeg?resize=700%2C400&ssl=1 2x"},"classes":[]},{"id":15058,"url":"https:\/\/correiodasemana.com\/site\/celebracoes-em-homenagem-a-nossa-senhora-da-conceicao-sao-realizadas-em-sobral\/","url_meta":{"origin":14260,"position":1},"title":"Celebra\u00e7\u00f5es em homenagem a Nossa Senhora da Concei\u00e7\u00e3o s\u00e3o realizadas em Sobral","author":"","date":"Dezembro 20, 2020","format":false,"excerpt":"Missa solene foi celebrada por Dom Vasconcelos na noite da ter\u00e7a-feira (08\/12) ap\u00f3s realiza\u00e7\u00e3o de carreata pelas ruas da cidade. Por Joc\u00e9lio Tavares. A Diocese de Sobral realizou, na \u00faltima ter\u00e7a-feira (08\/12), as celebra\u00e7\u00f5es em homenagem a Nossa Senhora da Concei\u00e7\u00e3o, padroeira da cidade. As comemora\u00e7\u00f5es se iniciaram ainda pela\u2026","rel":"","context":"In &quot;Diocese&quot;","block_context":{"text":"Diocese","link":"https:\/\/correiodasemana.com\/site\/category\/diocese\/"},"img":{"alt_text":"","src":"https:\/\/i0.wp.com\/correiodasemana.com\/site\/wp-content\/uploads\/2020\/12\/DSC5029.jpg?resize=350%2C200&ssl=1","width":350,"height":200,"srcset":"https:\/\/i0.wp.com\/correiodasemana.com\/site\/wp-content\/uploads\/2020\/12\/DSC5029.jpg?resize=350%2C200&ssl=1 1x, https:\/\/i0.wp.com\/correiodasemana.com\/site\/wp-content\/uploads\/2020\/12\/DSC5029.jpg?resize=525%2C300&ssl=1 1.5x, https:\/\/i0.wp.com\/correiodasemana.com\/site\/wp-content\/uploads\/2020\/12\/DSC5029.jpg?resize=700%2C400&ssl=1 2x"},"classes":[]},{"id":9568,"url":"https:\/\/correiodasemana.com\/site\/festa-da-mae-rainha-atrai-fieis-para-uma-grande-celebracao\/","url_meta":{"origin":14260,"position":2},"title":"Festa da M\u00e3e Rainha atrai fi\u00e9is para uma grande celebra\u00e7\u00e3o","author":"","date":"Outubro 28, 2019","format":false,"excerpt":"A programa\u00e7\u00e3o iniciou com uma carreata saindo da Par\u00f3quia do Patroc\u00ednio levando a acolhida dos peregrinos, terminando com a Coroa\u00e7\u00e3o de Nossa Senhora. \u201cUnidos ao Pai e Profeta, com a M\u00e3e Peregrina, cultivamos a nova terra Mariana\u201d foi o lema da festa\u00a0da M\u00e3e Rainha e Vencedora Tr\u00eas Vezes Admir\u00e1vel de\u2026","rel":"","context":"In &quot;Destaques&quot;","block_context":{"text":"Destaques","link":"https:\/\/correiodasemana.com\/site\/category\/destaques\/"},"img":{"alt_text":"","src":"https:\/\/i0.wp.com\/correiodasemana.com\/site\/wp-content\/uploads\/2019\/10\/M%C3%A3e-Rainha-2019-3.jpg?resize=350%2C200&ssl=1","width":350,"height":200,"srcset":"https:\/\/i0.wp.com\/correiodasemana.com\/site\/wp-content\/uploads\/2019\/10\/M%C3%A3e-Rainha-2019-3.jpg?resize=350%2C200&ssl=1 1x, https:\/\/i0.wp.com\/correiodasemana.com\/site\/wp-content\/uploads\/2019\/10\/M%C3%A3e-Rainha-2019-3.jpg?resize=525%2C300&ssl=1 1.5x, https:\/\/i0.wp.com\/correiodasemana.com\/site\/wp-content\/uploads\/2019\/10\/M%C3%A3e-Rainha-2019-3.jpg?resize=700%2C400&ssl=1 2x"},"classes":[]},{"id":21247,"url":"https:\/\/correiodasemana.com\/site\/diocese-de-sobral-realiza-romaria-diocesana-em-honra-a-nossa-senhora-aparecida-rainha-e-padroeira-do-brasil\/","url_meta":{"origin":14260,"position":3},"title":"Diocese de Sobral realiza Romaria Diocesana em honra a Nossa Senhora Aparecida, Rainha e Padroeira do Brasil","author":"","date":"Outubro 16, 2022","format":false,"excerpt":"(Thais Helena \u2013 Reda\u00e7\u00e3o Correio da Semana) O dia dedicado a rainha e padroeira do Brasil, Nossa Senhora Aparecida, foi celebrado com uma grandiosa festa neste dia 12 de outubro na Diocese de Sobral. Em 1929, no encerramento do Congresso Mariano, Nossa Senhora Aparecida foi proclamada Rainha do Brasil, sob\u2026","rel":"","context":"In &quot;Atualidade&quot;","block_context":{"text":"Atualidade","link":"https:\/\/correiodasemana.com\/site\/category\/atualidade\/"},"img":{"alt_text":"","src":"https:\/\/i0.wp.com\/correiodasemana.com\/site\/wp-content\/uploads\/2022\/10\/WhatsApp-Image-2022-10-13-at-16.18.58.jpeg?resize=350%2C200&ssl=1","width":350,"height":200,"srcset":"https:\/\/i0.wp.com\/correiodasemana.com\/site\/wp-content\/uploads\/2022\/10\/WhatsApp-Image-2022-10-13-at-16.18.58.jpeg?resize=350%2C200&ssl=1 1x, https:\/\/i0.wp.com\/correiodasemana.com\/site\/wp-content\/uploads\/2022\/10\/WhatsApp-Image-2022-10-13-at-16.18.58.jpeg?resize=525%2C300&ssl=1 1.5x, https:\/\/i0.wp.com\/correiodasemana.com\/site\/wp-content\/uploads\/2022\/10\/WhatsApp-Image-2022-10-13-at-16.18.58.jpeg?resize=700%2C400&ssl=1 2x, https:\/\/i0.wp.com\/correiodasemana.com\/site\/wp-content\/uploads\/2022\/10\/WhatsApp-Image-2022-10-13-at-16.18.58.jpeg?resize=1050%2C600&ssl=1 3x, https:\/\/i0.wp.com\/correiodasemana.com\/site\/wp-content\/uploads\/2022\/10\/WhatsApp-Image-2022-10-13-at-16.18.58.jpeg?resize=1400%2C800&ssl=1 4x"},"classes":[]},{"id":35291,"url":"https:\/\/correiodasemana.com\/site\/jubileu-das-familias-reune-centenas-de-fieis-na-se-catedral-de-sobral\/","url_meta":{"origin":14260,"position":4},"title":"Jubileu das Fam\u00edlias re\u00fane centenas de fi\u00e9is na S\u00e9 Catedral de Sobral","author":"adminredacao","date":"Agosto 25, 2025","format":false,"excerpt":"Vivenciando a gra\u00e7a do Ano Jubilar, a S\u00e9 Catedral de Nossa Senhora da Concei\u00e7\u00e3o recebeu uma grande por\u00e7\u00e3o do povo de Deus que veio at\u00e9 a Igreja m\u00e3e para participar do Jubileu das Fam\u00edlias, no \u00faltimo s\u00e1bado (17). A programa\u00e7\u00e3o teve in\u00edcio com a caminhada penitencial, que partiu do Arco\u2026","rel":"","context":"In &quot;Atualidade&quot;","block_context":{"text":"Atualidade","link":"https:\/\/correiodasemana.com\/site\/category\/atualidade\/"},"img":{"alt_text":"","src":"https:\/\/i0.wp.com\/correiodasemana.com\/site\/wp-content\/uploads\/2025\/08\/WhatsApp-Image-2025-08-22-at-15.28.03.jpeg?resize=350%2C200&ssl=1","width":350,"height":200,"srcset":"https:\/\/i0.wp.com\/correiodasemana.com\/site\/wp-content\/uploads\/2025\/08\/WhatsApp-Image-2025-08-22-at-15.28.03.jpeg?resize=350%2C200&ssl=1 1x, https:\/\/i0.wp.com\/correiodasemana.com\/site\/wp-content\/uploads\/2025\/08\/WhatsApp-Image-2025-08-22-at-15.28.03.jpeg?resize=525%2C300&ssl=1 1.5x, https:\/\/i0.wp.com\/correiodasemana.com\/site\/wp-content\/uploads\/2025\/08\/WhatsApp-Image-2025-08-22-at-15.28.03.jpeg?resize=700%2C400&ssl=1 2x, https:\/\/i0.wp.com\/correiodasemana.com\/site\/wp-content\/uploads\/2025\/08\/WhatsApp-Image-2025-08-22-at-15.28.03.jpeg?resize=1050%2C600&ssl=1 3x, https:\/\/i0.wp.com\/correiodasemana.com\/site\/wp-content\/uploads\/2025\/08\/WhatsApp-Image-2025-08-22-at-15.28.03.jpeg?resize=1400%2C800&ssl=1 4x"},"classes":[]},{"id":14156,"url":"https:\/\/correiodasemana.com\/site\/igreja-catolica-de-sobral-substitui-tradicional-caminhada-com-maria-de-sobral-por-carreata\/","url_meta":{"origin":14260,"position":5},"title":"Igreja Cat\u00f3lica de Sobral substitui tradicional Caminhada com Maria, de Sobral por carreata","author":"","date":"Outubro 20, 2020","format":false,"excerpt":"A Igreja Cat\u00f3lica de Sobral realizou, na noite da \u00faltima segunda-feira (12\/10), uma carreata para celebrar o dia de Nossa Senhora Aparecida, padroeira do Brasil. A a\u00e7\u00e3o substituiu a tradicional Caminhada com Maria, que leva cerca de 15 mil pessoas \u00e0s ruas da cidade. A carreata, que percorreu um trajeto\u2026","rel":"","context":"In &quot;Diocese&quot;","block_context":{"text":"Diocese","link":"https:\/\/correiodasemana.com\/site\/category\/diocese\/"},"img":{"alt_text":"","src":"https:\/\/i0.wp.com\/correiodasemana.com\/site\/wp-content\/uploads\/2020\/10\/DSC6136.jpg?resize=350%2C200&ssl=1","width":350,"height":200,"srcset":"https:\/\/i0.wp.com\/correiodasemana.com\/site\/wp-content\/uploads\/2020\/10\/DSC6136.jpg?resize=350%2C200&ssl=1 1x, https:\/\/i0.wp.com\/correiodasemana.com\/site\/wp-content\/uploads\/2020\/10\/DSC6136.jpg?resize=525%2C300&ssl=1 1.5x, https:\/\/i0.wp.com\/correiodasemana.com\/site\/wp-content\/uploads\/2020\/10\/DSC6136.jpg?resize=700%2C400&ssl=1 2x"},"classes":[]}],"jetpack_sharing_enabled":true,"_links":{"self":[{"href":"https:\/\/correiodasemana.com\/site\/wp-json\/wp\/v2\/posts\/14260","targetHints":{"allow":["GET"]}}],"collection":[{"href":"https:\/\/correiodasemana.com\/site\/wp-json\/wp\/v2\/posts"}],"about":[{"href":"https:\/\/correiodasemana.com\/site\/wp-json\/wp\/v2\/types\/post"}],"author":[{"embeddable":true,"href":"https:\/\/correiodasemana.com\/site\/wp-json\/wp\/v2\/users\/1"}],"replies":[{"embeddable":true,"href":"https:\/\/correiodasemana.com\/site\/wp-json\/wp\/v2\/comments?post=14260"}],"version-history":[{"count":1,"href":"https:\/\/correiodasemana.com\/site\/wp-json\/wp\/v2\/posts\/14260\/revisions"}],"predecessor-version":[{"id":14262,"href":"https:\/\/correiodasemana.com\/site\/wp-json\/wp\/v2\/posts\/14260\/revisions\/14262"}],"wp:featuredmedia":[{"embeddable":true,"href":"https:\/\/correiodasemana.com\/site\/wp-json\/wp\/v2\/media\/14261"}],"wp:attachment":[{"href":"https:\/\/correiodasemana.com\/site\/wp-json\/wp\/v2\/media?parent=14260"}],"wp:term":[{"taxonomy":"category","embeddable":true,"href":"https:\/\/correiodasemana.com\/site\/wp-json\/wp\/v2\/categories?post=14260"},{"taxonomy":"post_tag","embeddable":true,"href":"https:\/\/correiodasemana.com\/site\/wp-json\/wp\/v2\/tags?post=14260"}],"curies":[{"name":"wp","href":"https:\/\/api.w.org\/{rel}","templated":true}]}}