{"id":14344,"date":"2020-10-29T08:42:43","date_gmt":"2020-10-29T11:42:43","guid":{"rendered":"https:\/\/correiodasemana.com\/site\/?p=14344"},"modified":"2020-10-29T08:42:43","modified_gmt":"2020-10-29T11:42:43","slug":"lembrado-hoje-dia-mundial-do-avc-serve-de-alerta-a-populacao","status":"publish","type":"post","link":"https:\/\/correiodasemana.com\/site\/lembrado-hoje-dia-mundial-do-avc-serve-de-alerta-a-populacao\/","title":{"rendered":"Lembrado hoje, Dia Mundial do AVC serve de alerta \u00e0 popula\u00e7\u00e3o"},"content":{"rendered":"<div class=\"col-lg-12 mb-3\">\n<div class=\"row\">\n<h3 class=\"col-10 offset-1 animated fadeInDown dealy-900 display-8 display-md-8 alt-font font-italic my-1 text-center\">Acidente vascular cerebral \u00e9 segunda causa de morte principal no pa\u00eds<\/h3>\n<\/div>\n<\/div>\n<div class=\"col-xl-7 offset-xl-1 col-lg-8 offset-lg-0 col-md-10 offset-md-1 mb-3\">\n<div class=\"post-item alt-font\">\n<div class=\"post-item-wrap\">\n<p>Segunda principal causa de morte no Brasil, o acidente vascular cerebral (AVC) \u00e9 lembrado hoje (29), em data especial, que serve de alerta \u00e0 popula\u00e7\u00e3o. O Dia Mundial do AVC chama aten\u00e7\u00e3o para a quantidade de pessoas que o derrame, como \u00e9 mais comumente chamado, acomete e tamb\u00e9m para os efeitos incapacitantes que pode provocar, motivo por que a campanha busca incentivar a ado\u00e7\u00e3o de comportamentos preventivos.<img decoding=\"async\" src=\"https:\/\/agenciabrasil.ebc.com.br\/ebc.png?id=1391807&amp;o=node\" \/><img decoding=\"async\" src=\"https:\/\/agenciabrasil.ebc.com.br\/ebc.gif?id=1391807&amp;o=node\" \/><\/p>\n<p>De acordo com dados do Minist\u00e9rio da Sa\u00fade, somente em 2017 foram registradas 101,1 mil mortes decorrentes da doen\u00e7a.\u00a0Em levantamento encaminhado \u00e0 Ag\u00eancia Brasil, a Sociedade Brasileira de Cardiologia (SBC) destaca que, entre 1\u00ba de janeiro deste ano at\u00e9 o dia 16 de outubro, 78.649 pacientes com AVC foram a \u00f3bito. Os n\u00fameros se distinguem pouco da soma do ano passado, de\u00a079.984 casos.<\/p>\n<p>Desse total apurado pela entidade, 50.201 ocorreram durante os sete primeiros meses da pandemia de covid-19, patamar que se assemelha ao registrado no mesmo per\u00edodo em 2019, de 60.400 ocorr\u00eancias. Conforme destaca a SBC, a queda de 16,8% se explica porque muitas pessoas acabaram morrendo em casa, durante a crise sanit\u00e1ria, o que impediu que\u00a0os profissionais de sa\u00fade identificassem as\u00a0verdadeiras causas de falecimento.<\/p>\n<p>Os grupos entre os quais mais se confirmaram \u00f3bitos por AVC foram homens com idade entre 70 e 79 anos e mulheres com idade entre 80 e 89 anos. Em seguida, aparecem homens na faixa de 80 a 89 anos e mulheres de 70 a 79 anos, todos dados que demonstram que a idade \u00e9 um fator que influencia nas chances de se desenvolver o quadro.<\/p>\n<p>Como para outras doen\u00e7as cardiovasculares, h\u00e1 fatores de risco que podem ser controlados e, portanto, reduzir a vulnerabilidade a elas, como o sedentarismo, o tabagismo e o uso abusivo de \u00e1lcool. A apneia do sono, por sua vez, pode aumentar em 3,7% as chances de uma pessoa desenvolver tais enfermidades.<\/p>\n<p>Complementando informa\u00e7\u00f5es da SBC, a Sociedade Brasileira de Doen\u00e7as Cerebrovasculares (SBDCV) pontua que cerca de 70% das pessoas acometidas por AVC n\u00e3o conseguem ter condi\u00e7\u00f5es de retomar as atividades profissionais, em decorr\u00eancia das sequelas que o quadro deixa e que metade dos pacientes perde autonomia e acaba precisando de cuidadores e para realizar tarefas di\u00e1rias.\u00a0A SBDCV sublinha, ainda, que, embora o AVC atinja mais frequentemente indiv\u00edduos com idade acima de 60 anos, tem crescido entre jovens e pode, inclusive, afetar crian\u00e7as.<\/p>\n<h2>Sintomas<\/h2>\n<p>O AVC \u00e9 a forma\u00e7\u00e3o de um\u00a0<em>d\u00e9ficit<\/em>\u00a0neurol\u00f3gico s\u00fabito, causado por uma falha nos vasos sangu\u00edneos do sistema nervoso central. Pode ser dividido em dois tipos: o isqu\u00eamico e o hemorr\u00e1gico. O primeiro, que responde a 85% dos casos, deriva da obstru\u00e7\u00e3o ou redu\u00e7\u00e3o brusca do fluxo sangu\u00edneo em uma art\u00e9ria cerebral e desencadeia a falta de circula\u00e7\u00e3o no seu territ\u00f3rio vascular. J\u00e1 o hemorr\u00e1gico tem origem em uma ruptura espont\u00e2nea de um vaso, que pode ser um aneurisma e faz com que o sangue preencha o interior do c\u00e9rebro (hemorragia intracerebral), o sistema ventricular (hemorragia intraventricular) e\/ou o espa\u00e7o subaracn\u00f3ideo (hemorragia subaracn\u00f3ide).<\/p>\n<p>Os principais sintomas do AVC s\u00e3o: fraqueza ou formigamento no rosto, bra\u00e7o ou perna, confus\u00e3o mental, altera\u00e7\u00f5es na fala, compreens\u00e3o, vis\u00e3o e equil\u00edbrio e dor de cabe\u00e7a s\u00fabita e intensa. Como o paciente pode apresentar um comprometimento do sistema neurol\u00f3gico, o ideal \u00e9 que seja atendido o mais r\u00e1pido poss\u00edvel.<\/p>\n<p>Por Letycia Bond &#8211; Rep\u00f3rter da Ag\u00eancia Brasil &#8211; S\u00e3o Paulo<\/p>\n<\/div>\n<\/div>\n<\/div>\n","protected":false},"excerpt":{"rendered":"<p>Acidente vascular cerebral \u00e9 segunda causa de morte principal no pa\u00eds Segunda principal causa de&#8230;<\/p>\n","protected":false},"author":1,"featured_media":14345,"comment_status":"open","ping_status":"open","sticky":false,"template":"","format":"standard","meta":{"_jetpack_memberships_contains_paid_content":false,"footnotes":"","jetpack_publicize_message":"","jetpack_publicize_feature_enabled":true,"jetpack_social_post_already_shared":true,"jetpack_social_options":{"image_generator_settings":{"template":"highway","default_image_id":0,"font":"","enabled":false},"version":2}},"categories":[1],"tags":[],"class_list":["post-14344","post","type-post","status-publish","format-standard","has-post-thumbnail","hentry","category-atualidade"],"jetpack_publicize_connections":[],"jetpack_featured_media_url":"https:\/\/correiodasemana.com\/site\/wp-content\/uploads\/2020\/10\/mca_abr_numero_de_serie_de_4_digitos_090620_2.jpg","jetpack-related-posts":[{"id":13201,"url":"https:\/\/correiodasemana.com\/site\/tabagismo-o-grande-vilao-da-saude-global\/","url_meta":{"origin":14344,"position":0},"title":"Tabagismo: o grande vil\u00e3o da sa\u00fade global","author":"","date":"Agosto 31, 2020","format":false,"excerpt":"Em tempos de pandemia, o Dia Nacional de Combate ao fumo acende o alerta para o aumento dos relatos de depend\u00eancia no tabagismo, provocada pela quarentena, e chama aten\u00e7\u00e3o para os danos causados tamb\u00e9m aos fumantes passivos Apontado pela Organiza\u00e7\u00e3o Mundial de Sa\u00fade (OMS), como a principal causa de mortes\u2026","rel":"","context":"In &quot;Atualidade&quot;","block_context":{"text":"Atualidade","link":"https:\/\/correiodasemana.com\/site\/category\/atualidade\/"},"img":{"alt_text":"","src":"https:\/\/i0.wp.com\/correiodasemana.com\/site\/wp-content\/uploads\/2020\/08\/Cigarro-e-cancer-de-bexiga_Dr-Joao-Alvaro_19_03.jpg?resize=350%2C200&ssl=1","width":350,"height":200,"srcset":"https:\/\/i0.wp.com\/correiodasemana.com\/site\/wp-content\/uploads\/2020\/08\/Cigarro-e-cancer-de-bexiga_Dr-Joao-Alvaro_19_03.jpg?resize=350%2C200&ssl=1 1x, https:\/\/i0.wp.com\/correiodasemana.com\/site\/wp-content\/uploads\/2020\/08\/Cigarro-e-cancer-de-bexiga_Dr-Joao-Alvaro_19_03.jpg?resize=525%2C300&ssl=1 1.5x, https:\/\/i0.wp.com\/correiodasemana.com\/site\/wp-content\/uploads\/2020\/08\/Cigarro-e-cancer-de-bexiga_Dr-Joao-Alvaro_19_03.jpg?resize=700%2C400&ssl=1 2x, https:\/\/i0.wp.com\/correiodasemana.com\/site\/wp-content\/uploads\/2020\/08\/Cigarro-e-cancer-de-bexiga_Dr-Joao-Alvaro_19_03.jpg?resize=1050%2C600&ssl=1 3x, https:\/\/i0.wp.com\/correiodasemana.com\/site\/wp-content\/uploads\/2020\/08\/Cigarro-e-cancer-de-bexiga_Dr-Joao-Alvaro_19_03.jpg?resize=1400%2C800&ssl=1 4x"},"classes":[]},{"id":29215,"url":"https:\/\/correiodasemana.com\/site\/hrn-promove-encontro-para-atualizacao-de-fluxo-de-encaminhamento-de-pacientes-com-avc\/","url_meta":{"origin":14344,"position":1},"title":"HRN promove encontro para atualiza\u00e7\u00e3o de fluxo de encaminhamento de pacientes com AVC","author":"adminredacao","date":"Maio 13, 2024","format":false,"excerpt":"O Hospital Regional Norte (HRN), unidade da Secretaria da Sa\u00fade do Cear\u00e1 (Sesa), administrada pelo Instituto de Sa\u00fade e Gest\u00e3o Hospitalar (ISGH), em Sobral, promoveu na ter\u00e7a-feira (7) o Encontro de Atualiza\u00e7\u00e3o de Fluxo de Encaminhamento de Pacientes para a unidade de atendimento a pacientes v\u00edtimas de Acidente Vascular Cerebral\u2026","rel":"","context":"In &quot;Atualidade&quot;","block_context":{"text":"Atualidade","link":"https:\/\/correiodasemana.com\/site\/category\/atualidade\/"},"img":{"alt_text":"","src":"https:\/\/i0.wp.com\/correiodasemana.com\/site\/wp-content\/uploads\/2024\/05\/a-150x150.jpg?resize=350%2C200&ssl=1","width":350,"height":200},"classes":[]},{"id":31180,"url":"https:\/\/correiodasemana.com\/site\/hospital-regional-norte-realiza-acoes-de-conscientizacao-sobre-o-avc\/","url_meta":{"origin":14344,"position":2},"title":"Hospital Regional Norte realiza a\u00e7\u00f5es de conscientiza\u00e7\u00e3o sobre o AVC","author":"adminredacao","date":"Novembro 3, 2024","format":false,"excerpt":"O servi\u00e7o de AVC do Hospital Regional Norte (HRN), em Sobral, unidade da Secretaria da Sa\u00fade do Cear\u00e1, administrada pelo Instituto de Sa\u00fade e Gest\u00e3o Hospitalar (ISGH), em Sobral, realiza a\u00e7\u00f5es de conscientiza\u00e7\u00e3o e combate ao AVC com exposi\u00e7\u00e3o de stands em locais p\u00fablicos da cidade de Sobral. Al\u00e9m da\u2026","rel":"","context":"In &quot;Atualidade&quot;","block_context":{"text":"Atualidade","link":"https:\/\/correiodasemana.com\/site\/category\/atualidade\/"},"img":{"alt_text":"","src":"https:\/\/i0.wp.com\/correiodasemana.com\/site\/wp-content\/uploads\/2024\/11\/Diretor-HRN-3-1-scaled.jpg?resize=350%2C200&ssl=1","width":350,"height":200,"srcset":"https:\/\/i0.wp.com\/correiodasemana.com\/site\/wp-content\/uploads\/2024\/11\/Diretor-HRN-3-1-scaled.jpg?resize=350%2C200&ssl=1 1x, https:\/\/i0.wp.com\/correiodasemana.com\/site\/wp-content\/uploads\/2024\/11\/Diretor-HRN-3-1-scaled.jpg?resize=525%2C300&ssl=1 1.5x, https:\/\/i0.wp.com\/correiodasemana.com\/site\/wp-content\/uploads\/2024\/11\/Diretor-HRN-3-1-scaled.jpg?resize=700%2C400&ssl=1 2x, https:\/\/i0.wp.com\/correiodasemana.com\/site\/wp-content\/uploads\/2024\/11\/Diretor-HRN-3-1-scaled.jpg?resize=1050%2C600&ssl=1 3x, https:\/\/i0.wp.com\/correiodasemana.com\/site\/wp-content\/uploads\/2024\/11\/Diretor-HRN-3-1-scaled.jpg?resize=1400%2C800&ssl=1 4x"},"classes":[]},{"id":27115,"url":"https:\/\/correiodasemana.com\/site\/em-um-ano-unidade-de-avc-do-hospital-regional-norte-atende-684-pacientes-e-reduz-mortalidade-da-doenca\/","url_meta":{"origin":14344,"position":3},"title":"Em um ano, unidade de AVC do Hospital Regional Norte atende 684 pacientes e reduz mortalidade da doen\u00e7a","author":"adminredacao","date":"Novembro 6, 2023","format":false,"excerpt":"O Hospital Regional Norte (HRN), unidade da Secretaria da Sa\u00fade do Cear\u00e1 (Sesa) em Sobral, celebrou, neste m\u00eas de outubro, um ano de abertura da Unidade de AVC, especializada em atendimento a pacientes v\u00edtimas de Acidente Vascular Cerebral isqu\u00eamico. Neste per\u00edodo, foram admitidos um total de 684 pacientes, dos quais\u2026","rel":"","context":"In &quot;Atualidade&quot;","block_context":{"text":"Atualidade","link":"https:\/\/correiodasemana.com\/site\/category\/atualidade\/"},"img":{"alt_text":"","src":"https:\/\/i0.wp.com\/correiodasemana.com\/site\/wp-content\/uploads\/2023\/11\/Equipe-AVC-scaled.jpg?resize=350%2C200&ssl=1","width":350,"height":200,"srcset":"https:\/\/i0.wp.com\/correiodasemana.com\/site\/wp-content\/uploads\/2023\/11\/Equipe-AVC-scaled.jpg?resize=350%2C200&ssl=1 1x, https:\/\/i0.wp.com\/correiodasemana.com\/site\/wp-content\/uploads\/2023\/11\/Equipe-AVC-scaled.jpg?resize=525%2C300&ssl=1 1.5x, https:\/\/i0.wp.com\/correiodasemana.com\/site\/wp-content\/uploads\/2023\/11\/Equipe-AVC-scaled.jpg?resize=700%2C400&ssl=1 2x, https:\/\/i0.wp.com\/correiodasemana.com\/site\/wp-content\/uploads\/2023\/11\/Equipe-AVC-scaled.jpg?resize=1050%2C600&ssl=1 3x, https:\/\/i0.wp.com\/correiodasemana.com\/site\/wp-content\/uploads\/2023\/11\/Equipe-AVC-scaled.jpg?resize=1400%2C800&ssl=1 4x"},"classes":[]},{"id":14478,"url":"https:\/\/correiodasemana.com\/site\/enfrentamento-negativo-de-situacoes-pode-levar-a-doencas-diz-medico\/","url_meta":{"origin":14344,"position":4},"title":"Enfrentamento negativo de situa\u00e7\u00f5es pode levar a doen\u00e7as, diz m\u00e9dico","author":"","date":"Novembro 11, 2020","format":false,"excerpt":"Orienta\u00e7\u00e3o \u00e9 de que o problema seja abordado com pacientes O enfrentamento negativo de situa\u00e7\u00f5es, envolvendo o sentimento de raiva, falta de perd\u00e3o e rumina\u00e7\u00e3o, pode levar ao adoecimento, conforme avaliou o m\u00e9dico cardiologista \u00c1lvaro Avezum, diretor da Sociedade de Cardiologia do Estado de S\u00e3o Paulo (Socesp). A recomenda\u00e7\u00e3o da\u2026","rel":"","context":"In &quot;Atualidade&quot;","block_context":{"text":"Atualidade","link":"https:\/\/correiodasemana.com\/site\/category\/atualidade\/"},"img":{"alt_text":"","src":"https:\/\/i0.wp.com\/correiodasemana.com\/site\/wp-content\/uploads\/2020\/11\/1023603-03062016-_dsc5717_1.jpg?resize=350%2C200&ssl=1","width":350,"height":200,"srcset":"https:\/\/i0.wp.com\/correiodasemana.com\/site\/wp-content\/uploads\/2020\/11\/1023603-03062016-_dsc5717_1.jpg?resize=350%2C200&ssl=1 1x, https:\/\/i0.wp.com\/correiodasemana.com\/site\/wp-content\/uploads\/2020\/11\/1023603-03062016-_dsc5717_1.jpg?resize=525%2C300&ssl=1 1.5x, https:\/\/i0.wp.com\/correiodasemana.com\/site\/wp-content\/uploads\/2020\/11\/1023603-03062016-_dsc5717_1.jpg?resize=700%2C400&ssl=1 2x, https:\/\/i0.wp.com\/correiodasemana.com\/site\/wp-content\/uploads\/2020\/11\/1023603-03062016-_dsc5717_1.jpg?resize=1050%2C600&ssl=1 3x"},"classes":[]},{"id":37695,"url":"https:\/\/correiodasemana.com\/site\/obesidade-aumenta-risco-de-avc-e-exige-mudanca-de-habitos-destaca-neurologista-do-hospital-regional-norte\/","url_meta":{"origin":14344,"position":5},"title":"Obesidade aumenta risco de AVC e exige mudan\u00e7a de h\u00e1bitos, destaca neurologista do Hospital Regional Norte","author":"adminredacao","date":"Mar\u00e7o 10, 2026","format":false,"excerpt":"A obesidade \u00e9 considerada um dos principais fatores de risco para o Acidente Vascular Cerebral (AVC), especialmente o tipo isqu\u00eamico, provocado pela obstru\u00e7\u00e3o de uma art\u00e9ria que leva sangue ao c\u00e9rebro. O alerta \u00e9 do m\u00e9dico neurologista Esp\u00e1rtaco Ribeiro, coordenador da Unidade de AVC do Hospital Regional Norte (HRN), unidade\u2026","rel":"","context":"In &quot;Atualidade&quot;","block_context":{"text":"Atualidade","link":"https:\/\/correiodasemana.com\/site\/category\/atualidade\/"},"img":{"alt_text":"","src":"https:\/\/i0.wp.com\/correiodasemana.com\/site\/wp-content\/uploads\/2026\/03\/hospital-regional-avc-1.jpg?resize=350%2C200&ssl=1","width":350,"height":200,"srcset":"https:\/\/i0.wp.com\/correiodasemana.com\/site\/wp-content\/uploads\/2026\/03\/hospital-regional-avc-1.jpg?resize=350%2C200&ssl=1 1x, https:\/\/i0.wp.com\/correiodasemana.com\/site\/wp-content\/uploads\/2026\/03\/hospital-regional-avc-1.jpg?resize=525%2C300&ssl=1 1.5x, https:\/\/i0.wp.com\/correiodasemana.com\/site\/wp-content\/uploads\/2026\/03\/hospital-regional-avc-1.jpg?resize=700%2C400&ssl=1 2x, https:\/\/i0.wp.com\/correiodasemana.com\/site\/wp-content\/uploads\/2026\/03\/hospital-regional-avc-1.jpg?resize=1050%2C600&ssl=1 3x"},"classes":[]}],"jetpack_sharing_enabled":true,"_links":{"self":[{"href":"https:\/\/correiodasemana.com\/site\/wp-json\/wp\/v2\/posts\/14344","targetHints":{"allow":["GET"]}}],"collection":[{"href":"https:\/\/correiodasemana.com\/site\/wp-json\/wp\/v2\/posts"}],"about":[{"href":"https:\/\/correiodasemana.com\/site\/wp-json\/wp\/v2\/types\/post"}],"author":[{"embeddable":true,"href":"https:\/\/correiodasemana.com\/site\/wp-json\/wp\/v2\/users\/1"}],"replies":[{"embeddable":true,"href":"https:\/\/correiodasemana.com\/site\/wp-json\/wp\/v2\/comments?post=14344"}],"version-history":[{"count":2,"href":"https:\/\/correiodasemana.com\/site\/wp-json\/wp\/v2\/posts\/14344\/revisions"}],"predecessor-version":[{"id":14347,"href":"https:\/\/correiodasemana.com\/site\/wp-json\/wp\/v2\/posts\/14344\/revisions\/14347"}],"wp:featuredmedia":[{"embeddable":true,"href":"https:\/\/correiodasemana.com\/site\/wp-json\/wp\/v2\/media\/14345"}],"wp:attachment":[{"href":"https:\/\/correiodasemana.com\/site\/wp-json\/wp\/v2\/media?parent=14344"}],"wp:term":[{"taxonomy":"category","embeddable":true,"href":"https:\/\/correiodasemana.com\/site\/wp-json\/wp\/v2\/categories?post=14344"},{"taxonomy":"post_tag","embeddable":true,"href":"https:\/\/correiodasemana.com\/site\/wp-json\/wp\/v2\/tags?post=14344"}],"curies":[{"name":"wp","href":"https:\/\/api.w.org\/{rel}","templated":true}]}}