{"id":14349,"date":"2020-10-29T08:47:58","date_gmt":"2020-10-29T11:47:58","guid":{"rendered":"https:\/\/correiodasemana.com\/site\/?p=14349"},"modified":"2020-10-29T08:47:58","modified_gmt":"2020-10-29T11:47:58","slug":"saude-publica-continua-gratuita-para-populacao-diz-economia","status":"publish","type":"post","link":"https:\/\/correiodasemana.com\/site\/saude-publica-continua-gratuita-para-populacao-diz-economia\/","title":{"rendered":"Sa\u00fade p\u00fablica continua gratuita para popula\u00e7\u00e3o, diz Economia"},"content":{"rendered":"<div class=\"col-lg-12 mb-3\">\n<div class=\"row\">\n<h3 class=\"col-10 offset-1 animated fadeInDown dealy-900 display-8 display-md-8 alt-font font-italic my-1 text-center\">Segundo minist\u00e9rio, inclus\u00e3o de UBS em estudo foi pedido da Sa\u00fade<\/h3>\n<\/div>\n<\/div>\n<div class=\"col-xl-7 offset-xl-1 col-lg-8 offset-lg-0 col-md-10 offset-md-1 mb-3\">\n<div class=\"post-item alt-font\">\n<div class=\"post-item-wrap\">\n<p>A eventual concess\u00e3o da constru\u00e7\u00e3o e da gest\u00e3o de Unidades B\u00e1sicas de Sa\u00fade (UBS) \u00e0 iniciativa privada n\u00e3o afetar\u00e1 a gratuidade do Sistema \u00danico de Sa\u00fade (SUS), informou h\u00e1 pouco o Minist\u00e9rio da Economia. Em nota, a pasta assegurou que os servi\u00e7os de sa\u00fade p\u00fablica continuar\u00e3o 100% gratuitos para a popula\u00e7\u00e3o no modelo em estudo.<img decoding=\"async\" src=\"https:\/\/agenciabrasil.ebc.com.br\/ebc.png?id=1391772&amp;o=node\" \/><img decoding=\"async\" src=\"https:\/\/agenciabrasil.ebc.com.br\/ebc.gif?id=1391772&amp;o=node\" \/><\/p>\n<p>De acordo com o Minist\u00e9rio da Economia, o decreto sobre parcerias p\u00fablico-privadas (PPP) assinado ontem (27) pelo presidente Jair Bolsonaro e pelo ministro Paulo Guedes trata apenas de estudos t\u00e9cnicos. A pasta informou que a decis\u00e3o de incluir as UBS no Programa de Parcerias de Investimentos (PPI) foi tomada depois de o Minist\u00e9rio da Sa\u00fade fazer o pedido ao Minist\u00e9rio da Economia.<\/p>\n<p>\u201cA avalia\u00e7\u00e3o conjunta \u00e9 que \u00e9 preciso incentivar a participa\u00e7\u00e3o da iniciativa privada no sistema para elevar a qualidade do servi\u00e7o prestado ao cidad\u00e3o, racionalizar custos, introduzir mecanismos de remunera\u00e7\u00e3o por desempenho, novos crit\u00e9rios de escala e redes integradas de aten\u00e7\u00e3o \u00e0 sa\u00fade em um novo modelo de atendimento\u201d, destacou a nota. Segundo a pasta, haveria a cobran\u00e7a de indicadores e de metas de qualidade para o atendimento \u00e0 popula\u00e7\u00e3o.<\/p>\n<p>Segundo o comunicado, atualmente h\u00e1 mais de 4 mil UBS inacabadas em todo o pa\u00eds e que consumiram R$ 1,7 bilh\u00e3o de recursos do SUS. \u201cDe acordo com o Minist\u00e9rio da Sa\u00fade, a participa\u00e7\u00e3o privada no setor \u00e9 importante diante das restri\u00e7\u00f5es fiscais e das dificuldades de aperfei\u00e7oar o modelo de governan\u00e7a por meio de contrata\u00e7\u00f5es tradicionais\u201d, ressaltou o texto.<\/p>\n<p>Os estudos do PPI, informou o Minist\u00e9rio da Economia, devem visar a capacidade t\u00e9cnica e a qualidade no atendimento ao sistema p\u00fablico de sa\u00fade. A gest\u00e3o da infraestrutura, dos servi\u00e7os m\u00e9dicos e dos servi\u00e7os de apoio podem funcionar de forma independente, com a prefeitura ou o governo estadual mantendo o comando das equipes de sa\u00fade, ou ser gerida por uma empresa que operaria todos os servi\u00e7os.<\/p>\n<p>As UBS s\u00e3o administradas por estados e munic\u00edpios. O Minist\u00e9rio da Economia citou que a Secretaria do PPI atualmente colabora com entes p\u00fablicos locais para a modelagem de outros projetos de parcerias, como PPPs para creches e ilumina\u00e7\u00e3o p\u00fablica.<\/p>\n<p>Por Wellton M\u00e1ximo \u2013 Rep\u00f3rter da Ag\u00eancia Brasil &#8211; Bras\u00edlia<\/p>\n<\/div>\n<\/div>\n<\/div>\n","protected":false},"excerpt":{"rendered":"<p>Segundo minist\u00e9rio, inclus\u00e3o de UBS em estudo foi pedido da Sa\u00fade A eventual concess\u00e3o da&#8230;<\/p>\n","protected":false},"author":1,"featured_media":14350,"comment_status":"open","ping_status":"open","sticky":false,"template":"","format":"standard","meta":{"_jetpack_memberships_contains_paid_content":false,"footnotes":"","jetpack_publicize_message":"","jetpack_publicize_feature_enabled":true,"jetpack_social_post_already_shared":true,"jetpack_social_options":{"image_generator_settings":{"template":"highway","default_image_id":0,"font":"","enabled":false},"version":2}},"categories":[1],"tags":[],"class_list":["post-14349","post","type-post","status-publish","format-standard","has-post-thumbnail","hentry","category-atualidade"],"jetpack_publicize_connections":[],"jetpack_featured_media_url":"https:\/\/correiodasemana.com\/site\/wp-content\/uploads\/2020\/10\/mca_abr_numero_de_serie_de_4_digitos_090620_13.jpg","jetpack-related-posts":[{"id":28530,"url":"https:\/\/correiodasemana.com\/site\/brasil-tem-mais-de-um-milhao-de-casos-de-dengue-este-ano\/","url_meta":{"origin":14349,"position":0},"title":"Brasil tem mais de um milh\u00e3o de casos de dengue este ano","author":"adminredacao","date":"Mar\u00e7o 4, 2024","format":false,"excerpt":"Seis estados e o Distrito Federal decretaram situa\u00e7\u00e3o de emerg\u00eancia Por Sabrina Craide - Rep\u00f3rter da Ag\u00eancia Brasil* - Bras\u00edlia Desde o in\u00edcio do ano, o Brasil registrou 1.017.278 casos prov\u00e1veis de dengue e 214 mortes confirmadas pela doen\u00e7a. Outros 687 \u00f3bitos est\u00e3o em investiga\u00e7\u00e3o. O coeficiente de incid\u00eancia da\u2026","rel":"","context":"In &quot;Atualidade&quot;","block_context":{"text":"Atualidade","link":"https:\/\/correiodasemana.com\/site\/category\/atualidade\/"},"img":{"alt_text":"","src":"https:\/\/i0.wp.com\/correiodasemana.com\/site\/wp-content\/uploads\/2024\/03\/combate-dengue_mcamgo_abr_29022024-21.webp?resize=350%2C200&ssl=1","width":350,"height":200,"srcset":"https:\/\/i0.wp.com\/correiodasemana.com\/site\/wp-content\/uploads\/2024\/03\/combate-dengue_mcamgo_abr_29022024-21.webp?resize=350%2C200&ssl=1 1x, https:\/\/i0.wp.com\/correiodasemana.com\/site\/wp-content\/uploads\/2024\/03\/combate-dengue_mcamgo_abr_29022024-21.webp?resize=525%2C300&ssl=1 1.5x, https:\/\/i0.wp.com\/correiodasemana.com\/site\/wp-content\/uploads\/2024\/03\/combate-dengue_mcamgo_abr_29022024-21.webp?resize=700%2C400&ssl=1 2x, https:\/\/i0.wp.com\/correiodasemana.com\/site\/wp-content\/uploads\/2024\/03\/combate-dengue_mcamgo_abr_29022024-21.webp?resize=1050%2C600&ssl=1 3x"},"classes":[]},{"id":28812,"url":"https:\/\/correiodasemana.com\/site\/novo-pac-saude-74-unidades-basicas-de-saude-serao-construidas-no-ceara\/","url_meta":{"origin":14349,"position":1},"title":"Novo PAC Sa\u00fade: 74 Unidades B\u00e1sicas de Sa\u00fade ser\u00e3o constru\u00eddas no Cear\u00e1","author":"adminredacao","date":"Mar\u00e7o 25, 2024","format":false,"excerpt":"Com investimentos de R$ 138,9 milh\u00f5es, 56 munic\u00edpios ser\u00e3o beneficiados no estado Em todo o Brasil, 1,8 mil Unidades B\u00e1sicas de Sa\u00fade (UBS) ser\u00e3o constru\u00eddas em mais de 1,5 mil mun\u00edcipios. Com isso, mais 8,6 milh\u00f5es de pessoas poder\u00e3o ser atendidas pela Aten\u00e7\u00e3o Prim\u00e1ria do Sistema \u00danico de Sa\u00fade (SUS)\u2026","rel":"","context":"In &quot;Atualidade&quot;","block_context":{"text":"Atualidade","link":"https:\/\/correiodasemana.com\/site\/category\/atualidade\/"},"img":{"alt_text":"","src":"https:\/\/i0.wp.com\/correiodasemana.com\/site\/wp-content\/uploads\/2024\/03\/Jornal-Correio-da-Semana-No-1012-Copia.jpg?resize=350%2C200&ssl=1","width":350,"height":200,"srcset":"https:\/\/i0.wp.com\/correiodasemana.com\/site\/wp-content\/uploads\/2024\/03\/Jornal-Correio-da-Semana-No-1012-Copia.jpg?resize=350%2C200&ssl=1 1x, https:\/\/i0.wp.com\/correiodasemana.com\/site\/wp-content\/uploads\/2024\/03\/Jornal-Correio-da-Semana-No-1012-Copia.jpg?resize=525%2C300&ssl=1 1.5x"},"classes":[]},{"id":14324,"url":"https:\/\/correiodasemana.com\/site\/decreto-de-bolsonaro-abre-caminho-para-privatizacao-de-unidades-de-saude-veja-a-integra\/","url_meta":{"origin":14349,"position":2},"title":"Decreto de Bolsonaro abre caminho para privatiza\u00e7\u00e3o de unidades de sa\u00fade. Veja a \u00edntegra","author":"","date":"Outubro 28, 2020","format":false,"excerpt":"Decreto assinado por Jair Bolsonaro\u00a0e pelo ministro da Economia,\u00a0Paulo Guedes, autoriza a equipe econ\u00f4mica a preparar um modelo de privatiza\u00e7\u00f5es para unidades b\u00e1sicas de sa\u00fade. A norma foi publicada nesta ter\u00e7a-feira (27) no Di\u00e1rio Oficial da Uni\u00e3o. O texto inclui a pol\u00edtica de fomento ao setor de aten\u00e7\u00e3o prim\u00e1ria \u00e0\u2026","rel":"","context":"In &quot;Atualidade&quot;","block_context":{"text":"Atualidade","link":"https:\/\/correiodasemana.com\/site\/category\/atualidade\/"},"img":{"alt_text":"","src":"https:\/\/i0.wp.com\/correiodasemana.com\/site\/wp-content\/uploads\/2020\/10\/Capturar-4.jpg?resize=350%2C200&ssl=1","width":350,"height":200,"srcset":"https:\/\/i0.wp.com\/correiodasemana.com\/site\/wp-content\/uploads\/2020\/10\/Capturar-4.jpg?resize=350%2C200&ssl=1 1x, https:\/\/i0.wp.com\/correiodasemana.com\/site\/wp-content\/uploads\/2020\/10\/Capturar-4.jpg?resize=525%2C300&ssl=1 1.5x, https:\/\/i0.wp.com\/correiodasemana.com\/site\/wp-content\/uploads\/2020\/10\/Capturar-4.jpg?resize=700%2C400&ssl=1 2x"},"classes":[]},{"id":19521,"url":"https:\/\/correiodasemana.com\/site\/ibge-despesas-com-saude-chegaram-a-r-7114-bilhoes-em-2019\/","url_meta":{"origin":14349,"position":3},"title":"IBGE: despesas com sa\u00fade chegaram a\u00a0R$ 711,4 bilh\u00f5es\u00a0em 2019","author":"","date":"Abril 17, 2022","format":false,"excerpt":"A maior despesa do governo foi identificada na sa\u00fade p\u00fablica Por Alana Gandra - Rep\u00f3rter da Ag\u00eancia Brasil - Rio de Janeiro As despesas com consumo final de bens e servi\u00e7os de sa\u00fade no Brasil corresponderam a 9,6% do Produto Interno Bruto (PIB, a soma dos bens e produtos fabricados\u2026","rel":"","context":"In &quot;Atualidade&quot;","block_context":{"text":"Atualidade","link":"https:\/\/correiodasemana.com\/site\/category\/atualidade\/"},"img":{"alt_text":"","src":"https:\/\/i0.wp.com\/correiodasemana.com\/site\/wp-content\/uploads\/2022\/04\/hospital_de_campanha_covid-19_complexo_esportivo_do_ibirapuera2904200184_0.jpg?resize=350%2C200&ssl=1","width":350,"height":200,"srcset":"https:\/\/i0.wp.com\/correiodasemana.com\/site\/wp-content\/uploads\/2022\/04\/hospital_de_campanha_covid-19_complexo_esportivo_do_ibirapuera2904200184_0.jpg?resize=350%2C200&ssl=1 1x, https:\/\/i0.wp.com\/correiodasemana.com\/site\/wp-content\/uploads\/2022\/04\/hospital_de_campanha_covid-19_complexo_esportivo_do_ibirapuera2904200184_0.jpg?resize=525%2C300&ssl=1 1.5x, https:\/\/i0.wp.com\/correiodasemana.com\/site\/wp-content\/uploads\/2022\/04\/hospital_de_campanha_covid-19_complexo_esportivo_do_ibirapuera2904200184_0.jpg?resize=700%2C400&ssl=1 2x, https:\/\/i0.wp.com\/correiodasemana.com\/site\/wp-content\/uploads\/2022\/04\/hospital_de_campanha_covid-19_complexo_esportivo_do_ibirapuera2904200184_0.jpg?resize=1050%2C600&ssl=1 3x"},"classes":[]},{"id":16973,"url":"https:\/\/correiodasemana.com\/site\/em-sobral-proprietarios-de-terrenos-responsaveis-por-propagacao-do-aedes-aegypti-recebem-notificacao\/","url_meta":{"origin":14349,"position":4},"title":"Em Sobral, propriet\u00e1rios de terrenos respons\u00e1veis por propaga\u00e7\u00e3o do Aedes aegypti recebem notifica\u00e7\u00e3o","author":"","date":"Julho 12, 2021","format":false,"excerpt":"Por Samuel Carvalho Reda\u00e7\u00e3o Correio da Semana Em Sobral, nesta ter\u00e7a (06) foi intensificada da fiscaliza\u00e7\u00e3o sobre descarte irregular de lixo em \u00e1reas p\u00fablicas e terrenos privados, visando diminuir a propaga\u00e7\u00e3o do Aedes aegypti. Todos os anos, na esta\u00e7\u00e3o mais quente, retornam com for\u00e7a aos postos de sa\u00fade e hospitais\u2026","rel":"","context":"In &quot;Atualidade&quot;","block_context":{"text":"Atualidade","link":"https:\/\/correiodasemana.com\/site\/category\/atualidade\/"},"img":{"alt_text":"","src":"https:\/\/i0.wp.com\/correiodasemana.com\/site\/wp-content\/uploads\/2021\/07\/Dengue_01.jpg?resize=350%2C200&ssl=1","width":350,"height":200,"srcset":"https:\/\/i0.wp.com\/correiodasemana.com\/site\/wp-content\/uploads\/2021\/07\/Dengue_01.jpg?resize=350%2C200&ssl=1 1x, https:\/\/i0.wp.com\/correiodasemana.com\/site\/wp-content\/uploads\/2021\/07\/Dengue_01.jpg?resize=525%2C300&ssl=1 1.5x, https:\/\/i0.wp.com\/correiodasemana.com\/site\/wp-content\/uploads\/2021\/07\/Dengue_01.jpg?resize=700%2C400&ssl=1 2x"},"classes":[]},{"id":25065,"url":"https:\/\/correiodasemana.com\/site\/disque-100-tem-47-mil-denuncias-de-violencia-contra-pessoas-idosas\/","url_meta":{"origin":14349,"position":5},"title":"Disque 100 tem 47 mil den\u00fancias de viol\u00eancia contra pessoas idosas","author":"adminredacao","date":"Junho 6, 2023","format":false,"excerpt":"Governo lan\u00e7a campanha de enfrentamento de viola\u00e7\u00f5es de direitos Por Daniella Almeida - Rep\u00f3rter da Ag\u00eancia Brasil - Bras\u00edlia Nos primeiros cinco meses de 2023, o Disque 100, do Minist\u00e9rio dos Direitos Humanos e Cidadania (MDHC), recebeu mais de 47 mil den\u00fancias de viol\u00eancia cometida contra pessoas idosas, que apontam\u2026","rel":"","context":"In &quot;Atualidade&quot;","block_context":{"text":"Atualidade","link":"https:\/\/correiodasemana.com\/site\/category\/atualidade\/"},"img":{"alt_text":"","src":"https:\/\/i0.wp.com\/correiodasemana.com\/site\/wp-content\/uploads\/2023\/06\/direitos_humanos-1024x677-1.png?resize=350%2C200&ssl=1","width":350,"height":200,"srcset":"https:\/\/i0.wp.com\/correiodasemana.com\/site\/wp-content\/uploads\/2023\/06\/direitos_humanos-1024x677-1.png?resize=350%2C200&ssl=1 1x, https:\/\/i0.wp.com\/correiodasemana.com\/site\/wp-content\/uploads\/2023\/06\/direitos_humanos-1024x677-1.png?resize=525%2C300&ssl=1 1.5x, https:\/\/i0.wp.com\/correiodasemana.com\/site\/wp-content\/uploads\/2023\/06\/direitos_humanos-1024x677-1.png?resize=700%2C400&ssl=1 2x"},"classes":[]}],"jetpack_sharing_enabled":true,"_links":{"self":[{"href":"https:\/\/correiodasemana.com\/site\/wp-json\/wp\/v2\/posts\/14349","targetHints":{"allow":["GET"]}}],"collection":[{"href":"https:\/\/correiodasemana.com\/site\/wp-json\/wp\/v2\/posts"}],"about":[{"href":"https:\/\/correiodasemana.com\/site\/wp-json\/wp\/v2\/types\/post"}],"author":[{"embeddable":true,"href":"https:\/\/correiodasemana.com\/site\/wp-json\/wp\/v2\/users\/1"}],"replies":[{"embeddable":true,"href":"https:\/\/correiodasemana.com\/site\/wp-json\/wp\/v2\/comments?post=14349"}],"version-history":[{"count":1,"href":"https:\/\/correiodasemana.com\/site\/wp-json\/wp\/v2\/posts\/14349\/revisions"}],"predecessor-version":[{"id":14351,"href":"https:\/\/correiodasemana.com\/site\/wp-json\/wp\/v2\/posts\/14349\/revisions\/14351"}],"wp:featuredmedia":[{"embeddable":true,"href":"https:\/\/correiodasemana.com\/site\/wp-json\/wp\/v2\/media\/14350"}],"wp:attachment":[{"href":"https:\/\/correiodasemana.com\/site\/wp-json\/wp\/v2\/media?parent=14349"}],"wp:term":[{"taxonomy":"category","embeddable":true,"href":"https:\/\/correiodasemana.com\/site\/wp-json\/wp\/v2\/categories?post=14349"},{"taxonomy":"post_tag","embeddable":true,"href":"https:\/\/correiodasemana.com\/site\/wp-json\/wp\/v2\/tags?post=14349"}],"curies":[{"name":"wp","href":"https:\/\/api.w.org\/{rel}","templated":true}]}}