{"id":14400,"date":"2020-11-03T00:26:48","date_gmt":"2020-11-03T03:26:48","guid":{"rendered":"https:\/\/correiodasemana.com\/site\/?p=14400"},"modified":"2020-11-03T00:26:48","modified_gmt":"2020-11-03T03:26:48","slug":"museu-diocesano-dom-jose-realiza-obras-de-restauracao","status":"publish","type":"post","link":"https:\/\/correiodasemana.com\/site\/museu-diocesano-dom-jose-realiza-obras-de-restauracao\/","title":{"rendered":"Museu Diocesano Dom Jos\u00e9 realiza obras de restaura\u00e7\u00e3o"},"content":{"rendered":"<p><strong>O museu pertencente \u00e0 Diocese de Sobral \u00e9 considerado o quinto museu de arte sacra mais importante do Brasil, com mais de trinta mil pe\u00e7as em seu acervo.<\/strong><\/p>\n<p>Por Joc\u00e9lio Tavares.<br \/>\nO Museu Diocesano Dom Jos\u00e9, iniciou, no \u00faltimo m\u00eas de agosto, as obras de restaura\u00e7\u00e3o do pr\u00e9dio, localizado no centro hist\u00f3rico da cidade de Sobral (CE). A restaura\u00e7\u00e3o, avaliada em mais de dois milh\u00f5es de reais, ainda n\u00e3o tem previs\u00e3o de finaliza\u00e7\u00e3o.<br \/>\nO museu come\u00e7ou a se preparar para a reforma ainda em 2019, quando a equipe, comandada pelo professor Lira, iniciou o processo de retirada das pe\u00e7as expostas, para que as mesmas n\u00e3o ficassem em contato direto com as obras e n\u00e3o sofrerem qualquer danifica\u00e7\u00e3o. As pe\u00e7as est\u00e3o guardadas em local seguro e n\u00e3o revelado, por quest\u00f5es de seguran\u00e7a.<br \/>\nAs pe\u00e7as que n\u00e3o puderam ser removidas do museu, como est\u00e1tuas, primeiro retransmissor da R\u00e1dio Tupinamb\u00e1 e o maquin\u00e1rio antigo do Correio da Semana, foram devidamente cobertas por um material de prote\u00e7\u00e3o, sendo embaladas por duas camadas.<br \/>\nAs obras de restaura\u00e7\u00e3o come\u00e7aram pelo piso superior do museu e est\u00e1 sendo realizada por partes e cautelosamente, como medida de seguran\u00e7a para que nada seja danificado ou perdido. At\u00e9 o momento, apenas a parte el\u00e9trica da reforma est\u00e1 conclu\u00edda.<br \/>\nSegundo o professor Jos\u00e9 Lu\u00eds Lira, diretor do Museu, uma das intens\u00f5es da reforma \u00e9 recuperar o pr\u00e9dio original, datado do s\u00e9culo XIX. \u201cUma parte da constru\u00e7\u00e3o n\u00e3o \u00e9 do pr\u00e9dio original e algumas dessas partes est\u00e3o sendo demolidas, como os quartos serviram de dormit\u00f3rios para alguns padres que moraram aqui. Hoje, esses c\u00f4modos j\u00e1 n\u00e3o t\u00eam serventia e por n\u00e3o serem da obra original, ser\u00e3o derrubados. H\u00e1 coisas aqui da d\u00e9cada de 50, bem depois da constru\u00e7\u00e3o do pr\u00e9dio\u201d, pontua. De acordo com o professor, a prioridade \u00e9 deixar o que for original. No local dos quartos ser\u00e1 criada uma nova sala de exposi\u00e7\u00e3o.<br \/>\nDentre as melhorias que o museu receber\u00e1, est\u00e3o uma brigada de inc\u00eandio, climatiza\u00e7\u00e3o, que ser\u00e1 diferenciada de acordo com o c\u00f4modo do pr\u00e9dio, instala\u00e7\u00e3o de som ambiente, melhoria do jardim, al\u00e9m de mudan\u00e7a do piso de madeira, que atualmente n\u00e3o est\u00e3o seguros.<br \/>\n\u201cA parte da climatiza\u00e7\u00e3o vai ser muito ben\u00e9fica principalmente para os guias do museu. Em rela\u00e7\u00e3o ao piso, tudo vai ser trocado por outro de mesmo estilo e modelo, para que seja garantida a originalidade\u201d, pontua o diretor.<br \/>\nNo quarto onde Dom Jos\u00e9 morreu, em 1959, n\u00e3o acontecer\u00e1 altera\u00e7\u00f5es em sua estrutura, assim como o quarto que servia de aposentos para os seminaristas. A ideia \u00e9 que eles permane\u00e7am com a constru\u00e7\u00e3o original, por conta de toda a simbologia que ambos carregam.<br \/>\nNo projeto de restaura\u00e7\u00e3o do museu, h\u00e1 ainda a ideia de construir no caf\u00e9 no pr\u00e9dio, com a intens\u00e3o de tornar o local mais frequentado.<br \/>\n\u201cEu estou dialogando com o Senhor Bispo da Diocese de Sobral, Dom Vasconcelos, no sentindo tamb\u00e9m de, depois de tudo pronto, ele sacralizar uma capela dentro do Museu para que sejam realizadas algumas celebra\u00e7\u00f5es, mas a ideia maior \u00e9 que, com a instaura\u00e7\u00e3o dessa capela, possam acontecer casamentos no local\u201d, finaliza o professor Lira.<\/p>\n<p><img fetchpriority=\"high\" decoding=\"async\" class=\"alignleft size-full wp-image-14401\" src=\"https:\/\/correiodasemana.com\/site\/wp-content\/uploads\/2020\/11\/DSC8274.jpg\" alt=\"\" width=\"591\" height=\"395\" srcset=\"https:\/\/correiodasemana.com\/site\/wp-content\/uploads\/2020\/11\/DSC8274.jpg 591w, https:\/\/correiodasemana.com\/site\/wp-content\/uploads\/2020\/11\/DSC8274-300x201.jpg 300w\" sizes=\"(max-width: 591px) 100vw, 591px\" \/> <img decoding=\"async\" class=\"alignleft size-full wp-image-14402\" src=\"https:\/\/correiodasemana.com\/site\/wp-content\/uploads\/2020\/11\/DSC8325.jpg\" alt=\"\" width=\"591\" height=\"395\" srcset=\"https:\/\/correiodasemana.com\/site\/wp-content\/uploads\/2020\/11\/DSC8325.jpg 591w, https:\/\/correiodasemana.com\/site\/wp-content\/uploads\/2020\/11\/DSC8325-300x201.jpg 300w\" sizes=\"(max-width: 591px) 100vw, 591px\" \/> <img decoding=\"async\" class=\"alignleft size-full wp-image-14403\" src=\"https:\/\/correiodasemana.com\/site\/wp-content\/uploads\/2020\/11\/DSC8284.jpg\" alt=\"\" width=\"591\" height=\"395\" srcset=\"https:\/\/correiodasemana.com\/site\/wp-content\/uploads\/2020\/11\/DSC8284.jpg 591w, https:\/\/correiodasemana.com\/site\/wp-content\/uploads\/2020\/11\/DSC8284-300x201.jpg 300w\" sizes=\"(max-width: 591px) 100vw, 591px\" \/> <img loading=\"lazy\" decoding=\"async\" class=\"alignleft size-full wp-image-14404\" src=\"https:\/\/correiodasemana.com\/site\/wp-content\/uploads\/2020\/11\/DSC8277.jpg\" alt=\"\" width=\"591\" height=\"395\" srcset=\"https:\/\/correiodasemana.com\/site\/wp-content\/uploads\/2020\/11\/DSC8277.jpg 591w, https:\/\/correiodasemana.com\/site\/wp-content\/uploads\/2020\/11\/DSC8277-300x201.jpg 300w\" sizes=\"(max-width: 591px) 100vw, 591px\" \/><\/p>\n","protected":false},"excerpt":{"rendered":"<p>O museu pertencente \u00e0 Diocese de Sobral \u00e9 considerado o quinto museu de arte sacra&#8230;<\/p>\n","protected":false},"author":1,"featured_media":14402,"comment_status":"open","ping_status":"open","sticky":false,"template":"","format":"standard","meta":{"_jetpack_memberships_contains_paid_content":false,"footnotes":"","jetpack_publicize_message":"","jetpack_publicize_feature_enabled":true,"jetpack_social_post_already_shared":true,"jetpack_social_options":{"image_generator_settings":{"template":"highway","default_image_id":0,"font":"","enabled":false},"version":2}},"categories":[1],"tags":[],"class_list":["post-14400","post","type-post","status-publish","format-standard","has-post-thumbnail","hentry","category-atualidade"],"jetpack_publicize_connections":[],"jetpack_featured_media_url":"https:\/\/correiodasemana.com\/site\/wp-content\/uploads\/2020\/11\/DSC8325.jpg","jetpack-related-posts":[{"id":9745,"url":"https:\/\/correiodasemana.com\/site\/museu-diocesano-dom-jose-e-fechado-para-obras-de-restauracao\/","url_meta":{"origin":14400,"position":0},"title":"Museu Diocesano Dom Jos\u00e9 \u00e9 fechado para obras de restaura\u00e7\u00e3o\u00a0","author":"","date":"Novembro 11, 2019","format":false,"excerpt":"O museu ficar\u00e1 de portas fechadas a partir do dia 9 de novembro, com um prazo de seis meses, podendo ser estendido de acordo com as necessidades da obra de restauro Aconteceu na manh\u00e3 da segunda-feira (4) uma coletiva de imprensa no Museu Diocesano Dom Jos\u00e9, para anunciar o in\u00edcio\u2026","rel":"","context":"In &quot;Atualidade&quot;","block_context":{"text":"Atualidade","link":"https:\/\/correiodasemana.com\/site\/category\/atualidade\/"},"img":{"alt_text":"","src":"https:\/\/i0.wp.com\/correiodasemana.com\/site\/wp-content\/uploads\/2019\/11\/DSC_2832.jpg?resize=350%2C200&ssl=1","width":350,"height":200,"srcset":"https:\/\/i0.wp.com\/correiodasemana.com\/site\/wp-content\/uploads\/2019\/11\/DSC_2832.jpg?resize=350%2C200&ssl=1 1x, https:\/\/i0.wp.com\/correiodasemana.com\/site\/wp-content\/uploads\/2019\/11\/DSC_2832.jpg?resize=525%2C300&ssl=1 1.5x, https:\/\/i0.wp.com\/correiodasemana.com\/site\/wp-content\/uploads\/2019\/11\/DSC_2832.jpg?resize=700%2C400&ssl=1 2x"},"classes":[]},{"id":37757,"url":"https:\/\/correiodasemana.com\/site\/visita-tecnica-ao-predio-do-museu-diocesano-dom-jose\/","url_meta":{"origin":14400,"position":1},"title":"Visita t\u00e9cnica ao pr\u00e9dio do Museu Diocesano Dom Jos\u00e9","author":"adminredacao","date":"Mar\u00e7o 20, 2026","format":false,"excerpt":"Na tarde desta quinta-feira, 12\/03, a Secret\u00e1ria do Urbanismo, Habita\u00e7\u00e3o e Meio Ambiente (SEUMA), Evysdanna Gomes de Paula, o Secret\u00e1rio da Infraestrutura (SEINFRA) de Sobral, Paulo Giovani, a Chefe do Escrit\u00f3rio T\u00e9cnico do IPHAN em Sobral, Ana Caroline Alves Parente Nogueira, o empres\u00e1rio propriet\u00e1rio da S\u00e3o Jorge Constru\u00e7\u00f5es, Igor Lucetti\u2026","rel":"","context":"In &quot;Atualidade&quot;","block_context":{"text":"Atualidade","link":"https:\/\/correiodasemana.com\/site\/category\/atualidade\/"},"img":{"alt_text":"","src":"https:\/\/i0.wp.com\/correiodasemana.com\/site\/wp-content\/uploads\/2026\/03\/visita-tecnica-ao-museu-dom-jose-2.jpeg?resize=350%2C200&ssl=1","width":350,"height":200,"srcset":"https:\/\/i0.wp.com\/correiodasemana.com\/site\/wp-content\/uploads\/2026\/03\/visita-tecnica-ao-museu-dom-jose-2.jpeg?resize=350%2C200&ssl=1 1x, https:\/\/i0.wp.com\/correiodasemana.com\/site\/wp-content\/uploads\/2026\/03\/visita-tecnica-ao-museu-dom-jose-2.jpeg?resize=525%2C300&ssl=1 1.5x, https:\/\/i0.wp.com\/correiodasemana.com\/site\/wp-content\/uploads\/2026\/03\/visita-tecnica-ao-museu-dom-jose-2.jpeg?resize=700%2C400&ssl=1 2x, https:\/\/i0.wp.com\/correiodasemana.com\/site\/wp-content\/uploads\/2026\/03\/visita-tecnica-ao-museu-dom-jose-2.jpeg?resize=1050%2C600&ssl=1 3x"},"classes":[]},{"id":16911,"url":"https:\/\/correiodasemana.com\/site\/dom-vasconcelos-visita-museu-diocesano-dom-jose\/","url_meta":{"origin":14400,"position":2},"title":"Dom Vasconcelos visita Museu Diocesano Dom Jos\u00e9","author":"","date":"Julho 5, 2021","format":false,"excerpt":"O Bispo Diocesano da Diocese de Sobral, Dom Jos\u00e9 Luiz Gomes de Vasconcelos, visitou na manh\u00e3 de quinta-feira, 01, o Museu Diocesano Dom Jos\u00e9 que est\u00e1 em restaura\u00e7\u00e3o do pr\u00e9dio, objeto de conv\u00eanio realizado entre o Munic\u00edpio de Sobral com o Instituto do Patrim\u00f4nio Hist\u00f3rico e Art\u00edstico Nacional (IPHAN), viabilizados\u2026","rel":"","context":"In &quot;Atualidade&quot;","block_context":{"text":"Atualidade","link":"https:\/\/correiodasemana.com\/site\/category\/atualidade\/"},"img":{"alt_text":"","src":"https:\/\/i0.wp.com\/correiodasemana.com\/site\/wp-content\/uploads\/2021\/07\/visita-ao-museu-dom-jose-sobral-7.jpg?resize=350%2C200&ssl=1","width":350,"height":200,"srcset":"https:\/\/i0.wp.com\/correiodasemana.com\/site\/wp-content\/uploads\/2021\/07\/visita-ao-museu-dom-jose-sobral-7.jpg?resize=350%2C200&ssl=1 1x, https:\/\/i0.wp.com\/correiodasemana.com\/site\/wp-content\/uploads\/2021\/07\/visita-ao-museu-dom-jose-sobral-7.jpg?resize=525%2C300&ssl=1 1.5x, https:\/\/i0.wp.com\/correiodasemana.com\/site\/wp-content\/uploads\/2021\/07\/visita-ao-museu-dom-jose-sobral-7.jpg?resize=700%2C400&ssl=1 2x"},"classes":[]},{"id":8629,"url":"https:\/\/correiodasemana.com\/site\/academia-sobralense-de-letras-juridicas-concede-medalha-jurista-pe-ibiapina-ao-museu-diocesano-dom-jose-com-sessao-solene-em-sobral\/","url_meta":{"origin":14400,"position":3},"title":"Academia Sobralense de Letras Jur\u00eddicas concede \u201cMedalha Jurista Pe. Ibiapina\u201d ao Museu Diocesano Dom Jos\u00e9 com sess\u00e3o solene em Sobral","author":"","date":"Agosto 17, 2019","format":false,"excerpt":"Desde que foi criada a medalha, a Academia homenageou apenas duas personalidades com a honraria. Dom Vasconcelos, bispo da diocese de Sobral, recebeu com grande alegria a homenagem ao Museu Diocesano Dom Jos\u00e9 Invocando a prote\u00e7\u00e3o de Santo Ivo (padroeiro dos advogados) e da Imaculada Concei\u00e7\u00e3o (padroeira de Sobral), foi\u2026","rel":"","context":"In &quot;Atualidade&quot;","block_context":{"text":"Atualidade","link":"https:\/\/correiodasemana.com\/site\/category\/atualidade\/"},"img":{"alt_text":"","src":"https:\/\/i0.wp.com\/correiodasemana.com\/site\/wp-content\/uploads\/2019\/08\/DSC_6966.jpg?resize=350%2C200&ssl=1","width":350,"height":200,"srcset":"https:\/\/i0.wp.com\/correiodasemana.com\/site\/wp-content\/uploads\/2019\/08\/DSC_6966.jpg?resize=350%2C200&ssl=1 1x, https:\/\/i0.wp.com\/correiodasemana.com\/site\/wp-content\/uploads\/2019\/08\/DSC_6966.jpg?resize=525%2C300&ssl=1 1.5x, https:\/\/i0.wp.com\/correiodasemana.com\/site\/wp-content\/uploads\/2019\/08\/DSC_6966.jpg?resize=700%2C400&ssl=1 2x"},"classes":[]},{"id":35235,"url":"https:\/\/correiodasemana.com\/site\/dom-vasconcelos-e-prof-lira-participam-de-roda-de-conversa-no-casarao-montalverne\/","url_meta":{"origin":14400,"position":4},"title":"Dom Vasconcelos e Prof. Lira participam de Roda de Conversa no Casar\u00e3o Mont\u2019Alverne","author":"adminredacao","date":"Agosto 25, 2025","format":false,"excerpt":"Um dia ap\u00f3s o dia do Patrim\u00f4nio Hist\u00f3rico do Brasil e no dia do Historiador, ter\u00e7a-feira, 19 de agosto, entre 17 e 19 horas, Dom Jos\u00e9 Luiz Gomes de Vasconcelos, Bispo de Sobral, e o Professor Jos\u00e9 Lu\u00eds Lira, diretor do Museu Diocesano Dom Jos\u00e9, de Sobral, participaram de uma\u2026","rel":"","context":"In &quot;Atualidade&quot;","block_context":{"text":"Atualidade","link":"https:\/\/correiodasemana.com\/site\/category\/atualidade\/"},"img":{"alt_text":"","src":"https:\/\/i0.wp.com\/correiodasemana.com\/site\/wp-content\/uploads\/2025\/08\/WhatsApp-Image-2025-08-21-at-08.26.38.jpeg?resize=350%2C200&ssl=1","width":350,"height":200,"srcset":"https:\/\/i0.wp.com\/correiodasemana.com\/site\/wp-content\/uploads\/2025\/08\/WhatsApp-Image-2025-08-21-at-08.26.38.jpeg?resize=350%2C200&ssl=1 1x, https:\/\/i0.wp.com\/correiodasemana.com\/site\/wp-content\/uploads\/2025\/08\/WhatsApp-Image-2025-08-21-at-08.26.38.jpeg?resize=525%2C300&ssl=1 1.5x, https:\/\/i0.wp.com\/correiodasemana.com\/site\/wp-content\/uploads\/2025\/08\/WhatsApp-Image-2025-08-21-at-08.26.38.jpeg?resize=700%2C400&ssl=1 2x"},"classes":[]},{"id":26132,"url":"https:\/\/correiodasemana.com\/site\/fachada-do-museu-diocesano-dom-jose-sera-pintada-com-cor-azul-serena\/","url_meta":{"origin":14400,"position":5},"title":"Fachada do Museu Diocesano Dom Jos\u00e9 ser\u00e1 pintada com cor azul serena","author":"adminredacao","date":"Agosto 14, 2023","format":false,"excerpt":"A Coordena\u00e7\u00e3o do Patrim\u00f4nio, da Secretaria do Urbanismo, Habita\u00e7\u00e3o e Meio Ambiente (Seuma), realizou, na quinta-feira (10\/08), uma visita \u00e0s obras de restauro do Museu Dom Jos\u00e9 para a escolha da cor da fachada do im\u00f3vel. Acompanhados do Prof. Dr. Jos\u00e9 Lu\u00eds Lira, diretor do Museu e na oportunidade representando\u2026","rel":"","context":"In &quot;Atualidade&quot;","block_context":{"text":"Atualidade","link":"https:\/\/correiodasemana.com\/site\/category\/atualidade\/"},"img":{"alt_text":"","src":"https:\/\/i0.wp.com\/correiodasemana.com\/site\/wp-content\/uploads\/2023\/08\/aad.jpg?resize=350%2C200&ssl=1","width":350,"height":200,"srcset":"https:\/\/i0.wp.com\/correiodasemana.com\/site\/wp-content\/uploads\/2023\/08\/aad.jpg?resize=350%2C200&ssl=1 1x, https:\/\/i0.wp.com\/correiodasemana.com\/site\/wp-content\/uploads\/2023\/08\/aad.jpg?resize=525%2C300&ssl=1 1.5x"},"classes":[]}],"jetpack_sharing_enabled":true,"_links":{"self":[{"href":"https:\/\/correiodasemana.com\/site\/wp-json\/wp\/v2\/posts\/14400","targetHints":{"allow":["GET"]}}],"collection":[{"href":"https:\/\/correiodasemana.com\/site\/wp-json\/wp\/v2\/posts"}],"about":[{"href":"https:\/\/correiodasemana.com\/site\/wp-json\/wp\/v2\/types\/post"}],"author":[{"embeddable":true,"href":"https:\/\/correiodasemana.com\/site\/wp-json\/wp\/v2\/users\/1"}],"replies":[{"embeddable":true,"href":"https:\/\/correiodasemana.com\/site\/wp-json\/wp\/v2\/comments?post=14400"}],"version-history":[{"count":1,"href":"https:\/\/correiodasemana.com\/site\/wp-json\/wp\/v2\/posts\/14400\/revisions"}],"predecessor-version":[{"id":14405,"href":"https:\/\/correiodasemana.com\/site\/wp-json\/wp\/v2\/posts\/14400\/revisions\/14405"}],"wp:featuredmedia":[{"embeddable":true,"href":"https:\/\/correiodasemana.com\/site\/wp-json\/wp\/v2\/media\/14402"}],"wp:attachment":[{"href":"https:\/\/correiodasemana.com\/site\/wp-json\/wp\/v2\/media?parent=14400"}],"wp:term":[{"taxonomy":"category","embeddable":true,"href":"https:\/\/correiodasemana.com\/site\/wp-json\/wp\/v2\/categories?post=14400"},{"taxonomy":"post_tag","embeddable":true,"href":"https:\/\/correiodasemana.com\/site\/wp-json\/wp\/v2\/tags?post=14400"}],"curies":[{"name":"wp","href":"https:\/\/api.w.org\/{rel}","templated":true}]}}