{"id":14512,"date":"2020-11-12T01:02:04","date_gmt":"2020-11-12T04:02:04","guid":{"rendered":"https:\/\/correiodasemana.com\/site\/?p=14512"},"modified":"2020-11-12T01:02:04","modified_gmt":"2020-11-12T04:02:04","slug":"paroquia-nossa-senhora-do-patrocinio-promove-noite-de-estudos-sobre-cartilha-de-orientacao-politica-da-cnbb","status":"publish","type":"post","link":"https:\/\/correiodasemana.com\/site\/paroquia-nossa-senhora-do-patrocinio-promove-noite-de-estudos-sobre-cartilha-de-orientacao-politica-da-cnbb\/","title":{"rendered":"Par\u00f3quia Nossa Senhora do Patroc\u00ednio promove noite de estudos sobre Cartilha de Orienta\u00e7\u00e3o Pol\u00edtica da CNBB"},"content":{"rendered":"<p>A Par\u00f3quia Nossa Senhora do Patroc\u00ednio realizou na noite de quinta-feira, dia 22 de outubro, o estudo da Cartilha de Orienta\u00e7\u00e3o Pol\u00edtica, preparada pela CNBB.<br \/>\nComo \u00e9 do conhecimento de todos, s\u00e3o muitas as iniciativas da Igreja relativas \u00e0 vida p\u00fablica no Brasil e \u00e0 promo\u00e7\u00e3o do bem comum. Em geral, as orienta\u00e7\u00f5es dos bispos se materializam em subs\u00eddios que podem ser estudados individual ou comunitariamente, como \u00e9 o caso da Cartilha de Orienta\u00e7\u00e3o Pol\u00edtica, tradicionalmente elaborada Regional Sul 2 da Confer\u00eancia Nacional dos Bispos do Brasil (CNBB).<br \/>\nNeste ano, a cartilha foi elaborada por uma equipe de especialistas nas \u00e1reas do Direito Constitucional, Direito Eleitoral, Filosofia, Sociologia, Hist\u00f3ria e Cultura, F\u00e9 e Pol\u00edtica, e tem como finalidade orientar e informar os fi\u00e9is a respeito das elei\u00e7\u00f5es, contribuindo para uma sadia consci\u00eancia pol\u00edtica.<br \/>\nA cartilha est\u00e1 dividida em tr\u00eas partes. Na primeira, trabalha a conceitua\u00e7\u00e3o de pol\u00edtica, cidadania, democracia, a import\u00e2ncia do voto, a compet\u00eancia de cada um dos tr\u00eas poderes (executivo, legislativo e judici\u00e1rio). Na segunda, mostra a rela\u00e7\u00e3o entre a Igreja e a pol\u00edtica e, na terceira parte, trata, objetivamente, das elei\u00e7\u00f5es municipais e das fun\u00e7\u00f5es e deveres do prefeito e dos vereadores.<br \/>\nA reuni\u00e3o on-line foi presidida pelo Pe. Agnaldo, p\u00e1roco, e contou com a participa\u00e7\u00e3o das lideran\u00e7as da par\u00f3quia e membros do Conselho Paroquial. A assessoria do encontro ficou por conta da professora Kelly Coelho, da contadora\/economista Geyse Braga e do Z\u00e9 Maria, assessor da Caritas Diocesana.<br \/>\nO estudo teve por objetivo esclarecer a vis\u00e3o da Igreja sobre o modo como os crist\u00e3os devem participar da pol\u00edtica e das elei\u00e7\u00f5es, e fazer entender a todos que a elei\u00e7\u00e3o \u00e9 realmente um momento muito importante na vida de cada cidad\u00e3o, e que \u00e9 preciso consci\u00eancia e responsabilidade na hora de votar.<br \/>\n\u201cPara o crist\u00e3o, \u00e9 uma obriga\u00e7\u00e3o envolver-se na pol\u00edtica. N\u00f3s, crist\u00e3os, n\u00e3o podemos fazer como Pilatos: lavar as m\u00e3os. N\u00e3o podemos. Devemos nos envolver na pol\u00edtica, pois a pol\u00edtica \u00e9 uma das formas mais altas da caridade, porque busca o bem comum. E os leigos crist\u00e3os devem trabalhar na pol\u00edtica. Voc\u00ea, ent\u00e3o, me dir\u00e1: Mas n\u00e3o \u00e9 f\u00e1cil, pois a pol\u00edtica est\u00e1 muito suja. E, ent\u00e3o, eu pergunto: A pol\u00edtica est\u00e1 suja, por qu\u00ea? N\u00e3o ser\u00e1 por que os crist\u00e3os se envolveram na pol\u00edtica sem o esp\u00edrito do Evangelho? Fa\u00e7o-lhe outra pergunta: \u00c9 f\u00e1cil dizer que a culpa \u00e9 do outro, mas eu o que estou fazendo? \u00c9 um dever trabalhar para o bem comum, \u00e9 um dever do crist\u00e3o!\u201d (Discurso do Papa \u2013 Vaticano, 7 de junho de 2013).<\/p>\n<p>Pascom\/Patroc\u00ednio<\/p>\n<p><img fetchpriority=\"high\" decoding=\"async\" class=\"alignleft  wp-image-14513\" src=\"https:\/\/correiodasemana.com\/site\/wp-content\/uploads\/2020\/11\/patrocinio.jpg\" alt=\"\" width=\"327\" height=\"218\" srcset=\"https:\/\/correiodasemana.com\/site\/wp-content\/uploads\/2020\/11\/patrocinio.jpg 1600w, https:\/\/correiodasemana.com\/site\/wp-content\/uploads\/2020\/11\/patrocinio-300x200.jpg 300w, https:\/\/correiodasemana.com\/site\/wp-content\/uploads\/2020\/11\/patrocinio-1024x682.jpg 1024w, https:\/\/correiodasemana.com\/site\/wp-content\/uploads\/2020\/11\/patrocinio-768x512.jpg 768w, https:\/\/correiodasemana.com\/site\/wp-content\/uploads\/2020\/11\/patrocinio-1536x1020.jpg 1536w, https:\/\/correiodasemana.com\/site\/wp-content\/uploads\/2020\/11\/patrocinio-675x450.jpg 675w\" sizes=\"(max-width: 327px) 100vw, 327px\" \/><\/p>\n<p>&nbsp;<\/p>\n","protected":false},"excerpt":{"rendered":"<p>A Par\u00f3quia Nossa Senhora do Patroc\u00ednio realizou na noite de quinta-feira, dia 22 de outubro,&#8230;<\/p>\n","protected":false},"author":1,"featured_media":14513,"comment_status":"open","ping_status":"open","sticky":false,"template":"","format":"standard","meta":{"_jetpack_memberships_contains_paid_content":false,"footnotes":"","jetpack_publicize_message":"","jetpack_publicize_feature_enabled":true,"jetpack_social_post_already_shared":true,"jetpack_social_options":{"image_generator_settings":{"template":"highway","default_image_id":0,"font":"","enabled":false},"version":2}},"categories":[1],"tags":[],"class_list":["post-14512","post","type-post","status-publish","format-standard","has-post-thumbnail","hentry","category-atualidade"],"jetpack_publicize_connections":[],"jetpack_featured_media_url":"https:\/\/correiodasemana.com\/site\/wp-content\/uploads\/2020\/11\/patrocinio.jpg","jetpack-related-posts":[{"id":14115,"url":"https:\/\/correiodasemana.com\/site\/ministerio-da-cidadania-lanca-cartilhas-que-esclarecem-a-nova-politica-nacional-sobre-drogas\/","url_meta":{"origin":14512,"position":0},"title":"Minist\u00e9rio da Cidadania lan\u00e7a cartilhas que esclarecem a Nova Pol\u00edtica Nacional sobre Drogas","author":"","date":"Outubro 19, 2020","format":false,"excerpt":"S\u00e3o tr\u00eas documentos dispon\u00edveis de forma impressa e online, tratando de forma did\u00e1tica d\u00favidas sobre a nova legisla\u00e7\u00e3o, preven\u00e7\u00e3o ao uso de drogas e orienta\u00e7\u00f5es de como ajudar uma pessoa com depend\u00eancia qu\u00edmica secretaria Nacional de Cuidados e Preven\u00e7\u00e3o \u00e0s\u00a0Drogas\u00a0(Senapred), do Minist\u00e9rio da Cidadania, lan\u00e7ou nesta quinta-feira (15.10) tr\u00eas cartilhas,\u2026","rel":"","context":"In &quot;Atualidade&quot;","block_context":{"text":"Atualidade","link":"https:\/\/correiodasemana.com\/site\/category\/atualidade\/"},"img":{"alt_text":"","src":"https:\/\/i0.wp.com\/correiodasemana.com\/site\/wp-content\/uploads\/2020\/10\/07b4fc37-39b8-41fa-ac6c-b6c53630c8a6.jpeg?resize=350%2C200&ssl=1","width":350,"height":200,"srcset":"https:\/\/i0.wp.com\/correiodasemana.com\/site\/wp-content\/uploads\/2020\/10\/07b4fc37-39b8-41fa-ac6c-b6c53630c8a6.jpeg?resize=350%2C200&ssl=1 1x, https:\/\/i0.wp.com\/correiodasemana.com\/site\/wp-content\/uploads\/2020\/10\/07b4fc37-39b8-41fa-ac6c-b6c53630c8a6.jpeg?resize=525%2C300&ssl=1 1.5x, https:\/\/i0.wp.com\/correiodasemana.com\/site\/wp-content\/uploads\/2020\/10\/07b4fc37-39b8-41fa-ac6c-b6c53630c8a6.jpeg?resize=700%2C400&ssl=1 2x"},"classes":[]},{"id":37352,"url":"https:\/\/correiodasemana.com\/site\/diocese-de-sobral-realiza-formacao-diocesana-sobre-a-campanha-da-fraternidade-2026\/","url_meta":{"origin":14512,"position":1},"title":"Diocese de Sobral realiza Forma\u00e7\u00e3o Diocesana sobre a Campanha da Fraternidade 2026","author":"adminredacao","date":"Fevereiro 11, 2026","format":false,"excerpt":"Cl\u00e9rigos, religiosas e leigos participaram, na manh\u00e3 do \u00faltimo s\u00e1bado (31\/01), da Forma\u00e7\u00e3o Diocesana sobre a Campanha da Fraternidade 2026, que tem como tema \u201cFraternidade e Moradia\u201d e lema \u201cEle veio morar entre n\u00f3s\u201d (Jo 1,14). O encontro aconteceu no audit\u00f3rio da Par\u00f3quia de Nossa Senhora do Patroc\u00ednio, em Sobral,\u2026","rel":"","context":"In &quot;Atualidade&quot;","block_context":{"text":"Atualidade","link":"https:\/\/correiodasemana.com\/site\/category\/atualidade\/"},"img":{"alt_text":"","src":"https:\/\/i0.wp.com\/correiodasemana.com\/site\/wp-content\/uploads\/2026\/02\/formacao-da-campanha-da-fraternidade-2026-2.jpeg?resize=350%2C200&ssl=1","width":350,"height":200,"srcset":"https:\/\/i0.wp.com\/correiodasemana.com\/site\/wp-content\/uploads\/2026\/02\/formacao-da-campanha-da-fraternidade-2026-2.jpeg?resize=350%2C200&ssl=1 1x, https:\/\/i0.wp.com\/correiodasemana.com\/site\/wp-content\/uploads\/2026\/02\/formacao-da-campanha-da-fraternidade-2026-2.jpeg?resize=525%2C300&ssl=1 1.5x, https:\/\/i0.wp.com\/correiodasemana.com\/site\/wp-content\/uploads\/2026\/02\/formacao-da-campanha-da-fraternidade-2026-2.jpeg?resize=700%2C400&ssl=1 2x, https:\/\/i0.wp.com\/correiodasemana.com\/site\/wp-content\/uploads\/2026\/02\/formacao-da-campanha-da-fraternidade-2026-2.jpeg?resize=1050%2C600&ssl=1 3x"},"classes":[]},{"id":9164,"url":"https:\/\/correiodasemana.com\/site\/regiao-episcopal\/","url_meta":{"origin":14512,"position":2},"title":"Regi\u00e3o Episcopal","author":"","date":"Setembro 23, 2019","format":false,"excerpt":"Par\u00f3quia Sagrado Cora\u00e7\u00e3o de Jesus \u2013 Sobral-CE A Capela de Nossa Senhora de Loudes localizada no Bairro alto da Bras\u00edlia e que faz parte da Par\u00f3quia do Sagrado Cora\u00e7\u00e3o de Jesus est\u00e1 com uma campanha solid\u00e1ria para arrecada\u00e7\u00e3o de dinheiro para a sua reconstru\u00e7\u00e3o. As doa\u00e7\u00f5es podem ser realizadas atrav\u00e9s\u2026","rel":"","context":"In &quot;Igreja&quot;","block_context":{"text":"Igreja","link":"https:\/\/correiodasemana.com\/site\/category\/igreja\/"},"img":{"alt_text":"","src":"https:\/\/i0.wp.com\/correiodasemana.com\/site\/wp-content\/uploads\/2019\/07\/igreja-do-ros%C3%A1rio.jpg?resize=350%2C200&ssl=1","width":350,"height":200,"srcset":"https:\/\/i0.wp.com\/correiodasemana.com\/site\/wp-content\/uploads\/2019\/07\/igreja-do-ros%C3%A1rio.jpg?resize=350%2C200&ssl=1 1x, https:\/\/i0.wp.com\/correiodasemana.com\/site\/wp-content\/uploads\/2019\/07\/igreja-do-ros%C3%A1rio.jpg?resize=525%2C300&ssl=1 1.5x, https:\/\/i0.wp.com\/correiodasemana.com\/site\/wp-content\/uploads\/2019\/07\/igreja-do-ros%C3%A1rio.jpg?resize=700%2C400&ssl=1 2x"},"classes":[]},{"id":10070,"url":"https:\/\/correiodasemana.com\/site\/boletim-da-semana-10\/","url_meta":{"origin":14512,"position":3},"title":"Boletim da Semana","author":"","date":"Dezembro 2, 2019","format":false,"excerpt":"A\u00e7\u00e3o imediata contra o HIV no nascimento aumenta chances contra a doen\u00e7a Beb\u00eas soropositivos que come\u00e7am a receber antirretroviral horas ap\u00f3s o nascimento apresentam menor carga do v\u00edrus, mostra estudo com 64 crian\u00e7as. Resultado refor\u00e7a a import\u00e2ncia da oferta de assist\u00eancia aos infectados o mais cedo poss\u00edvel. Uma das principais\u2026","rel":"","context":"In &quot;Atualidade&quot;","block_context":{"text":"Atualidade","link":"https:\/\/correiodasemana.com\/site\/category\/atualidade\/"},"img":{"alt_text":"","src":"","width":0,"height":0},"classes":[]},{"id":25300,"url":"https:\/\/correiodasemana.com\/site\/papa-aceita-renuncia-de-dom-saburido-e-nomeia-dom-paulo-jackson-para-olinda-e-recife\/","url_meta":{"origin":14512,"position":4},"title":"Papa aceita ren\u00fancia de Dom Saburido e nomeia Dom Paulo Jackson para Olinda e Recife","author":"adminredacao","date":"Junho 19, 2023","format":false,"excerpt":"Fonte: CNBB O Papa Francisco acolheu, nesta quarta-feira, 14 de junho, o pedido de ren\u00fancia apresentado por dom Ant\u00f4nio Fernando Saburido ao governo pastoral da arquidiocese de Olinda e Recife (PE). E nomeou como novo arcebispo dom Paulo Jackson N\u00f3brega de Sousa, atualmente bispo de Garanhuns (PE) e segundo-vice-presidente da\u2026","rel":"","context":"In &quot;Atualidade&quot;","block_context":{"text":"Atualidade","link":"https:\/\/correiodasemana.com\/site\/category\/atualidade\/"},"img":{"alt_text":"","src":"https:\/\/i0.wp.com\/correiodasemana.com\/site\/wp-content\/uploads\/2023\/06\/Destaque-Portal-2.png?resize=350%2C200&ssl=1","width":350,"height":200,"srcset":"https:\/\/i0.wp.com\/correiodasemana.com\/site\/wp-content\/uploads\/2023\/06\/Destaque-Portal-2.png?resize=350%2C200&ssl=1 1x, https:\/\/i0.wp.com\/correiodasemana.com\/site\/wp-content\/uploads\/2023\/06\/Destaque-Portal-2.png?resize=525%2C300&ssl=1 1.5x, https:\/\/i0.wp.com\/correiodasemana.com\/site\/wp-content\/uploads\/2023\/06\/Destaque-Portal-2.png?resize=700%2C400&ssl=1 2x, https:\/\/i0.wp.com\/correiodasemana.com\/site\/wp-content\/uploads\/2023\/06\/Destaque-Portal-2.png?resize=1050%2C600&ssl=1 3x"},"classes":[]},{"id":26178,"url":"https:\/\/correiodasemana.com\/site\/a-cnbb-e-a-doutrina-social-da-igreja\/","url_meta":{"origin":14512,"position":5},"title":"A CNBB e a Doutrina Social da Igreja","author":"adminredacao","date":"Agosto 21, 2023","format":false,"excerpt":"Em sua Carta Apost\u00f3lica, Novo Millenio Ineunte, o Papa Jo\u00e3o Paulo II falou da necessidade de discernir e rejeitar a \u201ctenta\u00e7\u00e3o de uma espiritualidade intimista e individualista, que dificilmente se coaduna com as exig\u00eancias da caridade, com a l\u00f3gica da encarna\u00e7\u00e3o\u201d (NMI 52). Essa espiritualidade, \u2013e mais do que isso-\u2026","rel":"","context":"In &quot;Atualidade&quot;","block_context":{"text":"Atualidade","link":"https:\/\/correiodasemana.com\/site\/category\/atualidade\/"},"img":{"alt_text":"","src":"https:\/\/i0.wp.com\/correiodasemana.com\/site\/wp-content\/uploads\/2019\/07\/editorial-cs.jpg?resize=350%2C200&ssl=1","width":350,"height":200,"srcset":"https:\/\/i0.wp.com\/correiodasemana.com\/site\/wp-content\/uploads\/2019\/07\/editorial-cs.jpg?resize=350%2C200&ssl=1 1x, https:\/\/i0.wp.com\/correiodasemana.com\/site\/wp-content\/uploads\/2019\/07\/editorial-cs.jpg?resize=525%2C300&ssl=1 1.5x"},"classes":[]}],"jetpack_sharing_enabled":true,"_links":{"self":[{"href":"https:\/\/correiodasemana.com\/site\/wp-json\/wp\/v2\/posts\/14512","targetHints":{"allow":["GET"]}}],"collection":[{"href":"https:\/\/correiodasemana.com\/site\/wp-json\/wp\/v2\/posts"}],"about":[{"href":"https:\/\/correiodasemana.com\/site\/wp-json\/wp\/v2\/types\/post"}],"author":[{"embeddable":true,"href":"https:\/\/correiodasemana.com\/site\/wp-json\/wp\/v2\/users\/1"}],"replies":[{"embeddable":true,"href":"https:\/\/correiodasemana.com\/site\/wp-json\/wp\/v2\/comments?post=14512"}],"version-history":[{"count":1,"href":"https:\/\/correiodasemana.com\/site\/wp-json\/wp\/v2\/posts\/14512\/revisions"}],"predecessor-version":[{"id":14514,"href":"https:\/\/correiodasemana.com\/site\/wp-json\/wp\/v2\/posts\/14512\/revisions\/14514"}],"wp:featuredmedia":[{"embeddable":true,"href":"https:\/\/correiodasemana.com\/site\/wp-json\/wp\/v2\/media\/14513"}],"wp:attachment":[{"href":"https:\/\/correiodasemana.com\/site\/wp-json\/wp\/v2\/media?parent=14512"}],"wp:term":[{"taxonomy":"category","embeddable":true,"href":"https:\/\/correiodasemana.com\/site\/wp-json\/wp\/v2\/categories?post=14512"},{"taxonomy":"post_tag","embeddable":true,"href":"https:\/\/correiodasemana.com\/site\/wp-json\/wp\/v2\/tags?post=14512"}],"curies":[{"name":"wp","href":"https:\/\/api.w.org\/{rel}","templated":true}]}}