{"id":14542,"date":"2020-11-16T00:18:11","date_gmt":"2020-11-16T03:18:11","guid":{"rendered":"https:\/\/correiodasemana.com\/site\/?p=14542"},"modified":"2020-11-16T00:18:11","modified_gmt":"2020-11-16T03:18:11","slug":"dom-vasconcelos-celebra-missa-pelos-105-anos-da-diocese-de-sobral","status":"publish","type":"post","link":"https:\/\/correiodasemana.com\/site\/dom-vasconcelos-celebra-missa-pelos-105-anos-da-diocese-de-sobral\/","title":{"rendered":"Dom Vasconcelos celebra missa  pelos 105 anos da Diocese de Sobral"},"content":{"rendered":"<p>Por Joc\u00e9lio Tavares.<br \/>\nA Diocese de Sobral comemorou, no \u00faltimo dia 10\/11 (ter\u00e7a-feira), 105 anos de cria\u00e7\u00e3o, em uma hist\u00f3ria que se confunde com o desenvolvimento da pr\u00f3pria cidade-polo da Regi\u00e3o Norte do Estado do Cear\u00e1.<br \/>\nDom Vasconcelos, Arcebispo da Diocese de Sobral, realizou, \u00e0s 9h da manh\u00e3 do dia 10 de novembro, na Catedral da S\u00e9, uma missa para celebrar a data e realizar a Renova\u00e7\u00e3o das Promessas Sacerdotais. A celebra\u00e7\u00e3o contou com a presen\u00e7a do presbit\u00e9rio da Diocese.<\/p>\n<p><img fetchpriority=\"high\" decoding=\"async\" class=\"wp-image-14543 aligncenter\" src=\"https:\/\/correiodasemana.com\/site\/wp-content\/uploads\/2020\/11\/dom-vasconcelos-celebra-105-anos-da-diocese-de-sobral-1.jpg\" alt=\"\" width=\"365\" height=\"244\" srcset=\"https:\/\/correiodasemana.com\/site\/wp-content\/uploads\/2020\/11\/dom-vasconcelos-celebra-105-anos-da-diocese-de-sobral-1.jpg 968w, https:\/\/correiodasemana.com\/site\/wp-content\/uploads\/2020\/11\/dom-vasconcelos-celebra-105-anos-da-diocese-de-sobral-1-300x201.jpg 300w, https:\/\/correiodasemana.com\/site\/wp-content\/uploads\/2020\/11\/dom-vasconcelos-celebra-105-anos-da-diocese-de-sobral-1-768x514.jpg 768w, https:\/\/correiodasemana.com\/site\/wp-content\/uploads\/2020\/11\/dom-vasconcelos-celebra-105-anos-da-diocese-de-sobral-1-675x450.jpg 675w\" sizes=\"(max-width: 365px) 100vw, 365px\" \/><\/p>\n<p><img decoding=\"async\" class=\"wp-image-14544 aligncenter\" src=\"https:\/\/correiodasemana.com\/site\/wp-content\/uploads\/2020\/11\/dom-vasconcelos-celebra-105-anos-da-diocese-de-sobral-4.jpg\" alt=\"\" width=\"362\" height=\"243\" srcset=\"https:\/\/correiodasemana.com\/site\/wp-content\/uploads\/2020\/11\/dom-vasconcelos-celebra-105-anos-da-diocese-de-sobral-4.jpg 968w, https:\/\/correiodasemana.com\/site\/wp-content\/uploads\/2020\/11\/dom-vasconcelos-celebra-105-anos-da-diocese-de-sobral-4-300x201.jpg 300w, https:\/\/correiodasemana.com\/site\/wp-content\/uploads\/2020\/11\/dom-vasconcelos-celebra-105-anos-da-diocese-de-sobral-4-768x514.jpg 768w\" sizes=\"(max-width: 362px) 100vw, 362px\" \/><br \/>\nFoi disponibilizado \u00e1lcool em gel na entrada da igreja e os fieis presentes foram recomendados a usarem m\u00e1scara o tempo todo.<br \/>\nDom Vasconcelos abriu a celebra\u00e7\u00e3o ressaltando a felicidade em poder comemorar de forma presencial o anivers\u00e1rio da Diocese de Sobral e agradeceu a presen\u00e7a do presb\u00edtero. \u201cDepois de uma longa espera devido a pandemia, o Senhor nos deu essa gra\u00e7a e n\u00f3s nos alegramos\u201d, disse.<br \/>\nDom Vasconcelos falou ainda sobre como a pandemia do novo coronav\u00edrus fez com que a igreja cat\u00f3lica se tornasse mais criativa para que pudesse continuar a exercer suas atividades e alcan\u00e7ar os fieis. \u201cA palavra-chave que mais ecoou foi a palavra reinventar. Precisamos nos reinventar. Nunca nos sentimos t\u00e3o valorizados. O Senhor nos deu a oportunidade de rezarmos mais, de celebrarmos cotidianamente a eucaristia envolvidos unicamente pela necessidade de exercermos nosso minist\u00e9rio em favor do povo e de transmitir atrav\u00e9s das redes sociais nossas missas\u201d, pontuou o Bispo.<br \/>\nO bispo destacou que o processo de retoma das atividades \u00e9 cercado de incertezas, mas aponta que n\u00e3o se pode simplesmente retornar a caminhada pastoral para continuar fazendo exatamente as mesmas coisas que j\u00e1 vinham sendo feitas.<br \/>\n\u201cTudo que vivenciamos nesse tempo dif\u00edcil nos convida a uma postura diferente e n\u00e3o podemos retornar pura e simplesmente as escolhas anteriores e a seguir os caminhos j\u00e1 conhecidos anteriores \u00e0 COVID-19\u201d, finalizou Dom Vasconcelos.<\/p>\n<p><strong>Primeiro Bispo<\/strong><br \/>\nNa hist\u00f3ria da Diocese de Sobral, destaca-se a chegada, em 1908, do jovem padre Jos\u00e9 Tupinamb\u00e1 da Frota, sobralense que retornava de Roma, onde concluiu sua forma\u00e7\u00e3o sacerdotal, sendo designado Vig\u00e1rio da cidade.<br \/>\nAo ser criada a Diocese de Sobral, em 10 de novembro de 1915, dom Jos\u00e9 Tupinamb\u00e1 da Frota foi nomeado, pelo Papa Bento XV, como primeiro bispo. O sacerdote, de esp\u00edrito empreendedor, transformou a infraestrutura da cidade, construindo pr\u00e9dios, implementando a\u00e7\u00f5es de saneamento, e se envolvendo cada vez mais na busca por solu\u00e7\u00f5es dos problemas de sa\u00fade, educa\u00e7\u00e3o, cultura, comunica\u00e7\u00e3o e assist\u00eancia aos idosos.<br \/>\nDurante 51 anos de dedica\u00e7\u00e3o sacerdotal, oito como vig\u00e1rio e 43 como bispo, Dom Jos\u00e9 Tupinamb\u00e1 da Frota, que faleceu em 1959, aos 77 anos, criou 19 par\u00f3quias e ordenou 95 padres. E ainda \u00e9 considerado, por muitos, o maior benfeitor da cidade, por unir ao conjunto de sua obra eclesial, pol\u00edtica, cultural e administrativa, a constru\u00e7\u00e3o do Semin\u00e1rio S\u00e3o Jos\u00e9, os col\u00e9gios Sant\u2019Ana e Sobralense, a Santa Casa de Miseric\u00f3rdia, o jornal Correio da Semana, o Abrigo Sagrado Cora\u00e7\u00e3o de Jesus, e o Museu Diocesano, refer\u00eancia no Brasil em arte sacra e decorativa, entre outros feitos.<\/p>\n<hr \/>\n<h1>Carta ao Clero da Diocese de Sobral por ocasi\u00e3o do primeiro encontro presencial depois do isolamento social para a renova\u00e7\u00e3o das promessas sacerdotais<\/h1>\n<p>Queridos sacerdotes e car\u00edssimo Di\u00e1cono, 1. Como \u00e9 bom podermos nos reunir novamente na nossa Catedral, depois de tantos meses longe uns dos outros por causa da pandemia. Providencialmente, nos reencontramos justamente no dia em que celebramos o 105\u00ba anivers\u00e1rio da nossa querida Diocese de Sobral, criada no dia 10 de novembro de 1915, pelo Papa Bento XV, para o bem da religi\u00e3o cat\u00f3lica, como diz o t\u00edtulo da Bula da sua cria\u00e7\u00e3o \u201cCatholicae Religionis Bonum\u201d. Por ser uma data significativa para a nossa Igreja Diocesana, achamos por bem nos servir desta ocasi\u00e3o para renovarmos as nossas promessas sacerdotais, visto que, por causa da pandemia do novo coronav\u00edrus, fomos obrigados a suprimir a Missa Crismal e o conv\u00edvio da Quinta-feira Santa. Para marcar a singularidade deste momento, quis me dirigir a cada cl\u00e9rigo da nossa Diocese de um de modo personalizado atrav\u00e9s desta breve Carta, escrita para este momento. Gostaria de iniciar esta nossa conversa manifestando a minha alegria de poder reencontr\u00e1-los s\u00e3os e salvos ap\u00f3s a fase mais aguda da difus\u00e3o do v\u00edrus e de felicit\u00e1-los pela maneira como se fizeram presentes junto do nosso povo durante o tempo de confinamento. Mais ainda: com grande afeto e reconhecimento, quero agradecer de cora\u00e7\u00e3o o servi\u00e7o fiel, generoso e perseverante de cada um de voc\u00eas a esta Igreja Particular, n\u00e3o s\u00f3 durante a pandemia, mas ao longo de toda a vida sacerdotal. 2. Caros sacerdotes, a participa\u00e7\u00e3o de voc\u00eas nesta missa, juntamente com o di\u00e1cono, os religiosos e as religiosas, os leigos e as leigas, manifesta a import\u00e2ncia de estarmos unidos em comunh\u00e3o com o Bispo. Hoje, de fato, celebramos a festa da \u201cunidade diocesana\u201d: do presbit\u00e9rio unido ao seu bispo, do bispo e do seu presbit\u00e9rio unidos a todo o povo de Deus e vice-versa. \u00c9 neste clima que, mesmo fora da data tradicional, mas com a alma cheia de alegria, renovaremos as nossas promessas sacerdotais. O rito da renova\u00e7\u00e3o das promessas sacerdotais, vivenciado a cada ano na Missa Crismal da Quinta-feira Santa, inevitavelmente, nos leva de volta, com nossas mentes e cora\u00e7\u00f5es, ao dia inesquec\u00edvel da nossa ordena\u00e7\u00e3o presbiteral, no qual o Senhor Jesus imprimiu, com o dom do Esp\u00edrito, um selo indel\u00e9vel em nossa alma e nos configurou a Ele, Eterno e Sumo Sacerdote, para nos tornarmos fi\u00e9is dispensadores de Seus mist\u00e9rios divinos. Conscientes disso, nesta manh\u00e3, agradecidos, nos reunimos na nossa Igreja m\u00e3e, a Catedral diocesana, para reafirmarmos, em un\u00edssono, que nos sentimos felizes com o dom do sacerd\u00f3cio ministerial que o Senhor colocou nas nossas fr\u00e1geis m\u00e3os e que tudo faremos para exerc\u00ea-lo santamente e com dignidade devida, para o bem da Igreja e do povo de Deus. 2 A perten\u00e7a ao presbit\u00e9rio diocesano 3. Caros sacerdotes, com a ordena\u00e7\u00e3o presbiteral lhes foi conferido um car\u00e1ter espiritual indel\u00e9vel que os torna participantes do \u00danico Sacerd\u00f3cio de Cristo, Cabe\u00e7a e Pastor da Igreja. Esta gra\u00e7a de valor infinito \u00e9 um dom para o servi\u00e7o ministerial e nunca pode ser vivida de forma ego\u00edsta ou isolada. Em virtude do sacramento da Ordem, cada sacerdote \u00e9 inserido no Ordo Presbyterorum, constituindo aquela unidade que se pode definir como uma verdadeira fam\u00edlia na qual os la\u00e7os n\u00e3o v\u00eam da carne nem do sangue, mas da gra\u00e7a da Ordem (PDV 74). A ordena\u00e7\u00e3o faz de cada presb\u00edtero um membro do corpo sacerdotal, que \u00e9 o Presbit\u00e9rio, guiado pelo Bispo. A partir de ent\u00e3o, o presb\u00edtero deve empreender todos os esfor\u00e7os para evitar viver o seu sacerd\u00f3cio de um modo isolado e subjetivista e tudo far\u00e1 para favorecer a comunh\u00e3o fraterna dando e recebendo o calor da amizade, da assist\u00eancia cordial, do acolhimento, da corre\u00e7\u00e3o fraterna, muito consciente de que a gra\u00e7a da Ordem \u201cassume e eleva as rela\u00e7\u00f5es humanas, psicol\u00f3gicas, afetivas, de amizade e espirituais [&#8230;] e se concretiza nas mais variadas formas de ajuda rec\u00edproca, n\u00e3o s\u00f3 espirituais, mas tamb\u00e9m materiais\u201d (PDV 74). 4. A perten\u00e7a ao Presbit\u00e9rio Diocesano, sob a orienta\u00e7\u00e3o do Bispo, deve tamb\u00e9m ser constantemente renovada atrav\u00e9s da participa\u00e7\u00e3o viva e zelosa nos eventos diocesanos presididos ou promovidos pelo Bispo, nos retiros anuais e nas reuni\u00f5es mensais do clero, nas reuni\u00f5es bimestrais das regi\u00f5es episcopais, nos cursos de atualiza\u00e7\u00e3o do clero etc. Nada disso, por\u00e9m, ser\u00e1 real, verdadeiro e coerente se n\u00e3o cultivarmos a fraternidade indispens\u00e1vel \u00e0 nossa condi\u00e7\u00e3o de membros do presbit\u00e9rio, comunidade de irm\u00e3os. Nada disso se torna verdadeiro se n\u00e3o formos capazes de manter a unidade na diversidade, procurando cultivar a amizade entre n\u00f3s e manifestando nossa solidariedade e comunh\u00e3o rec\u00edproca. Igualmente forte deve ser a consci\u00eancia de que ningu\u00e9m \u00e9 padre para si mesmo e que ser sacerdote significa ser colaborador do Bispo que dirige a Igreja diocesana e seu presbit\u00e9rio. Ao bispo s\u00e3o prometidos respeito filial e obedi\u00eancia, n\u00e3o pelas suas qualidades humanas, mas porque ele \u00e9 sucessor dos Ap\u00f3stolos chamado a ser pai e pastor de uma Igreja particular. S\u00f3 numa perspectiva de f\u00e9 \u00e9 poss\u00edvel ao sacerdote experimentar plenamente esta rela\u00e7\u00e3o de obedi\u00eancia filial com o Bispo como rela\u00e7\u00e3o de amor com Cristo na pessoa do Bispo. Nesta perspectiva de f\u00e9, todo presb\u00edtero deve ter uma rela\u00e7\u00e3o aberta, filial e sincera com o Bispo. N\u00e3o a afeta\u00e7\u00e3o e a bajula\u00e7\u00e3o, mas a franqueza e a sinceridade devem caracterizar o di\u00e1logo entre os presb\u00edteros e o Bispo, di\u00e1logo que muitas vezes se torna uma ajuda concreta a servi\u00e7o do Bispo na sua miss\u00e3o atrav\u00e9s de conselhos fraternos e simples manifesta\u00e7\u00f5es de afeto filial. Acolher com f\u00e9 as 3 decis\u00f5es do Bispo e acompanh\u00e1-lo sempre na sua miss\u00e3o pastoral com a ora\u00e7\u00e3o \u00e9 a express\u00e3o de uma verdadeira alma sacerdotal. Por fim, \u00e9 preciso saber que a unidade e a comunh\u00e3o sempre desejadas, buscadas e constru\u00eddas n\u00e3o podem florescer na comunidade crist\u00e3 se n\u00e3o florescerem primeiro no presbit\u00e9rio. A unidade na comunh\u00e3o sacerdotal \u00e9 necess\u00e1ria para a pr\u00f3pria miss\u00e3o da Igreja. Comecemos orando juntos e rezando tamb\u00e9m uns pelos outros. A ora\u00e7\u00e3o em conjunto entre os sacerdotes deve tornar-se cada vez mais a norma, ainda mais nas ocasi\u00f5es em que somos chamados a estar juntos: rezar juntos como um presbit\u00e9rio para toda a Diocese. De fato, como diziam os antigos, Lex orandi, lex vivendi, isto \u00e9, aquilo que oramos \u00e9 aquilo que vivemos. E a liturgia deste dia, a Missa da Unidade, deve ser express\u00e3o viva desta realidade almejada por todos n\u00f3s. O presbit\u00e9rio da Diocese de Sobral 5. O nosso presbit\u00e9rio tem uma hist\u00f3ria bonita e muito fecunda. Ao longo dos 105 anos da Diocese de Sobral, o presbit\u00e9rio diocesano tem produzido muitos frutos: bons pastores do povo de Deus, confessores, professores, intelectuais, historiadores, administradores de renome, baluartes da educa\u00e7\u00e3o, 05 bispos (06, se contarmos com Dom Jos\u00e9), 03 servos de Deus em processo de canoniza\u00e7\u00e3o. Os presb\u00edteros de hoje s\u00e3o os herdeiros daqueles que nos precederam e nos deixaram t\u00e3o precioso legado. Precisamos conservar o legado recebido e honrar a mem\u00f3ria e a vida doada dos nossos predecessores. Atualmente o presbit\u00e9rio da Diocese de Sobral \u00e9 formado por 83 padres, 79 diocesanos e 04 religiosos. Dos 79 padres diocesanos, 68 s\u00e3o incardinados e residentes, 08 s\u00e3o incardinados e n\u00e3o residentes (desses: 01 a estudos, 01 a servi\u00e7o do Ex\u00e9rcito, 01 a servi\u00e7o da CNBB, 01 a servi\u00e7o do Semin\u00e1rio, 04 em outras dioceses) e 04 residentes e n\u00e3o incardinados (01 do Shalom, 01 da Fazenda da Esperan\u00e7a e 01 de outra diocese). Dos 68 incardinados e residentes, 61 trabalham em par\u00f3quias, \u00e1reas pastorais, semin\u00e1rios e capelanias e 07 j\u00e1 est\u00e3o aposentados. Gra\u00e7as a Deus, tamb\u00e9m hoje o nosso presbit\u00e9rio conta com homens de bem, pastores zelosos do povo de Deus e dedicados ao servi\u00e7o do Reino. S\u00e3o muitos os dons, os talentos e os carismas que vislumbramos no nosso clero. Uma palavra sobre o tempo dif\u00edcil que estamos vivendo 6. \u201cAt\u00e9 o profeta e o sacerdote perambulam pela terra sem saber o que se passa\u201d (Jr 14,18). \u201cA compreens\u00e3o daquilo que Deus nos est\u00e1 a dizer nestes tempos de pandemia torna-se um desafio tamb\u00e9m para a miss\u00e3o da Igreja. Desafia-nos a doen\u00e7a, a tribula\u00e7\u00e3o, o medo, o isolamento. Interpela-nos a pobreza 4 de quem morre sozinho, de quem est\u00e1 abandonado a si mesmo, de quem perde o emprego e o sal\u00e1rio, de quem n\u00e3o tem abrigo e comida. Obrigados \u00e0 dist\u00e2ncia f\u00edsica e a permanecer em casa, somos convidados a redescobrir que precisamos das rela\u00e7\u00f5es sociais e tamb\u00e9m da rela\u00e7\u00e3o comunit\u00e1ria com Deus. Longe de aumentar a desconfian\u00e7a e a indiferen\u00e7a, esta condi\u00e7\u00e3o deveria tornar-nos mais atentos \u00e0 nossa maneira de nos relacionarmos com os outros\u201d (Papa Francisco, Mensagem para o dia mundial das miss\u00f5es de 2020). Caros irm\u00e3os, a situa\u00e7\u00e3o dif\u00edcil que vivemos nestes \u00faltimos meses suscita v\u00e1rios questionamentos, \u00e9 verdade, mas tamb\u00e9m nos oferece muitas oportunidades, todas determinadas pela experi\u00eancia da covi-19 com a qual ainda deveremos conviver, possivelmente, por bastante tempo enquanto n\u00e3o dispusermos de uma vacina. N\u00e3o podemos deixar de reconhecer, por\u00e9m, que apesar do sofrimento que vivenciamos e compartilhamos, da solid\u00e3o que muitos tivemos que experimentar de forma radical, muito aprendemos. A pandemia nos obrigou a sermos mais criativos, a procurarmos novos m\u00e9todos para fazer chegar aos lares a Boa Nova de Nosso senhor Jesus Cristo. A palavra chave que mais ecoou neste tempo foi reinventar. Precisamos nos reinventar. Nunca nos sentimos t\u00e3o valorizados, procurados, \u00fateis, enfim. O Senhor nos deu a oportunidade de rezarmos mais, de celebrarmos cotidianamente a Eucaristia motivados unicamente pela necessidade de exercermos nosso minist\u00e9rio em favor do povo, de transmitir atrav\u00e9s das redes sociais a evangeliza\u00e7\u00e3o sem nos preocuparmos com ofertas ou esp\u00f3rtulas de missas que podem desvirtuar o verdadeiro sentido da nossa consagra\u00e7\u00e3o. 7. Como \u00e9 sabido por todos, estamos iniciando o processo de retomada em meio a muitas incertezas, mas uma coisa \u00e9 certa: n\u00e3o poderemos simplesmente retomar a nossa caminhada pastoral para continuar fazendo exatamente a mesma coisa que sempre fizemos. Tudo o que vivenciamos neste tempo dif\u00edcil da pandemia nos convida a uma postura diferente. N\u00e3o podemos retomar, pura e simplesmente, as escolhas anteriores e seguir os caminhos j\u00e1 conhecidos, com um retorno inevit\u00e1vel \u00e0s configura\u00e7\u00f5es anteriores \u00e0 covid. Durante este tempo tive a oportunidade de conversar com um taxista que, como tantos outros trabalhadores estava sofrendo a falta de recursos devido \u00e0 pandemia. Ele me disse uma coisa que considerei um testemunho: \u201cPadre, estes dias t\u00eam sido dif\u00edceis, mas aprendi uma coisa: sei viver com muito dinheiro e sem viver com um sal\u00e1rio m\u00ednimo. Diante da morte de tantos colegas, aprendi que os bens materiais nada valem\u201d. Lembrei-me das Palavras de S\u00e3o Paulo: \u201cSei viver na abundancia e sei viver na pen\u00faria. Aprendi o segredo de viver contente em toda e qualquer situa\u00e7\u00e3o. Tudo posso naquele que me fortalece\u201d (Fil 4,11-13) 5 Portanto, por mais dif\u00edcil que tenha sido, creio que a situa\u00e7\u00e3o que vivemos deve ser vista e acolhida n\u00e3o apenas como um limite, mas tamb\u00e9m como uma oportunidade para repensar e renovar pr\u00e1ticas e estilos eclesiais, pastorais, celebrativos, como tamb\u00e9m pessoais, familiares e sociais consolidados que, n\u00e3o obstante o bem que nos ofereceram, podem ser reconsiderados, purificados, atualizados e tamb\u00e9m transfigurados. Para tanto, a primeira coisa que todos devemos fazer \u00e9 pedir com insist\u00eancia a luz e a for\u00e7a do Esp\u00edrito Santo, para que um novo Pentecostes nos fa\u00e7a ouvir o que o Esp\u00edrito diz \u00e0 Igreja e \u00e0s Igrejas e nos mostre o caminho de Deus neste tempo e para os crist\u00e3os de hoje. 8. Neste contexto, \u00e9 compreens\u00edvel que as nossas preocupa\u00e7\u00f5es sejam tamb\u00e9m de cunho pr\u00e1tico, concreto e organizacional, t\u00e3o necess\u00e1rias para iniciarmos um verdadeiro processo de retomada, mas estou convencido de que acima de tudo as nossas preocupa\u00e7\u00f5es devem ser espirituais para podermos iniciar uma profunda e convicta convers\u00e3o pessoal e comunit\u00e1ria. Devemos ouvir o que a voz de Deus e dos homens nos pedem para vivermos a nossa humanidade e a nossa f\u00e9 com maior sinceridade e autenticidade. Isso pode ser feito iniciando processos de convers\u00e3o e renova\u00e7\u00e3o, de amadurecimento humano e espiritual que, se quisermos que sejam verdadeiros e eficazes, precisamos ser pacientes e abertos \u00e0 luz da Palavra no horizonte da f\u00e9 e \u00e0 a\u00e7\u00e3o do Esp\u00edrito. Depois do tempo de prova\u00e7\u00e3o que vivenciamos durante a pandemia, estou convencido de que o processo de retomada deve ser vivido como um tempo de gra\u00e7a no qual precisamos: 1. Interpretar o momento de emerg\u00eancia vivido e que ainda vivemos como um desafio e oportunidade; 2. Ouvir o que a Palavra diz \u00e0 nossa Igreja para seguir os caminhos de Deus; 3. Manifestar nossa proximidade especialmente com os mais sofredores, particularmente com as fam\u00edlias que perderam seus entes queridos durante a pandemia e n\u00e3o tiveram oportunidade de ouvir de n\u00f3s uma palavra de consolo; 4. Intensificar o habito da ora\u00e7\u00e3o pessoal, particularmente da Liturgia das horas que prometemos no dia de nossa ordena\u00e7\u00e3o Presbiteral; 5. Planejar o futuro com confian\u00e7a, paci\u00eancia e vis\u00e3o \u00e1 luz do Esp\u00edrito Santo de Deus. A Pastoral presbiteral 9. \u201cCuidai de v\u00f3s mesmos e de todo o rebanho sobre o qual o Esp\u00edrito Santo vos estabeleceu como guardi\u00f5es, com pastores\u201d (At 20,28). Assim como existem 6 muitas pastorais para atender as diversas necessidades dos fi\u00e9is, n\u00e3o poderia deixar de existir tamb\u00e9m uma que se ocupasse de cuidar dos padres, j\u00e1 que antes de serem pastores s\u00e3o fi\u00e9is pelo Batismo. Assim, surgiu tamb\u00e9m a Pastoral Presbiteral. Gosto muito do modo como o Pe. Guido Villalta definiu esta pastoral: \u201ccuidado-acompanhamento, pessoal e comunit\u00e1rio, integral e org\u00e2nico que uma Igreja Particular oferece aos seus pastores, para que estes se sintam tratados e vivam como pessoas, conhe\u00e7am Jesus Cristo, sejam como Ele, vivam e ajam como Ele, de modo que possam dedicar-se plenamente ao minist\u00e9rio de Pastores que Deus e a Igreja lhes confiaram em prol da comunidade\u201d (VILLALTA, G., La Pastoral Sacerdotal en Am\u00e9rica Latina y el Caribe, Boletim Celam 282 (1999), 34). Esta Pastoral tem por objetivo proporcionar a todos os presb\u00edteros condi\u00e7\u00f5es para a sua pr\u00f3pria realiza\u00e7\u00e3o humana e vocacional, ajudando-os na miss\u00e3o de configurar-se ao Cristo Bom Pastor no meio de um povo concreto, garantindo sua sa\u00fade f\u00edsica, ps\u00edquica e afetiva, proporcionando meios para a forma\u00e7\u00e3o em suas dimens\u00f5es comunit\u00e1ria, humano-afetiva, comunit\u00e1ria, espiritual, intelectual e pastoral, as mesmas cinco dimens\u00f5es da forma\u00e7\u00e3o presbiteral. Deve dar tamb\u00e9m uma aten\u00e7\u00e3o especial aos presb\u00edteros novos, enfermos e idosos, bem como aqueles que enfrentam algum tipo de problema. Incentiva a fraternidade presbiteral e os grupos de espiritualidade. O presbit\u00e9rio \u00e9, portanto, o lugar privilegiado para o sacerdote poder encontrar os meios espec\u00edficos de forma\u00e7\u00e3o, de santifica\u00e7\u00e3o e de evangeliza\u00e7\u00e3o e ser ajudado a superar as limita\u00e7\u00f5es e as fraquezas pr\u00f3prias da natureza humana que hoje particularmente se notam (DMVP 33). 10. Por tudo isso, fa\u00e7o da ora\u00e7\u00e3o de Cristo a minha ora\u00e7\u00e3o e gostaria que fosse a ora\u00e7\u00e3o rezada e desejada tamb\u00e9m por cada sacerdote da Diocese de Sobral: \u201cPai, eu te pe\u00e7o para que todos sejam um, como Tu estais em mim e eu em Ti. E parra que tamb\u00e9m eles estejam em n\u00f3s, a fim de que o mundo creia\u201d (Jo 17,20-21). Com este sentimento, de cora\u00e7\u00e3o, aben\u00e7oo a todos voc\u00eas, desejando-lhes um prof\u00edcuo minist\u00e9rio.<br \/>\nSobral &#8211; CE, 10 de novembro de 2020 105\u00ba anivers\u00e1rio da Diocese de Sobral Dom Jos\u00e9 Luiz Gomes de Vasconcelos Bispo Diocesano<\/p>\n","protected":false},"excerpt":{"rendered":"<p>Por Joc\u00e9lio Tavares. A Diocese de Sobral comemorou, no \u00faltimo dia 10\/11 (ter\u00e7a-feira), 105 anos&#8230;<\/p>\n","protected":false},"author":1,"featured_media":14545,"comment_status":"open","ping_status":"open","sticky":false,"template":"","format":"standard","meta":{"_jetpack_memberships_contains_paid_content":false,"footnotes":"","jetpack_publicize_message":"","jetpack_publicize_feature_enabled":true,"jetpack_social_post_already_shared":true,"jetpack_social_options":{"image_generator_settings":{"template":"highway","default_image_id":0,"font":"","enabled":false},"version":2}},"categories":[1],"tags":[],"class_list":["post-14542","post","type-post","status-publish","format-standard","has-post-thumbnail","hentry","category-atualidade"],"jetpack_publicize_connections":[],"jetpack_featured_media_url":"https:\/\/correiodasemana.com\/site\/wp-content\/uploads\/2020\/11\/dom-vasconcelos-celebra-105-anos-da-diocese-de-sobral-3.jpg","jetpack-related-posts":[{"id":14809,"url":"https:\/\/correiodasemana.com\/site\/diocese-de-sobral-realiza-missa-em-acao-de-gracas-pelos-82-anos-de-ordenacao-sacerdotal-do-monsenhor-arnobio\/","url_meta":{"origin":14542,"position":0},"title":"Diocese de Sobral realiza missa em a\u00e7\u00e3o de gra\u00e7as pelos 82 anos de Ordena\u00e7\u00e3o Sacerdotal do Monsenhor Arn\u00f3bio","author":"","date":"Novembro 30, 2020","format":false,"excerpt":"\u2022 Dom Vasconcelos celebrou os 82 anos de Ordena\u00e7\u00e3o Sacerdotal de Monsenhor Arn\u00f3bio em missa realizada na Catedral da S\u00e9. Por Joc\u00e9lio Tavares. O bispo da Diocese de Sobral, Dom Vasconcelos, celebrou, na noite do \u00faltimo dia vinte de novembro, na Igreja da S\u00e9, uma missa em a\u00e7\u00e3o de gra\u00e7as,\u2026","rel":"","context":"In &quot;Atualidade&quot;","block_context":{"text":"Atualidade","link":"https:\/\/correiodasemana.com\/site\/category\/atualidade\/"},"img":{"alt_text":"","src":"https:\/\/i0.wp.com\/correiodasemana.com\/site\/wp-content\/uploads\/2020\/11\/DSC9640.jpg?resize=350%2C200&ssl=1","width":350,"height":200,"srcset":"https:\/\/i0.wp.com\/correiodasemana.com\/site\/wp-content\/uploads\/2020\/11\/DSC9640.jpg?resize=350%2C200&ssl=1 1x, https:\/\/i0.wp.com\/correiodasemana.com\/site\/wp-content\/uploads\/2020\/11\/DSC9640.jpg?resize=525%2C300&ssl=1 1.5x, https:\/\/i0.wp.com\/correiodasemana.com\/site\/wp-content\/uploads\/2020\/11\/DSC9640.jpg?resize=700%2C400&ssl=1 2x"},"classes":[]},{"id":36197,"url":"https:\/\/correiodasemana.com\/site\/diocese-de-sobral-celebra-110-anos-de-criacao-com-missa-em-acao-de-gracas-na-se-catedral\/","url_meta":{"origin":14542,"position":1},"title":"Diocese de Sobral celebra 110 anos de cria\u00e7\u00e3o com Missa em A\u00e7\u00e3o de Gra\u00e7as na S\u00e9 Catedral","author":"adminredacao","date":"Novembro 12, 2025","format":false,"excerpt":"A Diocese de Sobral celebrou, nesta segunda-feira (10\/11), os 110 anos de sua cria\u00e7\u00e3o. A Missa em A\u00e7\u00e3o de Gra\u00e7as foi presidida pelo bispo diocesano, Dom Jos\u00e9 Luiz Gomes de Vasconcelos, na S\u00e9 Catedral de Nossa Senhora da Concei\u00e7\u00e3o, e concelebrada pelos presb\u00edteros da diocese. A Igreja Particular de Sobral\u2026","rel":"","context":"In &quot;Atualidade&quot;","block_context":{"text":"Atualidade","link":"https:\/\/correiodasemana.com\/site\/category\/atualidade\/"},"img":{"alt_text":"","src":"https:\/\/i0.wp.com\/correiodasemana.com\/site\/wp-content\/uploads\/2025\/11\/DSC_9390-scaled.jpg?resize=350%2C200&ssl=1","width":350,"height":200,"srcset":"https:\/\/i0.wp.com\/correiodasemana.com\/site\/wp-content\/uploads\/2025\/11\/DSC_9390-scaled.jpg?resize=350%2C200&ssl=1 1x, https:\/\/i0.wp.com\/correiodasemana.com\/site\/wp-content\/uploads\/2025\/11\/DSC_9390-scaled.jpg?resize=525%2C300&ssl=1 1.5x, https:\/\/i0.wp.com\/correiodasemana.com\/site\/wp-content\/uploads\/2025\/11\/DSC_9390-scaled.jpg?resize=700%2C400&ssl=1 2x, https:\/\/i0.wp.com\/correiodasemana.com\/site\/wp-content\/uploads\/2025\/11\/DSC_9390-scaled.jpg?resize=1050%2C600&ssl=1 3x, https:\/\/i0.wp.com\/correiodasemana.com\/site\/wp-content\/uploads\/2025\/11\/DSC_9390-scaled.jpg?resize=1400%2C800&ssl=1 4x"},"classes":[]},{"id":14001,"url":"https:\/\/correiodasemana.com\/site\/bispo-dom-vasconcelos-celebra-em-sobral-missa-solene-em-honra-a-sao-francisco-de-assis\/","url_meta":{"origin":14542,"position":2},"title":"Bispo Dom Vasconcelos celebra em Sobral Missa Solene em honra a S\u00e3o Francisco de Assis","author":"","date":"Outubro 13, 2020","format":false,"excerpt":"Por Joc\u00e9lio Tavares. Aconteceu, no \u00faltimo domingo (04\/10), no Santu\u00e1rio de S\u00e3o Francisco, em Sobral, uma missa em celebra\u00e7\u00e3o ao Dia de S\u00e3o Francisco. A celebra\u00e7\u00e3o foi realizada pelo Bispo Diocesano, Dom Vasconcelos. Concelebrou com o bispo, Frei Glauber Barros, Reitor do Santu\u00e1rio S\u00e3o Francisco. O Dia de S\u00e3o Francisco\u2026","rel":"","context":"In &quot;Atualidade&quot;","block_context":{"text":"Atualidade","link":"https:\/\/correiodasemana.com\/site\/category\/atualidade\/"},"img":{"alt_text":"","src":"https:\/\/i0.wp.com\/correiodasemana.com\/site\/wp-content\/uploads\/2020\/10\/DSC5744.jpg?resize=350%2C200&ssl=1","width":350,"height":200,"srcset":"https:\/\/i0.wp.com\/correiodasemana.com\/site\/wp-content\/uploads\/2020\/10\/DSC5744.jpg?resize=350%2C200&ssl=1 1x, https:\/\/i0.wp.com\/correiodasemana.com\/site\/wp-content\/uploads\/2020\/10\/DSC5744.jpg?resize=525%2C300&ssl=1 1.5x, https:\/\/i0.wp.com\/correiodasemana.com\/site\/wp-content\/uploads\/2020\/10\/DSC5744.jpg?resize=700%2C400&ssl=1 2x"},"classes":[]},{"id":9847,"url":"https:\/\/correiodasemana.com\/site\/dom-vasconcelos-preside-missa-em-acao-de-gracas-aos-104-anos-da-diocese-de-sobral\/","url_meta":{"origin":14542,"position":3},"title":"Dom Vasconcelos preside Missa em a\u00e7\u00e3o de gra\u00e7as aos 104 anos da Diocese de Sobral","author":"","date":"Novembro 18, 2019","format":false,"excerpt":"A Diocese de Sobral foi criada em 10 de novembro de 1915, com Dom Jos\u00e9 Tupinamb\u00e1 da Frota nomeado, pelo Papa Bento XV, como o primeiro bispo. 104 anos depois, a diocese continua marcando a hist\u00f3ria da zona norte do Cear\u00e1 e, principalmente, da cidade de Sobral, n\u00e3o somente com\u2026","rel":"","context":"In &quot;Diocese&quot;","block_context":{"text":"Diocese","link":"https:\/\/correiodasemana.com\/site\/category\/diocese\/"},"img":{"alt_text":"","src":"https:\/\/i0.wp.com\/correiodasemana.com\/site\/wp-content\/uploads\/2019\/11\/foto-3.jpg?resize=350%2C200&ssl=1","width":350,"height":200,"srcset":"https:\/\/i0.wp.com\/correiodasemana.com\/site\/wp-content\/uploads\/2019\/11\/foto-3.jpg?resize=350%2C200&ssl=1 1x, https:\/\/i0.wp.com\/correiodasemana.com\/site\/wp-content\/uploads\/2019\/11\/foto-3.jpg?resize=525%2C300&ssl=1 1.5x"},"classes":[]},{"id":17614,"url":"https:\/\/correiodasemana.com\/site\/dom-vasconcelos-preside-missa-solene-na-catedral-da-se-marcando-os-62-anos-de-falecimento-de-dom-jose-tupinamba-da-frota\/","url_meta":{"origin":14542,"position":4},"title":"Dom Vasconcelos preside missa solene na Catedral da S\u00e9 marcando os 62 anos de falecimento de Dom Jos\u00e9 Tupinamb\u00e1 da Frota","author":"","date":"Outubro 4, 2021","format":false,"excerpt":"Por Thais Helena (Portal de Comunica\u00e7\u00e3o) Antes da celebra\u00e7\u00e3o foi proferido um texto alusivo aos 62 anos de falecimento de Dom Jos\u00e9 Tupinamb\u00e1 da Frota, pelo comentarista. Os c\u00e2nticos da missa foram m\u00fasicas escolhidas especialmente para este momento saudoso. As celebra\u00e7\u00f5es que marcaram os 62 anos de falecimento de Dom\u2026","rel":"","context":"In &quot;Atualidade&quot;","block_context":{"text":"Atualidade","link":"https:\/\/correiodasemana.com\/site\/category\/atualidade\/"},"img":{"alt_text":"","src":"https:\/\/i0.wp.com\/correiodasemana.com\/site\/wp-content\/uploads\/2021\/10\/missa-aos-62-anos-de-falecimento-de-dom-jose-5.jpg?resize=350%2C200&ssl=1","width":350,"height":200,"srcset":"https:\/\/i0.wp.com\/correiodasemana.com\/site\/wp-content\/uploads\/2021\/10\/missa-aos-62-anos-de-falecimento-de-dom-jose-5.jpg?resize=350%2C200&ssl=1 1x, https:\/\/i0.wp.com\/correiodasemana.com\/site\/wp-content\/uploads\/2021\/10\/missa-aos-62-anos-de-falecimento-de-dom-jose-5.jpg?resize=525%2C300&ssl=1 1.5x, https:\/\/i0.wp.com\/correiodasemana.com\/site\/wp-content\/uploads\/2021\/10\/missa-aos-62-anos-de-falecimento-de-dom-jose-5.jpg?resize=700%2C400&ssl=1 2x"},"classes":[]},{"id":17383,"url":"https:\/\/correiodasemana.com\/site\/dom-vasconcelos-celebra-seis-anos-de-episcopado-a-frente-da-diocese-de-sobral\/","url_meta":{"origin":14542,"position":5},"title":"Dom Vasconcelos celebra seis anos de episcopado \u00e0 frente da Diocese de Sobral","author":"","date":"Setembro 6, 2021","format":false,"excerpt":"Por Samuel Carvalho - Reda\u00e7\u00e3o Correio da Semana Dom Jos\u00e9 Luiz Gomes de Vasconcelos celebrou no \u00faltimo domingo (29) a missa de A\u00e7\u00e3o de Gra\u00e7as pelos seis anos de episcopado \u00e0 frente da diocese de Sobral. Concelebraram juntamente ao bispo Monsenhor Gon\u00e7alo de Pinho Gomes, Padre Jo\u00e3o Paulo Aguiar, Padre\u2026","rel":"","context":"In &quot;Atualidade&quot;","block_context":{"text":"Atualidade","link":"https:\/\/correiodasemana.com\/site\/category\/atualidade\/"},"img":{"alt_text":"","src":"https:\/\/i0.wp.com\/correiodasemana.com\/site\/wp-content\/uploads\/2021\/09\/dom-vasconcelos-seis-anos-diocese-11.jpg?resize=350%2C200&ssl=1","width":350,"height":200,"srcset":"https:\/\/i0.wp.com\/correiodasemana.com\/site\/wp-content\/uploads\/2021\/09\/dom-vasconcelos-seis-anos-diocese-11.jpg?resize=350%2C200&ssl=1 1x, https:\/\/i0.wp.com\/correiodasemana.com\/site\/wp-content\/uploads\/2021\/09\/dom-vasconcelos-seis-anos-diocese-11.jpg?resize=525%2C300&ssl=1 1.5x, https:\/\/i0.wp.com\/correiodasemana.com\/site\/wp-content\/uploads\/2021\/09\/dom-vasconcelos-seis-anos-diocese-11.jpg?resize=700%2C400&ssl=1 2x"},"classes":[]}],"jetpack_sharing_enabled":true,"_links":{"self":[{"href":"https:\/\/correiodasemana.com\/site\/wp-json\/wp\/v2\/posts\/14542","targetHints":{"allow":["GET"]}}],"collection":[{"href":"https:\/\/correiodasemana.com\/site\/wp-json\/wp\/v2\/posts"}],"about":[{"href":"https:\/\/correiodasemana.com\/site\/wp-json\/wp\/v2\/types\/post"}],"author":[{"embeddable":true,"href":"https:\/\/correiodasemana.com\/site\/wp-json\/wp\/v2\/users\/1"}],"replies":[{"embeddable":true,"href":"https:\/\/correiodasemana.com\/site\/wp-json\/wp\/v2\/comments?post=14542"}],"version-history":[{"count":1,"href":"https:\/\/correiodasemana.com\/site\/wp-json\/wp\/v2\/posts\/14542\/revisions"}],"predecessor-version":[{"id":14546,"href":"https:\/\/correiodasemana.com\/site\/wp-json\/wp\/v2\/posts\/14542\/revisions\/14546"}],"wp:featuredmedia":[{"embeddable":true,"href":"https:\/\/correiodasemana.com\/site\/wp-json\/wp\/v2\/media\/14545"}],"wp:attachment":[{"href":"https:\/\/correiodasemana.com\/site\/wp-json\/wp\/v2\/media?parent=14542"}],"wp:term":[{"taxonomy":"category","embeddable":true,"href":"https:\/\/correiodasemana.com\/site\/wp-json\/wp\/v2\/categories?post=14542"},{"taxonomy":"post_tag","embeddable":true,"href":"https:\/\/correiodasemana.com\/site\/wp-json\/wp\/v2\/tags?post=14542"}],"curies":[{"name":"wp","href":"https:\/\/api.w.org\/{rel}","templated":true}]}}