{"id":14572,"date":"2020-11-16T00:35:45","date_gmt":"2020-11-16T03:35:45","guid":{"rendered":"https:\/\/correiodasemana.com\/site\/?p=14572"},"modified":"2020-11-16T00:35:45","modified_gmt":"2020-11-16T03:35:45","slug":"aniversario-de-105-anos-de-criacao-da-diocese-de-sobral","status":"publish","type":"post","link":"https:\/\/correiodasemana.com\/site\/aniversario-de-105-anos-de-criacao-da-diocese-de-sobral\/","title":{"rendered":"ANIVERS\u00c1RIO DE 105 ANOS DE CRIA\u00c7\u00c3O DA DIOCESE DE SOBRAL"},"content":{"rendered":"<p><strong>Reverend\u00edssimo Pai Dom Vasconcelos. Caros irm\u00e3os no sacerd\u00f3cio. Amados seminaristas, religiosos e religiosas e povo de Deus. Paz e Bem!<\/strong><\/p>\n<p>Dom Eusebio, \u00e0 \u00e9poca acerbispo da arquidiocese do Rio de Janeiro, pronunciou em um encontro com o seu clero, que o \u201cmaior t\u00edtulo de honra, e ao mesmo tempo de responsabilidade de um bispo, \u00e9 o de ser sucessor dos Ap\u00f3stolos\u201d. A Igreja tem consci\u00eancia dessa realidade desde os primeiros s\u00e9culos de sua hist\u00f3ria e foi aclarando, no decorrer dos tempos, as diversas fun\u00e7\u00f5es, deveres e servi\u00e7os dessa perten\u00e7a ao Col\u00e9gio Apost\u00f3lico. Como se sabe, esses Ap\u00f3stolos foram escolhidos pelo pr\u00f3prio Cristo Senhor, ap\u00f3s dias e noites de ora\u00e7\u00e3o, \u201cpara irem a Ele&#8230; e para estarem com Ele\u201d (Mc 3,13-19). Formaram a comunidade dos doze, que propriamente constituiu a fam\u00edlia de Jesus. E vossa reverend\u00edssima foi escolhido no cora\u00e7\u00e3o do Mestre.<br \/>\nEram pessoas simples, na maioria pescadores. Jesus os ensinava, ordinariamente, por meio de par\u00e1bolas, compara\u00e7\u00f5es e prov\u00e9rbios. Todos foram fi\u00e9is ao chamado do Mestre e, mesmo com falhas, trope\u00e7os e fraquezas, receberam d\u2019Ele o maior elogio e a mais ampla miss\u00e3o no mundo e na hist\u00f3ria: \u201cVoc\u00eas ag\u00fcentaram ao meu lado, condividindo as mesmas prova\u00e7\u00f5es. Por isso lhes asseguro o Reino como meu Pai o assegurou para mim. Voc\u00eas comer\u00e3o e beber\u00e3o \u00e0 minha pr\u00f3pria mesa&#8230; Ide, pois, pregai o Evangelho a toda a criatura! Eu estarei convosco\u201d (cf. Lc 22,28-29; Mc 16, 16-20). Todos eles pagaram com o pre\u00e7o da vida a fidelidade a Cristo e a seu Evangelho. Selaram a voca\u00e7\u00e3o especial com o testemunho do mart\u00edrio.<br \/>\nEm conseq\u00fc\u00eancia disso, o Bispo h\u00e1 de ser, acima de tudo, uma pessoa familiarizada com Jesus, amigo d\u2019Ele, seu \u00edntimo confidente e interlocutor. Acredito que isto consista o \u00eaxito do minist\u00e9rio episcopal e sua b\u00ean\u00e7\u00e3o maior. O Povo de Deus cr\u00ea nessa intimidade com Jesus, quer ver, quase tocar com as m\u00e3os essa familiaridade, toda especial, com o Divino Mestre. Cada palavra, cada gesto ou atitude de um Bispo deve revelar isso. O homem moderno \u00e9 um carente de Deus, um mendigo de valores est\u00e1veis, um ansioso de gestos evang\u00e9licos, que lhe tragam a seguran\u00e7a, o carinho do Eterno e Absoluto.<br \/>\nDom Vasconcelos, o Esp\u00edrito Santo, prometido e enviado por Jesus e pelo Pai, jamais abandona aqueles que foram chamados. \u00c9 o advogado e assistente para os que levam em frente &#8211; como pioneiros &#8211; a obra de Cristo.\u201dSereis minhas testemunhas&#8230; at\u00e9 os extremos confins do mundo\u201d (At 1,8). Essas \u00faltimas palavras de Jesus, pouco antes de voltar ao Pai, s\u00e3o uma ordem, uma promessa e garantia. A maior responsabilidade de um Bispo est\u00e1 na expans\u00e3o e na solidifica\u00e7\u00e3o da Igreja de Cristo, a \u00fanica fundada por Ele \u201cem cima do fundamento dos Ap\u00f3stolos\u201d (Ef 2,20).<br \/>\nO Bispo dever\u00e1 ser o primeiro pregador, catequista, conselheiro e orientador. Essa tarefa nos \u00e9 sumamente agrad\u00e1vel, santificadora, embora pesada e empenhativa ao extremo. \u00c9 mister emprestar a voz, o cora\u00e7\u00e3o e a intelig\u00eancia ao pr\u00f3prio Cristo, para que Ele, e n\u00e3o outro, possa ser, novamente, fortemente ouvido nos diversos ambientes: p\u00fablicos e particulares, nas assembl\u00e9ias e nas pra\u00e7as, nos novos are\u00f3pagos e nas \u00e1reas de perigo.<br \/>\nDom Vasconcelos agradecemos ao Senhor por ser esse sinal de Cristo no meio de n\u00f3s. A cada dia sentimos o seu imenso amor e seus largos bra\u00e7os ao carinhosamente acolher o seu rebanho.<br \/>\nLouvamos ao Senhor por celebrar conosco o primeiro centen\u00e1rio de nossa querida Diocese de Sobral.Nesta noite de a\u00e7\u00e3o de gra\u00e7as pedimos ao Senhor para que n\u00e3o falte ao pastor a obedi\u00eancia das ovelhas e nem \u00e0s ovelhas o cuidado do pastor!.<br \/>\nReceba o nosso abra\u00e7o e gratid\u00e3o. Pe. Francisco de Assis Neto<\/p>\n","protected":false},"excerpt":{"rendered":"<p>Reverend\u00edssimo Pai Dom Vasconcelos. Caros irm\u00e3os no sacerd\u00f3cio. Amados seminaristas, religiosos e religiosas e povo&#8230;<\/p>\n","protected":false},"author":1,"featured_media":14573,"comment_status":"open","ping_status":"open","sticky":false,"template":"","format":"standard","meta":{"_jetpack_memberships_contains_paid_content":false,"footnotes":"","jetpack_publicize_message":"","jetpack_publicize_feature_enabled":true,"jetpack_social_post_already_shared":true,"jetpack_social_options":{"image_generator_settings":{"template":"highway","default_image_id":0,"font":"","enabled":false},"version":2}},"categories":[1],"tags":[],"class_list":["post-14572","post","type-post","status-publish","format-standard","has-post-thumbnail","hentry","category-atualidade"],"jetpack_publicize_connections":[],"jetpack_featured_media_url":"https:\/\/correiodasemana.com\/site\/wp-content\/uploads\/2020\/11\/WhatsApp-Image-2020-11-12-at-11.00.53.jpeg","jetpack-related-posts":[{"id":22423,"url":"https:\/\/correiodasemana.com\/site\/becco-ponto-com-111\/","url_meta":{"origin":14572,"position":0},"title":"Becco ponto Com","author":"","date":"Dezembro 26, 2022","format":false,"excerpt":"LIVRAI-NOS, SENHOR! Da gula por impostos dos pol\u00edticos. Da moda roupa velha no Natal, ufa! Dos puxa-sacos puxando e por amor. Da troca de Jesus, por Papai Noel, ui! Do medo dominante de crimes aqui. Do PT brincando de fazer pol\u00edtica. Da ruma de minist\u00e9rios do Lula. Do fim da\u2026","rel":"","context":"In &quot;Artigos&quot;","block_context":{"text":"Artigos","link":"https:\/\/correiodasemana.com\/site\/category\/artigos\/"},"img":{"alt_text":"","src":"https:\/\/i0.wp.com\/correiodasemana.com\/site\/wp-content\/uploads\/2021\/09\/Dr-Chico-Prado-Trofeu-Dom-Jose-1.jpg?resize=350%2C200&ssl=1","width":350,"height":200,"srcset":"https:\/\/i0.wp.com\/correiodasemana.com\/site\/wp-content\/uploads\/2021\/09\/Dr-Chico-Prado-Trofeu-Dom-Jose-1.jpg?resize=350%2C200&ssl=1 1x, https:\/\/i0.wp.com\/correiodasemana.com\/site\/wp-content\/uploads\/2021\/09\/Dr-Chico-Prado-Trofeu-Dom-Jose-1.jpg?resize=525%2C300&ssl=1 1.5x, https:\/\/i0.wp.com\/correiodasemana.com\/site\/wp-content\/uploads\/2021\/09\/Dr-Chico-Prado-Trofeu-Dom-Jose-1.jpg?resize=700%2C400&ssl=1 2x, https:\/\/i0.wp.com\/correiodasemana.com\/site\/wp-content\/uploads\/2021\/09\/Dr-Chico-Prado-Trofeu-Dom-Jose-1.jpg?resize=1050%2C600&ssl=1 3x, https:\/\/i0.wp.com\/correiodasemana.com\/site\/wp-content\/uploads\/2021\/09\/Dr-Chico-Prado-Trofeu-Dom-Jose-1.jpg?resize=1400%2C800&ssl=1 4x"},"classes":[]},{"id":38175,"url":"https:\/\/correiodasemana.com\/site\/nova-administracao-do-complexo-santa-casa-de-misericordia-de-sobral-2026\/","url_meta":{"origin":14572,"position":1},"title":"NOVA ADMINISTRA\u00c7\u00c3O DO COMPLEXO SANTA CASA DE MISERIC\u00d3RDIA DE SOBRAL \u2013 2026","author":"adminredacao","date":"Abril 19, 2026","format":false,"excerpt":"Excelent\u00edssimas autoridades aqui presentes ou representadas, Ilustr\u00edssimos senhores e senhoras membros da Associa\u00e7\u00e3o SCMS, Reverendos Sacerdotes da nossa Diocese, Reverendos Frades Franciscanos na Divina Provid\u00eancia, Estimadas religiosas Filhas de Santana, que na SCMS doam suas vidas desde sua funda\u00e7\u00e3o. Esta nossa reuni\u00e3o hoje, 09 de abril de 2026, quarta-feira, \u00e9\u2026","rel":"","context":"In &quot;Atualidade&quot;","block_context":{"text":"Atualidade","link":"https:\/\/correiodasemana.com\/site\/category\/atualidade\/"},"img":{"alt_text":"","src":"https:\/\/i0.wp.com\/correiodasemana.com\/site\/wp-content\/uploads\/2026\/04\/Dom-Vasconcelos-discursa-em-posse-da-nova-diretoria-da-Santa-Casa-de-Sobral-scaled.jpg?resize=350%2C200&ssl=1","width":350,"height":200,"srcset":"https:\/\/i0.wp.com\/correiodasemana.com\/site\/wp-content\/uploads\/2026\/04\/Dom-Vasconcelos-discursa-em-posse-da-nova-diretoria-da-Santa-Casa-de-Sobral-scaled.jpg?resize=350%2C200&ssl=1 1x, https:\/\/i0.wp.com\/correiodasemana.com\/site\/wp-content\/uploads\/2026\/04\/Dom-Vasconcelos-discursa-em-posse-da-nova-diretoria-da-Santa-Casa-de-Sobral-scaled.jpg?resize=525%2C300&ssl=1 1.5x, https:\/\/i0.wp.com\/correiodasemana.com\/site\/wp-content\/uploads\/2026\/04\/Dom-Vasconcelos-discursa-em-posse-da-nova-diretoria-da-Santa-Casa-de-Sobral-scaled.jpg?resize=700%2C400&ssl=1 2x, https:\/\/i0.wp.com\/correiodasemana.com\/site\/wp-content\/uploads\/2026\/04\/Dom-Vasconcelos-discursa-em-posse-da-nova-diretoria-da-Santa-Casa-de-Sobral-scaled.jpg?resize=1050%2C600&ssl=1 3x, https:\/\/i0.wp.com\/correiodasemana.com\/site\/wp-content\/uploads\/2026\/04\/Dom-Vasconcelos-discursa-em-posse-da-nova-diretoria-da-Santa-Casa-de-Sobral-scaled.jpg?resize=1400%2C800&ssl=1 4x"},"classes":[]},{"id":32558,"url":"https:\/\/correiodasemana.com\/site\/diocese-de-sobral-celebra-a-ordenacao-de-dois-novos-presbiteros-na-se-catedral-3\/","url_meta":{"origin":14572,"position":2},"title":"Diocese de Sobral celebra a Ordena\u00e7\u00e3o de dois novos presb\u00edteros na S\u00e9 Catedral","author":"adminredacao","date":"Fevereiro 18, 2025","format":false,"excerpt":"DISCURSO DE AGRADECIMENTO Excel\u00eancia Reverend\u00edssima Dom Jos\u00e9 Luiz Gomes de Vasconcelos, bispo de nossa Diocese de Sobral; Excel\u00eancia Reverend\u00edssima Dom Agnaldo Tim\u00f3teo, bispo da Diocese de Garanhuns e filho desta Igreja Particular; Reverend\u00edssimo Padre Raimundo Nonato Timb\u00f3, vig\u00e1rio geral de nossa diocese; em sua pessoa, saudamos todos os presb\u00edteros de\u2026","rel":"","context":"In &quot;Atualidade&quot;","block_context":{"text":"Atualidade","link":"https:\/\/correiodasemana.com\/site\/category\/atualidade\/"},"img":{"alt_text":"","src":"https:\/\/i0.wp.com\/correiodasemana.com\/site\/wp-content\/uploads\/2025\/02\/DISCURSO-DE-EDUARDO-E-GEFESON.jpg?resize=350%2C200&ssl=1","width":350,"height":200,"srcset":"https:\/\/i0.wp.com\/correiodasemana.com\/site\/wp-content\/uploads\/2025\/02\/DISCURSO-DE-EDUARDO-E-GEFESON.jpg?resize=350%2C200&ssl=1 1x, https:\/\/i0.wp.com\/correiodasemana.com\/site\/wp-content\/uploads\/2025\/02\/DISCURSO-DE-EDUARDO-E-GEFESON.jpg?resize=525%2C300&ssl=1 1.5x, https:\/\/i0.wp.com\/correiodasemana.com\/site\/wp-content\/uploads\/2025\/02\/DISCURSO-DE-EDUARDO-E-GEFESON.jpg?resize=700%2C400&ssl=1 2x, https:\/\/i0.wp.com\/correiodasemana.com\/site\/wp-content\/uploads\/2025\/02\/DISCURSO-DE-EDUARDO-E-GEFESON.jpg?resize=1050%2C600&ssl=1 3x, https:\/\/i0.wp.com\/correiodasemana.com\/site\/wp-content\/uploads\/2025\/02\/DISCURSO-DE-EDUARDO-E-GEFESON.jpg?resize=1400%2C800&ssl=1 4x"},"classes":[]},{"id":31301,"url":"https:\/\/correiodasemana.com\/site\/capela-de-nossa-senhora-da-conceicao-em-patriarca-celebra-260-anos-de-fundacao-com-missa-presidida-por-dom-vasconcelos\/","url_meta":{"origin":14572,"position":3},"title":"Capela de Nossa Senhora da Concei\u00e7\u00e3o, em Patriarca, celebra 260 anos de funda\u00e7\u00e3o com missa presidida por Dom Vasconcelos","author":"adminredacao","date":"Novembro 3, 2024","format":false,"excerpt":"Na noite do dia 31 de outubro de 2024, quinta-feira, sua excel\u00eancia reverend\u00edssima Dom Lu\u00eds Gomes de Vasconcelos, nosso bispo diocesano, presidiu a Santa Missa em comemora\u00e7\u00e3o aos 260 anos de funda\u00e7\u00e3o da Capela de Nossa Senhora da Concei\u00e7\u00e3o, localizada no Distrito de Patriarca. A Celebra\u00e7\u00e3o lit\u00fargica ocorreu em dois\u2026","rel":"","context":"In &quot;Atualidade&quot;","block_context":{"text":"Atualidade","link":"https:\/\/correiodasemana.com\/site\/category\/atualidade\/"},"img":{"alt_text":"","src":"https:\/\/i0.wp.com\/correiodasemana.com\/site\/wp-content\/uploads\/2024\/11\/DSC_6432.jpg?resize=350%2C200&ssl=1","width":350,"height":200,"srcset":"https:\/\/i0.wp.com\/correiodasemana.com\/site\/wp-content\/uploads\/2024\/11\/DSC_6432.jpg?resize=350%2C200&ssl=1 1x, https:\/\/i0.wp.com\/correiodasemana.com\/site\/wp-content\/uploads\/2024\/11\/DSC_6432.jpg?resize=525%2C300&ssl=1 1.5x, https:\/\/i0.wp.com\/correiodasemana.com\/site\/wp-content\/uploads\/2024\/11\/DSC_6432.jpg?resize=700%2C400&ssl=1 2x, https:\/\/i0.wp.com\/correiodasemana.com\/site\/wp-content\/uploads\/2024\/11\/DSC_6432.jpg?resize=1050%2C600&ssl=1 3x, https:\/\/i0.wp.com\/correiodasemana.com\/site\/wp-content\/uploads\/2024\/11\/DSC_6432.jpg?resize=1400%2C800&ssl=1 4x"},"classes":[]},{"id":18954,"url":"https:\/\/correiodasemana.com\/site\/em-carta-apostolica-na-forma-de-motu-proprio-papa-transfere-para-os-bispos-competencias-reservadas-a-santa-se\/","url_meta":{"origin":14572,"position":4},"title":"EM CARTA APOST\u00d3LICA NA FORMA DE MOTU PROPRIO, PAPA TRANSFERE PARA OS BISPOS COMPET\u00caNCIAS RESERVADAS \u00c0 SANTA S\u00c9","author":"","date":"Fevereiro 21, 2022","format":false,"excerpt":"O Papa Francisco emitiu na ter\u00e7a-feira, 15, uma carta apost\u00f3lica na forma de\u00a0motu proprio\u00a0\u2013 por sua pr\u00f3pria iniciativa \u2013 modificando o C\u00f3digo de Direito Can\u00f4nico e o C\u00f3digo dos C\u00e2nones das Igrejas Orientais, transferindo para os bispos locais algumas responsabilidades at\u00e9 ent\u00e3o reservadas \u00e0 Santa S\u00e9. Conhe\u00e7a o documento na\u2026","rel":"","context":"In &quot;Atualidade&quot;","block_context":{"text":"Atualidade","link":"https:\/\/correiodasemana.com\/site\/category\/atualidade\/"},"img":{"alt_text":"","src":"https:\/\/i0.wp.com\/correiodasemana.com\/site\/wp-content\/uploads\/2022\/02\/Bispos-na-Basilica-Sao-Pedro-Vatican-Media.jpeg?resize=350%2C200&ssl=1","width":350,"height":200,"srcset":"https:\/\/i0.wp.com\/correiodasemana.com\/site\/wp-content\/uploads\/2022\/02\/Bispos-na-Basilica-Sao-Pedro-Vatican-Media.jpeg?resize=350%2C200&ssl=1 1x, https:\/\/i0.wp.com\/correiodasemana.com\/site\/wp-content\/uploads\/2022\/02\/Bispos-na-Basilica-Sao-Pedro-Vatican-Media.jpeg?resize=525%2C300&ssl=1 1.5x, https:\/\/i0.wp.com\/correiodasemana.com\/site\/wp-content\/uploads\/2022\/02\/Bispos-na-Basilica-Sao-Pedro-Vatican-Media.jpeg?resize=700%2C400&ssl=1 2x"},"classes":[]},{"id":37262,"url":"https:\/\/correiodasemana.com\/site\/dia-mundial-da-vida-consagrada-2\/","url_meta":{"origin":14572,"position":5},"title":"Dia Mundial da Vida Consagrada","author":"adminredacao","date":"Fevereiro 7, 2026","format":false,"excerpt":"No pr\u00f3ximo dia 2, festa da Apresenta\u00e7\u00e3o do Senhor, a Igreja celebra o Dia Mundial da Vida Consagrada. Neste dia, a Igreja presta sua gratid\u00e3o e dedica suas ora\u00e7\u00f5es a todos os monges e monjas, contemplativas e contemplativos, religiosos e religiosas dedicados ao apostolado, membros de institutos seculares e sociedades\u2026","rel":"","context":"In &quot;Artigos&quot;","block_context":{"text":"Artigos","link":"https:\/\/correiodasemana.com\/site\/category\/artigos\/"},"img":{"alt_text":"","src":"https:\/\/i0.wp.com\/correiodasemana.com\/site\/wp-content\/uploads\/2019\/07\/editorial-cs.jpg?resize=350%2C200&ssl=1","width":350,"height":200,"srcset":"https:\/\/i0.wp.com\/correiodasemana.com\/site\/wp-content\/uploads\/2019\/07\/editorial-cs.jpg?resize=350%2C200&ssl=1 1x, https:\/\/i0.wp.com\/correiodasemana.com\/site\/wp-content\/uploads\/2019\/07\/editorial-cs.jpg?resize=525%2C300&ssl=1 1.5x"},"classes":[]}],"jetpack_sharing_enabled":true,"_links":{"self":[{"href":"https:\/\/correiodasemana.com\/site\/wp-json\/wp\/v2\/posts\/14572","targetHints":{"allow":["GET"]}}],"collection":[{"href":"https:\/\/correiodasemana.com\/site\/wp-json\/wp\/v2\/posts"}],"about":[{"href":"https:\/\/correiodasemana.com\/site\/wp-json\/wp\/v2\/types\/post"}],"author":[{"embeddable":true,"href":"https:\/\/correiodasemana.com\/site\/wp-json\/wp\/v2\/users\/1"}],"replies":[{"embeddable":true,"href":"https:\/\/correiodasemana.com\/site\/wp-json\/wp\/v2\/comments?post=14572"}],"version-history":[{"count":1,"href":"https:\/\/correiodasemana.com\/site\/wp-json\/wp\/v2\/posts\/14572\/revisions"}],"predecessor-version":[{"id":14574,"href":"https:\/\/correiodasemana.com\/site\/wp-json\/wp\/v2\/posts\/14572\/revisions\/14574"}],"wp:featuredmedia":[{"embeddable":true,"href":"https:\/\/correiodasemana.com\/site\/wp-json\/wp\/v2\/media\/14573"}],"wp:attachment":[{"href":"https:\/\/correiodasemana.com\/site\/wp-json\/wp\/v2\/media?parent=14572"}],"wp:term":[{"taxonomy":"category","embeddable":true,"href":"https:\/\/correiodasemana.com\/site\/wp-json\/wp\/v2\/categories?post=14572"},{"taxonomy":"post_tag","embeddable":true,"href":"https:\/\/correiodasemana.com\/site\/wp-json\/wp\/v2\/tags?post=14572"}],"curies":[{"name":"wp","href":"https:\/\/api.w.org\/{rel}","templated":true}]}}