{"id":14586,"date":"2020-11-17T11:16:10","date_gmt":"2020-11-17T14:16:10","guid":{"rendered":"https:\/\/correiodasemana.com\/site\/?p=14586"},"modified":"2020-11-17T11:16:10","modified_gmt":"2020-11-17T14:16:10","slug":"projeto-podera-definir-quem-vai-receber-vacina-primeiro","status":"publish","type":"post","link":"https:\/\/correiodasemana.com\/site\/projeto-podera-definir-quem-vai-receber-vacina-primeiro\/","title":{"rendered":"Projeto poder\u00e1 definir quem vai receber vacina primeiro"},"content":{"rendered":"<h2 class=\"western\"><span style=\"font-size: large;\"><span style=\"color: #333333;\"><span style=\"font-family: Roboto Slab, serif;\">O projeto, apresentado pelo senador Alessandro Vieira (Cidadania-SE), determina que a vacina\u00e7\u00e3o priorize grupos mais vulner\u00e1veis \u00e0 covid-19<\/span><\/span><\/span><\/h2>\n<h2 class=\"western\"><span style=\"font-size: large;\"><span style=\"color: #333333;\"><span style=\"font-family: Roboto Slab, serif;\">O <\/span><\/span><span style=\"color: #333333;\"><span style=\"font-family: Roboto Slab, serif;\">Senado negocia a vota\u00e7\u00e3o de um projeto de lei para estabelecer regras de vacina\u00e7\u00e3o contra a covid-19 no Brasil. A proposta chegou a ser pautada em outubro, mas teve a discuss\u00e3o adiada para uma articula\u00e7\u00e3o com o governo federal.<\/span><\/span> <\/span><\/h2>\n<p align=\"justify\"><span style=\"font-size: large;\"><span style=\"color: #333333;\"><span style=\"font-family: Roboto Slab, serif;\">O texto pode voltar ao plen\u00e1rio na pr\u00f3xima semana e o Minist\u00e9rio da Sa\u00fade deu aval para a discuss\u00e3o no Legislativo. Senadores querem pautar a medida para vota\u00e7\u00e3o na pr\u00f3xima semana. A decis\u00e3o, por\u00e9m, cabe ao presidente da Casa, Davi Alcolumbre (DEM-AP), que deve realizar uma reuni\u00e3o de l\u00edderes partid\u00e1rios para decidir a agenda de vota\u00e7\u00f5es.<\/span><\/span> <\/span><\/p>\n<p align=\"justify\"><span style=\"color: #333333;\"><span style=\"font-family: Roboto Slab, serif;\"><span style=\"font-size: large;\">Se aprovado, o texto ainda depender\u00e1 da C\u00e2mara e de san\u00e7\u00e3o presidencial. O projeto, apresentado pelo senador Alessandro Vieira (Cidadania-SE), determina que a vacina\u00e7\u00e3o priorize grupos mais vulner\u00e1veis \u00e0 covid-19, conforme par\u00e2metros cient\u00edficos, estabelecidos em regulamento, o que coloca idosos, doentes cr\u00f4nicos, profissionais de sa\u00fade e outros grupos de risco na frente da fila.<\/span><\/span><\/span><\/p>\n<p align=\"justify\"><span style=\"color: #333333;\"><span style=\"font-family: Roboto Slab, serif;\"><span style=\"font-size: large;\">Al\u00e9m disso, a proposta estabelece que a distribui\u00e7\u00e3o de doses e a transfer\u00eancia de recursos federais para Estados e munic\u00edpios seja feita de acordo o tamanho da popula\u00e7\u00e3o, o n\u00famero de infectados, a capacidade da rede de sa\u00fade local e o potencial de dissemina\u00e7\u00e3o da covid na regi\u00e3o.<\/span><\/span><\/span><\/p>\n<p align=\"justify\"><span style=\"color: #333333;\"><span style=\"font-family: Roboto Slab, serif;\"><span style=\"font-size: large;\">A distribui\u00e7\u00e3o dos repasses federais \u00e9 uma das principais pol\u00eamicas na discuss\u00e3o. Em abril, por exemplo, o Senado negociou um projeto com o governo federal para destinar recursos a Estados e munic\u00edpios no combate \u00e0 pandemia.<\/span><\/span><\/span><\/p>\n<p align=\"justify\"><span style=\"color: #333333;\"><span style=\"font-family: Roboto Slab, serif;\"><span style=\"font-size: large;\">Contrariando proposta da C\u00e2mara, que beneficiava Estados maiores, o Senado acabou destinando proporcionalmente mais recursos para o Norte, regi\u00e3o do presidente do Senado, Davi Alcolumbre.<\/span><\/span><\/span><\/p>\n<p align=\"justify\"><span style=\"font-size: large;\"><span style=\"color: #333333;\"><span style=\"font-family: Roboto Slab, serif;\">O Minist\u00e9rio da Sa\u00fade informou que elabora o Plano Nacional para Operacionaliza\u00e7\u00e3o da Vacina\u00e7\u00e3o contra a covid e que os crit\u00e9rios para distribui\u00e7\u00e3o de doses ser\u00e3o definidos conforme par\u00e2metros adotados em outras campanhas de vacina\u00e7\u00e3o do Sistema \u00danico de Sa\u00fade (SUS). A pasta n\u00e3o se posicionou oficialmente sobre o projeto do Senado. As informa\u00e7\u00f5es s\u00e3o do jornal<\/span><\/span><\/span><\/p>\n<p align=\"justify\"><strong><span style=\"color: #333333;\"><span style=\"font-family: Roboto Slab, serif;\"><span style=\"font-size: large;\">Fonte: <\/span><\/span><\/span><\/strong><strong><span style=\"color: #333333;\"><span style=\"font-family: Roboto Slab, serif;\"><span style=\"font-size: large;\"><b>O Estado de S. Paulo.<\/b><\/span><\/span><\/span><\/strong><\/p>\n","protected":false},"excerpt":{"rendered":"<p>O projeto, apresentado pelo senador Alessandro Vieira (Cidadania-SE), determina que a vacina\u00e7\u00e3o priorize grupos mais&#8230;<\/p>\n","protected":false},"author":1,"featured_media":14588,"comment_status":"open","ping_status":"open","sticky":false,"template":"","format":"standard","meta":{"_jetpack_memberships_contains_paid_content":false,"footnotes":"","jetpack_publicize_message":"","jetpack_publicize_feature_enabled":true,"jetpack_social_post_already_shared":true,"jetpack_social_options":{"image_generator_settings":{"template":"highway","default_image_id":0,"font":"","enabled":false},"version":2}},"categories":[1],"tags":[],"class_list":["post-14586","post","type-post","status-publish","format-standard","has-post-thumbnail","hentry","category-atualidade"],"jetpack_publicize_connections":[],"jetpack_featured_media_url":"https:\/\/correiodasemana.com\/site\/wp-content\/uploads\/2020\/11\/naom_5f71eb6d92c32.jpg","jetpack-related-posts":[{"id":14850,"url":"https:\/\/correiodasemana.com\/site\/camara-pode-votar-novo-minha-casa-minha-vida-nesta-quarta\/","url_meta":{"origin":14586,"position":0},"title":"C\u00e2mara pode votar novo Minha Casa Minha Vida nesta quarta","author":"","date":"Dezembro 1, 2020","format":false,"excerpt":"Est\u00e1 marcada para a quarta-feira (2) a vota\u00e7\u00e3o da Medida Provis\u00f3ria 996\/20, que cria o programa habitacional\u00a0Casa Verde e Amarela\u00a0para financiar a constru\u00e7\u00e3o e pequenas reformas de resid\u00eancias para fam\u00edlias com at\u00e9 R$ 7 mil de renda mensal na \u00e1rea urbana e com at\u00e9 R$ 84 mil de renda ao\u2026","rel":"","context":"In &quot;Atualidade&quot;","block_context":{"text":"Atualidade","link":"https:\/\/correiodasemana.com\/site\/category\/atualidade\/"},"img":{"alt_text":"","src":"https:\/\/i0.wp.com\/correiodasemana.com\/site\/wp-content\/uploads\/2020\/12\/2432afb4-1ac6-47c6-97df-535155b704ce-720x430-1.jpeg?resize=350%2C200&ssl=1","width":350,"height":200,"srcset":"https:\/\/i0.wp.com\/correiodasemana.com\/site\/wp-content\/uploads\/2020\/12\/2432afb4-1ac6-47c6-97df-535155b704ce-720x430-1.jpeg?resize=350%2C200&ssl=1 1x, https:\/\/i0.wp.com\/correiodasemana.com\/site\/wp-content\/uploads\/2020\/12\/2432afb4-1ac6-47c6-97df-535155b704ce-720x430-1.jpeg?resize=525%2C300&ssl=1 1.5x, https:\/\/i0.wp.com\/correiodasemana.com\/site\/wp-content\/uploads\/2020\/12\/2432afb4-1ac6-47c6-97df-535155b704ce-720x430-1.jpeg?resize=700%2C400&ssl=1 2x"},"classes":[]},{"id":16501,"url":"https:\/\/correiodasemana.com\/site\/projeto-de-lei-preve-vacinacao-prioritaria-contra-a-covid-19-aos-professores-da-educacao-infantil-e-da-educacao-especial\/","url_meta":{"origin":14586,"position":1},"title":"Projeto de Lei prev\u00ea vacina\u00e7\u00e3o priorit\u00e1ria contra a covid-19 aos professores da educa\u00e7\u00e3o infantil e da educa\u00e7\u00e3o especial","author":"","date":"Maio 17, 2021","format":false,"excerpt":"O deputado federal Eduardo Bismarck (PDT-CE) apresentou Projeto de Lei que prev\u00ea a vacina\u00e7\u00e3o priorit\u00e1ria contra a covid-19 aos professores da educa\u00e7\u00e3o infantil e da educa\u00e7\u00e3o especial. Segundo o deputado, o\u00a0 contato dos professores com as crian\u00e7as da educa\u00e7\u00e3o infantil exige elevada proximidade devido a\u0300 necessidade de desenvolvimento de seus\u2026","rel":"","context":"In &quot;Atualidade&quot;","block_context":{"text":"Atualidade","link":"https:\/\/correiodasemana.com\/site\/category\/atualidade\/"},"img":{"alt_text":"","src":"https:\/\/i0.wp.com\/correiodasemana.com\/site\/wp-content\/uploads\/2021\/04\/cresce-vacinacao-contra-a-covid-no-ceara.jpeg?resize=350%2C200&ssl=1","width":350,"height":200,"srcset":"https:\/\/i0.wp.com\/correiodasemana.com\/site\/wp-content\/uploads\/2021\/04\/cresce-vacinacao-contra-a-covid-no-ceara.jpeg?resize=350%2C200&ssl=1 1x, https:\/\/i0.wp.com\/correiodasemana.com\/site\/wp-content\/uploads\/2021\/04\/cresce-vacinacao-contra-a-covid-no-ceara.jpeg?resize=525%2C300&ssl=1 1.5x, https:\/\/i0.wp.com\/correiodasemana.com\/site\/wp-content\/uploads\/2021\/04\/cresce-vacinacao-contra-a-covid-no-ceara.jpeg?resize=700%2C400&ssl=1 2x, https:\/\/i0.wp.com\/correiodasemana.com\/site\/wp-content\/uploads\/2021\/04\/cresce-vacinacao-contra-a-covid-no-ceara.jpeg?resize=1050%2C600&ssl=1 3x"},"classes":[]},{"id":14876,"url":"https:\/\/correiodasemana.com\/site\/reino-unido-comecara-vacinacao-contra-a-covid-19-na-proxima-semana\/","url_meta":{"origin":14586,"position":2},"title":"Reino Unido come\u00e7ar\u00e1 vacina\u00e7\u00e3o contra a covid-19 na pr\u00f3xima semana","author":"","date":"Dezembro 2, 2020","format":false,"excerpt":"Por\u00a0Congresso Em Foco O Reino Unido \u00e9 o primeiro pa\u00eds ocidental a autorizar, por meio de uma ag\u00eancia reguladora, a utiliza\u00e7\u00e3o de uma vacina contra a\u00a0covid-19. Os brit\u00e2nicos receber\u00e3o o imunizante desenvolvido pela gigante americana Pfizer e pelo laborat\u00f3rio de biotecnologia alem\u00e3o BioNTech. Segundo as autoridades brit\u00e2nicas, as doses devem\u2026","rel":"","context":"In &quot;Atualidade&quot;","block_context":{"text":"Atualidade","link":"https:\/\/correiodasemana.com\/site\/category\/atualidade\/"},"img":{"alt_text":"","src":"https:\/\/i0.wp.com\/correiodasemana.com\/site\/wp-content\/uploads\/2020\/12\/thames-541456_1920-1-750x430-1.jpg?resize=350%2C200&ssl=1","width":350,"height":200,"srcset":"https:\/\/i0.wp.com\/correiodasemana.com\/site\/wp-content\/uploads\/2020\/12\/thames-541456_1920-1-750x430-1.jpg?resize=350%2C200&ssl=1 1x, https:\/\/i0.wp.com\/correiodasemana.com\/site\/wp-content\/uploads\/2020\/12\/thames-541456_1920-1-750x430-1.jpg?resize=525%2C300&ssl=1 1.5x, https:\/\/i0.wp.com\/correiodasemana.com\/site\/wp-content\/uploads\/2020\/12\/thames-541456_1920-1-750x430-1.jpg?resize=700%2C400&ssl=1 2x"},"classes":[]},{"id":15596,"url":"https:\/\/correiodasemana.com\/site\/politica-em-evidencia-53\/","url_meta":{"origin":14586,"position":3},"title":"Pol\u00edtica em Evid\u00eancia","author":"","date":"Fevereiro 2, 2021","format":false,"excerpt":"O presidente do legislativo de Sobral, Vicente de Paulo (PDT), confirmando ao site \u201cPol\u00edtica em Evid\u00eancia\u201d, que o prefeito Ivo Gomes (PDT) vai est\u00e1 na abertura dos trabalhos da C\u00e2mara Municipal, na pr\u00f3xima ter\u00e7a-feira (2). Disse Paul\u00e3o, que o prefeito confirmou sua presen\u00e7a, nesta Sess\u00e3o Solene, quando falar\u00e1 de suas\u2026","rel":"","context":"In &quot;Artigos&quot;","block_context":{"text":"Artigos","link":"https:\/\/correiodasemana.com\/site\/category\/artigos\/"},"img":{"alt_text":"","src":"","width":0,"height":0},"classes":[]},{"id":14895,"url":"https:\/\/correiodasemana.com\/site\/camara-aprova-mp-que-destina-r-1995-bi-para-compra-de-vacina\/","url_meta":{"origin":14586,"position":4},"title":"C\u00e2mara aprova MP que destina R$ 1,995 bi para compra de vacina","author":"","date":"Dezembro 3, 2020","format":false,"excerpt":"Texto segue para vota\u00e7\u00e3o no Senado O plen\u00e1rio da C\u00e2mara dos Deputados aprovou nesta quarta-feira (2) a\u00a0Medida Provis\u00f3ria 994\/20, que abre cr\u00e9dito extraordin\u00e1rio de R$ 1,995 bilh\u00e3o para compra de tecnologia e a produ\u00e7\u00e3o de uma vacina contra a covid-19. Os recursos ser\u00e3o destinados para custear contrato entre a Funda\u00e7\u00e3o\u2026","rel":"","context":"In &quot;Atualidade&quot;","block_context":{"text":"Atualidade","link":"https:\/\/correiodasemana.com\/site\/category\/atualidade\/"},"img":{"alt_text":"","src":"https:\/\/i0.wp.com\/correiodasemana.com\/site\/wp-content\/uploads\/2020\/12\/2020-11-04t192156z_1_lynxmpega31lb_rtroptp_4_health-coronavirus-britain-vaccine.jpg?resize=350%2C200&ssl=1","width":350,"height":200,"srcset":"https:\/\/i0.wp.com\/correiodasemana.com\/site\/wp-content\/uploads\/2020\/12\/2020-11-04t192156z_1_lynxmpega31lb_rtroptp_4_health-coronavirus-britain-vaccine.jpg?resize=350%2C200&ssl=1 1x, https:\/\/i0.wp.com\/correiodasemana.com\/site\/wp-content\/uploads\/2020\/12\/2020-11-04t192156z_1_lynxmpega31lb_rtroptp_4_health-coronavirus-britain-vaccine.jpg?resize=525%2C300&ssl=1 1.5x, https:\/\/i0.wp.com\/correiodasemana.com\/site\/wp-content\/uploads\/2020\/12\/2020-11-04t192156z_1_lynxmpega31lb_rtroptp_4_health-coronavirus-britain-vaccine.jpg?resize=700%2C400&ssl=1 2x, https:\/\/i0.wp.com\/correiodasemana.com\/site\/wp-content\/uploads\/2020\/12\/2020-11-04t192156z_1_lynxmpega31lb_rtroptp_4_health-coronavirus-britain-vaccine.jpg?resize=1050%2C600&ssl=1 3x"},"classes":[]},{"id":21442,"url":"https:\/\/correiodasemana.com\/site\/ministerio-da-saude-recebe-1-milhao-de-doses-de-vacina-contra-covid-19\/","url_meta":{"origin":14586,"position":5},"title":"Minist\u00e9rio da Sa\u00fade recebe 1 milh\u00e3o de doses de vacina contra covid-19","author":"","date":"Novembro 4, 2022","format":false,"excerpt":"O Minist\u00e9rio da Sa\u00fade informou hoje (3) que recebeu, na \u00faltima semana, 1 milh\u00e3o de doses da vacina contra a covid-19 destinadas para crian\u00e7as de seis meses a menores de 3 anos de idade com comorbidades. Segundo a pasta, o in\u00edcio do processo de distribui\u00e7\u00e3o aos estados est\u00e1 previsto para\u2026","rel":"","context":"In &quot;Atualidade&quot;","block_context":{"text":"Atualidade","link":"https:\/\/correiodasemana.com\/site\/category\/atualidade\/"},"img":{"alt_text":"","src":"https:\/\/i0.wp.com\/correiodasemana.com\/site\/wp-content\/uploads\/2022\/11\/0303.jpg?resize=350%2C200&ssl=1","width":350,"height":200,"srcset":"https:\/\/i0.wp.com\/correiodasemana.com\/site\/wp-content\/uploads\/2022\/11\/0303.jpg?resize=350%2C200&ssl=1 1x, https:\/\/i0.wp.com\/correiodasemana.com\/site\/wp-content\/uploads\/2022\/11\/0303.jpg?resize=525%2C300&ssl=1 1.5x, https:\/\/i0.wp.com\/correiodasemana.com\/site\/wp-content\/uploads\/2022\/11\/0303.jpg?resize=700%2C400&ssl=1 2x, https:\/\/i0.wp.com\/correiodasemana.com\/site\/wp-content\/uploads\/2022\/11\/0303.jpg?resize=1050%2C600&ssl=1 3x"},"classes":[]}],"jetpack_sharing_enabled":true,"_links":{"self":[{"href":"https:\/\/correiodasemana.com\/site\/wp-json\/wp\/v2\/posts\/14586","targetHints":{"allow":["GET"]}}],"collection":[{"href":"https:\/\/correiodasemana.com\/site\/wp-json\/wp\/v2\/posts"}],"about":[{"href":"https:\/\/correiodasemana.com\/site\/wp-json\/wp\/v2\/types\/post"}],"author":[{"embeddable":true,"href":"https:\/\/correiodasemana.com\/site\/wp-json\/wp\/v2\/users\/1"}],"replies":[{"embeddable":true,"href":"https:\/\/correiodasemana.com\/site\/wp-json\/wp\/v2\/comments?post=14586"}],"version-history":[{"count":2,"href":"https:\/\/correiodasemana.com\/site\/wp-json\/wp\/v2\/posts\/14586\/revisions"}],"predecessor-version":[{"id":14590,"href":"https:\/\/correiodasemana.com\/site\/wp-json\/wp\/v2\/posts\/14586\/revisions\/14590"}],"wp:featuredmedia":[{"embeddable":true,"href":"https:\/\/correiodasemana.com\/site\/wp-json\/wp\/v2\/media\/14588"}],"wp:attachment":[{"href":"https:\/\/correiodasemana.com\/site\/wp-json\/wp\/v2\/media?parent=14586"}],"wp:term":[{"taxonomy":"category","embeddable":true,"href":"https:\/\/correiodasemana.com\/site\/wp-json\/wp\/v2\/categories?post=14586"},{"taxonomy":"post_tag","embeddable":true,"href":"https:\/\/correiodasemana.com\/site\/wp-json\/wp\/v2\/tags?post=14586"}],"curies":[{"name":"wp","href":"https:\/\/api.w.org\/{rel}","templated":true}]}}