{"id":14616,"date":"2020-11-18T16:16:21","date_gmt":"2020-11-18T19:16:21","guid":{"rendered":"https:\/\/correiodasemana.com\/site\/?p=14616"},"modified":"2020-11-18T16:16:21","modified_gmt":"2020-11-18T19:16:21","slug":"ibge-pelo-menos-uma-doenca-cronica-afetou-52-dos-adultos-em-2019","status":"publish","type":"post","link":"https:\/\/correiodasemana.com\/site\/ibge-pelo-menos-uma-doenca-cronica-afetou-52-dos-adultos-em-2019\/","title":{"rendered":"IBGE: pelo menos uma doen\u00e7a cr\u00f4nica afetou 52% dos adultos em 2019"},"content":{"rendered":"<div class=\"col-lg-12 mb-3\">\n<div class=\"row\">\n<h3 class=\"col-10 offset-1 animated fadeInDown dealy-900 display-8 display-md-8 alt-font font-italic my-1 text-center\">Dado \u00e9 da Pesquisa Nacional de Sa\u00fade, divulgada hoje<\/h3>\n<\/div>\n<\/div>\n<div class=\"col-xl-7 offset-xl-1 col-lg-8 offset-lg-0 col-md-10 offset-md-1 mb-3\">\n<div class=\"post-item alt-font\">\n<div class=\"post-item-wrap\">\n<p>No Brasil, 52% das pessoas de 18 anos ou mais informaram que receberam\u00a0diagn\u00f3stico de pelo menos uma doen\u00e7a cr\u00f4nica em 2019. \u00c9 o que mostra\u00a0a Pesquisa Nacional de Sa\u00fade (PNS) 2019, divulgada\u00a0hoje\u00a0(18) pelo Instituto Brasileiro de Geografia e Estat\u00edstica (IBGE). O levantamento, feito em 108 mil domic\u00edlios, tem parceria com o Minist\u00e9rio da Sa\u00fade.<img decoding=\"async\" src=\"https:\/\/agenciabrasil.ebc.com.br\/ebc.png?id=1393827&amp;o=node\" \/><img decoding=\"async\" src=\"https:\/\/agenciabrasil.ebc.com.br\/ebc.gif?id=1393827&amp;o=node\" \/><\/p>\n<p>Segundo o IBGE, as doen\u00e7as cr\u00f4nicas s\u00e3o um dos maiores problemas de sa\u00fade p\u00fablica do Brasil e do mundo, com impactos que permeiam a ocorr\u00eancia de mortes prematuras, a perda de qualidade de vida, o aparecimento de incapacidades e elevados custos econ\u00f4micos para a sociedade e para os sistemas de sa\u00fade.<\/p>\n<p>A hipertens\u00e3o arterial atinge 23,9% dos indiv\u00edduos, o que representa 38,1 milh\u00f5es de pessoas (26,4% mulheres e 21,1% homens). Em 2013, eram 21,4%. A press\u00e3o alta \u00e9 mais comum \u00e0 medida que a popula\u00e7\u00e3o envelhece: 56,6% das pessoas de 65 a 74 anos tiveram esse diagn\u00f3stico e 62,1% entre a popula\u00e7\u00e3o de 75 anos ou mais de idade.<\/p>\n<p>O Brasil tem 16,3 milh\u00f5es de pessoas diagnosticadas com depress\u00e3o. Foi estimado que 10,2% das pessoas de 18 anos ou mais de idade receberam diagn\u00f3stico de depress\u00e3o por profissional de sa\u00fade mental contra 7,6% em 2013. Em mulheres, a preval\u00eancia da doen\u00e7a \u00e9 de 14,7%, frente a 5,1% entre os homens. Entre as pessoas que informaram diagn\u00f3stico de depress\u00e3o,18,9% faziam psicoterapia e 48% usaram medicamentos para a doen\u00e7a nas duas \u00faltimas semanas anteriores \u00e0 pesquisa.<\/p>\n<p>No ano passado, 14,6% das pessoas de 18 anos ou mais de idade (23,2 milh\u00f5es) tiveram diagn\u00f3stico m\u00e9dico de colesterol alto. Em 2013, foram 12,5%. As mulheres apresentaram propor\u00e7\u00e3o maior de diagn\u00f3stico m\u00e9dico de colesterol alto (17,6%) do que os homens (11,1%).<\/p>\n<p>A PNS estimou que 7,7% da popula\u00e7\u00e3o de 18 anos ou mais de idade informaram\u00a0ter\u00a0recebido diagn\u00f3stico m\u00e9dico de diabetes, o equivalente a 12,3 milh\u00f5es de pessoas, sendo 8,4% das mulheres e entre homens, 6,9%. Em 2013, foram 6,2%.<\/p>\n<p>Em 2019, 5,3% (8,4 milh\u00f5es) de pessoas de 18 anos ou mais de idade tiveram diagn\u00f3stico m\u00e9dico de alguma doen\u00e7a do cora\u00e7\u00e3o. Em 2013, foram 4,1%. No grupo dos mais idosos, com 75 anos ou mais de idade, 17,4% relataram\u00a0diagn\u00f3stico m\u00e9dico de alguma doen\u00e7a do cora\u00e7\u00e3o.<\/p>\n<p>Entre a popula\u00e7\u00e3o adulta, 2% informaram diagn\u00f3stico de acidente vascular cerebral, representando aproximadamente 3,1 milh\u00f5es de pessoas de 18 anos ou mais.<\/p>\n<p>Em 2019, a Pesquisa Nacional de Sa\u00fade estimou que 2,6% das pessoas de 18 anos ou mais de idade (4,1 milh\u00f5es de adultos) receberam\u00a0diagn\u00f3stico m\u00e9dico de c\u00e2ncer no Brasil. Em 2013, foi 1,8%.<\/p>\n<p>No ano passado, foram estimadas aproximadamente 21,6% de pessoas de 18 anos ou mais de idade (34,3 milh\u00f5es) que relataram problema cr\u00f4nico de coluna no Brasil. Em 2013, eram 18,5%.<\/p>\n<p>Segundo a PNS, em 2019, haviam no Brasil 159,1 milh\u00f5es de pessoas com 18 anos ou mais de idade. Dessas, 66,1% autoavaliaram sua sa\u00fade como boa ou muito boa \u2013 percentual similar ao referido em 2013 (66,2%). J\u00e1 28,1% avaliaram seu estado de sa\u00fade como regular, e 5,8%, como ruim ou muito ruim.<\/p>\n<h2>Sa\u00fade bucal<\/h2>\n<p>Em 2019, a propor\u00e7\u00e3o de pessoas de 18 anos ou mais de idade que escovava os dentes pelo menos duas vezes por dia (93,6%) cresceu em rela\u00e7\u00e3o a 2013 (89,1%), e 69,7% avaliaram a sua sa\u00fade bucal como boa ou muito boa.<\/p>\n<p>A PNS 2019 estimou que 49,1% (ou 78,2 milh\u00f5es de pessoas) dos adultos haviam consultado um dentista nos \u00faltimos 12 meses anteriores \u00e0 data da entrevista. Praticamente um em cada tr\u00eas adultos (33%) usava algum tipo de pr\u00f3tese dent\u00e1ria (33,4% em 2013).<\/p>\n<p>Por Ana Cristina Campos \u2013 Rep\u00f3rter da Ag\u00eancia Brasil &#8211; Rio de Janeiro<\/p>\n<\/div>\n<\/div>\n<\/div>\n","protected":false},"excerpt":{"rendered":"<p>Dado \u00e9 da Pesquisa Nacional de Sa\u00fade, divulgada hoje No Brasil, 52% das pessoas de&#8230;<\/p>\n","protected":false},"author":1,"featured_media":14617,"comment_status":"open","ping_status":"open","sticky":false,"template":"","format":"standard","meta":{"_jetpack_memberships_contains_paid_content":false,"footnotes":"","jetpack_publicize_message":"","jetpack_publicize_feature_enabled":true,"jetpack_social_post_already_shared":true,"jetpack_social_options":{"image_generator_settings":{"template":"highway","default_image_id":0,"font":"","enabled":false},"version":2}},"categories":[1],"tags":[],"class_list":["post-14616","post","type-post","status-publish","format-standard","has-post-thumbnail","hentry","category-atualidade"],"jetpack_publicize_connections":[],"jetpack_featured_media_url":"https:\/\/correiodasemana.com\/site\/wp-content\/uploads\/2020\/11\/1017570-df_28112016-img_5565.jpg","jetpack-related-posts":[{"id":8489,"url":"https:\/\/correiodasemana.com\/site\/uso-abusivo-de-bebida-alcoolica-cresce-147-no-pais\/","url_meta":{"origin":14616,"position":0},"title":"Uso abusivo de bebida alco\u00f3lica cresce 14,7% no pa\u00eds","author":"","date":"Julho 30, 2019","format":false,"excerpt":"Por\u00a0Letycia Bond - Rep\u00f3rter da Ag\u00eancia Brasil Em 13 anos, o uso abusivo de bebida alco\u00f3lica aumentou no pa\u00eds, chegando a atingir 17,9% da popula\u00e7\u00e3o adulta. De acordo com dados reunidos pelo Minist\u00e9rio da Sa\u00fade, no ano passado, o percentual era 14,7% maior do que o registrado em 2006 (15,6%).\u2026","rel":"","context":"In &quot;Atualidade&quot;","block_context":{"text":"Atualidade","link":"https:\/\/correiodasemana.com\/site\/category\/atualidade\/"},"img":{"alt_text":"","src":"https:\/\/i0.wp.com\/correiodasemana.com\/site\/wp-content\/uploads\/2019\/07\/alcoolismo.png?resize=350%2C200&ssl=1","width":350,"height":200,"srcset":"https:\/\/i0.wp.com\/correiodasemana.com\/site\/wp-content\/uploads\/2019\/07\/alcoolismo.png?resize=350%2C200&ssl=1 1x, https:\/\/i0.wp.com\/correiodasemana.com\/site\/wp-content\/uploads\/2019\/07\/alcoolismo.png?resize=525%2C300&ssl=1 1.5x"},"classes":[]},{"id":17519,"url":"https:\/\/correiodasemana.com\/site\/um-em-cada-quatro-alunos-havia-experimentado-bebida-alcoolica-antes-de-completar-14-anos-no-ceara\/","url_meta":{"origin":14616,"position":1},"title":"Um em cada quatro alunos havia experimentado bebida alco\u00f3lica antes de completar 14 anos, no Cear\u00e1","author":"","date":"Setembro 19, 2021","format":false,"excerpt":"Fonte: SDI IBGE\/CE Cerca de 53,8% dos estudantes cearenses de escolas p\u00fablicas e particulares entre 13 e 17 anos j\u00e1 experimentaram bebida alco\u00f3lica e cerca de um quarto deles (25,3%) provou pelo menos uma dose antes de completar 14 anos. As meninas s\u00e3o mais expostas a essa inicia\u00e7\u00e3o precoce: 26,6%,\u2026","rel":"","context":"In &quot;Atualidade&quot;","block_context":{"text":"Atualidade","link":"https:\/\/correiodasemana.com\/site\/category\/atualidade\/"},"img":{"alt_text":"","src":"https:\/\/i0.wp.com\/correiodasemana.com\/site\/wp-content\/uploads\/2019\/07\/alcoolismo.png?resize=350%2C200&ssl=1","width":350,"height":200,"srcset":"https:\/\/i0.wp.com\/correiodasemana.com\/site\/wp-content\/uploads\/2019\/07\/alcoolismo.png?resize=350%2C200&ssl=1 1x, https:\/\/i0.wp.com\/correiodasemana.com\/site\/wp-content\/uploads\/2019\/07\/alcoolismo.png?resize=525%2C300&ssl=1 1.5x"},"classes":[]},{"id":23009,"url":"https:\/\/correiodasemana.com\/site\/fortaleza-e-a-cidade-brasileira-que-mais-registrou-casos-de-chikungunya-em-2022\/","url_meta":{"origin":14616,"position":2},"title":"Fortaleza \u00e9 a cidade brasileira que mais registrou casos de chikungunya em 2022","author":"","date":"Janeiro 23, 2023","format":false,"excerpt":"Cidade chegou a 20,4 mil da doen\u00e7a, conforme aponta Boletim Epidemiol\u00f3gico do Minist\u00e9rio da Sa\u00fade (MS). Fortaleza \u00e9 a cidade brasileira que mais registrou casos de chikungunya, arbovirose transmitida pelo mosquito Aedes aegypti, em 2022. Foram ao todo 20,4 mil registros prov\u00e1veis da doen\u00e7a na Capital, dos 52.715 registrados em\u2026","rel":"","context":"In &quot;Atualidade&quot;","block_context":{"text":"Atualidade","link":"https:\/\/correiodasemana.com\/site\/category\/atualidade\/"},"img":{"alt_text":"","src":"https:\/\/i0.wp.com\/correiodasemana.com\/site\/wp-content\/uploads\/2023\/01\/7ttbyna514gkbxtfuwxh_310720191935190000000.jpg?resize=350%2C200&ssl=1","width":350,"height":200,"srcset":"https:\/\/i0.wp.com\/correiodasemana.com\/site\/wp-content\/uploads\/2023\/01\/7ttbyna514gkbxtfuwxh_310720191935190000000.jpg?resize=350%2C200&ssl=1 1x, https:\/\/i0.wp.com\/correiodasemana.com\/site\/wp-content\/uploads\/2023\/01\/7ttbyna514gkbxtfuwxh_310720191935190000000.jpg?resize=525%2C300&ssl=1 1.5x, https:\/\/i0.wp.com\/correiodasemana.com\/site\/wp-content\/uploads\/2023\/01\/7ttbyna514gkbxtfuwxh_310720191935190000000.jpg?resize=700%2C400&ssl=1 2x"},"classes":[]},{"id":18021,"url":"https:\/\/correiodasemana.com\/site\/de-acordo-com-dados-do-munic-do-ibge-quase-98-dos-municipios-adotaram-medidas-de-isolamento-em-2020\/","url_meta":{"origin":14616,"position":3},"title":"De acordo com dados do MUNIC do IBGE, quase 98% dos munic\u00edpios adotaram medidas de isolamento em 2020","author":"","date":"Novembro 14, 2021","format":false,"excerpt":"Por Samuel Carvalho - Reda\u00e7\u00e3o Correio da Semana Um n\u00famero pr\u00f3ximo a totalidade de munic\u00edpios brasileiros registrou medidas de enfrentamento contra a pandemia de covid-19, de acordo com dados divulgados pelo Instituto Brasileiro de Geografia e Estat\u00edstica, o IBGE, nas pesquisas de Informa\u00e7\u00f5es B\u00e1sicas Municipais. Foram nada menos que 98,6%,\u2026","rel":"","context":"In &quot;Atualidade&quot;","block_context":{"text":"Atualidade","link":"https:\/\/correiodasemana.com\/site\/category\/atualidade\/"},"img":{"alt_text":"","src":"https:\/\/i0.wp.com\/correiodasemana.com\/site\/wp-content\/uploads\/2021\/11\/csm_csm_Temperatura_2404987e51_85f80096e3.jpg?resize=350%2C200&ssl=1","width":350,"height":200},"classes":[]},{"id":19521,"url":"https:\/\/correiodasemana.com\/site\/ibge-despesas-com-saude-chegaram-a-r-7114-bilhoes-em-2019\/","url_meta":{"origin":14616,"position":4},"title":"IBGE: despesas com sa\u00fade chegaram a\u00a0R$ 711,4 bilh\u00f5es\u00a0em 2019","author":"","date":"Abril 17, 2022","format":false,"excerpt":"A maior despesa do governo foi identificada na sa\u00fade p\u00fablica Por Alana Gandra - Rep\u00f3rter da Ag\u00eancia Brasil - Rio de Janeiro As despesas com consumo final de bens e servi\u00e7os de sa\u00fade no Brasil corresponderam a 9,6% do Produto Interno Bruto (PIB, a soma dos bens e produtos fabricados\u2026","rel":"","context":"In &quot;Atualidade&quot;","block_context":{"text":"Atualidade","link":"https:\/\/correiodasemana.com\/site\/category\/atualidade\/"},"img":{"alt_text":"","src":"https:\/\/i0.wp.com\/correiodasemana.com\/site\/wp-content\/uploads\/2022\/04\/hospital_de_campanha_covid-19_complexo_esportivo_do_ibirapuera2904200184_0.jpg?resize=350%2C200&ssl=1","width":350,"height":200,"srcset":"https:\/\/i0.wp.com\/correiodasemana.com\/site\/wp-content\/uploads\/2022\/04\/hospital_de_campanha_covid-19_complexo_esportivo_do_ibirapuera2904200184_0.jpg?resize=350%2C200&ssl=1 1x, https:\/\/i0.wp.com\/correiodasemana.com\/site\/wp-content\/uploads\/2022\/04\/hospital_de_campanha_covid-19_complexo_esportivo_do_ibirapuera2904200184_0.jpg?resize=525%2C300&ssl=1 1.5x, https:\/\/i0.wp.com\/correiodasemana.com\/site\/wp-content\/uploads\/2022\/04\/hospital_de_campanha_covid-19_complexo_esportivo_do_ibirapuera2904200184_0.jpg?resize=700%2C400&ssl=1 2x, https:\/\/i0.wp.com\/correiodasemana.com\/site\/wp-content\/uploads\/2022\/04\/hospital_de_campanha_covid-19_complexo_esportivo_do_ibirapuera2904200184_0.jpg?resize=1050%2C600&ssl=1 3x"},"classes":[]},{"id":13201,"url":"https:\/\/correiodasemana.com\/site\/tabagismo-o-grande-vilao-da-saude-global\/","url_meta":{"origin":14616,"position":5},"title":"Tabagismo: o grande vil\u00e3o da sa\u00fade global","author":"","date":"Agosto 31, 2020","format":false,"excerpt":"Em tempos de pandemia, o Dia Nacional de Combate ao fumo acende o alerta para o aumento dos relatos de depend\u00eancia no tabagismo, provocada pela quarentena, e chama aten\u00e7\u00e3o para os danos causados tamb\u00e9m aos fumantes passivos Apontado pela Organiza\u00e7\u00e3o Mundial de Sa\u00fade (OMS), como a principal causa de mortes\u2026","rel":"","context":"In &quot;Atualidade&quot;","block_context":{"text":"Atualidade","link":"https:\/\/correiodasemana.com\/site\/category\/atualidade\/"},"img":{"alt_text":"","src":"https:\/\/i0.wp.com\/correiodasemana.com\/site\/wp-content\/uploads\/2020\/08\/Cigarro-e-cancer-de-bexiga_Dr-Joao-Alvaro_19_03.jpg?resize=350%2C200&ssl=1","width":350,"height":200,"srcset":"https:\/\/i0.wp.com\/correiodasemana.com\/site\/wp-content\/uploads\/2020\/08\/Cigarro-e-cancer-de-bexiga_Dr-Joao-Alvaro_19_03.jpg?resize=350%2C200&ssl=1 1x, https:\/\/i0.wp.com\/correiodasemana.com\/site\/wp-content\/uploads\/2020\/08\/Cigarro-e-cancer-de-bexiga_Dr-Joao-Alvaro_19_03.jpg?resize=525%2C300&ssl=1 1.5x, https:\/\/i0.wp.com\/correiodasemana.com\/site\/wp-content\/uploads\/2020\/08\/Cigarro-e-cancer-de-bexiga_Dr-Joao-Alvaro_19_03.jpg?resize=700%2C400&ssl=1 2x, https:\/\/i0.wp.com\/correiodasemana.com\/site\/wp-content\/uploads\/2020\/08\/Cigarro-e-cancer-de-bexiga_Dr-Joao-Alvaro_19_03.jpg?resize=1050%2C600&ssl=1 3x, https:\/\/i0.wp.com\/correiodasemana.com\/site\/wp-content\/uploads\/2020\/08\/Cigarro-e-cancer-de-bexiga_Dr-Joao-Alvaro_19_03.jpg?resize=1400%2C800&ssl=1 4x"},"classes":[]}],"jetpack_sharing_enabled":true,"_links":{"self":[{"href":"https:\/\/correiodasemana.com\/site\/wp-json\/wp\/v2\/posts\/14616","targetHints":{"allow":["GET"]}}],"collection":[{"href":"https:\/\/correiodasemana.com\/site\/wp-json\/wp\/v2\/posts"}],"about":[{"href":"https:\/\/correiodasemana.com\/site\/wp-json\/wp\/v2\/types\/post"}],"author":[{"embeddable":true,"href":"https:\/\/correiodasemana.com\/site\/wp-json\/wp\/v2\/users\/1"}],"replies":[{"embeddable":true,"href":"https:\/\/correiodasemana.com\/site\/wp-json\/wp\/v2\/comments?post=14616"}],"version-history":[{"count":2,"href":"https:\/\/correiodasemana.com\/site\/wp-json\/wp\/v2\/posts\/14616\/revisions"}],"predecessor-version":[{"id":14619,"href":"https:\/\/correiodasemana.com\/site\/wp-json\/wp\/v2\/posts\/14616\/revisions\/14619"}],"wp:featuredmedia":[{"embeddable":true,"href":"https:\/\/correiodasemana.com\/site\/wp-json\/wp\/v2\/media\/14617"}],"wp:attachment":[{"href":"https:\/\/correiodasemana.com\/site\/wp-json\/wp\/v2\/media?parent=14616"}],"wp:term":[{"taxonomy":"category","embeddable":true,"href":"https:\/\/correiodasemana.com\/site\/wp-json\/wp\/v2\/categories?post=14616"},{"taxonomy":"post_tag","embeddable":true,"href":"https:\/\/correiodasemana.com\/site\/wp-json\/wp\/v2\/tags?post=14616"}],"curies":[{"name":"wp","href":"https:\/\/api.w.org\/{rel}","templated":true}]}}