{"id":14688,"date":"2020-11-23T10:07:51","date_gmt":"2020-11-23T13:07:51","guid":{"rendered":"https:\/\/correiodasemana.com\/site\/?p=14688"},"modified":"2020-11-23T10:07:51","modified_gmt":"2020-11-23T13:07:51","slug":"eleicoes-2020-veja-lista-com-as-57-cidades-em-que-havera-2a-turno","status":"publish","type":"post","link":"https:\/\/correiodasemana.com\/site\/eleicoes-2020-veja-lista-com-as-57-cidades-em-que-havera-2a-turno\/","title":{"rendered":"Elei\u00e7\u00f5es 2020: veja lista com as 57 cidades em que haver\u00e1 2\u00aa turno"},"content":{"rendered":"<h3 class=\"western\" align=\"center\"><span style=\"font-family: Source Serif Pro, serif;\"><span style=\"font-size: large;\"><i><b><span style=\"color: #343a40;\">Campanha eleitoral j\u00e1 pode recome\u00e7ar a partir de\u00a0hoje<\/span><\/b><\/i><\/span><\/span><\/h3>\n<p align=\"left\"><span style=\"font-family: Source Serif Pro, serif;\"><span style=\"font-size: medium;\"><span style=\"color: #495057;\">Nas elei\u00e7\u00f5es municipais deste ano, haver\u00e1 segundo turno em 57 cidades espalhadas pelo pa\u00eds, das quais 18 s\u00e3o capitais.\u00a0<\/span><\/span><\/span><\/p>\n<p align=\"left\"><span style=\"font-family: Source Serif Pro, serif;\"><span style=\"font-size: medium;\"><span style=\"color: #495057;\">O segundo turno est\u00e1 marcado para 29 de novembro, 13 dias ap\u00f3s a primeira vota\u00e7\u00e3o. Trata-se do menor intervalo da hist\u00f3ria. Normalmente, o per\u00edodo \u00e9 de tr\u00eas a quatro semanas. O calend\u00e1rio apertado foi aprovado pelo Congresso em fun\u00e7\u00e3o do adiamento provocado pela pandemia de covid-19.<\/span><\/span><\/span><\/p>\n<p align=\"left\"><span style=\"font-family: Source Serif Pro, serif;\"><span style=\"font-size: medium;\"><span style=\"color: #495057;\">A vota\u00e7\u00e3o no segundo turno ser\u00e1 disputada pelos dois melhores colocados e cada uma dessas 57 cidades. Isso porque nenhum deles conseguiu alcan\u00e7ar maioria absoluta (50% mais um) dos votos v\u00e1lidos no primeiro turno \u2013 votos brancos, nulos e absten\u00e7\u00f5es n\u00e3o entram na conta.\u00a0\u00a0<\/span><\/span><\/span><\/p>\n<p align=\"left\"><span style=\"font-family: Source Serif Pro, serif;\"><span style=\"font-size: medium;\"><span style=\"color: #495057;\">O segundo turno era poss\u00edvel nas 95 cidades brasileiras que possuem mais de 200 mil habitantes. Dessas, 35 decidiram os ganhadores j\u00e1 na primeira rodada de vota\u00e7\u00e3o, pois nelas algum candidato recebeu mais de metade dos votos v\u00e1lidos.\u00a0\u00a0<\/span><\/span><\/span><\/p>\n<p align=\"left\"><span style=\"font-family: Source Serif Pro, serif;\"><span style=\"font-size: medium;\"><span style=\"color: #495057;\">Em duas cidades, Duque de Caxias e Volta Redonda, h\u00e1 candidatos com votos suficientes para levar no primeiro turno, mas o resultado ainda est\u00e1 sub judice, isto \u00e9, ainda aguardam por uma decis\u00e3o final da Justi\u00e7a. Em Macap\u00e1 a elei\u00e7\u00e3o foi adiada em raz\u00e3o do apag\u00e3o de energia el\u00e9trica.\u00a0<\/span><\/span><\/span><\/p>\n<p align=\"left\"><span style=\"font-family: Source Serif Pro, serif;\"><span style=\"font-size: medium;\"><span style=\"color: #495057;\">A necessidade de segundo turno na disputa para prefeito em cidades com 200 mil habitantes ou mais consta na Constitui\u00e7\u00e3o e segue o mesmo modelo adotado nas elei\u00e7\u00f5es para presidente e governador.<\/span><\/span><\/span><\/p>\n<h2 class=\"western\" align=\"left\"><span style=\"font-family: Open Sans, sans-serif;\"><span style=\"font-size: xx-large;\"><b><span style=\"color: #343a40;\">Confira abaixo a lista das cidades onde haver\u00e1 segundo turno e os respectivos candidatos<\/span><\/b><\/span><\/span><\/h2>\n<p align=\"left\"><span style=\"font-family: Source Serif Pro, serif;\"><span style=\"font-size: medium;\"><span style=\"color: #495057;\">An\u00e1polis (GO): Roberto Naves (PP) e Antonio Gomide (PT).<\/span><\/span><\/span><\/p>\n<p align=\"left\"><span style=\"font-family: Source Serif Pro, serif;\"><span style=\"font-size: medium;\"><span style=\"color: #495057;\">Aracaju (SE): Edvaldo Nogueira (PDT \u2013 atual prefeito) e Danielle Garcia (Cidadania).<\/span><\/span><\/span><\/p>\n<p align=\"left\"><span style=\"font-family: Source Serif Pro, serif;\"><span style=\"font-size: medium;\"><span style=\"color: #495057;\">Bauru (SP): Su\u00e9llen Rosim (Patriota) e Dr Raul (DEM)<\/span><\/span><\/span><\/p>\n<p align=\"left\"><span style=\"font-family: Source Serif Pro, serif;\"><span style=\"font-size: medium;\"><span style=\"color: #495057;\">Bel\u00e9m (PA): Edmilson Rodrigues (PSOL) e Delegado Eguchi (Patriota).<\/span><\/span><\/span><\/p>\n<p align=\"left\"><span style=\"font-family: Source Serif Pro, serif;\"><span style=\"font-size: medium;\"><span style=\"color: #495057;\">Blumenau (SC): M\u00e1rio Hildebrandt (PODE) e Jo\u00e3o Paulo Klein\u00fcbing (DEM).<\/span><\/span><\/span><\/p>\n<p align=\"left\"><span style=\"font-family: Source Serif Pro, serif;\"><span style=\"font-size: medium;\"><span style=\"color: #495057;\">Boa Vista (RR): Arthur Henrique (MDB) e Ottaci (Solidariedade).<\/span><\/span><\/span><\/p>\n<p align=\"left\"><span style=\"font-family: Source Serif Pro, serif;\"><span style=\"font-size: medium;\"><span style=\"color: #495057;\">Campinas (SP): D\u00e1rio Saadi (Republicanos) e Rafa Zimbaldi (PL).<\/span><\/span><\/span><\/p>\n<p align=\"left\"><span style=\"font-family: Source Serif Pro, serif;\"><span style=\"font-size: medium;\"><span style=\"color: #495057;\">Campos dos Goytacazes (RJ): Wladimir Garotinho (PSD &#8211; sub judice), e Caio Vianna (PDT)<\/span><\/span><\/span><\/p>\n<p align=\"left\"><span style=\"font-family: Source Serif Pro, serif;\"><span style=\"font-size: medium;\"><span style=\"color: #495057;\">Canoas (RS): Jairo Jorge (PSD) e Luiz Carlos Busato (PTB).<\/span><\/span><\/span><\/p>\n<p align=\"left\"><span style=\"font-family: Source Serif Pro, serif;\"><span style=\"font-size: medium;\"><span style=\"color: #495057;\">Cariacica (ES): Eucl\u00e9rio Sampaio (DEM) e C\u00e9lia Tavares (PT).<\/span><\/span><\/span><\/p>\n<p align=\"left\"><span style=\"font-family: Source Serif Pro, serif;\"><span style=\"font-size: medium;\"><span style=\"color: #495057;\">Caucaia (CE): Naumi Amorim (PSD) e Vitor Valim (Pros).<\/span><\/span><\/span><\/p>\n<p align=\"left\"><span style=\"font-family: Source Serif Pro, serif;\"><span style=\"font-size: medium;\"><span style=\"color: #495057;\">Caxias do Sul (RS): Pepe Vargas (PT) e Adil\u00f3 (PSDB).<\/span><\/span><\/span><\/p>\n<p align=\"left\"><span style=\"font-family: Source Serif Pro, serif;\"><span style=\"font-size: medium;\"><span style=\"color: #495057;\">Contagem (MG): Mar\u00edlia (PT) e Felipe Saliba (DEM).<\/span><\/span><\/span><\/p>\n<p align=\"left\"><span style=\"font-family: Source Serif Pro, serif;\"><span style=\"font-size: medium;\"><span style=\"color: #495057;\">Cuiab\u00e1 (MT): Emanuel Pinheiro (MDB \u2013 atual prefeito) e Ab\u00edlio J\u00fanior (Podemos).<\/span><\/span><\/span><\/p>\n<p align=\"left\"><span style=\"font-family: Source Serif Pro, serif;\"><span style=\"font-size: medium;\"><span style=\"color: #495057;\">Diadema (SP): Filippi (PT) e Taka Yamauchi (PSD).<\/span><\/span><\/span><\/p>\n<p align=\"left\"><span style=\"font-family: Source Serif Pro, serif;\"><span style=\"font-size: medium;\"><span style=\"color: #495057;\">Feira de Santana (BA): Z\u00e9 Neto (PT) e Colbert Martins (MDB).<\/span><\/span><\/span><\/p>\n<p align=\"left\"><span style=\"font-family: Source Serif Pro, serif;\"><span style=\"font-size: medium;\"><span style=\"color: #495057;\">Fortaleza (CE): Sarto Nogueira (PDT) e Capit\u00e3o Wagner (Pros).<\/span><\/span><\/span><\/p>\n<p align=\"left\"><span style=\"font-family: Source Serif Pro, serif;\"><span style=\"font-size: medium;\"><span style=\"color: #495057;\">Franca (SP): Fl\u00e1via Lancha (PSD) e Alexandre Ferreira (MDB).<\/span><\/span><\/span><\/p>\n<p align=\"left\"><span style=\"font-family: Source Serif Pro, serif;\"><span style=\"font-size: medium;\"><span style=\"color: #495057;\">Goi\u00e2nia (GO): Maguito Vilela (MDB) e Vanderlan Cardoso (PSD).<\/span><\/span><\/span><\/p>\n<p align=\"left\"><span style=\"font-family: Source Serif Pro, serif;\"><span style=\"font-size: medium;\"><span style=\"color: #495057;\">Governador Valadares (MG): Andr\u00e9 Merlo (PSDB) e Dr. Luciano (PSC).<\/span><\/span><\/span><\/p>\n<p align=\"left\"><span style=\"font-family: Source Serif Pro, serif;\"><span style=\"font-size: medium;\"><span style=\"color: #495057;\">Guarulhos (SP): Guti (PSD) e El\u00f3i Piet\u00e1 (PT).<\/span><\/span><\/span><\/p>\n<p align=\"left\"><span style=\"font-family: Source Serif Pro, serif;\"><span style=\"font-size: medium;\"><span style=\"color: #495057;\">Jo\u00e3o Pessoa (PB): C\u00edcero Lucena (Progressistas) e Nilvan Ferreira (MDB).<\/span><\/span><\/span><\/p>\n<p align=\"left\"><span style=\"font-family: Source Serif Pro, serif;\"><span style=\"font-size: medium;\"><span style=\"color: #495057;\">Joinville (SC): Darci de Matos (PSD) e Adriano Silva (NOVO).<\/span><\/span><\/span><\/p>\n<p align=\"left\"><span style=\"font-family: Source Serif Pro, serif;\"><span style=\"font-size: medium;\"><span style=\"color: #495057;\">Juiz de Fora (MG): Margarida Salom\u00e3o (PT) e Wilson Rezato (PSB).<\/span><\/span><\/span><\/p>\n<p align=\"left\"><span style=\"font-family: Source Serif Pro, serif;\"><span style=\"font-size: medium;\"><span style=\"color: #495057;\">Limeira (SP): Mario Botion (PSD) e Murilo F\u00e9lix (Podemos).<\/span><\/span><\/span><\/p>\n<p align=\"left\"><span style=\"font-family: Source Serif Pro, serif;\"><span style=\"font-size: medium;\"><span style=\"color: #495057;\">Macei\u00f3 (AL): Alfredo Gaspar (MDB) e Jhc (PSB).<\/span><\/span><\/span><\/p>\n<p align=\"left\"><span style=\"font-family: Source Serif Pro, serif;\"><span style=\"font-size: medium;\"><span style=\"color: #495057;\">Manaus (AM): Amazonino Mendes (Podemos) e David Almeida (Avante).<\/span><\/span><\/span><\/p>\n<p align=\"left\"><span style=\"font-family: Source Serif Pro, serif;\"><span style=\"font-size: medium;\"><span style=\"color: #495057;\">Mau\u00e1 (SP): \u00c1tila Jacomussi (PSB) e Marcelo Oliveira (PT).<\/span><\/span><\/span><\/p>\n<p align=\"left\"><span style=\"font-family: Source Serif Pro, serif;\"><span style=\"font-size: medium;\"><span style=\"color: #495057;\">Mogi das Cruzes (SP): Marcus Melo (PSDB) e Caio Cunha (PODE).<\/span><\/span><\/span><\/p>\n<p align=\"left\"><span style=\"font-family: Source Serif Pro, serif;\"><span style=\"font-size: medium;\"><span style=\"color: #495057;\">Paulista (PE): Yves Ribeiro (MDB) e Francisco Padilha (PSB).<\/span><\/span><\/span><\/p>\n<p align=\"left\"><span style=\"font-family: Source Serif Pro, serif;\"><span style=\"font-size: medium;\"><span style=\"color: #495057;\">Pelotas (RS): Paula Mascarenhas (PSDB) e Ivan Duarte (PT).<\/span><\/span><\/span><\/p>\n<p align=\"left\"><span style=\"font-family: Source Serif Pro, serif;\"><span style=\"font-size: medium;\"><span style=\"color: #495057;\">Petr\u00f3polis (RJ): Rubens Bomtempo (PSB) e Bernardo Rossi (PL).<\/span><\/span><\/span><\/p>\n<p align=\"left\"><span style=\"font-family: Source Serif Pro, serif;\"><span style=\"font-size: medium;\"><span style=\"color: #495057;\">Piracicaba (SP): Barjas Negri (PSDB) e Luciano Almeida (DEM).<\/span><\/span><\/span><\/p>\n<p align=\"left\"><span style=\"font-family: Source Serif Pro, serif;\"><span style=\"font-size: medium;\"><span style=\"color: #495057;\">Ponta Grossa (PR): Mabel Canto (PSC) e Professora Elizabeth (PSD).<\/span><\/span><\/span><\/p>\n<p align=\"left\"><span style=\"font-family: Source Serif Pro, serif;\"><span style=\"font-size: medium;\"><span style=\"color: #495057;\">Porto Alegre (RS): Sebasti\u00e3o Melo (MDB) e Manuela d&#8217;\u00c1vila (PCdoB).<\/span><\/span><\/span><\/p>\n<p align=\"left\"><span style=\"font-family: Source Serif Pro, serif;\"><span style=\"font-size: medium;\"><span style=\"color: #495057;\">Porto Velho (RO): Hildon Chaves (PSDB \u2013 atual prefeito) e Cristiane Lopes (PP).<\/span><\/span><\/span><\/p>\n<p align=\"left\"><span style=\"font-family: Source Serif Pro, serif;\"><span style=\"font-size: medium;\"><span style=\"color: #495057;\">Praia Grande (SP): Raquel Chini (PSDB) e Danilo Morgado (PSL).<\/span><\/span><\/span><\/p>\n<p align=\"left\"><span style=\"font-family: Source Serif Pro, serif;\"><span style=\"font-size: medium;\"><span style=\"color: #495057;\">Recife (PE): Jo\u00e3o Campos (PSB) e Mar\u00edlia Arraes (PT).<\/span><\/span><\/span><\/p>\n<p align=\"left\"><span style=\"font-family: Source Serif Pro, serif;\"><span style=\"font-size: medium;\"><span style=\"color: #495057;\">Ribeir\u00e3o Preto (SP): Duarte Nogueira (PSDB) e Suely Vilela (PSB).<\/span><\/span><\/span><\/p>\n<p align=\"left\"><span style=\"font-family: Source Serif Pro, serif;\"><span style=\"font-size: medium;\"><span style=\"color: #495057;\">Rio Branco (AC): Socorro Neri (PSB \u2013 atual prefeita) e Ti\u00e3o Bocalom (PP).<\/span><\/span><\/span><\/p>\n<p align=\"left\"><a name=\"OBJ_PREFIX_DWT3031_com_zimbra_date\"><\/a> <span style=\"font-family: Source Serif Pro, serif;\"><span style=\"font-size: medium;\"><span style=\"color: #495057;\">Rio\u00a0de Janeiro\u00a0(RJ): Marcelo Crivella (Republicanos \u2013 atual prefeito) e Eduardo Paes (DEM).<\/span><\/span><\/span><\/p>\n<p align=\"left\"><span style=\"font-family: Source Serif Pro, serif;\"><span style=\"font-size: medium;\"><span style=\"color: #495057;\">Santa Maria (RS): Sergio Cecchim (PP) e Pozzobom (PSDB).<\/span><\/span><\/span><\/p>\n<p align=\"left\"><span style=\"font-family: Source Serif Pro, serif;\"><span style=\"font-size: medium;\"><span style=\"color: #495057;\">Santar\u00e9m (PA): N\u00e9lio Aguiar (DEM \u2013 atual prefeito) e Maria do Carmo (PT).<\/span><\/span><\/span><\/p>\n<p align=\"left\"><span style=\"font-family: Source Serif Pro, serif;\"><span style=\"font-size: medium;\"><span style=\"color: #495057;\">S\u00e3o Gon\u00e7alo (RJ): Dimas Gadelha (PT), e Capit\u00e3o Nelson (Avante).<\/span><\/span><\/span><\/p>\n<p align=\"left\"><span style=\"font-family: Source Serif Pro, serif;\"><span style=\"font-size: medium;\"><span style=\"color: #495057;\">S\u00e3o Jo\u00e3o de Meriti (RJ): Dr Jo\u00e3o (DEM) e Leo Vieira (PSC).<\/span><\/span><\/span><\/p>\n<p align=\"left\"><span style=\"font-family: Source Serif Pro, serif;\"><span style=\"font-size: medium;\"><span style=\"color: #495057;\">S\u00e3o Lu\u00eds (MA): Eduardo Braide (Podemos) e Duarte J\u00fanior (Republicanos).<\/span><\/span><\/span><\/p>\n<p align=\"left\"><span style=\"font-family: Source Serif Pro, serif;\"><span style=\"font-size: medium;\"><span style=\"color: #495057;\">S\u00e3o Paulo (SP): Bruno Covas (PSDB \u2013 atual prefeito) e Guilherme Boulos (PSOL).<\/span><\/span><\/span><\/p>\n<p align=\"left\"><span style=\"font-family: Source Serif Pro, serif;\"><span style=\"font-size: medium;\"><span style=\"color: #495057;\">S\u00e3o Vicente (SP): Solange Freitas (PSDB) e Kayo Amado (PODE).<\/span><\/span><\/span><\/p>\n<p align=\"left\"><span style=\"font-family: Source Serif Pro, serif;\"><span style=\"font-size: medium;\"><span style=\"color: #495057;\">Serra (ES): Sergio Vidigal (PDT) e Fabio Duarte (Rede).<\/span><\/span><\/span><\/p>\n<p align=\"left\"><span style=\"font-family: Source Serif Pro, serif;\"><span style=\"font-size: medium;\"><span style=\"color: #495057;\">Sorocaba (SP): Rodrigo Manga (Republicanos) e Jaqueline Coutinho (PSL).<\/span><\/span><\/span><\/p>\n<p align=\"left\"><span style=\"font-family: Source Serif Pro, serif;\"><span style=\"font-size: medium;\"><span style=\"color: #495057;\">Tabo\u00e3o da Serra (SP): Engenheiro Daniel (PSDB) e Aprigio (PODE).<\/span><\/span><\/span><\/p>\n<p align=\"left\"><span style=\"font-family: Source Serif Pro, serif;\"><span style=\"font-size: medium;\"><span style=\"color: #495057;\">Taubat\u00e9 (SP): Saud (MDB) e Loreny (Cidadania).<\/span><\/span><\/span><\/p>\n<p align=\"left\"><span style=\"font-family: Source Serif Pro, serif;\"><span style=\"font-size: medium;\"><span style=\"color: #495057;\">Teresina (PI): Dr. Pessoa (MDB) e Kleber Montezuma (PSDB).<\/span><\/span><\/span><\/p>\n<p align=\"left\"><span style=\"font-family: Source Serif Pro, serif;\"><span style=\"font-size: medium;\"><span style=\"color: #495057;\">Uberaba (MG): Elisa Ara\u00fajo (Solidariedade) e Tony Carlos (PTB).<\/span><\/span><\/span><\/p>\n<p align=\"left\"><span style=\"font-family: Source Serif Pro, serif;\"><span style=\"font-size: medium;\"><span style=\"color: #495057;\">Vila Velha (ES): Arnadinho Borgo (Podemos) e Max Filho (PSDB).<\/span><\/span><\/span><\/p>\n<p align=\"left\"><span style=\"font-family: Source Serif Pro, serif;\"><span style=\"font-size: medium;\"><span style=\"color: #495057;\">Vit\u00f3ria (ES): Delegado Pazolini (Republicanos) e Jo\u00e3o Coser (PT).<\/span><\/span><\/span><\/p>\n<p align=\"left\"><span style=\"font-family: Source Serif Pro, serif;\"><span style=\"font-size: medium;\"><span style=\"color: #495057;\">Vit\u00f3ria da Conquista (BA): Z\u00e9 Raimundo (PT) e Herzem Gusm\u00e3o (MDB).<\/span><\/span><\/span><\/p>\n<p align=\"left\">Por Ag\u00eancia Brasil\u00a0 &#8211; Bras\u00edlia<\/p>\n","protected":false},"excerpt":{"rendered":"<p>Campanha eleitoral j\u00e1 pode recome\u00e7ar a partir de\u00a0hoje Nas elei\u00e7\u00f5es municipais deste ano, haver\u00e1 segundo&#8230;<\/p>\n","protected":false},"author":1,"featured_media":14689,"comment_status":"open","ping_status":"open","sticky":false,"template":"","format":"standard","meta":{"_jetpack_memberships_contains_paid_content":false,"footnotes":"","jetpack_publicize_message":"","jetpack_publicize_feature_enabled":true,"jetpack_social_post_already_shared":true,"jetpack_social_options":{"image_generator_settings":{"template":"highway","default_image_id":0,"font":"","enabled":false},"version":2}},"categories":[1],"tags":[],"class_list":["post-14688","post","type-post","status-publish","format-standard","has-post-thumbnail","hentry","category-atualidade"],"jetpack_publicize_connections":[],"jetpack_featured_media_url":"https:\/\/correiodasemana.com\/site\/wp-content\/uploads\/2020\/11\/tse_1908200982.jpg","jetpack-related-posts":[{"id":14721,"url":"https:\/\/correiodasemana.com\/site\/mulheres-sao-maioria-no-eleitorado-de-cidades-que-terao-segundo-turno\/","url_meta":{"origin":14688,"position":0},"title":"Mulheres s\u00e3o maioria no eleitorado de cidades que ter\u00e3o segundo turno","author":"","date":"Novembro 24, 2020","format":false,"excerpt":"Macei\u00f3 \u00e9 o munic\u00edpio com maior n\u00famero de eleitoras As mulheres s\u00e3o maioria entre os mais de 38 milh\u00f5es de eleitores aptos a votar nos 57 munic\u00edpios em que haver\u00e1 segundo turno para escolha de novos prefeitos, no pr\u00f3ximo dia 29. Juntas, elas somam quase 54% desses eleitores. O retrato\u2026","rel":"","context":"In &quot;Atualidade&quot;","block_context":{"text":"Atualidade","link":"https:\/\/correiodasemana.com\/site\/category\/atualidade\/"},"img":{"alt_text":"","src":"https:\/\/i0.wp.com\/correiodasemana.com\/site\/wp-content\/uploads\/2020\/11\/50429036346_a9271a4327_o.jpg?resize=350%2C200&ssl=1","width":350,"height":200,"srcset":"https:\/\/i0.wp.com\/correiodasemana.com\/site\/wp-content\/uploads\/2020\/11\/50429036346_a9271a4327_o.jpg?resize=350%2C200&ssl=1 1x, https:\/\/i0.wp.com\/correiodasemana.com\/site\/wp-content\/uploads\/2020\/11\/50429036346_a9271a4327_o.jpg?resize=525%2C300&ssl=1 1.5x, https:\/\/i0.wp.com\/correiodasemana.com\/site\/wp-content\/uploads\/2020\/11\/50429036346_a9271a4327_o.jpg?resize=700%2C400&ssl=1 2x, https:\/\/i0.wp.com\/correiodasemana.com\/site\/wp-content\/uploads\/2020\/11\/50429036346_a9271a4327_o.jpg?resize=1050%2C600&ssl=1 3x"},"classes":[]},{"id":14769,"url":"https:\/\/correiodasemana.com\/site\/mulheres-sao-maioria-entre-candidatos-que-nao-registraram-voto\/","url_meta":{"origin":14688,"position":1},"title":"Mulheres s\u00e3o maioria entre candidatos que n\u00e3o registraram voto","author":"","date":"Novembro 26, 2020","format":false,"excerpt":"Dados s\u00e3o do Tribunal Superior Eleitoral Dados estat\u00edsticos dispon\u00edveis no Tribunal Superior Eleitoral (TSE) mostram\u00a0que 5.297 candidatos n\u00e3o obtiveram nenhum voto no primeiro turno das elei\u00e7\u00f5es municipais de 2020. Ao todo, a Justi\u00e7a Eleitoral recebeu 557.404 mil pedidos de registros de candidatos para disputar cerca de 68 mil cargos eletivos\u2026","rel":"","context":"In &quot;Atualidade&quot;","block_context":{"text":"Atualidade","link":"https:\/\/correiodasemana.com\/site\/category\/atualidade\/"},"img":{"alt_text":"","src":"https:\/\/i0.wp.com\/correiodasemana.com\/site\/wp-content\/uploads\/2020\/11\/eleicoes_2020_-_banner_destaque_01.jpg?resize=350%2C200&ssl=1","width":350,"height":200,"srcset":"https:\/\/i0.wp.com\/correiodasemana.com\/site\/wp-content\/uploads\/2020\/11\/eleicoes_2020_-_banner_destaque_01.jpg?resize=350%2C200&ssl=1 1x, https:\/\/i0.wp.com\/correiodasemana.com\/site\/wp-content\/uploads\/2020\/11\/eleicoes_2020_-_banner_destaque_01.jpg?resize=525%2C300&ssl=1 1.5x, https:\/\/i0.wp.com\/correiodasemana.com\/site\/wp-content\/uploads\/2020\/11\/eleicoes_2020_-_banner_destaque_01.jpg?resize=700%2C400&ssl=1 2x, https:\/\/i0.wp.com\/correiodasemana.com\/site\/wp-content\/uploads\/2020\/11\/eleicoes_2020_-_banner_destaque_01.jpg?resize=1050%2C600&ssl=1 3x"},"classes":[]},{"id":14253,"url":"https:\/\/correiodasemana.com\/site\/sobral-tem-142-091-eleitores-aptos-a-votarem-nas-eleicoes-de-2020\/","url_meta":{"origin":14688,"position":2},"title":"Sobral tem 142.091 eleitores aptos a votarem nas elei\u00e7\u00f5es de 2020","author":"","date":"Outubro 25, 2020","format":false,"excerpt":"Cidade da regi\u00e3o Norte \u00e9 a quinta do Cear\u00e1 com mais eleitores Por Joc\u00e9lio Tavares. A menos de um m\u00eas para o primeiro turno das elei\u00e7\u00f5es municipais de 2020, a cidade de Sobral, localizada na Regi\u00e3o Norte do Estado do Cear\u00e1, possui, segundo dados atualizados em setembro pelo TSE CE,\u2026","rel":"","context":"In &quot;Atualidade&quot;","block_context":{"text":"Atualidade","link":"https:\/\/correiodasemana.com\/site\/category\/atualidade\/"},"img":{"alt_text":"","src":"https:\/\/i0.wp.com\/correiodasemana.com\/site\/wp-content\/uploads\/2020\/10\/eleicoes_2020_-_banner_destaque_01-1.jpg?resize=350%2C200&ssl=1","width":350,"height":200,"srcset":"https:\/\/i0.wp.com\/correiodasemana.com\/site\/wp-content\/uploads\/2020\/10\/eleicoes_2020_-_banner_destaque_01-1.jpg?resize=350%2C200&ssl=1 1x, https:\/\/i0.wp.com\/correiodasemana.com\/site\/wp-content\/uploads\/2020\/10\/eleicoes_2020_-_banner_destaque_01-1.jpg?resize=525%2C300&ssl=1 1.5x, https:\/\/i0.wp.com\/correiodasemana.com\/site\/wp-content\/uploads\/2020\/10\/eleicoes_2020_-_banner_destaque_01-1.jpg?resize=700%2C400&ssl=1 2x, https:\/\/i0.wp.com\/correiodasemana.com\/site\/wp-content\/uploads\/2020\/10\/eleicoes_2020_-_banner_destaque_01-1.jpg?resize=1050%2C600&ssl=1 3x"},"classes":[]},{"id":13732,"url":"https:\/\/correiodasemana.com\/site\/eleicoes-2020-prazo-para-registro-de-candidaturas-termina-neste-sabado-campanha-nas-ruas-comeca-no-domingo-a-partir-de-domingo-27-candidatos-ja-poderao-fazer-comicios-carreatas-e-propaganda-na-i\/","url_meta":{"origin":14688,"position":3},"title":"Elei\u00e7\u00f5es 2020: prazo para registro de candidaturas termina neste s\u00e1bado; campanha nas ruas come\u00e7a no domingo A partir de domingo (27), candidatos j\u00e1 poder\u00e3o fazer com\u00edcios, carreatas e propaganda na internet. Hor\u00e1rio eleitoral na TV e no r\u00e1dio s\u00f3 come\u00e7a no dia 9 de outubro","author":"","date":"Setembro 26, 2020","format":false,"excerpt":"O prazo para partidos apresentarem o pedido de registro das candidaturas nas elei\u00e7\u00f5es de 2020 termina \u00e0s 19h deste s\u00e1bado (26). No dia seguinte, domingo (27), come\u00e7a o per\u00edodo da campanha eleitoral nas ruas. At\u00e9 as 20h24 de sexta-feira (25), havia 443 mil candidatos a prefeito, vice-prefeito e vereador j\u00e1\u2026","rel":"","context":"In &quot;Atualidade&quot;","block_context":{"text":"Atualidade","link":"https:\/\/correiodasemana.com\/site\/category\/atualidade\/"},"img":{"alt_text":"","src":"https:\/\/i0.wp.com\/correiodasemana.com\/site\/wp-content\/uploads\/2020\/09\/confira-o-que-pode-e-o-que-nao-pode-na-propaganda-eleitoral-5f6cdd18d568a.jpeg?resize=350%2C200&ssl=1","width":350,"height":200,"srcset":"https:\/\/i0.wp.com\/correiodasemana.com\/site\/wp-content\/uploads\/2020\/09\/confira-o-que-pode-e-o-que-nao-pode-na-propaganda-eleitoral-5f6cdd18d568a.jpeg?resize=350%2C200&ssl=1 1x, https:\/\/i0.wp.com\/correiodasemana.com\/site\/wp-content\/uploads\/2020\/09\/confira-o-que-pode-e-o-que-nao-pode-na-propaganda-eleitoral-5f6cdd18d568a.jpeg?resize=525%2C300&ssl=1 1.5x"},"classes":[]},{"id":14821,"url":"https:\/\/correiodasemana.com\/site\/saiba-quem-serao-os-prefeitos-das-capitais-brasileiras\/","url_meta":{"origin":14688,"position":4},"title":"Saiba quem ser\u00e3o os prefeitos das capitais brasileiras","author":"","date":"Novembro 30, 2020","format":false,"excerpt":"Macap\u00e1 realizar\u00e1 elei\u00e7\u00e3o para prefeito no dia 6 de dezembro Com a conclus\u00e3o da apura\u00e7\u00e3o do segundo turno das elei\u00e7\u00f5es, j\u00e1 se sabe quem ser\u00e3o os prefeitos de 25 das 26 capitais dos estados brasileiro. Os novos mandatos ser\u00e3o para o per\u00edodo de quatro anos que se inicia em 2021\u2026","rel":"","context":"In &quot;Atualidade&quot;","block_context":{"text":"Atualidade","link":"https:\/\/correiodasemana.com\/site\/category\/atualidade\/"},"img":{"alt_text":"","src":"https:\/\/i0.wp.com\/correiodasemana.com\/site\/wp-content\/uploads\/2020\/11\/eleicoes_2020_-_banner_destaque_01-1.jpg?resize=350%2C200&ssl=1","width":350,"height":200,"srcset":"https:\/\/i0.wp.com\/correiodasemana.com\/site\/wp-content\/uploads\/2020\/11\/eleicoes_2020_-_banner_destaque_01-1.jpg?resize=350%2C200&ssl=1 1x, https:\/\/i0.wp.com\/correiodasemana.com\/site\/wp-content\/uploads\/2020\/11\/eleicoes_2020_-_banner_destaque_01-1.jpg?resize=525%2C300&ssl=1 1.5x, https:\/\/i0.wp.com\/correiodasemana.com\/site\/wp-content\/uploads\/2020\/11\/eleicoes_2020_-_banner_destaque_01-1.jpg?resize=700%2C400&ssl=1 2x, https:\/\/i0.wp.com\/correiodasemana.com\/site\/wp-content\/uploads\/2020\/11\/eleicoes_2020_-_banner_destaque_01-1.jpg?resize=1050%2C600&ssl=1 3x"},"classes":[]},{"id":21943,"url":"https:\/\/correiodasemana.com\/site\/hoje-termina-o-prazo-para-mesario-justificar-ausencia-no-segundo-turno\/","url_meta":{"origin":14688,"position":5},"title":"Hoje termina o prazo para mes\u00e1rio justificar aus\u00eancia no segundo turno","author":"","date":"Novembro 29, 2022","format":false,"excerpt":"Termina hoje (29) o prazo para os mes\u00e1rios que n\u00e3o compareceram no segundo turno das Elei\u00e7\u00f5es 2022, em 30 de outubro, apresentarem a justificativa pela aus\u00eancia. O prazo para justificar \u00e9 de 30 dias ap\u00f3s o pleito, sendo cada turno considerado uma elei\u00e7\u00e3o diferente. As justificativas podem ser entregues nos\u2026","rel":"","context":"In &quot;Atualidade&quot;","block_context":{"text":"Atualidade","link":"https:\/\/correiodasemana.com\/site\/category\/atualidade\/"},"img":{"alt_text":"","src":"https:\/\/i0.wp.com\/correiodasemana.com\/site\/wp-content\/uploads\/2022\/11\/54d9d471-eleicoes-2022-6-800x445-1.jpg?resize=350%2C200&ssl=1","width":350,"height":200,"srcset":"https:\/\/i0.wp.com\/correiodasemana.com\/site\/wp-content\/uploads\/2022\/11\/54d9d471-eleicoes-2022-6-800x445-1.jpg?resize=350%2C200&ssl=1 1x, https:\/\/i0.wp.com\/correiodasemana.com\/site\/wp-content\/uploads\/2022\/11\/54d9d471-eleicoes-2022-6-800x445-1.jpg?resize=525%2C300&ssl=1 1.5x, https:\/\/i0.wp.com\/correiodasemana.com\/site\/wp-content\/uploads\/2022\/11\/54d9d471-eleicoes-2022-6-800x445-1.jpg?resize=700%2C400&ssl=1 2x"},"classes":[]}],"jetpack_sharing_enabled":true,"_links":{"self":[{"href":"https:\/\/correiodasemana.com\/site\/wp-json\/wp\/v2\/posts\/14688","targetHints":{"allow":["GET"]}}],"collection":[{"href":"https:\/\/correiodasemana.com\/site\/wp-json\/wp\/v2\/posts"}],"about":[{"href":"https:\/\/correiodasemana.com\/site\/wp-json\/wp\/v2\/types\/post"}],"author":[{"embeddable":true,"href":"https:\/\/correiodasemana.com\/site\/wp-json\/wp\/v2\/users\/1"}],"replies":[{"embeddable":true,"href":"https:\/\/correiodasemana.com\/site\/wp-json\/wp\/v2\/comments?post=14688"}],"version-history":[{"count":2,"href":"https:\/\/correiodasemana.com\/site\/wp-json\/wp\/v2\/posts\/14688\/revisions"}],"predecessor-version":[{"id":14691,"href":"https:\/\/correiodasemana.com\/site\/wp-json\/wp\/v2\/posts\/14688\/revisions\/14691"}],"wp:featuredmedia":[{"embeddable":true,"href":"https:\/\/correiodasemana.com\/site\/wp-json\/wp\/v2\/media\/14689"}],"wp:attachment":[{"href":"https:\/\/correiodasemana.com\/site\/wp-json\/wp\/v2\/media?parent=14688"}],"wp:term":[{"taxonomy":"category","embeddable":true,"href":"https:\/\/correiodasemana.com\/site\/wp-json\/wp\/v2\/categories?post=14688"},{"taxonomy":"post_tag","embeddable":true,"href":"https:\/\/correiodasemana.com\/site\/wp-json\/wp\/v2\/tags?post=14688"}],"curies":[{"name":"wp","href":"https:\/\/api.w.org\/{rel}","templated":true}]}}