{"id":15058,"date":"2020-12-20T23:33:08","date_gmt":"2020-12-21T02:33:08","guid":{"rendered":"https:\/\/correiodasemana.com\/site\/?p=15058"},"modified":"2020-12-20T23:33:08","modified_gmt":"2020-12-21T02:33:08","slug":"celebracoes-em-homenagem-a-nossa-senhora-da-conceicao-sao-realizadas-em-sobral","status":"publish","type":"post","link":"https:\/\/correiodasemana.com\/site\/celebracoes-em-homenagem-a-nossa-senhora-da-conceicao-sao-realizadas-em-sobral\/","title":{"rendered":"Celebra\u00e7\u00f5es em homenagem a Nossa Senhora da Concei\u00e7\u00e3o s\u00e3o realizadas em Sobral"},"content":{"rendered":"<p>Missa solene foi celebrada por Dom Vasconcelos na noite da ter\u00e7a-feira (08\/12) ap\u00f3s realiza\u00e7\u00e3o de carreata pelas ruas da cidade.<\/p>\n<p>Por Joc\u00e9lio Tavares.<br \/>\nA Diocese de Sobral realizou, na \u00faltima ter\u00e7a-feira (08\/12), as celebra\u00e7\u00f5es em homenagem a Nossa Senhora da Concei\u00e7\u00e3o, padroeira da cidade.<br \/>\nAs comemora\u00e7\u00f5es se iniciaram ainda pela manh\u00e3, na Catedral da S\u00e9, com a primeira missa, realizada pelo Padre Lucione e \u00e0s 9h, uma missa solene foi feita pelo Monsenhor Gon\u00e7alo de Pinho Gomes. Concelebraram os padres Herlandino e Everaldo Prado. A Liturgia ficou por conta da Comunidade Cat\u00f3lica Shalom de Sobral.<br \/>\nFieis acompanham de dentro da igreja e tamb\u00e9m do patam\u00e1, que estava repleto de adoradores de Deus e de Nossa Senhora.<br \/>\n\u201cCaros irm\u00e3os e irm\u00e3s que nos acompanham, este \u00e9 um dia muito especial para todos n\u00f3s, pois estamos celebrando a maior festa em louvor a Maria. Hoje \u00e9 o dia de a\u00e7\u00e3o de gra\u00e7as por excel\u00eancia, pois celebramos a eucarista, que hoje \u00e9 em homenagem a Deus, pelas maravilhas que Ele fez em Maria, e tamb\u00e9m a\u00e7\u00e3o de gra\u00e7as \u00e0 Maria, por sua grande maternidade por cada um de n\u00f3s\u201d, comentou Monsenhor Gon\u00e7alo em sua homilia.<\/p>\n<p>DOM VASCONCELOS CELEBRA MISSA SOLENE<br \/>\nNo final da tarde, uma carreata com o andor de Nossa Senhora de saiu por volta das 17h30, da Catedral da S\u00e9, percorrendo v\u00e1rias ruas e bairros da cidade, at\u00e9 retornar \u00e0 Catedral, onde foi realizada uma missa solene.<br \/>\nDe moto, carro e at\u00e9 de bicicleta os fi\u00e9is acompanharam o andor com a imagem de Nossa Senhora da Concei\u00e7\u00e3o fazendo buzina\u00e7os e louvores \u00e0 Maria Sant\u00edssima.<br \/>\nA celebra\u00e7\u00e3o da missa foi feita por Dom Vasconcelos, Arcebispo da Diocese de Sobral. Concelebraram os padres Lucione, Herlandino, Jo\u00e3o Paulo, Paulo Henrique, Samuel e o Di\u00e1cono Ronaldo. Dom Vasconcelos aben\u00e7oou uma nova coroa. Foi um momento de muita emo\u00e7\u00e3o.<br \/>\n\u201cIrm\u00e3os devotos da Imaculada Concei\u00e7\u00e3o, como \u00e9 bom e maravilhoso saber que nunca seremos \u00f3rf\u00e3os, pois temos um pai, criador do c\u00e9u e da terra e que nos ama e nos guarda e que \u00e9 a raz\u00e3o da nossa existe. Mas n\u00e3o temos apenas um pai. Temos uma m\u00e3e tamb\u00e9m, e \u00e9 maravilhoso saber que temos uma m\u00e3e no c\u00e9u que nos ama e nos escuta, intercede por n\u00f3s e nunca nos desampara. Ela se chama Imaculada Concei\u00e7\u00e3o\u201d, comentou Dom Vasconcelos, ao iniciar sua homilia.<br \/>\nDom Vasconcelos agradeceu a presen\u00e7a de todos os presentes no momento, al\u00e9m de saudar os que acompanharam a celebra\u00e7\u00e3o pelas redes sociais. \u201cDesejo-vos que a gra\u00e7a de Jesus Cristo e a comunh\u00e3o do Esp\u00edrito Santo estejam sempre convosco, disse.<br \/>\nNossa Senhora da Concei\u00e7\u00e3o, al\u00e9m da cidade de Sobral, \u00e9 padroeira de outras trinta e quatro cidades do Cear\u00e1.<\/p>\n<p><img fetchpriority=\"high\" decoding=\"async\" class=\"alignleft size-full wp-image-15059\" src=\"https:\/\/correiodasemana.com\/site\/wp-content\/uploads\/2020\/12\/DSC5029.jpg\" alt=\"\" width=\"968\" height=\"648\" srcset=\"https:\/\/correiodasemana.com\/site\/wp-content\/uploads\/2020\/12\/DSC5029.jpg 968w, https:\/\/correiodasemana.com\/site\/wp-content\/uploads\/2020\/12\/DSC5029-300x201.jpg 300w, https:\/\/correiodasemana.com\/site\/wp-content\/uploads\/2020\/12\/DSC5029-768x514.jpg 768w\" sizes=\"(max-width: 968px) 100vw, 968px\" \/> <img decoding=\"async\" class=\"alignleft size-full wp-image-15060\" src=\"https:\/\/correiodasemana.com\/site\/wp-content\/uploads\/2020\/12\/DSC4909.jpg\" alt=\"\" width=\"968\" height=\"648\" srcset=\"https:\/\/correiodasemana.com\/site\/wp-content\/uploads\/2020\/12\/DSC4909.jpg 968w, https:\/\/correiodasemana.com\/site\/wp-content\/uploads\/2020\/12\/DSC4909-300x201.jpg 300w, https:\/\/correiodasemana.com\/site\/wp-content\/uploads\/2020\/12\/DSC4909-768x514.jpg 768w\" sizes=\"(max-width: 968px) 100vw, 968px\" \/> <img decoding=\"async\" class=\"alignleft size-full wp-image-15061\" src=\"https:\/\/correiodasemana.com\/site\/wp-content\/uploads\/2020\/12\/DSC4735.jpg\" alt=\"\" width=\"968\" height=\"648\" srcset=\"https:\/\/correiodasemana.com\/site\/wp-content\/uploads\/2020\/12\/DSC4735.jpg 968w, https:\/\/correiodasemana.com\/site\/wp-content\/uploads\/2020\/12\/DSC4735-300x201.jpg 300w, https:\/\/correiodasemana.com\/site\/wp-content\/uploads\/2020\/12\/DSC4735-768x514.jpg 768w\" sizes=\"(max-width: 968px) 100vw, 968px\" \/> <img loading=\"lazy\" decoding=\"async\" class=\"alignleft size-full wp-image-15062\" src=\"https:\/\/correiodasemana.com\/site\/wp-content\/uploads\/2020\/12\/DSC4210.jpg\" alt=\"\" width=\"968\" height=\"648\" srcset=\"https:\/\/correiodasemana.com\/site\/wp-content\/uploads\/2020\/12\/DSC4210.jpg 968w, https:\/\/correiodasemana.com\/site\/wp-content\/uploads\/2020\/12\/DSC4210-300x201.jpg 300w, https:\/\/correiodasemana.com\/site\/wp-content\/uploads\/2020\/12\/DSC4210-768x514.jpg 768w\" sizes=\"(max-width: 968px) 100vw, 968px\" \/><\/p>\n","protected":false},"excerpt":{"rendered":"<p>Missa solene foi celebrada por Dom Vasconcelos na noite da ter\u00e7a-feira (08\/12) ap\u00f3s realiza\u00e7\u00e3o de&#8230;<\/p>\n","protected":false},"author":1,"featured_media":15059,"comment_status":"open","ping_status":"open","sticky":false,"template":"","format":"standard","meta":{"_jetpack_memberships_contains_paid_content":false,"footnotes":"","jetpack_publicize_message":"","jetpack_publicize_feature_enabled":true,"jetpack_social_post_already_shared":true,"jetpack_social_options":{"image_generator_settings":{"template":"highway","default_image_id":0,"font":"","enabled":false},"version":2}},"categories":[4,39],"tags":[],"class_list":["post-15058","post","type-post","status-publish","format-standard","has-post-thumbnail","hentry","category-diocese","category-igreja"],"jetpack_publicize_connections":[],"jetpack_featured_media_url":"https:\/\/correiodasemana.com\/site\/wp-content\/uploads\/2020\/12\/DSC5029.jpg","jetpack-related-posts":[{"id":36599,"url":"https:\/\/correiodasemana.com\/site\/paroquia-da-se-da-inicio-a-festa-de-nossa-senhora-da-conceicao-padroeira-da-diocese-de-sobral\/","url_meta":{"origin":15058,"position":0},"title":"Par\u00f3quia da S\u00e9 d\u00e1 in\u00edcio a Festa de Nossa Senhora da Concei\u00e7\u00e3o, padroeira da Diocese de Sobral","author":"adminredacao","date":"Dezembro 1, 2025","format":false,"excerpt":"Teve in\u00edcio nesta sexta-feira (28\/11) a Festa de Nossa Senhora da Concei\u00e7\u00e3o, na S\u00e9 Catedral, padroeira da cidade de Sobral e de toda a Igreja Diocesana. Com o tema \u201cMaria, express\u00e3o do amor fraterno\u201d, os fi\u00e9is e devotos s\u00e3o convidados a contemplar a vida de Maria como sinal de ternura,\u2026","rel":"","context":"In &quot;Atualidade&quot;","block_context":{"text":"Atualidade","link":"https:\/\/correiodasemana.com\/site\/category\/atualidade\/"},"img":{"alt_text":"","src":"https:\/\/i0.wp.com\/correiodasemana.com\/site\/wp-content\/uploads\/2025\/12\/WhatsApp-Image-2025-11-28-at-21.17.42.jpeg?resize=350%2C200&ssl=1","width":350,"height":200,"srcset":"https:\/\/i0.wp.com\/correiodasemana.com\/site\/wp-content\/uploads\/2025\/12\/WhatsApp-Image-2025-11-28-at-21.17.42.jpeg?resize=350%2C200&ssl=1 1x, https:\/\/i0.wp.com\/correiodasemana.com\/site\/wp-content\/uploads\/2025\/12\/WhatsApp-Image-2025-11-28-at-21.17.42.jpeg?resize=525%2C300&ssl=1 1.5x, https:\/\/i0.wp.com\/correiodasemana.com\/site\/wp-content\/uploads\/2025\/12\/WhatsApp-Image-2025-11-28-at-21.17.42.jpeg?resize=700%2C400&ssl=1 2x, https:\/\/i0.wp.com\/correiodasemana.com\/site\/wp-content\/uploads\/2025\/12\/WhatsApp-Image-2025-11-28-at-21.17.42.jpeg?resize=1050%2C600&ssl=1 3x"},"classes":[]},{"id":22116,"url":"https:\/\/correiodasemana.com\/site\/diocese-de-sobral-celebra-a-festa-da-padroeira-nossa-senhora-da-conceicao\/","url_meta":{"origin":15058,"position":1},"title":"Diocese de Sobral celebra a festa da padroeira, Nossa Senhora da Concei\u00e7\u00e3o","author":"","date":"Dezembro 11, 2022","format":false,"excerpt":"Nesta quinta-feira, 8 de dezembro, dia em que a Igreja Cat\u00f3lica celebra a Solenidade da Imaculada Concei\u00e7\u00e3o, a Diocese de Sobral celebrou a festa de sua padroeira. A festa da Imaculada Concei\u00e7\u00e3o, comemorada em 8 de dezembro, foi inscrita no calend\u00e1rio lit\u00fargico pelo Papa Sisto IV, em 28 de fevereiro\u2026","rel":"","context":"In &quot;Atualidade&quot;","block_context":{"text":"Atualidade","link":"https:\/\/correiodasemana.com\/site\/category\/atualidade\/"},"img":{"alt_text":"","src":"https:\/\/i0.wp.com\/correiodasemana.com\/site\/wp-content\/uploads\/2022\/12\/21.jpeg?resize=350%2C200&ssl=1","width":350,"height":200,"srcset":"https:\/\/i0.wp.com\/correiodasemana.com\/site\/wp-content\/uploads\/2022\/12\/21.jpeg?resize=350%2C200&ssl=1 1x, https:\/\/i0.wp.com\/correiodasemana.com\/site\/wp-content\/uploads\/2022\/12\/21.jpeg?resize=525%2C300&ssl=1 1.5x, https:\/\/i0.wp.com\/correiodasemana.com\/site\/wp-content\/uploads\/2022\/12\/21.jpeg?resize=700%2C400&ssl=1 2x, https:\/\/i0.wp.com\/correiodasemana.com\/site\/wp-content\/uploads\/2022\/12\/21.jpeg?resize=1050%2C600&ssl=1 3x, https:\/\/i0.wp.com\/correiodasemana.com\/site\/wp-content\/uploads\/2022\/12\/21.jpeg?resize=1400%2C800&ssl=1 4x"},"classes":[]},{"id":31756,"url":"https:\/\/correiodasemana.com\/site\/diocese-de-sobral-celebra-solenidade-em-honra-a-imaculada-conceicao\/","url_meta":{"origin":15058,"position":2},"title":"Diocese de Sobral celebra solenidade em honra a Imaculada Concei\u00e7\u00e3o","author":"adminredacao","date":"Dezembro 10, 2024","format":false,"excerpt":"Sob os ausp\u00edcios de Nossa Senhora da Concei\u00e7\u00e3o, os devotos participaram da grande Solenidade em honra a padroeira da Diocese de Sobral neste domingo, 08 de dezembro, na S\u00e9 Catedral. Com o tema: \u201cMaria, mulher da ora\u00e7\u00e3o e contempla\u00e7\u00e3o\u201d, e o lema: \u201cO Senhor escutou a minha ora\u00e7\u00e3o, o Senhor\u2026","rel":"","context":"In &quot;Atualidade&quot;","block_context":{"text":"Atualidade","link":"https:\/\/correiodasemana.com\/site\/category\/atualidade\/"},"img":{"alt_text":"","src":"https:\/\/i0.wp.com\/correiodasemana.com\/site\/wp-content\/uploads\/2024\/12\/sobral-imaculada-conceicao-11.jpg?resize=350%2C200&ssl=1","width":350,"height":200,"srcset":"https:\/\/i0.wp.com\/correiodasemana.com\/site\/wp-content\/uploads\/2024\/12\/sobral-imaculada-conceicao-11.jpg?resize=350%2C200&ssl=1 1x, https:\/\/i0.wp.com\/correiodasemana.com\/site\/wp-content\/uploads\/2024\/12\/sobral-imaculada-conceicao-11.jpg?resize=525%2C300&ssl=1 1.5x, https:\/\/i0.wp.com\/correiodasemana.com\/site\/wp-content\/uploads\/2024\/12\/sobral-imaculada-conceicao-11.jpg?resize=700%2C400&ssl=1 2x"},"classes":[]},{"id":18276,"url":"https:\/\/correiodasemana.com\/site\/diocese-de-sobral-celebra-a-festa-de-sua-padroeira-a-imaculada-conceicao-de-maria\/","url_meta":{"origin":15058,"position":3},"title":"Diocese de Sobral celebra a festa de sua padroeira, a Imaculada Concei\u00e7\u00e3o de Maria","author":"","date":"Dezembro 12, 2021","format":false,"excerpt":"Por Thais Helena (Jornal Correio da Semana) Na \u00faltima quarta-feira, 08 de dezembro, a Igreja celebrou a Festa da Imaculada Concei\u00e7\u00e3o. Neste mesmo dia em 1854, atrav\u00e9s da bula Ineffabilis Deus do Papa Pio IX, a Igreja oficialmente reconheceu e declarou solenemente como dogma: \u201cMaria isenta do pecado original\u201d. A\u2026","rel":"","context":"In &quot;Atualidade&quot;","block_context":{"text":"Atualidade","link":"https:\/\/correiodasemana.com\/site\/category\/atualidade\/"},"img":{"alt_text":"","src":"https:\/\/i0.wp.com\/correiodasemana.com\/site\/wp-content\/uploads\/2021\/12\/IMG_8799.jpg?resize=350%2C200&ssl=1","width":350,"height":200,"srcset":"https:\/\/i0.wp.com\/correiodasemana.com\/site\/wp-content\/uploads\/2021\/12\/IMG_8799.jpg?resize=350%2C200&ssl=1 1x, https:\/\/i0.wp.com\/correiodasemana.com\/site\/wp-content\/uploads\/2021\/12\/IMG_8799.jpg?resize=525%2C300&ssl=1 1.5x, https:\/\/i0.wp.com\/correiodasemana.com\/site\/wp-content\/uploads\/2021\/12\/IMG_8799.jpg?resize=700%2C400&ssl=1 2x"},"classes":[]},{"id":27543,"url":"https:\/\/correiodasemana.com\/site\/padroeira-da-diocese-de-sobral-imaculada-conceicao-e-celebrada-solenemente-na-se-catedral\/","url_meta":{"origin":15058,"position":4},"title":"Padroeira da Diocese de Sobral, Imaculada Concei\u00e7\u00e3o, \u00e9 celebrada solenemente na S\u00e9 Catedral","author":"adminredacao","date":"Dezembro 11, 2023","format":false,"excerpt":"MISSA PROCISS\u00c3O A imponente S\u00e9 Catedral de Nossa Senhora da Concei\u00e7\u00e3o realizou de 28 de novembro a 08 de dezembro, a festa da excelsa padroeira da Diocese de Sobral, a Imaculada Concei\u00e7\u00e3o de Maria. Com o tema: \u201cOuvir\u00e3o a minha voz, ent\u00e3o haver\u00e1 um s\u00f3 rebanho, um s\u00f3 pastor\u201d. (Jo\u2026","rel":"","context":"In &quot;Atualidade&quot;","block_context":{"text":"Atualidade","link":"https:\/\/correiodasemana.com\/site\/category\/atualidade\/"},"img":{"alt_text":"","src":"https:\/\/i0.wp.com\/correiodasemana.com\/site\/wp-content\/uploads\/2023\/12\/missa-6.jpeg?resize=350%2C200&ssl=1","width":350,"height":200,"srcset":"https:\/\/i0.wp.com\/correiodasemana.com\/site\/wp-content\/uploads\/2023\/12\/missa-6.jpeg?resize=350%2C200&ssl=1 1x, https:\/\/i0.wp.com\/correiodasemana.com\/site\/wp-content\/uploads\/2023\/12\/missa-6.jpeg?resize=525%2C300&ssl=1 1.5x, https:\/\/i0.wp.com\/correiodasemana.com\/site\/wp-content\/uploads\/2023\/12\/missa-6.jpeg?resize=700%2C400&ssl=1 2x, https:\/\/i0.wp.com\/correiodasemana.com\/site\/wp-content\/uploads\/2023\/12\/missa-6.jpeg?resize=1050%2C600&ssl=1 3x, https:\/\/i0.wp.com\/correiodasemana.com\/site\/wp-content\/uploads\/2023\/12\/missa-6.jpeg?resize=1400%2C800&ssl=1 4x"},"classes":[]},{"id":21247,"url":"https:\/\/correiodasemana.com\/site\/diocese-de-sobral-realiza-romaria-diocesana-em-honra-a-nossa-senhora-aparecida-rainha-e-padroeira-do-brasil\/","url_meta":{"origin":15058,"position":5},"title":"Diocese de Sobral realiza Romaria Diocesana em honra a Nossa Senhora Aparecida, Rainha e Padroeira do Brasil","author":"","date":"Outubro 16, 2022","format":false,"excerpt":"(Thais Helena \u2013 Reda\u00e7\u00e3o Correio da Semana) O dia dedicado a rainha e padroeira do Brasil, Nossa Senhora Aparecida, foi celebrado com uma grandiosa festa neste dia 12 de outubro na Diocese de Sobral. Em 1929, no encerramento do Congresso Mariano, Nossa Senhora Aparecida foi proclamada Rainha do Brasil, sob\u2026","rel":"","context":"In &quot;Atualidade&quot;","block_context":{"text":"Atualidade","link":"https:\/\/correiodasemana.com\/site\/category\/atualidade\/"},"img":{"alt_text":"","src":"https:\/\/i0.wp.com\/correiodasemana.com\/site\/wp-content\/uploads\/2022\/10\/WhatsApp-Image-2022-10-13-at-16.18.58.jpeg?resize=350%2C200&ssl=1","width":350,"height":200,"srcset":"https:\/\/i0.wp.com\/correiodasemana.com\/site\/wp-content\/uploads\/2022\/10\/WhatsApp-Image-2022-10-13-at-16.18.58.jpeg?resize=350%2C200&ssl=1 1x, https:\/\/i0.wp.com\/correiodasemana.com\/site\/wp-content\/uploads\/2022\/10\/WhatsApp-Image-2022-10-13-at-16.18.58.jpeg?resize=525%2C300&ssl=1 1.5x, https:\/\/i0.wp.com\/correiodasemana.com\/site\/wp-content\/uploads\/2022\/10\/WhatsApp-Image-2022-10-13-at-16.18.58.jpeg?resize=700%2C400&ssl=1 2x, https:\/\/i0.wp.com\/correiodasemana.com\/site\/wp-content\/uploads\/2022\/10\/WhatsApp-Image-2022-10-13-at-16.18.58.jpeg?resize=1050%2C600&ssl=1 3x, https:\/\/i0.wp.com\/correiodasemana.com\/site\/wp-content\/uploads\/2022\/10\/WhatsApp-Image-2022-10-13-at-16.18.58.jpeg?resize=1400%2C800&ssl=1 4x"},"classes":[]}],"jetpack_sharing_enabled":true,"_links":{"self":[{"href":"https:\/\/correiodasemana.com\/site\/wp-json\/wp\/v2\/posts\/15058","targetHints":{"allow":["GET"]}}],"collection":[{"href":"https:\/\/correiodasemana.com\/site\/wp-json\/wp\/v2\/posts"}],"about":[{"href":"https:\/\/correiodasemana.com\/site\/wp-json\/wp\/v2\/types\/post"}],"author":[{"embeddable":true,"href":"https:\/\/correiodasemana.com\/site\/wp-json\/wp\/v2\/users\/1"}],"replies":[{"embeddable":true,"href":"https:\/\/correiodasemana.com\/site\/wp-json\/wp\/v2\/comments?post=15058"}],"version-history":[{"count":1,"href":"https:\/\/correiodasemana.com\/site\/wp-json\/wp\/v2\/posts\/15058\/revisions"}],"predecessor-version":[{"id":15063,"href":"https:\/\/correiodasemana.com\/site\/wp-json\/wp\/v2\/posts\/15058\/revisions\/15063"}],"wp:featuredmedia":[{"embeddable":true,"href":"https:\/\/correiodasemana.com\/site\/wp-json\/wp\/v2\/media\/15059"}],"wp:attachment":[{"href":"https:\/\/correiodasemana.com\/site\/wp-json\/wp\/v2\/media?parent=15058"}],"wp:term":[{"taxonomy":"category","embeddable":true,"href":"https:\/\/correiodasemana.com\/site\/wp-json\/wp\/v2\/categories?post=15058"},{"taxonomy":"post_tag","embeddable":true,"href":"https:\/\/correiodasemana.com\/site\/wp-json\/wp\/v2\/tags?post=15058"}],"curies":[{"name":"wp","href":"https:\/\/api.w.org\/{rel}","templated":true}]}}