{"id":15166,"date":"2020-12-22T16:36:16","date_gmt":"2020-12-22T19:36:16","guid":{"rendered":"https:\/\/correiodasemana.com\/site\/?p=15166"},"modified":"2020-12-22T16:36:16","modified_gmt":"2020-12-22T19:36:16","slug":"justica-do-rio-afasta-prefeito-marcelo-crivella-do-cargo","status":"publish","type":"post","link":"https:\/\/correiodasemana.com\/site\/justica-do-rio-afasta-prefeito-marcelo-crivella-do-cargo\/","title":{"rendered":"Justi\u00e7a do Rio afasta prefeito Marcelo Crivella do cargo"},"content":{"rendered":"<div class=\"col-lg-12 mb-3\">\n<div class=\"row\">\n<h3 class=\"col-10 offset-1 animated fadeInDown dealy-900 display-8 display-md-8 alt-font font-italic my-1 text-center\">Presidente da C\u00e2mara completar\u00e1 mandato, que termina no dia 31<\/h3>\n<\/div>\n<\/div>\n<div class=\"col-xl-7 offset-xl-1 col-lg-8 offset-lg-0 col-md-10 offset-md-1 mb-3\">\n<div class=\"post-item alt-font\">\n<div class=\"post-item-wrap\">\n<p>A desembargadora Rosa Helena Penna Macedo Guita suspendeu hoje (22) o prefeito do Rio de Janeiro, Marcelo Crivella, do exerc\u00edcio da fun\u00e7\u00e3o. O mandato de Crivella terminaria no pr\u00f3ximo dia 31.<img decoding=\"async\" src=\"https:\/\/agenciabrasil.ebc.com.br\/ebc.png?id=1397080&amp;o=node\" \/><img decoding=\"async\" src=\"https:\/\/agenciabrasil.ebc.com.br\/ebc.gif?id=1397080&amp;o=node\" \/><\/p>\n<p>A decis\u00e3o est\u00e1 no despacho em que a magistrada acatou den\u00fancia do Minist\u00e9rio P\u00fablico do Estado do Rio de Janeiro (MPRJ) e decretou pris\u00e3o preventiva de sete denunciados em um desdobramento da Opera\u00e7\u00e3o Hades, que apura corrup\u00e7\u00e3o na prefeitura e tem como base a dela\u00e7\u00e3o do doleiro Sergio Mizrahy. Foram presos mais cinco acusados de envolvimento no esquema. O ex-senador Eduardo Lopes n\u00e3o foi encontrado no endere\u00e7o no Rio.<\/p>\n<p>Segundo a desembargadora, o afastamento do prefeito foi determinado com base no Artigo 319, Inciso VI do C\u00f3digo de Processo Penal.<\/p>\n<p>Conforme o despacho, o esquema de corrup\u00e7\u00e3o apontado na Opera\u00e7\u00e3o Hades, que teve hoje desdobramento com a pris\u00e3o dos denunciados, intensificou-se na campanha de Crivella \u00e0 prefeitura em 2016. Na ocasi\u00e3o, diz a magistrada, um dos empres\u00e1rios denunciados\u00a0pediu que o doleiro providenciasse contas banc\u00e1rias pelas quais pudesse receber quantias em esp\u00e9cie a serem utilizadas na campanha.<\/p>\n<p>De acordo com Rosa Helena, depois de Marcelo Crivella ser eleito, o empres\u00e1rio passou a ocupar uma sala na sede da Riotur, empresa municipal de turismo, mesmo sem exercer qualquer cargo p\u00fablico. O doleiro Sergio Mizrahy disse que esteve no local diversas vezes para entregar ao empres\u00e1rio dinheiro em esp\u00e9cie, oriundo de opera\u00e7\u00f5es de troca de cheques resultantes da cobran\u00e7a de taxa de servi\u00e7o.<\/p>\n<p>Na den\u00fancia, o Minist\u00e9rio P\u00fablico ressalta que, embora Crivella n\u00e3o tenha sido reeleito, o que resulta na \u201cperda de foro especial por prerrogativa de fun\u00e7\u00e3o e cessa\u00e7\u00e3o da compet\u00eancia deste primeiro grupo de c\u00e2maras criminais para o julgamento da causa, as medidas cautelares requeridas, dada a sua natureza de urg\u00eancia, devem ser imediatamente analisadas, sob pena de se verem frustrados a sua efic\u00e1cia e os fins por elas colimados\u201d.<\/p>\n<p>De acordo com o MPRJ, as investiga\u00e7\u00f5es come\u00e7aram com a instaura\u00e7\u00e3o do inqu\u00e9rito policial em decorr\u00eancia do acordo de colabora\u00e7\u00e3o firmado com S\u00e9rgio Mizrahy, preso preventivamente no \u00e2mbito da Opera\u00e7\u00e3o C\u00e2mbio, Desligo. Tal opera\u00e7\u00e3o foi deflagrada pela for\u00e7a-tarefa da Lava Jato no Rio no dia 3 de maio de 2018, como desdobramento das opera\u00e7\u00f5es Calicute e Efici\u00eancia, em que foram apuradas den\u00fancias de crimes de corrup\u00e7\u00e3o, lavagem de dinheiro, cartel e fraudes em licita\u00e7\u00f5es pela organiza\u00e7\u00e3o criminosa liderada pelo ex-governador S\u00e9rgio Cabral.<\/p>\n<p>O despacho mostra ainda que, apesar de n\u00e3o terem v\u00ednculo efetivo com a estrutura da prefeitura do Rio, os outros denunciados interferiam nas tomadas de decis\u00e3o, dando mais rapidez aos pagamentos a empresas espec\u00edficas e interferindo nos processos de licita\u00e7\u00e3o. A inten\u00e7\u00e3o era beneficiar os empres\u00e1rios que concordavam em pagar propina ao grupo.<\/p>\n<p>No dia em que o doleiro foi preso, a Pol\u00edcia Federal arrecadou, na casa dele,\u00a0um cheque de R$ 70 mil\u00a0da empresa Randy Assessoria, pertencente ao empres\u00e1rio denunciado e colaborador de dela\u00e7\u00e3o Jo\u00e3o Alberto Felippo Barreto. Para embasar declara\u00e7\u00f5es de Mizrahy, o MPRJ juntou c\u00f3pias de mensagens trocadas por WhatsApp entre integrantes do grupo. Nestas, \u00e9 mencionada a cobran\u00e7a de recebimento de determinada quantia em esp\u00e9cie a pedido do Zero Um, que seria o codinome de Crivella.<\/p>\n<h2>Substituto<\/h2>\n<p>Como o vice-prefeito Fernando Mac Dowell morreu em maio de 2018, o cargo de prefeito ser\u00e1 ocupado pelo presidente da C\u00e2mara de Vereadores, Jorge Felippe, que, em nota, afirmou que a cidade n\u00e3o ficar\u00e1 sem comando nos \u00faltimos dias da atual gest\u00e3o. Em sua primeira a\u00e7\u00e3o, Felippe marcou uma reuni\u00e3o para dar instru\u00e7\u00f5es \u00e0 equipe municipal de modo que se mantenha a m\u00e1quina p\u00fablica \u201ca pleno vapor\u201d.<\/p>\n<p>Ele afirmou que a equipe trabalhar\u00e1 \u201ccom afinco e dedica\u00e7\u00e3o\u201d at\u00e9 o \u00faltimo dia e que j\u00e1 conversou com o prefeito eleito Eduardo Paes. \u201cA transi\u00e7\u00e3o vai continuar, e vamos fornecer todas as informa\u00e7\u00f5es necess\u00e1rias \u00e0 nova equipe. O Rio de Janeiro tem prefeito\u201d, afirmou.<\/p>\n<p>Em seu perfil no Twitter, Paes diz que conversou com Jorge Felippe para que mobilizasse os dirigentes municipais a continuar conduzindo suas obriga\u00e7\u00f5es e atendendo a popula\u00e7\u00e3o. \u201cDa mesma forma, manteremos o trabalho de transi\u00e7\u00e3o que j\u00e1 vinha sendo tocado.\u201d<\/p>\n<p>Paes mandou ainda um recado aos profissionais da rede municipal de Sa\u00fade: \u201cPassamos por uma pandemia &#8211; al\u00e9m das dificuldades j\u00e1 conhecidas &#8211; e a popula\u00e7\u00e3o precisa do nosso esfor\u00e7o. Contamos todos com a for\u00e7a e dedica\u00e7\u00e3o de voc\u00eas!\u201d<\/p>\n<p>O MPRJ informou que, em entrevista coletiva de imprensa, no in\u00edcio da tarde de hoje, promotores, procuradores de Justi\u00e7a e integrantes da Pol\u00edcia Civil prestar\u00e3o informa\u00e7\u00f5es sobre as investiga\u00e7\u00f5es que levaram \u00e0 pris\u00e3o de Marcelo Crivella e de integrantes do grupo que atuava na prefeitura do Rio.<\/p>\n<p><em>Mat\u00e9ria alterada \u00e0s 13h11. Diante da dificuldade em conseguir posicionamento dos denunciados, a\u00a0<strong>Ag\u00eancia Brasil\u00a0<\/strong>optou por suprimir os nomes deles.<\/em><\/p>\n<p>Por Cristina Indio do Brasil &#8211; Rep\u00f3rter da Ag\u00eancia Brasil &#8211; Rio de Janeiro<\/p>\n<\/div>\n<\/div>\n<\/div>\n","protected":false},"excerpt":{"rendered":"<p>Presidente da C\u00e2mara completar\u00e1 mandato, que termina no dia 31 A desembargadora Rosa Helena Penna&#8230;<\/p>\n","protected":false},"author":1,"featured_media":15167,"comment_status":"open","ping_status":"open","sticky":false,"template":"","format":"standard","meta":{"_jetpack_memberships_contains_paid_content":false,"footnotes":"","jetpack_publicize_message":"","jetpack_publicize_feature_enabled":true,"jetpack_social_post_already_shared":true,"jetpack_social_options":{"image_generator_settings":{"template":"highway","default_image_id":0,"font":"","enabled":false},"version":2}},"categories":[1],"tags":[],"class_list":["post-15166","post","type-post","status-publish","format-standard","has-post-thumbnail","hentry","category-atualidade"],"jetpack_publicize_connections":[],"jetpack_featured_media_url":"https:\/\/correiodasemana.com\/site\/wp-content\/uploads\/2020\/12\/ffraz_200120_abr_5698.jpg","jetpack-related-posts":[{"id":13459,"url":"https:\/\/correiodasemana.com\/site\/crivella-e-alvo-de-operacao-que-investiga-propina-na-prefeitura-do-rio\/","url_meta":{"origin":15166,"position":0},"title":"Crivella \u00e9 alvo de opera\u00e7\u00e3o que investiga propina na prefeitura do Rio","author":"","date":"Setembro 10, 2020","format":false,"excerpt":"O prefeito do Rio de Janeiro, Marcelo Crivella (Republicanos), \u00e9 alvo nesta quinta-feira (10) de uma opera\u00e7\u00e3o do Minist\u00e9rio P\u00fablico do Rio de Janeiro (MP-RJ) e da Pol\u00edcia Civil por suspeita de corrup\u00e7\u00e3o em contratos da prefeitura. A opera\u00e7\u00e3o \u00e9 um desdobramento da Opera\u00e7\u00e3o Hades, deflagrada em mar\u00e7o, que investiga\u2026","rel":"","context":"In &quot;Atualidade&quot;","block_context":{"text":"Atualidade","link":"https:\/\/correiodasemana.com\/site\/category\/atualidade\/"},"img":{"alt_text":"","src":"https:\/\/i0.wp.com\/correiodasemana.com\/site\/wp-content\/uploads\/2020\/09\/marcelo-crivella.jpg?resize=350%2C200&ssl=1","width":350,"height":200,"srcset":"https:\/\/i0.wp.com\/correiodasemana.com\/site\/wp-content\/uploads\/2020\/09\/marcelo-crivella.jpg?resize=350%2C200&ssl=1 1x, https:\/\/i0.wp.com\/correiodasemana.com\/site\/wp-content\/uploads\/2020\/09\/marcelo-crivella.jpg?resize=525%2C300&ssl=1 1.5x, https:\/\/i0.wp.com\/correiodasemana.com\/site\/wp-content\/uploads\/2020\/09\/marcelo-crivella.jpg?resize=700%2C400&ssl=1 2x"},"classes":[]},{"id":14320,"url":"https:\/\/correiodasemana.com\/site\/dos-13-prefeitos-candidatos-a-reeleicao-em-capitais-11-lideram-pesquisas\/","url_meta":{"origin":15166,"position":1},"title":"Dos 13 prefeitos candidatos \u00e0 reelei\u00e7\u00e3o em capitais, 11 lideram pesquisas","author":"","date":"Outubro 28, 2020","format":false,"excerpt":"Dos 13 prefeitos candidatos \u00e0 reelei\u00e7\u00e3o nas capitais, 11 lideram as primeiras rodadas das pesquisas Ibope realizadas em outubro. Com 59% das inten\u00e7\u00f5es de voto, o atual prefeito de Belo Horizonte (MG), Alexandre Kalil\u00a0(PSD), seria eleito ainda em primeiro turno se as elei\u00e7\u00f5es fossem hoje. A dist\u00e2ncia de Kalil para\u2026","rel":"","context":"In &quot;Atualidade&quot;","block_context":{"text":"Atualidade","link":"https:\/\/correiodasemana.com\/site\/category\/atualidade\/"},"img":{"alt_text":"","src":"https:\/\/i0.wp.com\/correiodasemana.com\/site\/wp-content\/uploads\/2020\/10\/agenciabrasilurna-750x430-1.png?resize=350%2C200&ssl=1","width":350,"height":200,"srcset":"https:\/\/i0.wp.com\/correiodasemana.com\/site\/wp-content\/uploads\/2020\/10\/agenciabrasilurna-750x430-1.png?resize=350%2C200&ssl=1 1x, https:\/\/i0.wp.com\/correiodasemana.com\/site\/wp-content\/uploads\/2020\/10\/agenciabrasilurna-750x430-1.png?resize=525%2C300&ssl=1 1.5x, https:\/\/i0.wp.com\/correiodasemana.com\/site\/wp-content\/uploads\/2020\/10\/agenciabrasilurna-750x430-1.png?resize=700%2C400&ssl=1 2x"},"classes":[]},{"id":14688,"url":"https:\/\/correiodasemana.com\/site\/eleicoes-2020-veja-lista-com-as-57-cidades-em-que-havera-2a-turno\/","url_meta":{"origin":15166,"position":2},"title":"Elei\u00e7\u00f5es 2020: veja lista com as 57 cidades em que haver\u00e1 2\u00aa turno","author":"","date":"Novembro 23, 2020","format":false,"excerpt":"Campanha eleitoral j\u00e1 pode recome\u00e7ar a partir de\u00a0hoje Nas elei\u00e7\u00f5es municipais deste ano, haver\u00e1 segundo turno em 57 cidades espalhadas pelo pa\u00eds, das quais 18 s\u00e3o capitais.\u00a0 O segundo turno est\u00e1 marcado para 29 de novembro, 13 dias ap\u00f3s a primeira vota\u00e7\u00e3o. Trata-se do menor intervalo da hist\u00f3ria. Normalmente, o\u2026","rel":"","context":"In &quot;Atualidade&quot;","block_context":{"text":"Atualidade","link":"https:\/\/correiodasemana.com\/site\/category\/atualidade\/"},"img":{"alt_text":"","src":"https:\/\/i0.wp.com\/correiodasemana.com\/site\/wp-content\/uploads\/2020\/11\/tse_1908200982.jpg?resize=350%2C200&ssl=1","width":350,"height":200,"srcset":"https:\/\/i0.wp.com\/correiodasemana.com\/site\/wp-content\/uploads\/2020\/11\/tse_1908200982.jpg?resize=350%2C200&ssl=1 1x, https:\/\/i0.wp.com\/correiodasemana.com\/site\/wp-content\/uploads\/2020\/11\/tse_1908200982.jpg?resize=525%2C300&ssl=1 1.5x, https:\/\/i0.wp.com\/correiodasemana.com\/site\/wp-content\/uploads\/2020\/11\/tse_1908200982.jpg?resize=700%2C400&ssl=1 2x, https:\/\/i0.wp.com\/correiodasemana.com\/site\/wp-content\/uploads\/2020\/11\/tse_1908200982.jpg?resize=1050%2C600&ssl=1 3x"},"classes":[]},{"id":18316,"url":"https:\/\/correiodasemana.com\/site\/politica-em-evidencia-89\/","url_meta":{"origin":15166,"position":3},"title":"Pol\u00edtica em Evid\u00eancia","author":"","date":"Dezembro 12, 2021","format":false,"excerpt":"O prefeito Ivo Gomes visitou na manh\u00e3 da ter\u00e7a-feira (07\/12), junto com o diretor do Departamento de Projetos Especiais\u00a0do Instituto do Patrim\u00f4nio Hist\u00f3rico e Art\u00edstico Nacional (Iphan) de Bras\u00edlia, Arlindo Pires Lopes, e com o superintendente do Iphan no Cear\u00e1, C\u00e2ndido Henrique, as obras de restaura\u00e7\u00e3o da Igreja do Menino\u2026","rel":"","context":"In &quot;Artigos&quot;","block_context":{"text":"Artigos","link":"https:\/\/correiodasemana.com\/site\/category\/artigos\/"},"img":{"alt_text":"","src":"","width":0,"height":0},"classes":[]},{"id":14821,"url":"https:\/\/correiodasemana.com\/site\/saiba-quem-serao-os-prefeitos-das-capitais-brasileiras\/","url_meta":{"origin":15166,"position":4},"title":"Saiba quem ser\u00e3o os prefeitos das capitais brasileiras","author":"","date":"Novembro 30, 2020","format":false,"excerpt":"Macap\u00e1 realizar\u00e1 elei\u00e7\u00e3o para prefeito no dia 6 de dezembro Com a conclus\u00e3o da apura\u00e7\u00e3o do segundo turno das elei\u00e7\u00f5es, j\u00e1 se sabe quem ser\u00e3o os prefeitos de 25 das 26 capitais dos estados brasileiro. Os novos mandatos ser\u00e3o para o per\u00edodo de quatro anos que se inicia em 2021\u2026","rel":"","context":"In &quot;Atualidade&quot;","block_context":{"text":"Atualidade","link":"https:\/\/correiodasemana.com\/site\/category\/atualidade\/"},"img":{"alt_text":"","src":"https:\/\/i0.wp.com\/correiodasemana.com\/site\/wp-content\/uploads\/2020\/11\/eleicoes_2020_-_banner_destaque_01-1.jpg?resize=350%2C200&ssl=1","width":350,"height":200,"srcset":"https:\/\/i0.wp.com\/correiodasemana.com\/site\/wp-content\/uploads\/2020\/11\/eleicoes_2020_-_banner_destaque_01-1.jpg?resize=350%2C200&ssl=1 1x, https:\/\/i0.wp.com\/correiodasemana.com\/site\/wp-content\/uploads\/2020\/11\/eleicoes_2020_-_banner_destaque_01-1.jpg?resize=525%2C300&ssl=1 1.5x, https:\/\/i0.wp.com\/correiodasemana.com\/site\/wp-content\/uploads\/2020\/11\/eleicoes_2020_-_banner_destaque_01-1.jpg?resize=700%2C400&ssl=1 2x, https:\/\/i0.wp.com\/correiodasemana.com\/site\/wp-content\/uploads\/2020\/11\/eleicoes_2020_-_banner_destaque_01-1.jpg?resize=1050%2C600&ssl=1 3x"},"classes":[]},{"id":18818,"url":"https:\/\/correiodasemana.com\/site\/politica-em-evidencia-95\/","url_meta":{"origin":15166,"position":5},"title":"Pol\u00edtica em Evid\u00eancia","author":"","date":"Fevereiro 7, 2022","format":false,"excerpt":"Prefeito de Sobral, Ivo Gomes, depois de se ausentar de Sobral para se submeter a uma cirurgia em seu olho em Fortaleza, anunciou que v\u00e1rias obras de sua administra\u00e7\u00e3o ser\u00e3o entregues neste primeiro semestre de 2022. Presidente da C\u00e2mara de Sobral, Paulo Albuquerque (Paul\u00e3o), informando a coluna que o prefeito\u2026","rel":"","context":"In &quot;Artigos&quot;","block_context":{"text":"Artigos","link":"https:\/\/correiodasemana.com\/site\/category\/artigos\/"},"img":{"alt_text":"","src":"","width":0,"height":0},"classes":[]}],"jetpack_sharing_enabled":true,"_links":{"self":[{"href":"https:\/\/correiodasemana.com\/site\/wp-json\/wp\/v2\/posts\/15166","targetHints":{"allow":["GET"]}}],"collection":[{"href":"https:\/\/correiodasemana.com\/site\/wp-json\/wp\/v2\/posts"}],"about":[{"href":"https:\/\/correiodasemana.com\/site\/wp-json\/wp\/v2\/types\/post"}],"author":[{"embeddable":true,"href":"https:\/\/correiodasemana.com\/site\/wp-json\/wp\/v2\/users\/1"}],"replies":[{"embeddable":true,"href":"https:\/\/correiodasemana.com\/site\/wp-json\/wp\/v2\/comments?post=15166"}],"version-history":[{"count":2,"href":"https:\/\/correiodasemana.com\/site\/wp-json\/wp\/v2\/posts\/15166\/revisions"}],"predecessor-version":[{"id":15169,"href":"https:\/\/correiodasemana.com\/site\/wp-json\/wp\/v2\/posts\/15166\/revisions\/15169"}],"wp:featuredmedia":[{"embeddable":true,"href":"https:\/\/correiodasemana.com\/site\/wp-json\/wp\/v2\/media\/15167"}],"wp:attachment":[{"href":"https:\/\/correiodasemana.com\/site\/wp-json\/wp\/v2\/media?parent=15166"}],"wp:term":[{"taxonomy":"category","embeddable":true,"href":"https:\/\/correiodasemana.com\/site\/wp-json\/wp\/v2\/categories?post=15166"},{"taxonomy":"post_tag","embeddable":true,"href":"https:\/\/correiodasemana.com\/site\/wp-json\/wp\/v2\/tags?post=15166"}],"curies":[{"name":"wp","href":"https:\/\/api.w.org\/{rel}","templated":true}]}}