{"id":15794,"date":"2021-02-24T01:01:04","date_gmt":"2021-02-24T04:01:04","guid":{"rendered":"https:\/\/correiodasemana.com\/site\/?p=15794"},"modified":"2021-02-24T01:01:04","modified_gmt":"2021-02-24T04:01:04","slug":"mensagem-do-papa-francisco-para-a-campanha-da-fraternidade-ecumenica-2021","status":"publish","type":"post","link":"https:\/\/correiodasemana.com\/site\/mensagem-do-papa-francisco-para-a-campanha-da-fraternidade-ecumenica-2021\/","title":{"rendered":"MENSAGEM DO PAPA FRANCISCO PARA A CAMPANHA DA FRATERNIDADE ECUM\u00caNICA\u00a02021"},"content":{"rendered":"<p>Queridos irm\u00e3os e irm\u00e3s do Brasil!<br \/>\nCom o in\u00edcio da Quaresma, somos convidados a um tempo de intensa reflex\u00e3o e revis\u00e3o de nossas vidas. O Senhor Jesus, que nos convida a caminhar com Ele pelo deserto rumo \u00e0 vit\u00f3ria pascal sobre o pecado e a morte, faz-se peregrino conosco tamb\u00e9m nestes tempos de pandemia. Ele nos convoca e convida a orar pelos que morreram, a bendizer pelo servi\u00e7o abnegado de tantos profissionais da sa\u00fade e a estimular a solidariedade entre as pessoas de boa vontade.<br \/>\nConvoca-nos a cuidarmos de n\u00f3s mesmos, de nossa sa\u00fade, e a nos preocuparmos uns pelos outros, como nos ensina na par\u00e1bola do Bom Samaritano (cf. Lc 10, 25-37). Precisamos vencer a pandemia e n\u00f3s o faremos \u00e0 medida em que formos capazes de superar as divis\u00f5es e nos unirmos em torno da vida. Como indiquei na recente Enc\u00edclica Fratelli tutti, \u00abpassada a crise sanit\u00e1ria, a pior rea\u00e7\u00e3o seria cair ainda mais num consumismo febril e em novas formas de autoprote\u00e7\u00e3o ego\u00edsta\u00bb (n. 35). Para que isso n\u00e3o ocorra, a Quaresma nos \u00e9 de grande aux\u00edlio, pois nos chama \u00e0 convers\u00e3o atrav\u00e9s da ora\u00e7\u00e3o, do jejum e da esmola.<br \/>\nComo \u00e9 tradi\u00e7\u00e3o h\u00e1 v\u00e1rias d\u00e9cadas, a Igreja no Brasil promove a Campanha da Fraternidade, como um aux\u00edlio concreto para a viv\u00eancia deste tempo de prepara\u00e7\u00e3o para a P\u00e1scoa. Neste ano de 2021, com o tema \u201cFraternidade e Di\u00e1logo: compromisso de amor\u201d, os fi\u00e9is s\u00e3o convidados a \u00absentar-se a escutar o outro\u00bb e, assim, superar os obst\u00e1culos de um mundo que \u00e9 muitas vezes \u00abum mundo surdo\u00bb. De fato, quando nos dispomos ao di\u00e1logo, estabelecemos \u00abum paradigma de atitude receptiva, de quem supera o narcisismo e acolhe o outro\u00bb (Ibidem, n. 48). E, na base desta renovada cultura do di\u00e1logo est\u00e1 Jesus que, como ensina o lema da Campanha deste ano, \u00ab\u00e9 a nossa paz: do que era dividido fez uma unidade\u00bb (Ef 2,14).<br \/>\nPor outro lado, ao promover o di\u00e1logo como compromisso de amor, a Campanha da Fraternidade lembra que s\u00e3o os crist\u00e3os os primeiros a ter que dar exemplo, come\u00e7ando pela pr\u00e1tica do di\u00e1logo ecum\u00eanico. Certos de que \u00abdevemos sempre lembrar-nos de que somos peregrinos, e peregrinamos juntos\u00bb, no di\u00e1logo ecum\u00eanico podemos verdadeiramente \u00ababrir o cora\u00e7\u00e3o ao companheiro de estrada sem medos nem desconfian\u00e7as, e olhar primariamente para o que procuramos: a paz no rosto do \u00fanico Deus\u00bb (Exort. Apost. Evangelii gaudium, n. 244). \u00c9, pois, motivo de esperan\u00e7a, o fato de que este ano, pela quinta vez, a Campanha da Fraternidade seja realizada com as Igrejas que fazem parte do Conselho Nacional das Igrejas Crist\u00e3s do Brasil (CONIC).<br \/>\nDesse modo, os crist\u00e3os brasileiros, na fidelidade ao \u00fanico Senhor Jesus que nos deixou o mandamento de nos amarmos uns aos outros como Ele nos amou (cf. Jo 13,34) e partindo \u00abdo reconhecimento do valor de cada pessoa humana como criatura chamada a ser filho ou filha de Deus, oferecem uma preciosa contribui\u00e7\u00e3o para a constru\u00e7\u00e3o da fraternidade e a defesa da justi\u00e7a na sociedade\u00bb (Carta Enc. Fratelli tutti, n. 271). A fecundidade do nosso testemunho depender\u00e1 tamb\u00e9m de nossa capacidade de dialogar, encontrar pontos de uni\u00e3o e os traduzir em a\u00e7\u00f5es em favor da vida, de modo especial, a vida dos mais vulner\u00e1veis.<br \/>\nDesejando a gra\u00e7a de uma frutuosa Campanha da Fraternidade Ecum\u00eanica, envio a todos e cada um a B\u00ean\u00e7\u00e3o Apost\u00f3lica, pedindo que nunca deixem de rezar por mim.<br \/>\nPapa Francisco<br \/>\nRoma, S\u00e3o Jo\u00e3o de Latr\u00e3o, 17 de fevereiro de 2021<\/p>\n","protected":false},"excerpt":{"rendered":"<p>Queridos irm\u00e3os e irm\u00e3s do Brasil! Com o in\u00edcio da Quaresma, somos convidados a um&#8230;<\/p>\n","protected":false},"author":1,"featured_media":79,"comment_status":"open","ping_status":"open","sticky":false,"template":"","format":"standard","meta":{"_jetpack_memberships_contains_paid_content":false,"footnotes":"","jetpack_publicize_message":"","jetpack_publicize_feature_enabled":true,"jetpack_social_post_already_shared":true,"jetpack_social_options":{"image_generator_settings":{"template":"highway","default_image_id":0,"font":"","enabled":false},"version":2}},"categories":[24,11,4,39],"tags":[],"class_list":["post-15794","post","type-post","status-publish","format-standard","has-post-thumbnail","hentry","category-a-voz-do-pastor","category-artigos","category-diocese","category-igreja"],"jetpack_publicize_connections":[],"jetpack_featured_media_url":"https:\/\/correiodasemana.com\/site\/wp-content\/uploads\/2019\/07\/Dom-Vasconcelos-posses.jpg","jetpack-related-posts":[{"id":19205,"url":"https:\/\/correiodasemana.com\/site\/a-igreja-no-caminho-da-educacao\/","url_meta":{"origin":15794,"position":0},"title":"A Igreja no caminho da educa\u00e7\u00e3o","author":"","date":"Mar\u00e7o 14, 2022","format":false,"excerpt":"A Quaresma \u00e9 o tempo lit\u00fargico, por excel\u00eancia, do convite \u00e0 convers\u00e3o. Um convite \u00e0 transforma\u00e7\u00e3o interior que possui uma dimens\u00e3o pessoal e social, individual e, ao mesmo tempo, coletiva. \u00c9 nesse sentido que a espiritualidade quaresmal \u00e9 enriquecida, no contexto brasileiro, com a viv\u00eancia da Campanha da Fraternidade (CF).\u2026","rel":"","context":"In &quot;Artigos&quot;","block_context":{"text":"Artigos","link":"https:\/\/correiodasemana.com\/site\/category\/artigos\/"},"img":{"alt_text":"","src":"https:\/\/i0.wp.com\/correiodasemana.com\/site\/wp-content\/uploads\/2019\/07\/editorial-cs.jpg?resize=350%2C200&ssl=1","width":350,"height":200,"srcset":"https:\/\/i0.wp.com\/correiodasemana.com\/site\/wp-content\/uploads\/2019\/07\/editorial-cs.jpg?resize=350%2C200&ssl=1 1x, https:\/\/i0.wp.com\/correiodasemana.com\/site\/wp-content\/uploads\/2019\/07\/editorial-cs.jpg?resize=525%2C300&ssl=1 1.5x"},"classes":[]},{"id":18535,"url":"https:\/\/correiodasemana.com\/site\/dom-walmor-oliveira-de-azevedo\/","url_meta":{"origin":15794,"position":1},"title":"Dom Walmor Oliveira de Azevedo","author":"","date":"Janeiro 10, 2022","format":false,"excerpt":"Os votos de um ano novo aben\u00e7oado precisam estar vinculados ao compromisso de ser mensageiro da paz. E para bem assumir essa tarefa, \u00e9 preciso cuidar da pr\u00f3pria interioridade, pois o cora\u00e7\u00e3o humano \u00e9 construtor da paz, com reflexos nas din\u00e2micas familiares, institucionais e sociais. Por isso mesmo, na abertura\u2026","rel":"","context":"In &quot;A voz do Pastor&quot;","block_context":{"text":"A voz do Pastor","link":"https:\/\/correiodasemana.com\/site\/category\/a-voz-do-pastor\/"},"img":{"alt_text":"","src":"https:\/\/i0.wp.com\/correiodasemana.com\/site\/wp-content\/uploads\/2019\/07\/Dom-Vasconcelos-posses.jpg?resize=350%2C200&ssl=1","width":350,"height":200,"srcset":"https:\/\/i0.wp.com\/correiodasemana.com\/site\/wp-content\/uploads\/2019\/07\/Dom-Vasconcelos-posses.jpg?resize=350%2C200&ssl=1 1x, https:\/\/i0.wp.com\/correiodasemana.com\/site\/wp-content\/uploads\/2019\/07\/Dom-Vasconcelos-posses.jpg?resize=525%2C300&ssl=1 1.5x, https:\/\/i0.wp.com\/correiodasemana.com\/site\/wp-content\/uploads\/2019\/07\/Dom-Vasconcelos-posses.jpg?resize=700%2C400&ssl=1 2x"},"classes":[]},{"id":11315,"url":"https:\/\/correiodasemana.com\/site\/agenda-uninta-4\/","url_meta":{"origin":15794,"position":2},"title":"Agenda Uninta","author":"","date":"Maio 7, 2020","format":false,"excerpt":"Informar \u00e9 preciso O curso de jornalismo do UNINTA n\u00e3o para. De forma remota os professores e estudantes continuam com os projetos de extens\u00e3o e quem segue o curso nas redes sociais pode acompanhar ciclos de palestras, podcasts, v\u00eddeos e lives com muitas informa\u00e7\u00f5es e ensinamentos. Celebrar \u00e9 vida O\u2026","rel":"","context":"In &quot;Agenda Uninta&quot;","block_context":{"text":"Agenda Uninta","link":"https:\/\/correiodasemana.com\/site\/category\/agenda-uninta\/"},"img":{"alt_text":"","src":"https:\/\/i0.wp.com\/correiodasemana.com\/site\/wp-content\/uploads\/2020\/05\/Turma-do-Alo-Universita-rio-09.jpg?resize=350%2C200&ssl=1","width":350,"height":200,"srcset":"https:\/\/i0.wp.com\/correiodasemana.com\/site\/wp-content\/uploads\/2020\/05\/Turma-do-Alo-Universita-rio-09.jpg?resize=350%2C200&ssl=1 1x, https:\/\/i0.wp.com\/correiodasemana.com\/site\/wp-content\/uploads\/2020\/05\/Turma-do-Alo-Universita-rio-09.jpg?resize=525%2C300&ssl=1 1.5x, https:\/\/i0.wp.com\/correiodasemana.com\/site\/wp-content\/uploads\/2020\/05\/Turma-do-Alo-Universita-rio-09.jpg?resize=700%2C400&ssl=1 2x, https:\/\/i0.wp.com\/correiodasemana.com\/site\/wp-content\/uploads\/2020\/05\/Turma-do-Alo-Universita-rio-09.jpg?resize=1050%2C600&ssl=1 3x"},"classes":[]},{"id":37071,"url":"https:\/\/correiodasemana.com\/site\/herculano-costa-8\/","url_meta":{"origin":15794,"position":3},"title":"Herculano Costa","author":"adminredacao","date":"Janeiro 17, 2026","format":false,"excerpt":"Janeiro Branco: cuidar da sa\u00fade mental \u00e9 um compromisso com a vida O in\u00edcio de um novo ano costuma trazer consigo expectativas. E janeiro chega e j\u00e1 vai passando de sua metade, mas, carregado de simbolismos, promessas e a esperan\u00e7a de dias melhores. E nesse contexto simb\u00f3lico que surge o\u00a0Janeiro\u2026","rel":"","context":"In &quot;Artigos&quot;","block_context":{"text":"Artigos","link":"https:\/\/correiodasemana.com\/site\/category\/artigos\/"},"img":{"alt_text":"","src":"https:\/\/i0.wp.com\/correiodasemana.com\/site\/wp-content\/uploads\/2022\/01\/Herculano-Costa.jpg?resize=350%2C200&ssl=1","width":350,"height":200},"classes":[]},{"id":17861,"url":"https:\/\/correiodasemana.com\/site\/reconstroi-a-igreja\/","url_meta":{"origin":15794,"position":4},"title":"RECONSTR\u00d3I A IGREJA","author":"","date":"Outubro 24, 2021","format":false,"excerpt":"A Igreja Cat\u00f3lica,\u00a0nos\u00a0seus mais de\u00a0dois mil anos\u00a0de hist\u00f3ria,\u00a0inspirada e interpelada, em primeiro lugar,\u00a0pela\u00a0Palavra de Deus \u2013\u00a0luz\u00a0luzente no caminho e\u00a0l\u00e2mpada para os p\u00e9s -, e pelas riquezas de\u00a0sua\u00a0tradi\u00e7\u00e3o,\u00a0acolhe o desafio de\u00a0buscar respostas necess\u00e1rias a\u00a0um mundo que precisa\u00a0ter o\u00a0sabor do Evangelho de Jesus Cristo.\u00a0A fidelidade ao Evangelho e \u00e0 Tradi\u00e7\u00e3o\u00a0alicer\u00e7am\u00a0a escuta desta\u00a0convoca\u00e7\u00e3o\u2026","rel":"","context":"In &quot;A voz do Pastor&quot;","block_context":{"text":"A voz do Pastor","link":"https:\/\/correiodasemana.com\/site\/category\/a-voz-do-pastor\/"},"img":{"alt_text":"","src":"https:\/\/i0.wp.com\/correiodasemana.com\/site\/wp-content\/uploads\/2018\/02\/Dom-Vasconcelos-posses.jpg?resize=350%2C200&ssl=1","width":350,"height":200,"srcset":"https:\/\/i0.wp.com\/correiodasemana.com\/site\/wp-content\/uploads\/2018\/02\/Dom-Vasconcelos-posses.jpg?resize=350%2C200&ssl=1 1x, https:\/\/i0.wp.com\/correiodasemana.com\/site\/wp-content\/uploads\/2018\/02\/Dom-Vasconcelos-posses.jpg?resize=525%2C300&ssl=1 1.5x, https:\/\/i0.wp.com\/correiodasemana.com\/site\/wp-content\/uploads\/2018\/02\/Dom-Vasconcelos-posses.jpg?resize=700%2C400&ssl=1 2x"},"classes":[]},{"id":15523,"url":"https:\/\/correiodasemana.com\/site\/analfabetismo-emocional\/","url_meta":{"origin":15794,"position":5},"title":"Analfabetismo emocional","author":"","date":"Janeiro 24, 2021","format":false,"excerpt":"\u00c9 uma express\u00e3o forte, carregada de interpela\u00e7\u00e3o, um alerta no horizonte da campanha anual vivida neste m\u00eas \u2013 o Janeiro Branco -, indicando a import\u00e2ncia do cuidado com a sa\u00fade mental. Hoje, torna-se particularmente importante cuidar das emo\u00e7\u00f5es, pois a Covid-19 escancara, de modo singular, a condi\u00e7\u00e3o fr\u00e1gil de toda\u2026","rel":"","context":"In &quot;A voz do Pastor&quot;","block_context":{"text":"A voz do Pastor","link":"https:\/\/correiodasemana.com\/site\/category\/a-voz-do-pastor\/"},"img":{"alt_text":"","src":"https:\/\/i0.wp.com\/correiodasemana.com\/site\/wp-content\/uploads\/2018\/02\/Dom-Vasconcelos-posses.jpg?resize=350%2C200&ssl=1","width":350,"height":200,"srcset":"https:\/\/i0.wp.com\/correiodasemana.com\/site\/wp-content\/uploads\/2018\/02\/Dom-Vasconcelos-posses.jpg?resize=350%2C200&ssl=1 1x, https:\/\/i0.wp.com\/correiodasemana.com\/site\/wp-content\/uploads\/2018\/02\/Dom-Vasconcelos-posses.jpg?resize=525%2C300&ssl=1 1.5x, https:\/\/i0.wp.com\/correiodasemana.com\/site\/wp-content\/uploads\/2018\/02\/Dom-Vasconcelos-posses.jpg?resize=700%2C400&ssl=1 2x"},"classes":[]}],"jetpack_sharing_enabled":true,"_links":{"self":[{"href":"https:\/\/correiodasemana.com\/site\/wp-json\/wp\/v2\/posts\/15794","targetHints":{"allow":["GET"]}}],"collection":[{"href":"https:\/\/correiodasemana.com\/site\/wp-json\/wp\/v2\/posts"}],"about":[{"href":"https:\/\/correiodasemana.com\/site\/wp-json\/wp\/v2\/types\/post"}],"author":[{"embeddable":true,"href":"https:\/\/correiodasemana.com\/site\/wp-json\/wp\/v2\/users\/1"}],"replies":[{"embeddable":true,"href":"https:\/\/correiodasemana.com\/site\/wp-json\/wp\/v2\/comments?post=15794"}],"version-history":[{"count":1,"href":"https:\/\/correiodasemana.com\/site\/wp-json\/wp\/v2\/posts\/15794\/revisions"}],"predecessor-version":[{"id":15795,"href":"https:\/\/correiodasemana.com\/site\/wp-json\/wp\/v2\/posts\/15794\/revisions\/15795"}],"wp:featuredmedia":[{"embeddable":true,"href":"https:\/\/correiodasemana.com\/site\/wp-json\/wp\/v2\/media\/79"}],"wp:attachment":[{"href":"https:\/\/correiodasemana.com\/site\/wp-json\/wp\/v2\/media?parent=15794"}],"wp:term":[{"taxonomy":"category","embeddable":true,"href":"https:\/\/correiodasemana.com\/site\/wp-json\/wp\/v2\/categories?post=15794"},{"taxonomy":"post_tag","embeddable":true,"href":"https:\/\/correiodasemana.com\/site\/wp-json\/wp\/v2\/tags?post=15794"}],"curies":[{"name":"wp","href":"https:\/\/api.w.org\/{rel}","templated":true}]}}