{"id":16121,"date":"2021-04-05T00:57:45","date_gmt":"2021-04-05T03:57:45","guid":{"rendered":"https:\/\/correiodasemana.com\/site\/?p=16121"},"modified":"2021-04-05T00:57:45","modified_gmt":"2021-04-05T03:57:45","slug":"santa-casa-de-misericordia-de-sobral-participa-de-cerimonia-sobre-anuncio-de-medidas-em-apoio-a-santas-casas-e-hospitais-filantropicos","status":"publish","type":"post","link":"https:\/\/correiodasemana.com\/site\/santa-casa-de-misericordia-de-sobral-participa-de-cerimonia-sobre-anuncio-de-medidas-em-apoio-a-santas-casas-e-hospitais-filantropicos\/","title":{"rendered":"Santa Casa de Miseric\u00f3rdia de Sobral participa de cerim\u00f4nia sobre an\u00fancio de medidas em apoio a Santas Casas e Hospitais Filantr\u00f3picos"},"content":{"rendered":"<p><strong>Uma das medidas anunciadas foi a pausa de at\u00e9 seis meses no pagamento das parcelas de contratos de cr\u00e9dito existentes\u00a0<\/strong><\/p>\n<p>O diretor-geral da Santa Casa de Miseric\u00f3rdia de Sobral, Klebson Carvalho, participou nesta quinta-feira (25\/03), de cerim\u00f4nia promovida pela Caixa Econ\u00f4mica Federal no Pal\u00e1cio do Planalto, em Bras\u00edlia. Na ocasi\u00e3o, o presidente da Caixa, Pedro Guimar\u00e3es e o presidente da rep\u00fablica, Jair Bolsonaro, anunciaram uma nova linha de cr\u00e9dito com juros menores para as Santas Casas e Hospitais Filantr\u00f3picos. Tamb\u00e9m foi anunciada uma pausa de at\u00e9 seis meses no pagamento das parcelas de contratos de cr\u00e9dito existentes.<br \/>\n\u201cPor ser o \u00fanico hospital da Regi\u00e3o Norte do estado do Cear\u00e1 porta aberta e refer\u00eancia no atendimento de diversas comorbidades, a Santa Casa tem sido essencial para a popula\u00e7\u00e3o. Essas novas medidas devem proporcionar a continuidade de um tratamento digno e de qualidade aos pacientes do Sistema \u00danico de Sa\u00fade\u201d, destacou o diretor-geral da Santa Casa de Sobral, Klebson Carvalho.<\/p>\n<p>Nova linha de cr\u00e9dito<br \/>\nA nova modalidade Caixa Hospitais P\u00f3s, anunciada nesta quinta-feira, tem taxa p\u00f3s-fixada de 0,29% ao m\u00eas mais CDI (6,3% ao ano), sendo a taxa 42% menor em rela\u00e7\u00e3o \u00e0s atuais. Os recursos podem ser utilizados para investimentos ou para compor fluxo de caixa, com car\u00eancia de at\u00e9 seis meses para pagamento da primeira parcela. Tamb\u00e9m foi ampliado o prazo de pagamento de 84 para 120 meses. De acordo com a Caixa, ao oferecer a linha de cr\u00e9dito e demais medidas para todas as Santas Casas e Hospitais Filantr\u00f3picos do pa\u00eds, a inten\u00e7\u00e3o \u00e9 fazer com que 189 mil leitos se beneficiem.<\/p>\n<p>Santa Casa de Miseric\u00f3rdia de Sobral &#8211; Assessoria de Comunica\u00e7\u00e3o &#8211; Thais Menezes\/ Henrique Brito\/ Domingos Jr.<\/p>\n","protected":false},"excerpt":{"rendered":"<p>Uma das medidas anunciadas foi a pausa de at\u00e9 seis meses no pagamento das parcelas&#8230;<\/p>\n","protected":false},"author":1,"featured_media":16122,"comment_status":"open","ping_status":"open","sticky":false,"template":"","format":"standard","meta":{"_jetpack_memberships_contains_paid_content":false,"footnotes":"","jetpack_publicize_message":"","jetpack_publicize_feature_enabled":true,"jetpack_social_post_already_shared":true,"jetpack_social_options":{"image_generator_settings":{"template":"highway","default_image_id":0,"font":"","enabled":false},"version":2}},"categories":[1],"tags":[],"class_list":["post-16121","post","type-post","status-publish","format-standard","has-post-thumbnail","hentry","category-atualidade"],"jetpack_publicize_connections":[],"jetpack_featured_media_url":"https:\/\/correiodasemana.com\/site\/wp-content\/uploads\/2021\/04\/Novas-medidas-SCMS.jpeg","jetpack-related-posts":[{"id":15179,"url":"https:\/\/correiodasemana.com\/site\/caixa-anuncia-doacao-de-64-mil-itens-para-entidades-assistenciais\/","url_meta":{"origin":16121,"position":0},"title":"Caixa anuncia doa\u00e7\u00e3o de 64 mil itens para entidades assistenciais","author":"","date":"Dezembro 22, 2020","format":false,"excerpt":"Entidades podem se cadastrar no site do banco at\u00e9 o dia 30 O presidente da Caixa, Pedro Guimar\u00e3es, anunciou hoje (22) que o banco vai doar 64 mil itens de mobili\u00e1rio para entidades assistenciais. A doa\u00e7\u00e3o \u00e9 destinada a pessoas jur\u00eddicas sem fins lucrativos, como associa\u00e7\u00f5es e funda\u00e7\u00f5es que fazem\u2026","rel":"","context":"In &quot;Atualidade&quot;","block_context":{"text":"Atualidade","link":"https:\/\/correiodasemana.com\/site\/category\/atualidade\/"},"img":{"alt_text":"","src":"https:\/\/i0.wp.com\/correiodasemana.com\/site\/wp-content\/uploads\/2020\/12\/caixa_economica_federal0505202671.jpg?resize=350%2C200&ssl=1","width":350,"height":200,"srcset":"https:\/\/i0.wp.com\/correiodasemana.com\/site\/wp-content\/uploads\/2020\/12\/caixa_economica_federal0505202671.jpg?resize=350%2C200&ssl=1 1x, https:\/\/i0.wp.com\/correiodasemana.com\/site\/wp-content\/uploads\/2020\/12\/caixa_economica_federal0505202671.jpg?resize=525%2C300&ssl=1 1.5x, https:\/\/i0.wp.com\/correiodasemana.com\/site\/wp-content\/uploads\/2020\/12\/caixa_economica_federal0505202671.jpg?resize=700%2C400&ssl=1 2x, https:\/\/i0.wp.com\/correiodasemana.com\/site\/wp-content\/uploads\/2020\/12\/caixa_economica_federal0505202671.jpg?resize=1050%2C600&ssl=1 3x"},"classes":[]},{"id":12162,"url":"https:\/\/correiodasemana.com\/site\/caixa-amplia-pausa-no-financiamento-imobiliario-para-180-dias-veja-como-solicitar\/","url_meta":{"origin":16121,"position":1},"title":"CAIXA amplia pausa no financiamento imobili\u00e1rio para 180 dias; veja como solicitar","author":"","date":"Julho 23, 2020","format":false,"excerpt":"Est\u00e1 confirmado! A\u00a0Caixa Econ\u00f4mica Federal\u00a0aumentou o per\u00edodo total de pausa emergencial no\u00a0pagamento do financiamento\u00a0da casa pr\u00f3pria. Agora, o prazo ser\u00e1 de 180 meses. A pausa nos pagamentos foi anunciada desde mar\u00e7o. A\u00a0Caixa\u00a0havia prorrogado por duas vezes e valia por quatro presta\u00e7\u00f5es mensais (120 dias). Agora, a nova paralisa\u00e7\u00e3o, de mais\u2026","rel":"","context":"In &quot;Atualidade&quot;","block_context":{"text":"Atualidade","link":"https:\/\/correiodasemana.com\/site\/category\/atualidade\/"},"img":{"alt_text":"","src":"https:\/\/i0.wp.com\/correiodasemana.com\/site\/wp-content\/uploads\/2020\/07\/caixa-economica.jpg?resize=350%2C200&ssl=1","width":350,"height":200,"srcset":"https:\/\/i0.wp.com\/correiodasemana.com\/site\/wp-content\/uploads\/2020\/07\/caixa-economica.jpg?resize=350%2C200&ssl=1 1x, https:\/\/i0.wp.com\/correiodasemana.com\/site\/wp-content\/uploads\/2020\/07\/caixa-economica.jpg?resize=525%2C300&ssl=1 1.5x, https:\/\/i0.wp.com\/correiodasemana.com\/site\/wp-content\/uploads\/2020\/07\/caixa-economica.jpg?resize=700%2C400&ssl=1 2x"},"classes":[]},{"id":8716,"url":"https:\/\/correiodasemana.com\/site\/diretores-da-santa-casa-de-sobral-participam-do-29o-congresso-nacional-das-santas-casas-e-hospitais-filantropicos-que-acontece-em-brasilia\/","url_meta":{"origin":16121,"position":2},"title":"Diretores da Santa Casa de Sobral participam do 29\u00ba Congresso Nacional das Santas Casas e Hospitais Filantr\u00f3picos que acontece em Bras\u00edlia","author":"","date":"Agosto 17, 2019","format":false,"excerpt":"Vanderley Moreira \/Jornalista O diretor da Santa Casa de Miseric\u00f3rdia de Sobral (SCMS), Klebson Carvalho, juntamente com o diretor do Departamento de Ensino, Pesquisa e Extens\u00e3o (DEPE\/SCMS), Prof. Vicente Pinto, est\u00e3o participando\u00a0 do\u00a029\u00ba Congresso Nacional das Santas Casas e Hospitais Filantr\u00f3picos, que acontece em Bras\u00edlia no per\u00edodo de 13 a\u2026","rel":"","context":"In &quot;Santa Casa&quot;","block_context":{"text":"Santa Casa","link":"https:\/\/correiodasemana.com\/site\/category\/santa-casa\/"},"img":{"alt_text":"","src":"https:\/\/i0.wp.com\/correiodasemana.com\/site\/wp-content\/uploads\/2019\/08\/Foto-2-congresso.jpg?resize=350%2C200&ssl=1","width":350,"height":200,"srcset":"https:\/\/i0.wp.com\/correiodasemana.com\/site\/wp-content\/uploads\/2019\/08\/Foto-2-congresso.jpg?resize=350%2C200&ssl=1 1x, https:\/\/i0.wp.com\/correiodasemana.com\/site\/wp-content\/uploads\/2019\/08\/Foto-2-congresso.jpg?resize=525%2C300&ssl=1 1.5x"},"classes":[]},{"id":9981,"url":"https:\/\/correiodasemana.com\/site\/provedor-da-santa-casa-de-misericordia-de-sobral-e-homenageado-no-ii-congresso-cearense-de-hospitais-e-entidades-filantropicas\/","url_meta":{"origin":16121,"position":3},"title":"Provedor da Santa Casa de Miseric\u00f3rdia de Sobral \u00e9 homenageado no II Congresso Cearense de Hospitais e Entidades Filantr\u00f3picas","author":"","date":"Novembro 27, 2019","format":false,"excerpt":"Dom Vasconcelos foi lembrado pelo trabalho e dedica\u00e7\u00e3o na busca paraproporcionar sa\u00fade de qualidade atoda zona norte do Estado do Cear\u00e1 O provedor da Santa Casa de Miseric\u00f3rdia de Sobral, bispo Dom Jos\u00e9 Luiz Gomes de Vasconcelos, foi homenageado na quinta-feira (21) na solenidade de abertura do II Congresso Cearense\u2026","rel":"","context":"In &quot;Artigos&quot;","block_context":{"text":"Artigos","link":"https:\/\/correiodasemana.com\/site\/category\/artigos\/"},"img":{"alt_text":"","src":"https:\/\/i0.wp.com\/correiodasemana.com\/site\/wp-content\/uploads\/2019\/11\/Foto-2b.jpg?resize=350%2C200&ssl=1","width":350,"height":200,"srcset":"https:\/\/i0.wp.com\/correiodasemana.com\/site\/wp-content\/uploads\/2019\/11\/Foto-2b.jpg?resize=350%2C200&ssl=1 1x, https:\/\/i0.wp.com\/correiodasemana.com\/site\/wp-content\/uploads\/2019\/11\/Foto-2b.jpg?resize=525%2C300&ssl=1 1.5x, https:\/\/i0.wp.com\/correiodasemana.com\/site\/wp-content\/uploads\/2019\/11\/Foto-2b.jpg?resize=700%2C400&ssl=1 2x, https:\/\/i0.wp.com\/correiodasemana.com\/site\/wp-content\/uploads\/2019\/11\/Foto-2b.jpg?resize=1050%2C600&ssl=1 3x, https:\/\/i0.wp.com\/correiodasemana.com\/site\/wp-content\/uploads\/2019\/11\/Foto-2b.jpg?resize=1400%2C800&ssl=1 4x"},"classes":[]},{"id":19822,"url":"https:\/\/correiodasemana.com\/site\/santas-casas-e-hospitais-filantropicos-nao-suportam-mais-manter-atendimento-a-populacao\/","url_meta":{"origin":16121,"position":4},"title":"Santas Casas e hospitais filantr\u00f3picos n\u00e3o suportam mais manter atendimento \u00e0 popula\u00e7\u00e3o","author":"","date":"Maio 26, 2022","format":false,"excerpt":"Enfrentando a pior crise da hist\u00f3ria; mais de 1.800 cruzes ser\u00e3o colocadas, em protesto, na Esplanada dos Minist\u00e9rios A Esplanada dos Minist\u00e9rios, em Bras\u00edlia, estar\u00e1 hoje, 18 de maio, com 1.824 cruzes, representando a cr\u00edtica situa\u00e7\u00e3o financeira das Santas Casas e hospitais filantr\u00f3picos do Brasil. Ser\u00e3o colocados, ainda, bal\u00f5es com\u2026","rel":"","context":"In &quot;Atualidade&quot;","block_context":{"text":"Atualidade","link":"https:\/\/correiodasemana.com\/site\/category\/atualidade\/"},"img":{"alt_text":"","src":"https:\/\/i0.wp.com\/correiodasemana.com\/site\/wp-content\/uploads\/2022\/04\/Santa-Casa-de-Misericordia-de-Sobral.jpg?resize=350%2C200&ssl=1","width":350,"height":200,"srcset":"https:\/\/i0.wp.com\/correiodasemana.com\/site\/wp-content\/uploads\/2022\/04\/Santa-Casa-de-Misericordia-de-Sobral.jpg?resize=350%2C200&ssl=1 1x, https:\/\/i0.wp.com\/correiodasemana.com\/site\/wp-content\/uploads\/2022\/04\/Santa-Casa-de-Misericordia-de-Sobral.jpg?resize=525%2C300&ssl=1 1.5x, https:\/\/i0.wp.com\/correiodasemana.com\/site\/wp-content\/uploads\/2022\/04\/Santa-Casa-de-Misericordia-de-Sobral.jpg?resize=700%2C400&ssl=1 2x, https:\/\/i0.wp.com\/correiodasemana.com\/site\/wp-content\/uploads\/2022\/04\/Santa-Casa-de-Misericordia-de-Sobral.jpg?resize=1050%2C600&ssl=1 3x"},"classes":[]},{"id":9449,"url":"https:\/\/correiodasemana.com\/site\/sobral-recebe-o-ii-congresso-cearense-dos-hospitais-e-entidades-filantropicas\/","url_meta":{"origin":16121,"position":5},"title":"Sobral recebe o II Congresso Cearense dos Hospitais e Entidades Filantr\u00f3picas","author":"","date":"Outubro 14, 2019","format":false,"excerpt":"A cidade de Sobral recebe nos dias 21 e 22 de novembro o II Congresso Cearense dos Hospitais e Entidades Filantr\u00f3picas, que ocorrer\u00e1 no Centro de Conven\u00e7\u00f5es In\u00e1cio Gomes Parente. O evento \u00e9 uma realiza\u00e7\u00e3o da Federa\u00e7\u00e3o das Miseric\u00f3rdias e Entidades Filantr\u00f3picas do Cear\u00e1 (FEMICE) em parceria com a Santa\u2026","rel":"","context":"In &quot;Atualidade&quot;","block_context":{"text":"Atualidade","link":"https:\/\/correiodasemana.com\/site\/category\/atualidade\/"},"img":{"alt_text":"","src":"https:\/\/i0.wp.com\/correiodasemana.com\/site\/wp-content\/uploads\/2019\/08\/santa-casa-foto.jpg?resize=350%2C200&ssl=1","width":350,"height":200,"srcset":"https:\/\/i0.wp.com\/correiodasemana.com\/site\/wp-content\/uploads\/2019\/08\/santa-casa-foto.jpg?resize=350%2C200&ssl=1 1x, https:\/\/i0.wp.com\/correiodasemana.com\/site\/wp-content\/uploads\/2019\/08\/santa-casa-foto.jpg?resize=525%2C300&ssl=1 1.5x, https:\/\/i0.wp.com\/correiodasemana.com\/site\/wp-content\/uploads\/2019\/08\/santa-casa-foto.jpg?resize=700%2C400&ssl=1 2x"},"classes":[]}],"jetpack_sharing_enabled":true,"_links":{"self":[{"href":"https:\/\/correiodasemana.com\/site\/wp-json\/wp\/v2\/posts\/16121","targetHints":{"allow":["GET"]}}],"collection":[{"href":"https:\/\/correiodasemana.com\/site\/wp-json\/wp\/v2\/posts"}],"about":[{"href":"https:\/\/correiodasemana.com\/site\/wp-json\/wp\/v2\/types\/post"}],"author":[{"embeddable":true,"href":"https:\/\/correiodasemana.com\/site\/wp-json\/wp\/v2\/users\/1"}],"replies":[{"embeddable":true,"href":"https:\/\/correiodasemana.com\/site\/wp-json\/wp\/v2\/comments?post=16121"}],"version-history":[{"count":1,"href":"https:\/\/correiodasemana.com\/site\/wp-json\/wp\/v2\/posts\/16121\/revisions"}],"predecessor-version":[{"id":16123,"href":"https:\/\/correiodasemana.com\/site\/wp-json\/wp\/v2\/posts\/16121\/revisions\/16123"}],"wp:featuredmedia":[{"embeddable":true,"href":"https:\/\/correiodasemana.com\/site\/wp-json\/wp\/v2\/media\/16122"}],"wp:attachment":[{"href":"https:\/\/correiodasemana.com\/site\/wp-json\/wp\/v2\/media?parent=16121"}],"wp:term":[{"taxonomy":"category","embeddable":true,"href":"https:\/\/correiodasemana.com\/site\/wp-json\/wp\/v2\/categories?post=16121"},{"taxonomy":"post_tag","embeddable":true,"href":"https:\/\/correiodasemana.com\/site\/wp-json\/wp\/v2\/tags?post=16121"}],"curies":[{"name":"wp","href":"https:\/\/api.w.org\/{rel}","templated":true}]}}