{"id":16197,"date":"2021-04-12T03:01:23","date_gmt":"2021-04-12T06:01:23","guid":{"rendered":"https:\/\/correiodasemana.com\/site\/?p=16197"},"modified":"2021-04-12T03:01:23","modified_gmt":"2021-04-12T06:01:23","slug":"stf-derruba-a-decisao-que-liberava-missas-e-cultos-diocese-de-sobral-mantem-transmissoes-online","status":"publish","type":"post","link":"https:\/\/correiodasemana.com\/site\/stf-derruba-a-decisao-que-liberava-missas-e-cultos-diocese-de-sobral-mantem-transmissoes-online\/","title":{"rendered":"STF derruba a decis\u00e3o que liberava missas e cultos; Diocese de Sobral mant\u00e9m transmiss\u00f5es online"},"content":{"rendered":"<p>Por Samuel Carvalho &#8211; Reda\u00e7\u00e3o Correio da Semana<\/p>\n<p>O Supremo Tribunal Federal manteve a decis\u00e3o do ministro Gilmar Mendes de permitir que estado pro\u00edbam a realiza\u00e7\u00e3o de cerim\u00f4nias religiosas presenciais em raz\u00e3o do avan\u00e7o da pandemia de covid-19. Com isso o plen\u00e1rio da corte em maioria derrubou a decis\u00e3o anterior do Ministro Kassio Nunes Marques que que liberava missas e cultos e afirmava que o veto de governadores e prefeitos a esses eventos era inconstitucional.<br \/>\nDurante a vota\u00e7\u00e3o no plen\u00e1rio, os ministros discutiram a constitucionalidade do fechamento das igrejas e templos como medida excepcional para conter a Covid-19. Um dos votos mais comentados foi de Alexandre de Moraes que rebateu Kassio Nunes e disse que o \u201cEstado n\u00e3o se mete na f\u00e9 e a f\u00e9 n\u00e3o se mete no Estado\u201d. \u201cOnde est\u00e1 a empatia e a solidariedade de todos nesse momento? A liberdade religiosa tem dupla fun\u00e7\u00e3o: proteger todas as f\u00e9s e afastar o Estado laico de ter de levar em conta dogmas religiosos para tomar decis\u00f5es fundamentais para a sobreviv\u00eancia de seus cidad\u00e3os\u201d ele afirmou.<br \/>\nNo estado do Cear\u00e1, o decreto de isolamento social do Cear\u00e1 publicado no \u00faltimo domingo (4) liberou o retorno presencial das atividades com base na decis\u00e3o anterior do Supremo Tribunal Federal (STF). Contudo, no mesmo documento o Governo do Estado orienta que as celebra\u00e7\u00f5es prossigam de maneira remota. A altera\u00e7\u00e3o \u00e9 a \u00fanica feita no decreto de isolamento social at\u00e9 ent\u00e3o, mas visto a mudan\u00e7a de direcionamento \u00e9 esperado que seja modificado para se adequar a nova decis\u00e3o do STF.<br \/>\nEm Sobral as celebra\u00e7\u00f5es da diocese apesar da primeira nota continuaram preservando o distanciamento social por celebra\u00e7\u00f5es por transmiss\u00f5es online. Em nota, Dom Jos\u00e9 Luis Gomes de Vasconcelos, Bispo Diocesano de Sobral, divulga que compreende o momento grav\u00edssimo da pandemia com elevado \u00edndice de cont\u00e1gio e alto n\u00famero de \u00f3bitos di\u00e1rios, reafirmando o compromisso da pastoral na luta contra a pandemia decide manter as celebra\u00e7\u00f5es de forma remota, com transmiss\u00e3o remota e sem presen\u00e7a de fi\u00e9is por enquanto.<br \/>\nAs demais atividades consideradas n\u00e3o essenciais seguem com atividades presenciais suspensas. H\u00e1 possibilidade de retomada gradual dos servi\u00e7os afetados a partir do dia 12 de abril. \u201cEm cumprimento \u00e0 decis\u00e3o do Supremo Tribunal Federal proferida na ADPF n.\u00ba 701 &#8211; MG, as institui\u00e7\u00f5es religiosas, no per\u00edodo de isolamento social, poder\u00e3o funcionar, no Estado do Cear\u00e1, nos termos da referida decis\u00e3o, enquanto estiver surtindo efeitos\u201d, autoriza. O paragrafo seguinte refor\u00e7a \u201cpermanece a recomenda\u00e7\u00e3o \u00e0s institui\u00e7\u00f5es religiosas para que continuem procedendo as suas celebra\u00e7\u00f5es de forma virtual\u201d.<br \/>\nAt\u00e9 a publica\u00e7\u00e3o do decreto no \u00faltimo domingo, as lideran\u00e7as religiosas no estado n\u00e3o tinham a mesma opini\u00e3o sobre a reabertura dos templos, apesar das diversas recomenda\u00e7\u00f5es estabelecidas na primeira decis\u00e3o do ministro K\u00e1ssio Nunes Marques.<\/p>\n","protected":false},"excerpt":{"rendered":"<p>Por Samuel Carvalho &#8211; Reda\u00e7\u00e3o Correio da Semana O Supremo Tribunal Federal manteve a decis\u00e3o&#8230;<\/p>\n","protected":false},"author":1,"featured_media":16198,"comment_status":"open","ping_status":"open","sticky":false,"template":"","format":"standard","meta":{"_jetpack_memberships_contains_paid_content":false,"footnotes":"","jetpack_publicize_message":"","jetpack_publicize_feature_enabled":true,"jetpack_social_post_already_shared":true,"jetpack_social_options":{"image_generator_settings":{"template":"highway","default_image_id":0,"font":"","enabled":false},"version":2}},"categories":[1],"tags":[],"class_list":["post-16197","post","type-post","status-publish","format-standard","has-post-thumbnail","hentry","category-atualidade"],"jetpack_publicize_connections":[],"jetpack_featured_media_url":"https:\/\/correiodasemana.com\/site\/wp-content\/uploads\/2021\/04\/Paixao-do-senhor-1.jpg","jetpack-related-posts":[{"id":13894,"url":"https:\/\/correiodasemana.com\/site\/bolsonaro-confirma-indicacao-de-kassio-nunes-marques-ao-stf\/","url_meta":{"origin":16197,"position":0},"title":"Bolsonaro confirma indica\u00e7\u00e3o de Kassio Nunes Marques ao STF","author":"","date":"Outubro 4, 2020","format":false,"excerpt":"O presidente Jair Bolsonaro afirmou na noite desta quinta-feira (1\u00ba), durante sua\u00a0live\u00a0semanal nas redes sociais, que o desembargador Kassio Nunes Marques ser\u00e1 indicado para uma vaga ao Supremo Tribunal Federal (STF), a mais alta inst\u00e2ncia do Poder Judici\u00e1rio do pa\u00eds. \u201cSer\u00e1 publicado amanh\u00e3 [2], no\u00a0Di\u00e1rio Oficial da Uni\u00e3o, por causa\u2026","rel":"","context":"In &quot;Atualidade&quot;","block_context":{"text":"Atualidade","link":"https:\/\/correiodasemana.com\/site\/category\/atualidade\/"},"img":{"alt_text":"","src":"https:\/\/i0.wp.com\/correiodasemana.com\/site\/wp-content\/uploads\/2020\/10\/live_bolsonaro_01-10-20_2.jpg?resize=350%2C200&ssl=1","width":350,"height":200,"srcset":"https:\/\/i0.wp.com\/correiodasemana.com\/site\/wp-content\/uploads\/2020\/10\/live_bolsonaro_01-10-20_2.jpg?resize=350%2C200&ssl=1 1x, https:\/\/i0.wp.com\/correiodasemana.com\/site\/wp-content\/uploads\/2020\/10\/live_bolsonaro_01-10-20_2.jpg?resize=525%2C300&ssl=1 1.5x, https:\/\/i0.wp.com\/correiodasemana.com\/site\/wp-content\/uploads\/2020\/10\/live_bolsonaro_01-10-20_2.jpg?resize=700%2C400&ssl=1 2x, https:\/\/i0.wp.com\/correiodasemana.com\/site\/wp-content\/uploads\/2020\/10\/live_bolsonaro_01-10-20_2.jpg?resize=1050%2C600&ssl=1 3x"},"classes":[]},{"id":30787,"url":"https:\/\/correiodasemana.com\/site\/stf-tem-maioria-para-rejeitar-revisao-da-vida-toda-do-inss\/","url_meta":{"origin":16197,"position":1},"title":"STF tem maioria para rejeitar revis\u00e3o da vida toda do INSS","author":"adminredacao","date":"Setembro 23, 2024","format":false,"excerpt":"Decis\u00e3o mant\u00e9m entendimento da Corte sobre aposentadorias Por Andr\u00e9 Richter - Rep\u00f3rter da Ag\u00eancia Brasil\u00a0 - Bras\u00edlia A maioria dos ministros do Supremo Tribunal Federal (STF) rejeitou nesta sexta-feira (20) dois recursos contra a decis\u00e3o da pr\u00f3pria Corte que derrubou a possibilidade de revis\u00e3o da vida toda de aposentadorias do\u2026","rel":"","context":"In &quot;Atualidade&quot;","block_context":{"text":"Atualidade","link":"https:\/\/correiodasemana.com\/site\/category\/atualidade\/"},"img":{"alt_text":"","src":"https:\/\/i0.wp.com\/correiodasemana.com\/site\/wp-content\/uploads\/2023\/10\/mj-ministerio-da-justica-e-seguranca-publica.png?resize=350%2C200&ssl=1","width":350,"height":200,"srcset":"https:\/\/i0.wp.com\/correiodasemana.com\/site\/wp-content\/uploads\/2023\/10\/mj-ministerio-da-justica-e-seguranca-publica.png?resize=350%2C200&ssl=1 1x, https:\/\/i0.wp.com\/correiodasemana.com\/site\/wp-content\/uploads\/2023\/10\/mj-ministerio-da-justica-e-seguranca-publica.png?resize=525%2C300&ssl=1 1.5x, https:\/\/i0.wp.com\/correiodasemana.com\/site\/wp-content\/uploads\/2023\/10\/mj-ministerio-da-justica-e-seguranca-publica.png?resize=700%2C400&ssl=1 2x"},"classes":[]},{"id":16030,"url":"https:\/\/correiodasemana.com\/site\/camara-municipal-de-sobral-autoriza-a-abertura-de-templos-e-cultos-durante-lockdown\/","url_meta":{"origin":16197,"position":2},"title":"C\u00e2mara Municipal de Sobral autoriza a abertura de templos e cultos durante lockdown","author":"","date":"Mar\u00e7o 22, 2021","format":false,"excerpt":"Por Samuel Carvalho - Reda\u00e7\u00e3o Correio da Semana A C\u00e2mara Municipal de Sobral, na segunda-feira (15), decidiu em plen\u00e1rio p\u00fablico a abertura de templos e igrejas para cultos religiosos de qualquer cren\u00e7a, durante a pandemia e per\u00edodos de calamidade p\u00fablica. A decis\u00e3o foi votada na d\u00e9cima segunda sess\u00e3o ordin\u00e1ria da\u2026","rel":"","context":"In &quot;Atualidade&quot;","block_context":{"text":"Atualidade","link":"https:\/\/correiodasemana.com\/site\/category\/atualidade\/"},"img":{"alt_text":"","src":"https:\/\/i0.wp.com\/correiodasemana.com\/site\/wp-content\/uploads\/2021\/03\/catedral-da-se-em-sobral-1.jpg?resize=350%2C200&ssl=1","width":350,"height":200,"srcset":"https:\/\/i0.wp.com\/correiodasemana.com\/site\/wp-content\/uploads\/2021\/03\/catedral-da-se-em-sobral-1.jpg?resize=350%2C200&ssl=1 1x, https:\/\/i0.wp.com\/correiodasemana.com\/site\/wp-content\/uploads\/2021\/03\/catedral-da-se-em-sobral-1.jpg?resize=525%2C300&ssl=1 1.5x, https:\/\/i0.wp.com\/correiodasemana.com\/site\/wp-content\/uploads\/2021\/03\/catedral-da-se-em-sobral-1.jpg?resize=700%2C400&ssl=1 2x"},"classes":[]},{"id":24982,"url":"https:\/\/correiodasemana.com\/site\/camara-derrota-governo-e-aprova-pl-que-limita-demarcacao-de-terra-indigena\/","url_meta":{"origin":16197,"position":3},"title":"C\u00e2mara derrota governo e aprova PL que limita demarca\u00e7\u00e3o de terra ind\u00edgena","author":"","date":"Maio 31, 2023","format":false,"excerpt":"A C\u00e2mara dos Deputados aprovou nesta ter\u00e7a, 30, o Projeto de Lei 490\/2007, o chamado PL do marco temporal. Por 283 votos a 155, o plen\u00e1rio da Casa imp\u00f4s uma derrota ao governo do presidente Luiz In\u00e1cio Lula da Silva. Apesar de governistas terem tentado adiar a vota\u00e7\u00e3o, a proposta\u2026","rel":"","context":"In &quot;Atualidade&quot;","block_context":{"text":"Atualidade","link":"https:\/\/correiodasemana.com\/site\/category\/atualidade\/"},"img":{"alt_text":"","src":"https:\/\/i0.wp.com\/correiodasemana.com\/site\/wp-content\/uploads\/2023\/05\/indigenas-protestam-contra-marco-temporal.jpg?resize=350%2C200&ssl=1","width":350,"height":200,"srcset":"https:\/\/i0.wp.com\/correiodasemana.com\/site\/wp-content\/uploads\/2023\/05\/indigenas-protestam-contra-marco-temporal.jpg?resize=350%2C200&ssl=1 1x, https:\/\/i0.wp.com\/correiodasemana.com\/site\/wp-content\/uploads\/2023\/05\/indigenas-protestam-contra-marco-temporal.jpg?resize=525%2C300&ssl=1 1.5x, https:\/\/i0.wp.com\/correiodasemana.com\/site\/wp-content\/uploads\/2023\/05\/indigenas-protestam-contra-marco-temporal.jpg?resize=700%2C400&ssl=1 2x"},"classes":[]},{"id":24698,"url":"https:\/\/correiodasemana.com\/site\/stf-libera-pagamento-do-piso-salarial-da-enfermagem\/","url_meta":{"origin":16197,"position":4},"title":"STF libera pagamento do piso salarial da enfermagem","author":"","date":"Maio 16, 2023","format":false,"excerpt":"O ministro Luis Roberto Barroso, do Supremo Tribunal Federal (STF), liberou nesta segunda-feira, 15, o pagamento do piso salarial da enfermagem. Na decis\u00e3o, o ministro afirmou que os valores dever\u00e3o ser pagos por estados, munic\u00edpios e autarquias somente nos limites dos recursos repassados pela Uni\u00e3o. O magistrado sugeriu uma possibilidade\u2026","rel":"","context":"In &quot;Atualidade&quot;","block_context":{"text":"Atualidade","link":"https:\/\/correiodasemana.com\/site\/category\/atualidade\/"},"img":{"alt_text":"","src":"https:\/\/i0.wp.com\/correiodasemana.com\/site\/wp-content\/uploads\/2023\/05\/piso-16-05-2023-075401.jpg?resize=350%2C200&ssl=1","width":350,"height":200,"srcset":"https:\/\/i0.wp.com\/correiodasemana.com\/site\/wp-content\/uploads\/2023\/05\/piso-16-05-2023-075401.jpg?resize=350%2C200&ssl=1 1x, https:\/\/i0.wp.com\/correiodasemana.com\/site\/wp-content\/uploads\/2023\/05\/piso-16-05-2023-075401.jpg?resize=525%2C300&ssl=1 1.5x"},"classes":[]},{"id":34211,"url":"https:\/\/correiodasemana.com\/site\/maioria-do-stf-vota-a-favor-da-responsabilizacao-das-redes-sociais\/","url_meta":{"origin":16197,"position":5},"title":"Maioria do STF vota a favor da responsabiliza\u00e7\u00e3o das redes sociais\u00a0","author":"adminredacao","date":"Junho 16, 2025","format":false,"excerpt":"Placar da vota\u00e7\u00e3o \u00e9 de 6 votos a 1 at\u00e9 o momento POR Andr\u00e9 Richter - Rep\u00f3rter da Ag\u00eancia Brasil A maioria dos ministros do Supremo Tribunal Federal (STF) votou nesta quarta-feira (11) a favor da\u00a0responsabiliza\u00e7\u00e3o das plataformas\u00a0que operam as redes sociais pelas postagens ilegais feitas por seus usu\u00e1rios. At\u00e9\u2026","rel":"","context":"In &quot;Atualidade&quot;","block_context":{"text":"Atualidade","link":"https:\/\/correiodasemana.com\/site\/category\/atualidade\/"},"img":{"alt_text":"","src":"https:\/\/i0.wp.com\/correiodasemana.com\/site\/wp-content\/uploads\/2025\/06\/mg_5844_0.webp?resize=350%2C200&ssl=1","width":350,"height":200,"srcset":"https:\/\/i0.wp.com\/correiodasemana.com\/site\/wp-content\/uploads\/2025\/06\/mg_5844_0.webp?resize=350%2C200&ssl=1 1x, https:\/\/i0.wp.com\/correiodasemana.com\/site\/wp-content\/uploads\/2025\/06\/mg_5844_0.webp?resize=525%2C300&ssl=1 1.5x, https:\/\/i0.wp.com\/correiodasemana.com\/site\/wp-content\/uploads\/2025\/06\/mg_5844_0.webp?resize=700%2C400&ssl=1 2x, https:\/\/i0.wp.com\/correiodasemana.com\/site\/wp-content\/uploads\/2025\/06\/mg_5844_0.webp?resize=1050%2C600&ssl=1 3x"},"classes":[]}],"jetpack_sharing_enabled":true,"_links":{"self":[{"href":"https:\/\/correiodasemana.com\/site\/wp-json\/wp\/v2\/posts\/16197","targetHints":{"allow":["GET"]}}],"collection":[{"href":"https:\/\/correiodasemana.com\/site\/wp-json\/wp\/v2\/posts"}],"about":[{"href":"https:\/\/correiodasemana.com\/site\/wp-json\/wp\/v2\/types\/post"}],"author":[{"embeddable":true,"href":"https:\/\/correiodasemana.com\/site\/wp-json\/wp\/v2\/users\/1"}],"replies":[{"embeddable":true,"href":"https:\/\/correiodasemana.com\/site\/wp-json\/wp\/v2\/comments?post=16197"}],"version-history":[{"count":1,"href":"https:\/\/correiodasemana.com\/site\/wp-json\/wp\/v2\/posts\/16197\/revisions"}],"predecessor-version":[{"id":16199,"href":"https:\/\/correiodasemana.com\/site\/wp-json\/wp\/v2\/posts\/16197\/revisions\/16199"}],"wp:featuredmedia":[{"embeddable":true,"href":"https:\/\/correiodasemana.com\/site\/wp-json\/wp\/v2\/media\/16198"}],"wp:attachment":[{"href":"https:\/\/correiodasemana.com\/site\/wp-json\/wp\/v2\/media?parent=16197"}],"wp:term":[{"taxonomy":"category","embeddable":true,"href":"https:\/\/correiodasemana.com\/site\/wp-json\/wp\/v2\/categories?post=16197"},{"taxonomy":"post_tag","embeddable":true,"href":"https:\/\/correiodasemana.com\/site\/wp-json\/wp\/v2\/tags?post=16197"}],"curies":[{"name":"wp","href":"https:\/\/api.w.org\/{rel}","templated":true}]}}