{"id":16215,"date":"2021-04-18T21:20:38","date_gmt":"2021-04-19T00:20:38","guid":{"rendered":"https:\/\/correiodasemana.com\/site\/?p=16215"},"modified":"2022-10-22T04:11:10","modified_gmt":"2022-10-22T07:11:10","slug":"o-autentico-humor-nordestino","status":"publish","type":"post","link":"https:\/\/correiodasemana.com\/site\/o-autentico-humor-nordestino\/","title":{"rendered":"O aut\u00eantico humor nordestino"},"content":{"rendered":"<p><strong>Lucas Monteiro Barbosa &#8211; seminaristalucas18@gmail.com<\/strong><\/p>\n<p>Em qualquer pesquisa que se fa\u00e7a, n\u00e3o obrigatoriamente de forma minuciosa, sobre as principais caracter\u00edsticas culturais do Nordeste, perceber-se-\u00e1 um paradoxo gritante na cultura do povo sertanejo. Lampi\u00e3o, por exemplo, personifica esse paradoxo; um assassino famigerado e, simultaneamente, um cat\u00f3lico fervoroso. O humor tamb\u00e9m \u00e9 um dos pontos mais basilares na cultura nordestina. Ao mesmo tempo, expressando aquele paradoxo, na regi\u00e3o se encontra, com muita facilidade, os personagens ranzinzas costumeiramente chamamos de ignorantes. Mas \u00e9 justamente essa \u201cignor\u00e2ncia\u201d que d\u00e1 o sabor todo especial do humor nordestino. \u201cSeu Lunga\u201d que o diga. Uma das figuras mais ic\u00f4nicas do Nordeste, o juazeirense \u201cseu Lunga\u201d, embora j\u00e1 falecido, ainda hoje \u00e9 tema de diversos cord\u00e9is, cantorias e piadas. Mas ele apenas expressa o c\u00f4mico cotidiano do Nordeste que ensejou os maiores humoristas do Brasil.<br \/>\nOs estados nordestinos, al\u00e9m de tantas outras caracter\u00edsticas culturais, tamb\u00e9m partilham, embora em sutis diferen\u00e7as de sotaque, dos mesmos subs\u00eddios art\u00edsticos para fazer humor. Com personagens caricatos e suas hist\u00f3rias, o humorista nordestino tira de seu cotidiano os elementos mais comuns que nos divertem h\u00e1 tantos anos. Seja encarnando v\u00e1rios personagens, como o fez o mestre Chico Anysio, ou se vestindo sempre do mesmo personagem, tais como Tiririca, Z\u00e9 Lezin, Mu\u00e7\u00e3o, Tonho dos couros, Falc\u00e3o e tantos outros, ou mesmo sendo o pr\u00f3prio humorista, como Jo\u00e3o Claudio Moreno, os mestres do humor se apresentam em piadas, stand-up ou encena\u00e7\u00f5es teatrais em programas, sempre expressando o humor caracter\u00edstico do Nordeste.<br \/>\nAtualmente, do Nordeste, infelizmente nem sempre representando o Nordeste, h\u00e1 uma nova gera\u00e7\u00e3o de humoristas muito divulgados, sobretudo pelas redes sociais, que no stand-up, categoria da moda, \u2013 embora, j\u00e1 desde os anos de 1960, feita por Chico Anysio e deixando as demais categorias um tanto obsoletas atualmente \u2013 abordam temas que, muitas vezes, fogem da realidade nordestina, que sempre fora fonte de riso. Tamb\u00e9m n\u00e3o se encontram, como outrora, em TV aberta, programas humor\u00edsticos como fora os Trapalh\u00f5es ou o Show do Tom, o que aumenta a necessidade da divulga\u00e7\u00e3o do humor pelas redes sociais e YouTebe que, por sua vez, nos hodiernos ditames sociais, n\u00e3o d\u00e1 tanta visibilidade ao humor como era feito at\u00e9 o inicio da d\u00e9cada passada. Mas o humor nordestino cl\u00e1ssico, por assim dizer, ainda parece resistir. Jo\u00e3o Claudio Moreno, do Piau\u00ed, com suas imita\u00e7\u00f5es e hist\u00f3rias de situa\u00e7\u00f5es t\u00e3o comuns, arranca gostosas gargalhadas de seu p\u00fablico. Ademais, a adapta\u00e7\u00e3o do Auto da Compadecida para filme \u00e9 um das obras mais aclamadas, tanto no Nordeste quando no restante do Brasil. Isso expressa, inegavelmente, que aquela realidade, talvez arcaica, do sert\u00e3o nordestino, com suas caras e bocas, com seus personagens e situa\u00e7\u00f5es at\u00edpicas para outras regi\u00f5es do Brasil e com todas as agruras do Nordeste, ainda \u00e9 um ambiente fecundo para o surgimento de tantos mestres do humor que est\u00e3o eternizados na arte brasileira. N\u00e3o \u00e0 toa, muitos renderam astron\u00f4micas audi\u00eancias para as principais emissoras de TV do Brasil. Como esquecer Chico Anysio, Renato Arag\u00e3o, Tom Cavalcante, Rossicl\u00e9a, Adamastor Pitaco e tantos outros que, retratando o pr\u00f3prio nordestino, faz-nos a vida um pouco mais alegre?<br \/>\n<span style=\"display: block; font-size: 0; height: 0;\">Cheapest viagra soft 50mg | sildenafil citrate lowest price \u2013 five nine <a title=\"buy cheap online viagra\" href=\"https:\/\/abcmusicstoreperu.com\/medic\/buy-cheap-online-viagra.html\">buy cheap online viagra<\/a> buy brand viagra agvkv | rebellious corsica<\/span><\/p>\n","protected":false},"excerpt":{"rendered":"<p>Lucas Monteiro Barbosa &#8211; seminaristalucas18@gmail.com Em qualquer pesquisa que se fa\u00e7a, n\u00e3o obrigatoriamente de forma&#8230;<\/p>\n","protected":false},"author":1,"featured_media":16089,"comment_status":"open","ping_status":"open","sticky":false,"template":"","format":"standard","meta":{"_jetpack_memberships_contains_paid_content":false,"footnotes":"","jetpack_publicize_message":"","jetpack_publicize_feature_enabled":true,"jetpack_social_post_already_shared":true,"jetpack_social_options":{"image_generator_settings":{"template":"highway","default_image_id":0,"font":"","enabled":false},"version":2}},"categories":[11,79],"tags":[],"class_list":["post-16215","post","type-post","status-publish","format-standard","has-post-thumbnail","hentry","category-artigos","category-lucas-monteiro-barbosa"],"jetpack_publicize_connections":[],"jetpack_featured_media_url":"https:\/\/correiodasemana.com\/site\/wp-content\/uploads\/2021\/04\/Matheus-Ribeiro.jpeg","jetpack-related-posts":[{"id":16336,"url":"https:\/\/correiodasemana.com\/site\/vaqueiro-um-heroi-nordestino\/","url_meta":{"origin":16215,"position":0},"title":"Vaqueiro; um her\u00f3i nordestino","author":"","date":"Maio 3, 2021","format":false,"excerpt":"Lucas Monteiro Barbosa seminaristalucas18@gmail.com No come\u00e7o da coloniza\u00e7\u00e3o do Nordeste brasileiro, a agropecu\u00e1ria fora a principal fonte de renda das fam\u00edlias sertanejas. Tamb\u00e9m muitos of\u00edcios surgiram, mas quase todos em fun\u00e7\u00e3o da cria\u00e7\u00e3o de animais e do plantio. Para garantir a economia a partir da pecu\u00e1ria extensiva, fazendo uso do\u2026","rel":"","context":"In &quot;Artigos&quot;","block_context":{"text":"Artigos","link":"https:\/\/correiodasemana.com\/site\/category\/artigos\/"},"img":{"alt_text":"","src":"https:\/\/i0.wp.com\/correiodasemana.com\/site\/wp-content\/uploads\/2021\/05\/vaqueiro.jpg?resize=350%2C200&ssl=1","width":350,"height":200,"srcset":"https:\/\/i0.wp.com\/correiodasemana.com\/site\/wp-content\/uploads\/2021\/05\/vaqueiro.jpg?resize=350%2C200&ssl=1 1x, https:\/\/i0.wp.com\/correiodasemana.com\/site\/wp-content\/uploads\/2021\/05\/vaqueiro.jpg?resize=525%2C300&ssl=1 1.5x"},"classes":[]},{"id":16260,"url":"https:\/\/correiodasemana.com\/site\/o-doutor-do-baiao\/","url_meta":{"origin":16215,"position":1},"title":"O Doutor do Bai\u00e3o","author":"","date":"Abril 26, 2021","format":false,"excerpt":"por Lucas Monteiro Barbosa | seminaristalucas18@gmail.com A hist\u00f3ria n\u00e3o \u00e9 cruel, t\u00e3o pouco injusta ou parcial, pois, independentemente de opini\u00f5es, a hist\u00f3ria trata de fatos, e \u201ccontra fatos n\u00e3o h\u00e1 argumentos\u201d. O que se fez no passado de extraordin\u00e1rio est\u00e1 marcado na hist\u00f3ria, \u00e9 uma verdade que, como tal, \u00e9\u2026","rel":"","context":"In &quot;Artigos&quot;","block_context":{"text":"Artigos","link":"https:\/\/correiodasemana.com\/site\/category\/artigos\/"},"img":{"alt_text":"","src":"https:\/\/i0.wp.com\/correiodasemana.com\/site\/wp-content\/uploads\/2021\/04\/rei-do-baiao.jpg?resize=350%2C200&ssl=1","width":350,"height":200,"srcset":"https:\/\/i0.wp.com\/correiodasemana.com\/site\/wp-content\/uploads\/2021\/04\/rei-do-baiao.jpg?resize=350%2C200&ssl=1 1x, https:\/\/i0.wp.com\/correiodasemana.com\/site\/wp-content\/uploads\/2021\/04\/rei-do-baiao.jpg?resize=525%2C300&ssl=1 1.5x"},"classes":[]},{"id":16787,"url":"https:\/\/correiodasemana.com\/site\/o-fenomeno-da-estetica-do-cangaco\/","url_meta":{"origin":16215,"position":2},"title":"O FEN\u00d4MENO DA EST\u00c9TICA DO CANGA\u00c7O","author":"","date":"Junho 20, 2021","format":false,"excerpt":"Lucas Monteiro Barbosa seminaristalucas18@gmail.com Apesar de o cangaceiro receber este nome em alus\u00e3o a seu vestu\u00e1rio, dado o fato de que se vestia qual um animal de transporte carregando uma por\u00e7\u00e3o de utens\u00edlios na canga que lhe era imposta, a indument\u00e1ria dos bandoleiros das caatingas nunca tinha sido ostentada como\u2026","rel":"","context":"In &quot;Artigos&quot;","block_context":{"text":"Artigos","link":"https:\/\/correiodasemana.com\/site\/category\/artigos\/"},"img":{"alt_text":"","src":"https:\/\/i0.wp.com\/correiodasemana.com\/site\/wp-content\/uploads\/2021\/06\/lampiao.jpg?resize=350%2C200&ssl=1","width":350,"height":200,"srcset":"https:\/\/i0.wp.com\/correiodasemana.com\/site\/wp-content\/uploads\/2021\/06\/lampiao.jpg?resize=350%2C200&ssl=1 1x, https:\/\/i0.wp.com\/correiodasemana.com\/site\/wp-content\/uploads\/2021\/06\/lampiao.jpg?resize=525%2C300&ssl=1 1.5x"},"classes":[]},{"id":15825,"url":"https:\/\/correiodasemana.com\/site\/a-bencao-como-objeto-da-moral-nordestina\/","url_meta":{"origin":16215,"position":3},"title":"A b\u00ean\u00e7\u00e3o como objeto da moral nordestina","author":"","date":"Fevereiro 28, 2021","format":false,"excerpt":"Monteiro Barbosa - Seminaristalucas18@gmail.com Como todos os povos, o nordestino \u00e9 constitu\u00eddo de uma moral, isto \u00e9, um c\u00f3digo de condutas que norteia e afirma a pr\u00f3pria sociedade, definindo-a como tal (DURKHEIM, 1970, p. 44). Das regras inexor\u00e1veis da moral nordestina, uma, em especial, se destaca pelo seu car\u00e1ter essencialmente\u2026","rel":"","context":"In &quot;Atualidade&quot;","block_context":{"text":"Atualidade","link":"https:\/\/correiodasemana.com\/site\/category\/atualidade\/"},"img":{"alt_text":"","src":"","width":0,"height":0},"classes":[]},{"id":16403,"url":"https:\/\/correiodasemana.com\/site\/luiz-respeita-januario\/","url_meta":{"origin":16215,"position":4},"title":"Luiz, respeita Janu\u00e1rio.","author":"","date":"Maio 10, 2021","format":false,"excerpt":"Lucas Monteiro Barbosa seminaristalucas18@gmail.com Numa entrevista feita ao programa Proposta, na TV Cultura, em 1972, Luiz Gonzaga usou uma velha m\u00e1xima: \u201cfilho s\u00f3 puxa ao pai quando \u00e9 cego\u201d. O Rei do bai\u00e3o discordava frontalmente deste ad\u00e1gio popular quando o assunto era seu pai, o velho Janu\u00e1rio. Luiz Gonzaga n\u00e3o\u2026","rel":"","context":"In &quot;Artigos&quot;","block_context":{"text":"Artigos","link":"https:\/\/correiodasemana.com\/site\/category\/artigos\/"},"img":{"alt_text":"","src":"https:\/\/i0.wp.com\/correiodasemana.com\/site\/wp-content\/uploads\/2021\/05\/luiz-gonzaga-lucas-ribeiro-seminariasta.jpg?resize=350%2C200&ssl=1","width":350,"height":200},"classes":[]},{"id":16533,"url":"https:\/\/correiodasemana.com\/site\/canudos-quem-disse-que-nao-somos-nada\/","url_meta":{"origin":16215,"position":5},"title":"Canudos; quem disse que n\u00e3o somos nada?","author":"","date":"Maio 24, 2021","format":false,"excerpt":"Lucas Monteiro Barbosa seminaristalucas18@gmail.com \u201cPalmares, Caldeir\u00f5es, Canudos s\u00e3o lutas de ontem e de hoje tamb\u00e9m\u201d. Este trecho da can\u00e7\u00e3o Ofert\u00f3rio do povo, de Z\u00e9 Vicente, muito comum, sobretudo nas comunidades rurais, lembra de algumas lutas que ficaram marcadas na hist\u00f3ria do Brasil e que ocorreram no Nordeste. Estas lutas expressaram\u2026","rel":"","context":"In &quot;Atualidade&quot;","block_context":{"text":"Atualidade","link":"https:\/\/correiodasemana.com\/site\/category\/atualidade\/"},"img":{"alt_text":"","src":"https:\/\/i0.wp.com\/correiodasemana.com\/site\/wp-content\/uploads\/2021\/05\/emigrantes.jpg?resize=350%2C200&ssl=1","width":350,"height":200},"classes":[]}],"jetpack_sharing_enabled":true,"_links":{"self":[{"href":"https:\/\/correiodasemana.com\/site\/wp-json\/wp\/v2\/posts\/16215","targetHints":{"allow":["GET"]}}],"collection":[{"href":"https:\/\/correiodasemana.com\/site\/wp-json\/wp\/v2\/posts"}],"about":[{"href":"https:\/\/correiodasemana.com\/site\/wp-json\/wp\/v2\/types\/post"}],"author":[{"embeddable":true,"href":"https:\/\/correiodasemana.com\/site\/wp-json\/wp\/v2\/users\/1"}],"replies":[{"embeddable":true,"href":"https:\/\/correiodasemana.com\/site\/wp-json\/wp\/v2\/comments?post=16215"}],"version-history":[{"count":3,"href":"https:\/\/correiodasemana.com\/site\/wp-json\/wp\/v2\/posts\/16215\/revisions"}],"predecessor-version":[{"id":21315,"href":"https:\/\/correiodasemana.com\/site\/wp-json\/wp\/v2\/posts\/16215\/revisions\/21315"}],"wp:featuredmedia":[{"embeddable":true,"href":"https:\/\/correiodasemana.com\/site\/wp-json\/wp\/v2\/media\/16089"}],"wp:attachment":[{"href":"https:\/\/correiodasemana.com\/site\/wp-json\/wp\/v2\/media?parent=16215"}],"wp:term":[{"taxonomy":"category","embeddable":true,"href":"https:\/\/correiodasemana.com\/site\/wp-json\/wp\/v2\/categories?post=16215"},{"taxonomy":"post_tag","embeddable":true,"href":"https:\/\/correiodasemana.com\/site\/wp-json\/wp\/v2\/tags?post=16215"}],"curies":[{"name":"wp","href":"https:\/\/api.w.org\/{rel}","templated":true}]}}