{"id":16217,"date":"2021-04-18T21:25:28","date_gmt":"2021-04-19T00:25:28","guid":{"rendered":"https:\/\/correiodasemana.com\/site\/?p=16217"},"modified":"2021-04-18T21:26:27","modified_gmt":"2021-04-19T00:26:27","slug":"criada-a-paroquia-de-santa-luzia-no-bairro-renato-parente","status":"publish","type":"post","link":"https:\/\/correiodasemana.com\/site\/criada-a-paroquia-de-santa-luzia-no-bairro-renato-parente\/","title":{"rendered":"Criada a Par\u00f3quia de Santa Luzia no bairro  Renato Parente"},"content":{"rendered":"<p>Por Samuel Carvalho &#8211; Reda\u00e7\u00e3o Correio da Semana<br \/>\nDurante a celebra\u00e7\u00e3o da Santa Missa no segundo domingo da P\u00e1scoa, dedicada \u00e0 Divina Miseric\u00f3rdia no dia 11 de abril foi assinado o termo de Ere\u00e7\u00e3o Can\u00f4nica da par\u00f3quia de Santa Luzia. A Missa foi presidida pelo bispo diocesano Dom Jos\u00e9 Luiz Gomes de Vasconcelos no bairro Renato Parente e tamb\u00e9m contou com a posse do Padre Jos\u00e9 Airton Liberato Silva, agora \u00e9 o novo P\u00e1roco da cidade de Sobral e primeiro p\u00e1roco da par\u00f3quia de Santa Luzia.<\/p>\n<p><img fetchpriority=\"high\" decoding=\"async\" class=\"alignleft size-medium wp-image-16218\" src=\"https:\/\/correiodasemana.com\/site\/wp-content\/uploads\/2021\/04\/DSC0074-300x201.jpg\" alt=\"\" width=\"300\" height=\"201\" srcset=\"https:\/\/correiodasemana.com\/site\/wp-content\/uploads\/2021\/04\/DSC0074-300x201.jpg 300w, https:\/\/correiodasemana.com\/site\/wp-content\/uploads\/2021\/04\/DSC0074-768x514.jpg 768w, https:\/\/correiodasemana.com\/site\/wp-content\/uploads\/2021\/04\/DSC0074.jpg 999w\" sizes=\"(max-width: 300px) 100vw, 300px\" \/> <img decoding=\"async\" class=\"alignleft size-medium wp-image-16219\" src=\"https:\/\/correiodasemana.com\/site\/wp-content\/uploads\/2021\/04\/DSC0100-300x201.jpg\" alt=\"\" width=\"300\" height=\"201\" srcset=\"https:\/\/correiodasemana.com\/site\/wp-content\/uploads\/2021\/04\/DSC0100-300x201.jpg 300w, https:\/\/correiodasemana.com\/site\/wp-content\/uploads\/2021\/04\/DSC0100-1024x685.jpg 1024w, https:\/\/correiodasemana.com\/site\/wp-content\/uploads\/2021\/04\/DSC0100-768x514.jpg 768w, https:\/\/correiodasemana.com\/site\/wp-content\/uploads\/2021\/04\/DSC0100-1536x1028.jpg 1536w, https:\/\/correiodasemana.com\/site\/wp-content\/uploads\/2021\/04\/DSC0100-2048x1371.jpg 2048w\" sizes=\"(max-width: 300px) 100vw, 300px\" \/> <img decoding=\"async\" class=\"alignleft size-medium wp-image-16220\" src=\"https:\/\/correiodasemana.com\/site\/wp-content\/uploads\/2021\/04\/DSC0109-300x201.jpg\" alt=\"\" width=\"300\" height=\"201\" srcset=\"https:\/\/correiodasemana.com\/site\/wp-content\/uploads\/2021\/04\/DSC0109-300x201.jpg 300w, https:\/\/correiodasemana.com\/site\/wp-content\/uploads\/2021\/04\/DSC0109-1024x685.jpg 1024w, https:\/\/correiodasemana.com\/site\/wp-content\/uploads\/2021\/04\/DSC0109-768x514.jpg 768w, https:\/\/correiodasemana.com\/site\/wp-content\/uploads\/2021\/04\/DSC0109-1536x1028.jpg 1536w, https:\/\/correiodasemana.com\/site\/wp-content\/uploads\/2021\/04\/DSC0109-2048x1371.jpg 2048w\" sizes=\"(max-width: 300px) 100vw, 300px\" \/> <img loading=\"lazy\" decoding=\"async\" class=\"alignleft size-medium wp-image-16221\" src=\"https:\/\/correiodasemana.com\/site\/wp-content\/uploads\/2021\/04\/DSC9803-300x201.jpg\" alt=\"\" width=\"300\" height=\"201\" srcset=\"https:\/\/correiodasemana.com\/site\/wp-content\/uploads\/2021\/04\/DSC9803-300x201.jpg 300w, https:\/\/correiodasemana.com\/site\/wp-content\/uploads\/2021\/04\/DSC9803-768x514.jpg 768w, https:\/\/correiodasemana.com\/site\/wp-content\/uploads\/2021\/04\/DSC9803.jpg 999w\" sizes=\"(max-width: 300px) 100vw, 300px\" \/> <img loading=\"lazy\" decoding=\"async\" class=\"alignleft size-medium wp-image-16222\" src=\"https:\/\/correiodasemana.com\/site\/wp-content\/uploads\/2021\/04\/DSC9973-300x201.jpg\" alt=\"\" width=\"300\" height=\"201\" srcset=\"https:\/\/correiodasemana.com\/site\/wp-content\/uploads\/2021\/04\/DSC9973-300x201.jpg 300w, https:\/\/correiodasemana.com\/site\/wp-content\/uploads\/2021\/04\/DSC9973-768x514.jpg 768w, https:\/\/correiodasemana.com\/site\/wp-content\/uploads\/2021\/04\/DSC9973.jpg 999w\" sizes=\"(max-width: 300px) 100vw, 300px\" \/> <img loading=\"lazy\" decoding=\"async\" class=\"alignleft size-medium wp-image-16223\" src=\"https:\/\/correiodasemana.com\/site\/wp-content\/uploads\/2021\/04\/DSC9988-300x201.jpg\" alt=\"\" width=\"300\" height=\"201\" srcset=\"https:\/\/correiodasemana.com\/site\/wp-content\/uploads\/2021\/04\/DSC9988-300x201.jpg 300w, https:\/\/correiodasemana.com\/site\/wp-content\/uploads\/2021\/04\/DSC9988-1024x685.jpg 1024w, https:\/\/correiodasemana.com\/site\/wp-content\/uploads\/2021\/04\/DSC9988-768x514.jpg 768w, https:\/\/correiodasemana.com\/site\/wp-content\/uploads\/2021\/04\/DSC9988-1536x1028.jpg 1536w, https:\/\/correiodasemana.com\/site\/wp-content\/uploads\/2021\/04\/DSC9988-2048x1371.jpg 2048w\" sizes=\"(max-width: 300px) 100vw, 300px\" \/><br \/>\nConcelebraram junto ao bispo Pe. Airton Liberato, Pe. Agnaldo Tem\u00f3teo, P\u00e1roco da Par\u00f3quia de Nossa Senhora do Patroc\u00ednio e Vig\u00e1rio Geral e Pe. Lucas do Nascimento, P\u00e1roco da Par\u00f3quia de S\u00e3o Jos\u00e9, Sumar\u00e9 e diretor da R\u00e1dio Educadora do Nordeste e do Jornal Correio da Semana. Em raz\u00e3o da pandemia, a celebra\u00e7\u00e3o ocorreu de portas fechadas, via transmiss\u00e3o online nas redes sociais. Apenas os coordenadores de pastorais da nova par\u00f3quia Santa Luzia e a equipe lit\u00fargica puderam estar presentes.<\/p>\n<p>\u201cCom significativo aumento da popula\u00e7\u00e3o e dos desafios pastorais, sobretudo no campo da evangeliza\u00e7\u00e3o e da catequese dentro do territ\u00f3rio da par\u00f3quia de S\u00e3o Paulo ap\u00f3stolo tem sido objeto particular da nossa solicitude pastoral desejar, promover e assegurar o bem espiritual dos fi\u00e9is que residem no bairro Renato Parente e adjacentes. Resolvemos depois de ouvir parecer favor\u00e1vel do reverend\u00edssimo padre Jos\u00e9 Airton Liberato Silva at\u00e9 ent\u00e3o administrador da \u00e1rea pastoral de Santa Luzia em cujo territ\u00f3rio est\u00e1 localizado o bairro Renato Parente e adjacentes e tendo ponderado bem toda a quest\u00e3o com conselho presbiteral a norma do c\u00e2non 515 par\u00e1grafo 2\u00ba do c\u00f3digo de direito c\u00f4nico com o presente decreto erigimos a Par\u00f3quia de Santa Luzia, concede no centro paroquial situado na rua Francisco das Chagas Muniz, n\u00ba 702, Renato Parente, Sobral, Cear\u00e1\u201d diz o Decreto Can\u00f4nico.<\/p>\n<p>Durante a hom\u00edlia Dom Vasconcelos, exortou o povo sobralense e em especial do Bairro Renato Parente para que construam uma parceria entre padre e fi\u00e9is com objetivo de alicer\u00e7ar novas conquistas paroquiais. O bispo diocesano ainda falou sobre a uni\u00e3o das pastorais e das comunidades que precisam est\u00e1 irmanadas em prol da constru\u00e7\u00e3o do reino.<\/p>\n<p>Durante o final da celebra\u00e7\u00e3o, o novo padre empossado discursou sobre a miss\u00e3o dada e refletiu sobre a par\u00f3quia comparando com uma noiva, fez uma breve pondera\u00e7\u00e3o sobre o tempo de espera e sobre a companhia certa para a continuidade das obras na par\u00f3quia. O primeiro p\u00e1roco agradeceu a confian\u00e7a depositada e ressaltou que sempre quis ser um p\u00e1roco. Ao fim da missa foi exibido um slide que mostrou as proje\u00e7\u00f5es sobre as futuras instala\u00e7\u00f5es da par\u00f3quia.<\/p>\n","protected":false},"excerpt":{"rendered":"<p>Por Samuel Carvalho &#8211; Reda\u00e7\u00e3o Correio da Semana Durante a celebra\u00e7\u00e3o da Santa Missa no&#8230;<\/p>\n","protected":false},"author":1,"featured_media":16222,"comment_status":"open","ping_status":"open","sticky":false,"template":"","format":"standard","meta":{"_jetpack_memberships_contains_paid_content":false,"footnotes":"","jetpack_publicize_message":"","jetpack_publicize_feature_enabled":true,"jetpack_social_post_already_shared":true,"jetpack_social_options":{"image_generator_settings":{"template":"highway","default_image_id":0,"font":"","enabled":false},"version":2}},"categories":[4,39],"tags":[],"class_list":["post-16217","post","type-post","status-publish","format-standard","has-post-thumbnail","hentry","category-diocese","category-igreja"],"jetpack_publicize_connections":[],"jetpack_featured_media_url":"https:\/\/correiodasemana.com\/site\/wp-content\/uploads\/2021\/04\/DSC9973.jpg","jetpack-related-posts":[{"id":18462,"url":"https:\/\/correiodasemana.com\/site\/santa-missa-marca-o-encerramento-do-ano-de-sao-jose-na-diocese-de-sobral\/","url_meta":{"origin":16217,"position":0},"title":"Santa missa marca o encerramento do ano de S\u00e3o Jos\u00e9 na Diocese de Sobral","author":"","date":"Dezembro 27, 2021","format":false,"excerpt":"Por: Thais Helena (Reda\u00e7\u00e3o Jornal Correio da Semana) Para celebrar os 150 anos da declara\u00e7\u00e3o do Esposo de Maria como Padroeiro da Igreja Cat\u00f3lica, no dia 08 de dezembro de 2020, o Papa Francisco convocou o \u201cAno de S\u00e3o Jos\u00e9\u201d com a Carta apost\u00f3lica \u201cPatris corde \u2013 Com cora\u00e7\u00e3o de\u2026","rel":"","context":"In &quot;Atualidade&quot;","block_context":{"text":"Atualidade","link":"https:\/\/correiodasemana.com\/site\/category\/atualidade\/"},"img":{"alt_text":"","src":"https:\/\/i0.wp.com\/correiodasemana.com\/site\/wp-content\/uploads\/2021\/12\/IMG_0834-scaled.jpg?resize=350%2C200&ssl=1","width":350,"height":200,"srcset":"https:\/\/i0.wp.com\/correiodasemana.com\/site\/wp-content\/uploads\/2021\/12\/IMG_0834-scaled.jpg?resize=350%2C200&ssl=1 1x, https:\/\/i0.wp.com\/correiodasemana.com\/site\/wp-content\/uploads\/2021\/12\/IMG_0834-scaled.jpg?resize=525%2C300&ssl=1 1.5x, https:\/\/i0.wp.com\/correiodasemana.com\/site\/wp-content\/uploads\/2021\/12\/IMG_0834-scaled.jpg?resize=700%2C400&ssl=1 2x, https:\/\/i0.wp.com\/correiodasemana.com\/site\/wp-content\/uploads\/2021\/12\/IMG_0834-scaled.jpg?resize=1050%2C600&ssl=1 3x, https:\/\/i0.wp.com\/correiodasemana.com\/site\/wp-content\/uploads\/2021\/12\/IMG_0834-scaled.jpg?resize=1400%2C800&ssl=1 4x"},"classes":[]},{"id":10639,"url":"https:\/\/correiodasemana.com\/site\/pe-renato-torna-se-novo-paroco-da-paroquia-de-nossa-senhora-da-conceicao-em-martinopole\/","url_meta":{"origin":16217,"position":1},"title":"Pe. Renato torna-se novo p\u00e1roco da Par\u00f3quia  de Nossa Senhora da Concei\u00e7\u00e3o, em Martin\u00f3pole","author":"","date":"Fevereiro 3, 2020","format":false,"excerpt":"Em missa presidida por Dom Vasconcelos, e concelebrada pelo Pe. Jos\u00e9 Marcone, o p\u00e1roco Renato Welton foi empossado no \u00faltimo domingo (26), como novo p\u00e1roco da Par\u00f3quia de Nossa Senhora da Concei\u00e7\u00e3o, em Martin\u00f3pole. Em homilia, Dom Vasconcelos explicou a igreja que acolhe a todos como fam\u00edlia, citando a par\u00f3quia\u2026","rel":"","context":"In &quot;Diocese&quot;","block_context":{"text":"Diocese","link":"https:\/\/correiodasemana.com\/site\/category\/diocese\/"},"img":{"alt_text":"","src":"https:\/\/i0.wp.com\/correiodasemana.com\/site\/wp-content\/uploads\/2020\/02\/foto-3.jpg?resize=350%2C200&ssl=1","width":350,"height":200,"srcset":"https:\/\/i0.wp.com\/correiodasemana.com\/site\/wp-content\/uploads\/2020\/02\/foto-3.jpg?resize=350%2C200&ssl=1 1x, https:\/\/i0.wp.com\/correiodasemana.com\/site\/wp-content\/uploads\/2020\/02\/foto-3.jpg?resize=525%2C300&ssl=1 1.5x"},"classes":[]},{"id":37676,"url":"https:\/\/correiodasemana.com\/site\/regiao-episcopal-sede-paroquias-realizam-mutirao-de-confissoes-no-periodo-quaresmal\/","url_meta":{"origin":16217,"position":2},"title":"Regi\u00e3o Episcopal Sede: Par\u00f3quias realizam Mutir\u00e3o de Confiss\u00f5es no per\u00edodo quaresmal","author":"adminredacao","date":"Mar\u00e7o 10, 2026","format":false,"excerpt":"Desde o dia 03 de mar\u00e7o, as par\u00f3quias que fazem parte da Regi\u00e3o Episcopal Sede est\u00e3o realizando o Mutir\u00e3o de Confiss\u00f5es em diversas localidades dos munic\u00edpios de Sobral e Forquilha, incluindo o distrito de Jord\u00e3o. A iniciativa acontece anualmente durante o tempo da Quaresma, per\u00edodo em que a Igreja convida\u2026","rel":"","context":"In &quot;Atualidade&quot;","block_context":{"text":"Atualidade","link":"https:\/\/correiodasemana.com\/site\/category\/atualidade\/"},"img":{"alt_text":"","src":"https:\/\/i0.wp.com\/correiodasemana.com\/site\/wp-content\/uploads\/2026\/03\/Quase-Paroquia-de-Nossa-Senhora-da-Saude-Jordao-1.jpeg?resize=350%2C200&ssl=1","width":350,"height":200,"srcset":"https:\/\/i0.wp.com\/correiodasemana.com\/site\/wp-content\/uploads\/2026\/03\/Quase-Paroquia-de-Nossa-Senhora-da-Saude-Jordao-1.jpeg?resize=350%2C200&ssl=1 1x, https:\/\/i0.wp.com\/correiodasemana.com\/site\/wp-content\/uploads\/2026\/03\/Quase-Paroquia-de-Nossa-Senhora-da-Saude-Jordao-1.jpeg?resize=525%2C300&ssl=1 1.5x, https:\/\/i0.wp.com\/correiodasemana.com\/site\/wp-content\/uploads\/2026\/03\/Quase-Paroquia-de-Nossa-Senhora-da-Saude-Jordao-1.jpeg?resize=700%2C400&ssl=1 2x, https:\/\/i0.wp.com\/correiodasemana.com\/site\/wp-content\/uploads\/2026\/03\/Quase-Paroquia-de-Nossa-Senhora-da-Saude-Jordao-1.jpeg?resize=1050%2C600&ssl=1 3x"},"classes":[]},{"id":26863,"url":"https:\/\/correiodasemana.com\/site\/paroquia-de-sao-jose-celebra-10-anos-de-missao-e-evangelizacao-com-dedicacao-da-igreja-matriz\/","url_meta":{"origin":16217,"position":3},"title":"Par\u00f3quia de S\u00e3o Jos\u00e9 celebra 10 anos de miss\u00e3o e evangeliza\u00e7\u00e3o com dedica\u00e7\u00e3o da igreja matriz","author":"adminredacao","date":"Outubro 17, 2023","format":false,"excerpt":"Em Sobral, a par\u00f3quia dedicada ao patrono das fam\u00edlias, S\u00e3o Jos\u00e9, celebrou solenemente na \u00faltima segunda-feira, 09\/10, os 10 anos da comunidade paroquial. Ap\u00f3s o per\u00edodo de revitaliza\u00e7\u00e3o, as portas foram abertas no in\u00edcio da celebra\u00e7\u00e3o onde houve a dedica\u00e7\u00e3o do altar da igreja presidida pelo bispo de Sobral, Dom\u2026","rel":"","context":"In &quot;Atualidade&quot;","block_context":{"text":"Atualidade","link":"https:\/\/correiodasemana.com\/site\/category\/atualidade\/"},"img":{"alt_text":"","src":"https:\/\/i0.wp.com\/correiodasemana.com\/site\/wp-content\/uploads\/2023\/10\/WhatsApp-Image-2023-10-13-at-21.34.56-1.jpeg?resize=350%2C200&ssl=1","width":350,"height":200,"srcset":"https:\/\/i0.wp.com\/correiodasemana.com\/site\/wp-content\/uploads\/2023\/10\/WhatsApp-Image-2023-10-13-at-21.34.56-1.jpeg?resize=350%2C200&ssl=1 1x, https:\/\/i0.wp.com\/correiodasemana.com\/site\/wp-content\/uploads\/2023\/10\/WhatsApp-Image-2023-10-13-at-21.34.56-1.jpeg?resize=525%2C300&ssl=1 1.5x, https:\/\/i0.wp.com\/correiodasemana.com\/site\/wp-content\/uploads\/2023\/10\/WhatsApp-Image-2023-10-13-at-21.34.56-1.jpeg?resize=700%2C400&ssl=1 2x, https:\/\/i0.wp.com\/correiodasemana.com\/site\/wp-content\/uploads\/2023\/10\/WhatsApp-Image-2023-10-13-at-21.34.56-1.jpeg?resize=1050%2C600&ssl=1 3x"},"classes":[]},{"id":27728,"url":"https:\/\/correiodasemana.com\/site\/padre-fabio-mota-se-despede-da-capela-nossa-senhora-das-gracas\/","url_meta":{"origin":16217,"position":4},"title":"Padre F\u00e1bio Mota se despede da capela Nossa Senhora das Gra\u00e7as","author":"adminredacao","date":"Dezembro 19, 2023","format":false,"excerpt":"Ap\u00f3s seis anos, o padre F\u00e1bio Mota deixou a Capela de Nossa Senhora das Gra\u00e7as. Ele foi designado pelo bispo de Sobral, dom Jos\u00e9 Luiz Gomes de Vasconcelos, como P\u00e1roco da Par\u00f3quia S\u00e3o Paulo Ap\u00f3stolo, no Bairro Terrenos Novos. A missa de despedida dele foi no dia 10 de dezembro,\u2026","rel":"","context":"In &quot;Atualidade&quot;","block_context":{"text":"Atualidade","link":"https:\/\/correiodasemana.com\/site\/category\/atualidade\/"},"img":{"alt_text":"","src":"https:\/\/i0.wp.com\/correiodasemana.com\/site\/wp-content\/uploads\/2023\/12\/WhatsApp-Image-2023-12-15-at-12.40.05.jpeg?resize=350%2C200&ssl=1","width":350,"height":200,"srcset":"https:\/\/i0.wp.com\/correiodasemana.com\/site\/wp-content\/uploads\/2023\/12\/WhatsApp-Image-2023-12-15-at-12.40.05.jpeg?resize=350%2C200&ssl=1 1x, https:\/\/i0.wp.com\/correiodasemana.com\/site\/wp-content\/uploads\/2023\/12\/WhatsApp-Image-2023-12-15-at-12.40.05.jpeg?resize=525%2C300&ssl=1 1.5x, https:\/\/i0.wp.com\/correiodasemana.com\/site\/wp-content\/uploads\/2023\/12\/WhatsApp-Image-2023-12-15-at-12.40.05.jpeg?resize=700%2C400&ssl=1 2x, https:\/\/i0.wp.com\/correiodasemana.com\/site\/wp-content\/uploads\/2023\/12\/WhatsApp-Image-2023-12-15-at-12.40.05.jpeg?resize=1050%2C600&ssl=1 3x, https:\/\/i0.wp.com\/correiodasemana.com\/site\/wp-content\/uploads\/2023\/12\/WhatsApp-Image-2023-12-15-at-12.40.05.jpeg?resize=1400%2C800&ssl=1 4x"},"classes":[]},{"id":29173,"url":"https:\/\/correiodasemana.com\/site\/abertura-do-mes-mariano-paroquias-celebram-despertar-com-maria\/","url_meta":{"origin":16217,"position":5},"title":"Abertura do M\u00eas Mariano: Par\u00f3quias celebram \u201cDespertar com Maria\u201d","author":"adminredacao","date":"Maio 6, 2024","format":false,"excerpt":"No raiar da \u00faltima quarta-feira, 1\u00ba de maio, algumas par\u00f3quias da Diocese de Sobral realizaram o \u201cDespertar com Maria\u201d onde fi\u00e9is cat\u00f3licos, devotos da virgem Maria participaram de programa\u00e7\u00e3o mariana em suas determinadas par\u00f3quias. O M\u00eas Mariano \u00e9 conhecido como m\u00eas dedicado a Virgem Maria. No dia 13 de maio,\u2026","rel":"","context":"In &quot;Atualidade&quot;","block_context":{"text":"Atualidade","link":"https:\/\/correiodasemana.com\/site\/category\/atualidade\/"},"img":{"alt_text":"","src":"https:\/\/i0.wp.com\/correiodasemana.com\/site\/wp-content\/uploads\/2024\/05\/Se-Catedral-de-Nossa-Senhora-da-Conceicao-1.jpeg?resize=350%2C200&ssl=1","width":350,"height":200,"srcset":"https:\/\/i0.wp.com\/correiodasemana.com\/site\/wp-content\/uploads\/2024\/05\/Se-Catedral-de-Nossa-Senhora-da-Conceicao-1.jpeg?resize=350%2C200&ssl=1 1x, https:\/\/i0.wp.com\/correiodasemana.com\/site\/wp-content\/uploads\/2024\/05\/Se-Catedral-de-Nossa-Senhora-da-Conceicao-1.jpeg?resize=525%2C300&ssl=1 1.5x, https:\/\/i0.wp.com\/correiodasemana.com\/site\/wp-content\/uploads\/2024\/05\/Se-Catedral-de-Nossa-Senhora-da-Conceicao-1.jpeg?resize=700%2C400&ssl=1 2x, https:\/\/i0.wp.com\/correiodasemana.com\/site\/wp-content\/uploads\/2024\/05\/Se-Catedral-de-Nossa-Senhora-da-Conceicao-1.jpeg?resize=1050%2C600&ssl=1 3x, https:\/\/i0.wp.com\/correiodasemana.com\/site\/wp-content\/uploads\/2024\/05\/Se-Catedral-de-Nossa-Senhora-da-Conceicao-1.jpeg?resize=1400%2C800&ssl=1 4x"},"classes":[]}],"jetpack_sharing_enabled":true,"_links":{"self":[{"href":"https:\/\/correiodasemana.com\/site\/wp-json\/wp\/v2\/posts\/16217","targetHints":{"allow":["GET"]}}],"collection":[{"href":"https:\/\/correiodasemana.com\/site\/wp-json\/wp\/v2\/posts"}],"about":[{"href":"https:\/\/correiodasemana.com\/site\/wp-json\/wp\/v2\/types\/post"}],"author":[{"embeddable":true,"href":"https:\/\/correiodasemana.com\/site\/wp-json\/wp\/v2\/users\/1"}],"replies":[{"embeddable":true,"href":"https:\/\/correiodasemana.com\/site\/wp-json\/wp\/v2\/comments?post=16217"}],"version-history":[{"count":1,"href":"https:\/\/correiodasemana.com\/site\/wp-json\/wp\/v2\/posts\/16217\/revisions"}],"predecessor-version":[{"id":16224,"href":"https:\/\/correiodasemana.com\/site\/wp-json\/wp\/v2\/posts\/16217\/revisions\/16224"}],"wp:featuredmedia":[{"embeddable":true,"href":"https:\/\/correiodasemana.com\/site\/wp-json\/wp\/v2\/media\/16222"}],"wp:attachment":[{"href":"https:\/\/correiodasemana.com\/site\/wp-json\/wp\/v2\/media?parent=16217"}],"wp:term":[{"taxonomy":"category","embeddable":true,"href":"https:\/\/correiodasemana.com\/site\/wp-json\/wp\/v2\/categories?post=16217"},{"taxonomy":"post_tag","embeddable":true,"href":"https:\/\/correiodasemana.com\/site\/wp-json\/wp\/v2\/tags?post=16217"}],"curies":[{"name":"wp","href":"https:\/\/api.w.org\/{rel}","templated":true}]}}