{"id":16508,"date":"2021-05-17T01:12:42","date_gmt":"2021-05-17T04:12:42","guid":{"rendered":"https:\/\/correiodasemana.com\/site\/?p=16508"},"modified":"2021-05-17T01:12:42","modified_gmt":"2021-05-17T04:12:42","slug":"cristaos-desafiados","status":"publish","type":"post","link":"https:\/\/correiodasemana.com\/site\/cristaos-desafiados\/","title":{"rendered":"CRIST\u00c3OS DESAFIADOS"},"content":{"rendered":"<p>Os crist\u00e3os constituem a maioria absoluta da popula\u00e7\u00e3o no Brasil, revelam as estat\u00edsticas atuais. Informa\u00e7\u00e3o muito relevante da geografia religiosa, a ser confrontada com a realidade brasileira, para avalia\u00e7\u00f5es a respeito do contexto sociocultural, educativo e cient\u00edfico-tecnol\u00f3gico. Os valores e princ\u00edpios religiosos influenciam os rumos e as din\u00e2micas de uma sociedade. Tendem a incidir, de maneira constitutiva, no \u201cDNA cultural\u201d do povo. Sabe-se que o contexto religioso contribui para a promo\u00e7\u00e3o ou comprometimento da paz. Nessa perspectiva, pr\u00e1ticas religiosas onde h\u00e1 consenso sobre Deus \u2013 Deus da vida e da paz \u2013 deveriam produzir frutos condizentes com a f\u00e9 professada. Causa, pois, estranheza quando esses princ\u00edpios religiosos n\u00e3o conseguem contribuir com processos de humaniza\u00e7\u00e3o \u00e0 altura da concep\u00e7\u00e3o sagrada da dignidade humana. Uma situa\u00e7\u00e3o estranha e inaceit\u00e1vel.<br \/>\nUrge revis\u00f5es c\u00e9leres e a interpela\u00e7\u00e3o da consci\u00eancia de todos que vivenciam as muitas pr\u00e1ticas religiosas. Todos s\u00e3o desafiados a adotar conduta coerente e, assim, ajudar a configurar novo contexto social a partir da f\u00e9 professada. Nessa perspectiva, h\u00e1 ponto importante para reflex\u00e3o: o Brasil, de maioria absoluta crist\u00e3, convive com valores e princ\u00edpios que est\u00e3o na contram\u00e3o das li\u00e7\u00f5es de Cristo Jesus, a pedra angular do Cristianismo. Cabe, pois, uma interroga\u00e7\u00e3o aos crist\u00e3os: vive-se, de fato, o Evangelho de Cristo na sociedade brasileira? Essa pergunta precisa inspirar novas perspectivas capazes de qualificar os tecidos social, econ\u00f4mico e pol\u00edtico do pa\u00eds, t\u00e3o fragilizados, produzindo tristes realidades \u2013 a desalmada desigualdade social, as polariza\u00e7\u00f5es pol\u00edticas e a car\u00eancia de l\u00edderes qualificados. Realidades que se contrastam com as riquezas do Brasil.<br \/>\nA resposta h\u00e1 de considerar que o Cristianismo traz a genuinidade do amor, mas nem sempre \u00e9 praticado pelos pr\u00f3prios crist\u00e3os. Ainda que sejam reconhecidos testemunhos generosos, prof\u00e9ticos e muitos hero\u00edsmos, \u00e9 gesto de humildade reconhecer que, com frequ\u00eancia, n\u00e3o se vive o que se prega. Como uma sociedade de maioria crist\u00e3 consegue conviver com o aumento da dist\u00e2ncia entre os muitos que t\u00eam pouco e os poucos que t\u00eam muito? Os valores crist\u00e3os ainda precisam incidir e formatar din\u00e2micas culturais para garantir substratos formativos que possam alicer\u00e7ar cidadanias exemplares, entendimentos l\u00facidos na solu\u00e7\u00e3o dos problemas, respostas corajosas de cidad\u00e3os e cidad\u00e3s capazes de promover o desenvolvimento integral.<br \/>\nO arcabou\u00e7o do Cristianismo \u00e9 uma incontest\u00e1vel alavanca para impulsionar a sociedade rumo ao equil\u00edbrio, inspirando qualificado di\u00e1logo pol\u00edtico e novas configura\u00e7\u00f5es culturais. Parece, para usar uma cena simb\u00f3lica, que os crist\u00e3os est\u00e3o usando capa de couro enquanto fazem chover sobre si a prega\u00e7\u00e3o do Evangelho, o ensino de sua doutrina e muitos testemunhos de f\u00e9. Ora, o an\u00fancio do Evangelho \u00e9 obra de transforma\u00e7\u00e3o radical, dos entendimentos \u00e0 conduta \u2013 foi assim, paradigmaticamente, nos prim\u00f3rdios do Cristianismo, na vida dos ap\u00f3stolos, e ao longo dos seus mais de dois mil anos de hist\u00f3ria. Suas propriedades, pela for\u00e7a da Palavra, t\u00eam prerrogativas para mudar mentalidades e condutas, alicer\u00e7ando uma cultura da vida e da paz. H\u00e1 de se perguntar a respeito de equ\u00edvocos na viv\u00eancia da f\u00e9 e redobrar a aten\u00e7\u00e3o sobre os riscos de se neutralizar o que \u00e9 pr\u00f3prio da Palavra de Deus no Cristianismo \u2013 heran\u00e7a do Juda\u00edsmo, enriquecida com a encarna\u00e7\u00e3o do Verbo, Jesus Cristo, o filho de Deus, Redentor e Salvador.<br \/>\nLembrando o Salmo 118, a Palavra \u00e9 l\u00e2mpada para os p\u00e9s e luz luzente para o caminho. Indica o rumo para superar um cristianismo torto que admite a centralidade da Palavra, mas a amorda\u00e7a com interesses e manipula\u00e7\u00f5es pol\u00edticas cartoriais. Os resultados s\u00e3o p\u00edfios, com uma cultura que amarga preju\u00edzos porque muitos crist\u00e3os adotam pr\u00e1ticas religiosas pouco transformadoras. Pessoas com convic\u00e7\u00f5es intimistas demais ou estreitadas a ponto de se vender a ideologias ou a interesses pol\u00edtico-partid\u00e1rios. Os crist\u00e3os est\u00e3o desafiados a responder a esta pergunta, com humildade e sabedoria: vive-se, de fato, o Evangelho de Cristo na sociedade brasileira? Essa resposta pode ser o recome\u00e7o de uma grande mudan\u00e7a civilizat\u00f3ria.<br \/>\nDom Walmor Oliveira de Azevedo &#8211; Arcebispo de Belo Horizonte (MG)<\/p>\n","protected":false},"excerpt":{"rendered":"<p>Os crist\u00e3os constituem a maioria absoluta da popula\u00e7\u00e3o no Brasil, revelam as estat\u00edsticas atuais. Informa\u00e7\u00e3o&#8230;<\/p>\n","protected":false},"author":1,"featured_media":79,"comment_status":"open","ping_status":"open","sticky":false,"template":"","format":"standard","meta":{"_jetpack_memberships_contains_paid_content":false,"footnotes":"","jetpack_publicize_message":"","jetpack_publicize_feature_enabled":true,"jetpack_social_post_already_shared":true,"jetpack_social_options":{"image_generator_settings":{"template":"highway","default_image_id":0,"font":"","enabled":false},"version":2}},"categories":[24,4,39],"tags":[],"class_list":["post-16508","post","type-post","status-publish","format-standard","has-post-thumbnail","hentry","category-a-voz-do-pastor","category-diocese","category-igreja"],"jetpack_publicize_connections":[],"jetpack_featured_media_url":"https:\/\/correiodasemana.com\/site\/wp-content\/uploads\/2019\/07\/Dom-Vasconcelos-posses.jpg","jetpack-related-posts":[{"id":21889,"url":"https:\/\/correiodasemana.com\/site\/entrar-pela-porta-da-fe\/","url_meta":{"origin":16508,"position":0},"title":"Entrar pela porta da f\u00e9","author":"","date":"Novembro 28, 2022","format":false,"excerpt":"Entrar pela porta da f\u00e9 \u00e9 uma indica\u00e7\u00e3o preciosa, particularmente para os crist\u00e3os, pois, no Brasil, s\u00e3o urgentes os funcionamentos e as solu\u00e7\u00f5es coerentes com os ensinamentos de Jesus Cristo. Aqueles que seguem Jesus s\u00e3o desafiados a n\u00e3o agir na contram\u00e3o do Evangelho do Mestre. Os crist\u00e3os sabem, pois assim\u2026","rel":"","context":"In &quot;A voz do Pastor&quot;","block_context":{"text":"A voz do Pastor","link":"https:\/\/correiodasemana.com\/site\/category\/a-voz-do-pastor\/"},"img":{"alt_text":"","src":"https:\/\/i0.wp.com\/correiodasemana.com\/site\/wp-content\/uploads\/2020\/11\/dom-vasconcelos-celebra-105-anos-da-diocese-de-sobral-3.jpg?resize=350%2C200&ssl=1","width":350,"height":200,"srcset":"https:\/\/i0.wp.com\/correiodasemana.com\/site\/wp-content\/uploads\/2020\/11\/dom-vasconcelos-celebra-105-anos-da-diocese-de-sobral-3.jpg?resize=350%2C200&ssl=1 1x, https:\/\/i0.wp.com\/correiodasemana.com\/site\/wp-content\/uploads\/2020\/11\/dom-vasconcelos-celebra-105-anos-da-diocese-de-sobral-3.jpg?resize=525%2C300&ssl=1 1.5x, https:\/\/i0.wp.com\/correiodasemana.com\/site\/wp-content\/uploads\/2020\/11\/dom-vasconcelos-celebra-105-anos-da-diocese-de-sobral-3.jpg?resize=700%2C400&ssl=1 2x"},"classes":[]},{"id":15972,"url":"https:\/\/correiodasemana.com\/site\/o-papa-francisco-e-o-isla-tres-pilares-de-um-magisterio\/","url_meta":{"origin":16508,"position":1},"title":"O Papa Francisco e o Isl\u00e3, tr\u00eas pilares de um magist\u00e9rio","author":"","date":"Mar\u00e7o 14, 2021","format":false,"excerpt":"Um fio condutor une os discursos program\u00e1ticos proferidos em Baku, no Cairo e Ur, indicando a necessidade de uma religiosidade aut\u00eantica para adorar a Deus e amar os irm\u00e3os e um compromisso concreto com a justi\u00e7a e a paz Por Andrea Tornielli - Vatican News H\u00e1 um fio condutor que\u2026","rel":"","context":"In &quot;A voz do Pastor&quot;","block_context":{"text":"A voz do Pastor","link":"https:\/\/correiodasemana.com\/site\/category\/a-voz-do-pastor\/"},"img":{"alt_text":"","src":"https:\/\/i0.wp.com\/correiodasemana.com\/site\/wp-content\/uploads\/2019\/07\/Dom-Vasconcelos-posses.jpg?resize=350%2C200&ssl=1","width":350,"height":200,"srcset":"https:\/\/i0.wp.com\/correiodasemana.com\/site\/wp-content\/uploads\/2019\/07\/Dom-Vasconcelos-posses.jpg?resize=350%2C200&ssl=1 1x, https:\/\/i0.wp.com\/correiodasemana.com\/site\/wp-content\/uploads\/2019\/07\/Dom-Vasconcelos-posses.jpg?resize=525%2C300&ssl=1 1.5x, https:\/\/i0.wp.com\/correiodasemana.com\/site\/wp-content\/uploads\/2019\/07\/Dom-Vasconcelos-posses.jpg?resize=700%2C400&ssl=1 2x"},"classes":[]},{"id":16988,"url":"https:\/\/correiodasemana.com\/site\/martirios-e-perseguicoes-de-hoje\/","url_meta":{"origin":16508,"position":2},"title":"Mart\u00edrios e persegui\u00e7\u00f5es de hoje","author":"","date":"Julho 12, 2021","format":false,"excerpt":"\u201cO sangue dos m\u00e1rtires \u00e9 a semente de novos crist\u00e3os\u201d. Essa frase de Tertuliano, t\u00e3o conhecida, nos remonta ao terceiro s\u00e9culo da era crist\u00e3, em uma realidade de mart\u00edrios e persegui\u00e7\u00f5es constantes ao povo crist\u00e3o. Mas essa realidade n\u00e3o ficou apenas no passado. Segundo um diagn\u00f3stico feito pelo Papa Francisco,\u2026","rel":"","context":"In &quot;Artigos&quot;","block_context":{"text":"Artigos","link":"https:\/\/correiodasemana.com\/site\/category\/artigos\/"},"img":{"alt_text":"","src":"https:\/\/i0.wp.com\/correiodasemana.com\/site\/wp-content\/uploads\/2019\/07\/editorial-cs.jpg?resize=350%2C200&ssl=1","width":350,"height":200,"srcset":"https:\/\/i0.wp.com\/correiodasemana.com\/site\/wp-content\/uploads\/2019\/07\/editorial-cs.jpg?resize=350%2C200&ssl=1 1x, https:\/\/i0.wp.com\/correiodasemana.com\/site\/wp-content\/uploads\/2019\/07\/editorial-cs.jpg?resize=525%2C300&ssl=1 1.5x"},"classes":[]},{"id":13557,"url":"https:\/\/correiodasemana.com\/site\/cristaos-na-politica\/","url_meta":{"origin":16508,"position":3},"title":"CRIST\u00c3OS NA POL\u00cdTICA","author":"","date":"Setembro 15, 2020","format":false,"excerpt":"Um dos maiores desafios para o Cristianismo no mundo de hoje \u00e9 a presen\u00e7a efetiva dos crist\u00e3os na sociedade, assumindo com responsabilidade a vida pol\u00edtica, econ\u00f4mica e cultural. Os crist\u00e3os, em virtude da f\u00e9 professada e celebrada, n\u00e3o podem assistir com indiferen\u00e7a ou passividade ao desenrolar da hist\u00f3ria, como simples\u2026","rel":"","context":"In &quot;A voz do Pastor&quot;","block_context":{"text":"A voz do Pastor","link":"https:\/\/correiodasemana.com\/site\/category\/a-voz-do-pastor\/"},"img":{"alt_text":"","src":"https:\/\/i0.wp.com\/correiodasemana.com\/site\/wp-content\/uploads\/2019\/07\/Dom-Vasconcelos-posses.jpg?resize=350%2C200&ssl=1","width":350,"height":200,"srcset":"https:\/\/i0.wp.com\/correiodasemana.com\/site\/wp-content\/uploads\/2019\/07\/Dom-Vasconcelos-posses.jpg?resize=350%2C200&ssl=1 1x, https:\/\/i0.wp.com\/correiodasemana.com\/site\/wp-content\/uploads\/2019\/07\/Dom-Vasconcelos-posses.jpg?resize=525%2C300&ssl=1 1.5x, https:\/\/i0.wp.com\/correiodasemana.com\/site\/wp-content\/uploads\/2019\/07\/Dom-Vasconcelos-posses.jpg?resize=700%2C400&ssl=1 2x"},"classes":[]},{"id":30622,"url":"https:\/\/correiodasemana.com\/site\/instalada-no-senado-federal-uma-frente-parlamentar-catolica-apostolica-romana\/","url_meta":{"origin":16508,"position":4},"title":"Instalada no Senado Federal uma Frente Parlamentar Cat\u00f3lica Apost\u00f3lica Romana","author":"adminredacao","date":"Setembro 9, 2024","format":false,"excerpt":"Foi instalada, na manh\u00e3 desta quarta-feira, 4, a Frente Parlamentar Cat\u00f3lica Apost\u00f3lica Romana no Senado Federal. A cria\u00e7\u00e3o do grupo \u00e9 proposi\u00e7\u00e3o do senador Astronauta Marcos Pontes e conta com 12 senadores. O evento contou com a presen\u00e7a do arcebispo de Bras\u00edlia (DF), cardeal Paulo Cezar Costa, e de representantes\u2026","rel":"","context":"In &quot;Atualidade&quot;","block_context":{"text":"Atualidade","link":"https:\/\/correiodasemana.com\/site\/category\/atualidade\/"},"img":{"alt_text":"","src":"https:\/\/i0.wp.com\/correiodasemana.com\/site\/wp-content\/uploads\/2024\/09\/Frente-Parlamentar-Catolica-Senado-3.jpg?resize=350%2C200&ssl=1","width":350,"height":200,"srcset":"https:\/\/i0.wp.com\/correiodasemana.com\/site\/wp-content\/uploads\/2024\/09\/Frente-Parlamentar-Catolica-Senado-3.jpg?resize=350%2C200&ssl=1 1x, https:\/\/i0.wp.com\/correiodasemana.com\/site\/wp-content\/uploads\/2024\/09\/Frente-Parlamentar-Catolica-Senado-3.jpg?resize=525%2C300&ssl=1 1.5x, https:\/\/i0.wp.com\/correiodasemana.com\/site\/wp-content\/uploads\/2024\/09\/Frente-Parlamentar-Catolica-Senado-3.jpg?resize=700%2C400&ssl=1 2x"},"classes":[]},{"id":32790,"url":"https:\/\/correiodasemana.com\/site\/cristaos-catolicos-participam-de-retiros-de-carnaval-em-sobral\/","url_meta":{"origin":16508,"position":5},"title":"Crist\u00e3os cat\u00f3licos participam de Retiros de Carnaval, em Sobral","author":"adminredacao","date":"Mar\u00e7o 10, 2025","format":false,"excerpt":"Abrindo os Retiros de Carnaval em Sobral, a Prefeitura de Sobral realizou a primeira edi\u00e7\u00e3o do Sobral de F\u00e9, no Arco de Nossa Senhora de F\u00e1tima, nos dias 1\u00ba e 2 de mar\u00e7o. O evento foi organizado pela Secretaria Municipal de Turismo e Turismo Religioso do munic\u00edpio. No primeiro dia,\u2026","rel":"","context":"In &quot;Atualidade&quot;","block_context":{"text":"Atualidade","link":"https:\/\/correiodasemana.com\/site\/category\/atualidade\/"},"img":{"alt_text":"","src":"https:\/\/i0.wp.com\/correiodasemana.com\/site\/wp-content\/uploads\/2025\/03\/WhatsApp-Image-2025-03-07-at-18.39.06.jpeg?resize=350%2C200&ssl=1","width":350,"height":200,"srcset":"https:\/\/i0.wp.com\/correiodasemana.com\/site\/wp-content\/uploads\/2025\/03\/WhatsApp-Image-2025-03-07-at-18.39.06.jpeg?resize=350%2C200&ssl=1 1x, https:\/\/i0.wp.com\/correiodasemana.com\/site\/wp-content\/uploads\/2025\/03\/WhatsApp-Image-2025-03-07-at-18.39.06.jpeg?resize=525%2C300&ssl=1 1.5x, https:\/\/i0.wp.com\/correiodasemana.com\/site\/wp-content\/uploads\/2025\/03\/WhatsApp-Image-2025-03-07-at-18.39.06.jpeg?resize=700%2C400&ssl=1 2x, https:\/\/i0.wp.com\/correiodasemana.com\/site\/wp-content\/uploads\/2025\/03\/WhatsApp-Image-2025-03-07-at-18.39.06.jpeg?resize=1050%2C600&ssl=1 3x, https:\/\/i0.wp.com\/correiodasemana.com\/site\/wp-content\/uploads\/2025\/03\/WhatsApp-Image-2025-03-07-at-18.39.06.jpeg?resize=1400%2C800&ssl=1 4x"},"classes":[]}],"jetpack_sharing_enabled":true,"_links":{"self":[{"href":"https:\/\/correiodasemana.com\/site\/wp-json\/wp\/v2\/posts\/16508","targetHints":{"allow":["GET"]}}],"collection":[{"href":"https:\/\/correiodasemana.com\/site\/wp-json\/wp\/v2\/posts"}],"about":[{"href":"https:\/\/correiodasemana.com\/site\/wp-json\/wp\/v2\/types\/post"}],"author":[{"embeddable":true,"href":"https:\/\/correiodasemana.com\/site\/wp-json\/wp\/v2\/users\/1"}],"replies":[{"embeddable":true,"href":"https:\/\/correiodasemana.com\/site\/wp-json\/wp\/v2\/comments?post=16508"}],"version-history":[{"count":1,"href":"https:\/\/correiodasemana.com\/site\/wp-json\/wp\/v2\/posts\/16508\/revisions"}],"predecessor-version":[{"id":16509,"href":"https:\/\/correiodasemana.com\/site\/wp-json\/wp\/v2\/posts\/16508\/revisions\/16509"}],"wp:featuredmedia":[{"embeddable":true,"href":"https:\/\/correiodasemana.com\/site\/wp-json\/wp\/v2\/media\/79"}],"wp:attachment":[{"href":"https:\/\/correiodasemana.com\/site\/wp-json\/wp\/v2\/media?parent=16508"}],"wp:term":[{"taxonomy":"category","embeddable":true,"href":"https:\/\/correiodasemana.com\/site\/wp-json\/wp\/v2\/categories?post=16508"},{"taxonomy":"post_tag","embeddable":true,"href":"https:\/\/correiodasemana.com\/site\/wp-json\/wp\/v2\/tags?post=16508"}],"curies":[{"name":"wp","href":"https:\/\/api.w.org\/{rel}","templated":true}]}}