{"id":16696,"date":"2021-06-07T00:38:03","date_gmt":"2021-06-07T03:38:03","guid":{"rendered":"https:\/\/correiodasemana.com\/site\/?p=16696"},"modified":"2021-06-07T00:38:03","modified_gmt":"2021-06-07T03:38:03","slug":"sinodalidade-o-que-e","status":"publish","type":"post","link":"https:\/\/correiodasemana.com\/site\/sinodalidade-o-que-e\/","title":{"rendered":"SINODALIDADE: O QUE \u00c9?"},"content":{"rendered":"<p>O tema da \u201csinodalidade\u201d \u00e9 de profunda atualidade, adquirindo especial import\u00e2ncia desde o Vaticano II, principalmente no pontificado do Papa Francisco. Ele ofereceu uma reflex\u00e3o teol\u00f3gica profunda e desafiadora sobre a sinodalidade da Igreja, aos 17 de outubro de 2015, na comemora\u00e7\u00e3o dos 50 anos da institui\u00e7\u00e3o do S\u00ednodo dos Bispos, afirmando que \u201co caminho da sinodalidade \u00e9 precisamente o caminho que Deus espera da Igreja do terceiro mil\u00eanio\u201d.<br \/>\nPara compreender bem a\u00a0sinodalidade, \u00e9 preciso considerar tamb\u00e9m outro termo de grande sentido eclesiol\u00f3gico e igualmente importante, a\u00a0colegialidade. A colegialidade \u00e9 exercida pelos bispos unidos ao Papa; portanto, \u00e9 episcopal. Refere-se ao \u201ccol\u00e9gio episcopal\u201d ou \u201ccorpo episcopal\u201d. S\u00e3o instrumentos valiosos para o exerc\u00edcio da colegialidade na Igreja os Conc\u00edlios Ecum\u00eanicos, como sua m\u00e1xima express\u00e3o, o S\u00ednodo dos Bispos e as Confer\u00eancias Episcopais.<br \/>\nA sinodalidade vai al\u00e9m da colegialidade e n\u00e3o se reduz ao S\u00ednodo dos Bispos. H\u00e1 diversos n\u00edveis de exerc\u00edcio da sinodalidade na Igreja. O primeiro realiza-se nas Igrejas particulares, com os seus v\u00e1rios organismos de comunh\u00e3o. No segundo, est\u00e3o as Prov\u00edncias Eclesi\u00e1sticas e as Confer\u00eancias Episcopais. O terceiro n\u00edvel \u00e9 o da Igreja universal, com o S\u00ednodo dos Bispos. \u201cO S\u00ednodo dos Bispos, representando o episcopado cat\u00f3lico, torna-se express\u00e3o da colegialidade episcopal dentro duma Igreja toda sinodal\u201d, afirma Francisco. Dentre as iniciativas tomadas por ele para tornar mais efetiva a sinodalidade, est\u00e1 a amplia\u00e7\u00e3o da consulta na fase preparat\u00f3ria da Assembleia Sinodal, como corre atualmente, assim como uma maior participa\u00e7\u00e3o na sua realiza\u00e7\u00e3o, valorizando o \u201csensus fidei\u201d.<br \/>\nDe acordo com seu sentido etimol\u00f3gico, o termo grego \u201cs\u00ednodo\u201d significa \u201ccaminhar juntos\u201d. A sinodalidade expressa a participa\u00e7\u00e3o e a comunh\u00e3o em vista da miss\u00e3o. A unidade, a variedade e a universalidade do Povo de Deus se manifestam no caminho sinodal.\u00a0 Entretanto, o Papa alerta que o conceito de s\u00ednodo \u00e9 \u201cf\u00e1cil de exprimir em palavras, mas n\u00e3o de ser colocado em pr\u00e1tica\u201d.<br \/>\nA sinodalidade n\u00e3o \u00e9 uma quest\u00e3o restrita a organiza\u00e7\u00e3o ou funcionamento eclesial, mas pertence \u00e0 pr\u00f3pria natureza da Igreja, isto \u00e9, possui fundamenta\u00e7\u00e3o teol\u00f3gica. O horizonte da sinodalidade \u00e9 eclesiol\u00f3gico, espiritual, e n\u00e3o funcional. Para uma justa compreens\u00e3o da sinodalidade, \u00e9 importante retomar a eclesiologia do Conc\u00edlio Vaticano II que apresenta a Igreja como \u201cmist\u00e9rio\u201d, sinal e instrumento de comunh\u00e3o, e como \u201cPovo de Deus\u201d, no qual h\u00e1 diversidade de voca\u00e7\u00f5es e minist\u00e9rios, mas \u201creina entre todos verdadeira igualdade quanto \u00e0 dignidade e a\u00e7\u00e3o comum a todos os fi\u00e9is na edifica\u00e7\u00e3o do Corpo de Cristo\u201d\u00a0(Lumen Gentium 32).\u00a0 Trata-se de uma Igreja servidora, ministerial, na qual a autoridade se exprime como servi\u00e7o e o pr\u00f3prio Sucessor de Pedro se apresenta como \u201cservo dos servos de Deus\u201d.<\/p>\n<p>Cardeal Sergio da Rocha &#8211; Arcebispo de Salvador (BA)<\/p>\n","protected":false},"excerpt":{"rendered":"<p>O tema da \u201csinodalidade\u201d \u00e9 de profunda atualidade, adquirindo especial import\u00e2ncia desde o Vaticano II,&#8230;<\/p>\n","protected":false},"author":1,"featured_media":79,"comment_status":"open","ping_status":"open","sticky":false,"template":"","format":"standard","meta":{"_jetpack_memberships_contains_paid_content":false,"footnotes":"","jetpack_publicize_message":"","jetpack_publicize_feature_enabled":true,"jetpack_social_post_already_shared":true,"jetpack_social_options":{"image_generator_settings":{"template":"highway","default_image_id":0,"font":"","enabled":false},"version":2}},"categories":[24,4,39],"tags":[],"class_list":["post-16696","post","type-post","status-publish","format-standard","has-post-thumbnail","hentry","category-a-voz-do-pastor","category-diocese","category-igreja"],"jetpack_publicize_connections":[],"jetpack_featured_media_url":"https:\/\/correiodasemana.com\/site\/wp-content\/uploads\/2019\/07\/Dom-Vasconcelos-posses.jpg","jetpack-related-posts":[{"id":24365,"url":"https:\/\/correiodasemana.com\/site\/assembleia-geral-da-cnbb\/","url_meta":{"origin":16696,"position":0},"title":"Assembleia Geral da CNBB","author":"adminredacao","date":"Maio 1, 2023","format":false,"excerpt":"Entre os dias 19 e 28 de abril, os bispos de todo o Brasil estiveram reunidos na 60\u00aa Assembleia Geral da Confer\u00eancia Nacional dos Bispos do Brasil (CNBB). O evento acontece todos os anos e busca atualizar os desafios e perspectivas da caminhada eclesial em nosso pa\u00eds. A assembleia dos\u2026","rel":"","context":"In &quot;Atualidade&quot;","block_context":{"text":"Atualidade","link":"https:\/\/correiodasemana.com\/site\/category\/atualidade\/"},"img":{"alt_text":"","src":"https:\/\/i0.wp.com\/correiodasemana.com\/site\/wp-content\/uploads\/2019\/07\/editorial-cs.jpg?resize=350%2C200&ssl=1","width":350,"height":200,"srcset":"https:\/\/i0.wp.com\/correiodasemana.com\/site\/wp-content\/uploads\/2019\/07\/editorial-cs.jpg?resize=350%2C200&ssl=1 1x, https:\/\/i0.wp.com\/correiodasemana.com\/site\/wp-content\/uploads\/2019\/07\/editorial-cs.jpg?resize=525%2C300&ssl=1 1.5x"},"classes":[]},{"id":17942,"url":"https:\/\/correiodasemana.com\/site\/dom-vasconcelos-preside-missa-solene-de-abertura-da-fase-diocesana-do-sinodo-dos-bispos\/","url_meta":{"origin":16696,"position":1},"title":"Dom Vasconcelos preside missa solene de abertura da fase diocesana do S\u00ednodo dos Bispos","author":"","date":"Novembro 7, 2021","format":false,"excerpt":"(Por: Thais Helena \u2013 Portal de Comunica\u00e7\u00e3o da Diocese de Sobral) No 31\u00ba Domingo do Tempo Comum a Diocese de Sobral abriu oficialmente a fase diocesana da 16\u00aa Assembleia Geral Ordin\u00e1ria do S\u00ednodo dos Bispos, que teve in\u00edcio nos dias 09 e 10 de outubro deste ano. Todas as par\u00f3quias\u2026","rel":"","context":"In &quot;Atualidade&quot;","block_context":{"text":"Atualidade","link":"https:\/\/correiodasemana.com\/site\/category\/atualidade\/"},"img":{"alt_text":"","src":"https:\/\/i0.wp.com\/correiodasemana.com\/site\/wp-content\/uploads\/2021\/11\/WhatsApp-Image-2021-11-04-at-20.31.27.jpeg?resize=350%2C200&ssl=1","width":350,"height":200,"srcset":"https:\/\/i0.wp.com\/correiodasemana.com\/site\/wp-content\/uploads\/2021\/11\/WhatsApp-Image-2021-11-04-at-20.31.27.jpeg?resize=350%2C200&ssl=1 1x, https:\/\/i0.wp.com\/correiodasemana.com\/site\/wp-content\/uploads\/2021\/11\/WhatsApp-Image-2021-11-04-at-20.31.27.jpeg?resize=525%2C300&ssl=1 1.5x, https:\/\/i0.wp.com\/correiodasemana.com\/site\/wp-content\/uploads\/2021\/11\/WhatsApp-Image-2021-11-04-at-20.31.27.jpeg?resize=700%2C400&ssl=1 2x"},"classes":[]},{"id":37320,"url":"https:\/\/correiodasemana.com\/site\/em-comunhao-e-esperanca-igreja-no-ceara-celebra-ordenacao-episcopal-de-dom-antonio-carlos\/","url_meta":{"origin":16696,"position":2},"title":"Em comunh\u00e3o e esperan\u00e7a, Igreja no Cear\u00e1 celebra ordena\u00e7\u00e3o episcopal de Dom Antonio Carlos","author":"adminredacao","date":"Fevereiro 11, 2026","format":false,"excerpt":"A Diocese de Sobral uniu-se \u00e0 Arquidiocese de Fortaleza na \u00faltima segunda-feira (02\/02), na Solene Celebra\u00e7\u00e3o Eucar\u00edstica de Ordena\u00e7\u00e3o Episcopal de Dom Antonio Carlos do Nascimento, na Catedral Metropolitana. A celebra\u00e7\u00e3o foi presidida pelo arcebispo Dom Greg\u00f3rio Paix\u00e3o, OSB, e concelebrada por in\u00fameros sacerdotes e bispos. Dom Vasconcelos, que tamb\u00e9m\u2026","rel":"","context":"In &quot;Atualidade&quot;","block_context":{"text":"Atualidade","link":"https:\/\/correiodasemana.com\/site\/category\/atualidade\/"},"img":{"alt_text":"","src":"https:\/\/i0.wp.com\/correiodasemana.com\/site\/wp-content\/uploads\/2026\/02\/grande.jpeg?resize=350%2C200&ssl=1","width":350,"height":200,"srcset":"https:\/\/i0.wp.com\/correiodasemana.com\/site\/wp-content\/uploads\/2026\/02\/grande.jpeg?resize=350%2C200&ssl=1 1x, https:\/\/i0.wp.com\/correiodasemana.com\/site\/wp-content\/uploads\/2026\/02\/grande.jpeg?resize=525%2C300&ssl=1 1.5x, https:\/\/i0.wp.com\/correiodasemana.com\/site\/wp-content\/uploads\/2026\/02\/grande.jpeg?resize=700%2C400&ssl=1 2x, https:\/\/i0.wp.com\/correiodasemana.com\/site\/wp-content\/uploads\/2026\/02\/grande.jpeg?resize=1050%2C600&ssl=1 3x, https:\/\/i0.wp.com\/correiodasemana.com\/site\/wp-content\/uploads\/2026\/02\/grande.jpeg?resize=1400%2C800&ssl=1 4x"},"classes":[]},{"id":25711,"url":"https:\/\/correiodasemana.com\/site\/reuniao-da-pascom-brasil-antecede-a-abertura-do-13o-mutirao-brasileiro-de-comunicacao-na-arquidiocese-da-paraiba\/","url_meta":{"origin":16696,"position":3},"title":"REUNI\u00c3O DA PASCOM BRASIL ANTECEDE A ABERTURA DO 13\u00ba MUTIR\u00c3O BRASILEIRO DE COMUNICA\u00c7\u00c3O NA ARQUIDIOCESE DA PARA\u00cdBA","author":"adminredacao","date":"Julho 17, 2023","format":false,"excerpt":"Na manh\u00e3 desta quinta-feira, 13 de julho, a sede da arquidiocese da Para\u00edba, em Jo\u00e3o Pessoa, acolheu a reuni\u00e3o da coordena\u00e7\u00e3o da Pascom Brasil. A atividade, com a presen\u00e7a das representa\u00e7\u00f5es regionais, foi conduzida pelo coordenador geral da Pascom Brasil, Marcus Tullius; pela vice coordenadora, Jana\u00edna Gon\u00e7alves; e pelo secret\u00e1rio,\u2026","rel":"","context":"In &quot;Atualidade&quot;","block_context":{"text":"Atualidade","link":"https:\/\/correiodasemana.com\/site\/category\/atualidade\/"},"img":{"alt_text":"","src":"https:\/\/i0.wp.com\/correiodasemana.com\/site\/wp-content\/uploads\/2023\/07\/coordenacao-regional-pascom-brasil-768x399-1.jpg?resize=350%2C200&ssl=1","width":350,"height":200,"srcset":"https:\/\/i0.wp.com\/correiodasemana.com\/site\/wp-content\/uploads\/2023\/07\/coordenacao-regional-pascom-brasil-768x399-1.jpg?resize=350%2C200&ssl=1 1x, https:\/\/i0.wp.com\/correiodasemana.com\/site\/wp-content\/uploads\/2023\/07\/coordenacao-regional-pascom-brasil-768x399-1.jpg?resize=525%2C300&ssl=1 1.5x, https:\/\/i0.wp.com\/correiodasemana.com\/site\/wp-content\/uploads\/2023\/07\/coordenacao-regional-pascom-brasil-768x399-1.jpg?resize=700%2C400&ssl=1 2x"},"classes":[]},{"id":16299,"url":"https:\/\/correiodasemana.com\/site\/olhar-a-igreja-e-o-mundo\/","url_meta":{"origin":16696,"position":4},"title":"OLHAR A IGREJA E O MUNDO","author":"","date":"Abril 26, 2021","format":false,"excerpt":"A Confer\u00eancia Nacional dos Bispos do Brasil (CNBB), em sua 58\u00aa Assembleia Geral, tratou do importante exerc\u00edcio de \u201colhar\u201d a Igreja e o mundo. Realizada de 12 a 16 de abril, no ambiente digital, a Assembleia foi emoldurada tamb\u00e9m por momentos de ora\u00e7\u00e3o, reunindo quase quatrocentos participantes, entre bispos, bispos\u2026","rel":"","context":"In &quot;A voz do Pastor&quot;","block_context":{"text":"A voz do Pastor","link":"https:\/\/correiodasemana.com\/site\/category\/a-voz-do-pastor\/"},"img":{"alt_text":"","src":"https:\/\/i0.wp.com\/correiodasemana.com\/site\/wp-content\/uploads\/2018\/02\/Dom-Vasconcelos-posses.jpg?resize=350%2C200&ssl=1","width":350,"height":200,"srcset":"https:\/\/i0.wp.com\/correiodasemana.com\/site\/wp-content\/uploads\/2018\/02\/Dom-Vasconcelos-posses.jpg?resize=350%2C200&ssl=1 1x, https:\/\/i0.wp.com\/correiodasemana.com\/site\/wp-content\/uploads\/2018\/02\/Dom-Vasconcelos-posses.jpg?resize=525%2C300&ssl=1 1.5x, https:\/\/i0.wp.com\/correiodasemana.com\/site\/wp-content\/uploads\/2018\/02\/Dom-Vasconcelos-posses.jpg?resize=700%2C400&ssl=1 2x"},"classes":[]},{"id":28977,"url":"https:\/\/correiodasemana.com\/site\/assembleia-geral-da-cnbb-2\/","url_meta":{"origin":16696,"position":5},"title":"Assembleia Geral da CNBB","author":"adminredacao","date":"Abril 22, 2024","format":false,"excerpt":"Os bispos da Igreja em nosso pa\u00eds estiveram, entre os dias 10 e 19 de abril, reunidos na 61\u00aa edi\u00e7\u00e3o da Assembleia Geral da Confer\u00eancia Nacional dos Bispos do Brasil (CNBB). O evento acontece todos os anos e busca atualizar os desafios e perspectivas da caminhada eclesial no Brasil. Essa\u2026","rel":"","context":"In &quot;Artigos&quot;","block_context":{"text":"Artigos","link":"https:\/\/correiodasemana.com\/site\/category\/artigos\/"},"img":{"alt_text":"","src":"https:\/\/i0.wp.com\/correiodasemana.com\/site\/wp-content\/uploads\/2019\/07\/editorial-cs.jpg?resize=350%2C200&ssl=1","width":350,"height":200,"srcset":"https:\/\/i0.wp.com\/correiodasemana.com\/site\/wp-content\/uploads\/2019\/07\/editorial-cs.jpg?resize=350%2C200&ssl=1 1x, https:\/\/i0.wp.com\/correiodasemana.com\/site\/wp-content\/uploads\/2019\/07\/editorial-cs.jpg?resize=525%2C300&ssl=1 1.5x"},"classes":[]}],"jetpack_sharing_enabled":true,"_links":{"self":[{"href":"https:\/\/correiodasemana.com\/site\/wp-json\/wp\/v2\/posts\/16696","targetHints":{"allow":["GET"]}}],"collection":[{"href":"https:\/\/correiodasemana.com\/site\/wp-json\/wp\/v2\/posts"}],"about":[{"href":"https:\/\/correiodasemana.com\/site\/wp-json\/wp\/v2\/types\/post"}],"author":[{"embeddable":true,"href":"https:\/\/correiodasemana.com\/site\/wp-json\/wp\/v2\/users\/1"}],"replies":[{"embeddable":true,"href":"https:\/\/correiodasemana.com\/site\/wp-json\/wp\/v2\/comments?post=16696"}],"version-history":[{"count":1,"href":"https:\/\/correiodasemana.com\/site\/wp-json\/wp\/v2\/posts\/16696\/revisions"}],"predecessor-version":[{"id":16697,"href":"https:\/\/correiodasemana.com\/site\/wp-json\/wp\/v2\/posts\/16696\/revisions\/16697"}],"wp:featuredmedia":[{"embeddable":true,"href":"https:\/\/correiodasemana.com\/site\/wp-json\/wp\/v2\/media\/79"}],"wp:attachment":[{"href":"https:\/\/correiodasemana.com\/site\/wp-json\/wp\/v2\/media?parent=16696"}],"wp:term":[{"taxonomy":"category","embeddable":true,"href":"https:\/\/correiodasemana.com\/site\/wp-json\/wp\/v2\/categories?post=16696"},{"taxonomy":"post_tag","embeddable":true,"href":"https:\/\/correiodasemana.com\/site\/wp-json\/wp\/v2\/tags?post=16696"}],"curies":[{"name":"wp","href":"https:\/\/api.w.org\/{rel}","templated":true}]}}