{"id":16759,"date":"2021-06-14T01:38:54","date_gmt":"2021-06-14T04:38:54","guid":{"rendered":"https:\/\/correiodasemana.com\/site\/?p=16759"},"modified":"2021-06-14T01:38:54","modified_gmt":"2021-06-14T04:38:54","slug":"o-rocado-de-deus","status":"publish","type":"post","link":"https:\/\/correiodasemana.com\/site\/o-rocado-de-deus\/","title":{"rendered":"O RO\u00c7ADO DE DEUS"},"content":{"rendered":"<p>Todos dependem do servi\u00e7o prestado pelos que trabalham a terra, homens e mulheres a serem profundamente valorizados e respeitados. Entendemos os motivos pelos quais o trato da terra se torna muitas vezes conflitivo, justamente porque tantos querem ter um peda\u00e7o ou grandes \u00e1reas de terra. Entendemos tamb\u00e9m o quanto \u00e9 delicado e exigente o respeito pela m\u00e3e terra, a aten\u00e7\u00e3o ao meio ambiente a ser cuidado e n\u00e3o explorado de forma a satisfazer gan\u00e2ncia e busca de proveito a qualquer custo. Dependemos do racional e justo uso da terra, desejamos que todos tenham o sustento e o alimento necess\u00e1rios e especialmente os mais pobres encontrem a devida assist\u00eancia e a possibilidade de cultivar seu ch\u00e3o.<br \/>\nSe pensarmos em nossa terra paraense, ser\u00e1 dif\u00edcil encontrar fam\u00edlias que n\u00e3o tenham, em gera\u00e7\u00f5es muito pr\u00f3ximas, ra\u00edzes em nosso interior, no cuidado da terra e de cria\u00e7\u00f5es de todo tipo, tanto que a muitas agrada ir buscar em seu rinc\u00e3o origin\u00e1rio descanso, inspira\u00e7\u00e3o e for\u00e7as para a vida na cidade. Ali\u00e1s, faz bem saber que muitos jovens t\u00eam casas na cidade, onde vivem para estudar, esfor\u00e7o de muitos pais e av\u00f3s que as adquiriram a custo de muito suor. Muitos diplomas foram fruto de tais her\u00f3is e hero\u00ednas! E n\u00e3o nos cansamos de ver familiares do interior mandando para os filhos estudantes o resultado de seu trabalho e os frutos da terra. Parece um refr\u00e3o ouvir um pai dizer que deseja ver seus filhos estudarem mais do que ele conseguiu! S\u00e3o gestos silenciosos e extremamente frutuosos. Podem n\u00e3o ser vistos aqui, mas Deus sabe e sabe bem!<br \/>\nE Jesus, que entende de terra, sementes, plantas, frutos e gente, usou e abusou das compara\u00e7\u00f5es tiradas do ambiente rural. Neste final de semana, o Evangelista S\u00e3o Marcos nos oferece algumas dessas p\u00e9rolas, para iluminar nossa participa\u00e7\u00e3o na Eucaristia Dominical (Cf. Mc 4,26-34). Jesus sempre apresenta o Reino de Deus, uma verdadeira paix\u00e3o, atrav\u00e9s de compara\u00e7\u00f5es simples tiradas do cotidiano, envolvendo a natureza e as pessoas.<br \/>\nDesta feita, o Reino de Deus \u00e9 primeiro comparado com a semente espalhada na terra, que vai caindo, caindo, caindo, como ouvi cantar um grupo de crian\u00e7as. Quanto a gente pensou que est\u00e1 morta, vai brotando, nascendo e crescendo! H\u00e1 uma presen\u00e7a misteriosa do Reino de Deus, onde menos se espera. Encontramos em pessoas marcadas pelo v\u00edcio, o pecado e a maldade, l\u00e1 dentro, um desejo de fazer o bem, tantas vezes esmagado pelas circunst\u00e2ncias da vida. Olhando para a natureza, nem \u00e9 dif\u00edcil encontrar flores que vicejam \u00e0 margem de canais de \u00e1gua suja! E \u00e9 maravilhoso saber da capacidade incr\u00edvel de recupera\u00e7\u00e3o de rios e igarap\u00e9s, tantas vezes fustigados pelo mau trato, lixo e esgoto! Com as pessoas, \u00e9 necess\u00e1rio abrir os olhos, os bra\u00e7os e o cora\u00e7\u00e3o para identificar tais sinais de Deus, que est\u00e3o presentes em toda parte. Se Jesus diz que seu Pai trabalha sempre (Cf. Jo 5,17-30), cres\u00e7a em n\u00f3s a certeza de que ele est\u00e1 plantando continuamente, pela a\u00e7\u00e3o do Esp\u00edrito Santo, as sementes do bem. Basta olhar ao nosso redor ou deixar que se torne interior o nosso olhar para identificar a virtude no meio da lama que tanto nos assusta no mundo.<br \/>\nQuanto \u00e0s plantas, semente, cultivo, crescimento, tempo da colheita! Homenagem se preste a tantos olhares luminosos que resplandecem quando chegam aos nossos portos e trapiches, ou nas feiras de nossas cidades, o fruto da terra e do trabalho humano, e que ele se transforme em vida e crescimento para as respetivas fam\u00edlias e comunidades. Bom \u00e9 recordar que quando Jesus fala de colheita, h\u00e1 sempre uma refer\u00eancia \u00e0 colheita final, no fim dos tempos. A liturgia do domingo enriquece nossa reflex\u00e3o com a palavra de S\u00e3o Paulo: \u201cTodos temos de comparecer, \u00e0s claras, perante o tribunal de Cristo, para cada um receber a devida recompensa \u2013 pr\u00eamio ou castigo \u2013 do que tiver feito, de bem ou de mal, ao longo de sua vida corporal\u201d (2 Cor 5,10). A colheita de Deus ser\u00e1 maravilhosa: \u201cEle enxugar\u00e1 toda l\u00e1grima dos seus olhos. A morte n\u00e3o existir\u00e1 mais, e n\u00e3o haver\u00e1 mais luto, nem grito, nem dor, porque as coisas anteriores passaram. Aquele que est\u00e1 sentado no trono disse: \u2018Eis que fa\u00e7o novas todas as coisas\u2019\u201d (Ap 21,4-5).<br \/>\nVoltemos \u00e0 planta\u00e7\u00e3o de Deus, que parece muito pequena e fr\u00e1gil, se pensarmos em todas as for\u00e7as que interv\u00eam em nosso mundo altamente convencido de ter respostas e solu\u00e7\u00f5es para tudo, mesmo quando se depara com os desafios dos tempos atuais. Uma pequena semente, um gr\u00e3o de mostarda, no dizer de Jesus, pode tornar-se maior do que todas as hortali\u00e7as, com ramos t\u00e3o grandes e capazes de abrigar as aves do c\u00e9u. O que Deus faz, e ele \u00e9 todo-poderoso, pode parecer pequeno e limitado, mas abriga muita gente! Na hora dos desafios, podemos perceber como se procura a Igreja, mesmo quando as ideias est\u00e3o confusas. Digam isso os sacerdotes que s\u00e3o procurados por gente de perto e de longe, com hist\u00f3rias de confession\u00e1rio que ficar\u00e3o guardadas no segredo do amor de Deus pelas pessoas at\u00e9 a eternidade. Pudessem falar as l\u00e2mpadas ao lado dos sacr\u00e1rios, que contemplam l\u00e1grimas e lamentos, pois os tabern\u00e1culos espalhados pelo mundo inteiro, pequenos e do tamanho da eternidade, s\u00e3o reposit\u00f3rios de tantas esperan\u00e7as. Ali, as aves que somos n\u00f3s, podemos nos abrigar \u00e0 sombra das asas de Deus! Ali, podemos rezar com o salmista: \u201cTu que est\u00e1s sob a prote\u00e7\u00e3o do Alt\u00edssimo e moras \u00e0 sombra do Onipotente, dize ao Senhor: \u2018Meu ref\u00fagio, minha fortaleza, meu Deus, em quem confio\u2019. Ele te livrar\u00e1 do la\u00e7o do ca\u00e7ador, da peste funesta; ele te cobrir\u00e1 com suas penas, sob suas asas encontrar\u00e1s ref\u00fagio. Sua fidelidade te servir\u00e1 de escudo e coura\u00e7a. N\u00e3o temer\u00e1s os terrores da noite nem a flecha que voa de dia, nem a peste que vagueia nas trevas, nem a praga que devasta ao meio-dia\u201d (Sl 90,1-6).<br \/>\nAo ouvir e ler as par\u00e1bolas dos Evangelhos, abramos os olhos e os cora\u00e7\u00f5es, para recolher os tantos ensinamentos, palavras de vida eterna, postos pelo Senhor \u00e0 nossa disposi\u00e7\u00e3o. E n\u00e3o deixemos de descobrir outras par\u00e1bolas contadas pelo Esp\u00edrito Santo na Igreja e na hist\u00f3ria humana.<\/p>\n<p>Arcebispo de Bel\u00e9m<br \/>\ndo Par\u00e1 (PA)<\/p>\n","protected":false},"excerpt":{"rendered":"<p>Todos dependem do servi\u00e7o prestado pelos que trabalham a terra, homens e mulheres a serem&#8230;<\/p>\n","protected":false},"author":1,"featured_media":79,"comment_status":"open","ping_status":"open","sticky":false,"template":"","format":"standard","meta":{"_jetpack_memberships_contains_paid_content":false,"footnotes":"","jetpack_publicize_message":"","jetpack_publicize_feature_enabled":true,"jetpack_social_post_already_shared":true,"jetpack_social_options":{"image_generator_settings":{"template":"highway","default_image_id":0,"font":"","enabled":false},"version":2}},"categories":[24,4,39],"tags":[],"class_list":["post-16759","post","type-post","status-publish","format-standard","has-post-thumbnail","hentry","category-a-voz-do-pastor","category-diocese","category-igreja"],"jetpack_publicize_connections":[],"jetpack_featured_media_url":"https:\/\/correiodasemana.com\/site\/wp-content\/uploads\/2019\/07\/Dom-Vasconcelos-posses.jpg","jetpack-related-posts":[{"id":33098,"url":"https:\/\/correiodasemana.com\/site\/cultivar-e-guardar-a-obra-da-criacao\/","url_meta":{"origin":16759,"position":0},"title":"Cultivar e guardar a obra da Cria\u00e7\u00e3o","author":"adminredacao","date":"Mar\u00e7o 24, 2025","format":false,"excerpt":"Prosseguindo com as reflex\u00f5es sobre a Campanha da Fraternidade (CF) 2025 que temos feito nestas edi\u00e7\u00f5es do tempo quaresmal, a Igreja tem buscado despertar a consci\u00eancia de todos com rela\u00e7\u00e3o \u00e0 import\u00e2ncia da ecologia integral. O planeta em que habitamos \u00e9 a nossa Casa Comum. Essa casa n\u00e3o pode ser\u2026","rel":"","context":"In &quot;Artigos&quot;","block_context":{"text":"Artigos","link":"https:\/\/correiodasemana.com\/site\/category\/artigos\/"},"img":{"alt_text":"","src":"https:\/\/i0.wp.com\/correiodasemana.com\/site\/wp-content\/uploads\/2018\/02\/editorial-cs.jpg?resize=350%2C200&ssl=1","width":350,"height":200,"srcset":"https:\/\/i0.wp.com\/correiodasemana.com\/site\/wp-content\/uploads\/2018\/02\/editorial-cs.jpg?resize=350%2C200&ssl=1 1x, https:\/\/i0.wp.com\/correiodasemana.com\/site\/wp-content\/uploads\/2018\/02\/editorial-cs.jpg?resize=525%2C300&ssl=1 1.5x"},"classes":[]},{"id":8614,"url":"https:\/\/correiodasemana.com\/site\/sentido-da-riqueza\/","url_meta":{"origin":16759,"position":1},"title":"Sentido da riqueza","author":"","date":"Agosto 6, 2019","format":false,"excerpt":"\u00c9 importante entender a palavra \u201criqueza\u201d. Na defini\u00e7\u00e3o virtual, riqueza \u201c\u00e9 a situa\u00e7\u00e3o referente \u00e0 abund\u00e2ncia na posse de bens materiais, tais como dinheiro e propriedades m\u00f3veis, im\u00f3veis e semoventes; sendo, portanto, o contr\u00e1rio de pobreza. Tamb\u00e9m se aplica \u00e0 condi\u00e7\u00e3o de algu\u00e9m ter em abund\u00e2ncia um determinado bem de\u2026","rel":"","context":"In &quot;A voz do Pastor&quot;","block_context":{"text":"A voz do Pastor","link":"https:\/\/correiodasemana.com\/site\/category\/a-voz-do-pastor\/"},"img":{"alt_text":"","src":"https:\/\/i0.wp.com\/correiodasemana.com\/site\/wp-content\/uploads\/2019\/07\/Dom-Vasconcelos-Em-entrevista-concedida-%C3%A0-Pascom-Diocesana-Foto-Jo%C3%A3o-Pauloo.jpg?resize=350%2C200&ssl=1","width":350,"height":200,"srcset":"https:\/\/i0.wp.com\/correiodasemana.com\/site\/wp-content\/uploads\/2019\/07\/Dom-Vasconcelos-Em-entrevista-concedida-%C3%A0-Pascom-Diocesana-Foto-Jo%C3%A3o-Pauloo.jpg?resize=350%2C200&ssl=1 1x, https:\/\/i0.wp.com\/correiodasemana.com\/site\/wp-content\/uploads\/2019\/07\/Dom-Vasconcelos-Em-entrevista-concedida-%C3%A0-Pascom-Diocesana-Foto-Jo%C3%A3o-Pauloo.jpg?resize=525%2C300&ssl=1 1.5x, https:\/\/i0.wp.com\/correiodasemana.com\/site\/wp-content\/uploads\/2019\/07\/Dom-Vasconcelos-Em-entrevista-concedida-%C3%A0-Pascom-Diocesana-Foto-Jo%C3%A3o-Pauloo.jpg?resize=700%2C400&ssl=1 2x, https:\/\/i0.wp.com\/correiodasemana.com\/site\/wp-content\/uploads\/2019\/07\/Dom-Vasconcelos-Em-entrevista-concedida-%C3%A0-Pascom-Diocesana-Foto-Jo%C3%A3o-Pauloo.jpg?resize=1050%2C600&ssl=1 3x, https:\/\/i0.wp.com\/correiodasemana.com\/site\/wp-content\/uploads\/2019\/07\/Dom-Vasconcelos-Em-entrevista-concedida-%C3%A0-Pascom-Diocesana-Foto-Jo%C3%A3o-Pauloo.jpg?resize=1400%2C800&ssl=1 4x"},"classes":[]},{"id":25576,"url":"https:\/\/correiodasemana.com\/site\/a-semente-caiu-em-terra-boa-e-deu-fruto\/","url_meta":{"origin":16759,"position":2},"title":"A SEMENTE CAIU EM TERRA BOA E DEU FRUTO","author":"adminredacao","date":"Julho 11, 2023","format":false,"excerpt":"Vamos caminhando para a metade do m\u00eas de julho, por isso, mesmo no dia de Nossa Senhora do Carmo, celebramos o 15\u00ba Domingo do Tempo Comum. Estamos chegando quase na metade desse tempo, que tem o total de 34 semanas. Somos chamados a cada domingo a ouvir o que o\u2026","rel":"","context":"In &quot;Atualidade&quot;","block_context":{"text":"Atualidade","link":"https:\/\/correiodasemana.com\/site\/category\/atualidade\/"},"img":{"alt_text":"","src":"https:\/\/i0.wp.com\/correiodasemana.com\/site\/wp-content\/uploads\/2018\/02\/Dom-Vasconcelos-posses.jpg?resize=350%2C200&ssl=1","width":350,"height":200,"srcset":"https:\/\/i0.wp.com\/correiodasemana.com\/site\/wp-content\/uploads\/2018\/02\/Dom-Vasconcelos-posses.jpg?resize=350%2C200&ssl=1 1x, https:\/\/i0.wp.com\/correiodasemana.com\/site\/wp-content\/uploads\/2018\/02\/Dom-Vasconcelos-posses.jpg?resize=525%2C300&ssl=1 1.5x, https:\/\/i0.wp.com\/correiodasemana.com\/site\/wp-content\/uploads\/2018\/02\/Dom-Vasconcelos-posses.jpg?resize=700%2C400&ssl=1 2x"},"classes":[]},{"id":31053,"url":"https:\/\/correiodasemana.com\/site\/29-domingo-do-tempo-comum\/","url_meta":{"origin":16759,"position":3},"title":"29\u00b0 Domingo do Tempo Comum\u00a0","author":"adminredacao","date":"Outubro 21, 2024","format":false,"excerpt":"Sobre n\u00f3s venha, Senhor, a vossa gra\u00e7a, pois, em v\u00f3s, n\u00f3s esperamos! (Sl 33\/32) Celebramos neste domingo o Vig\u00e9simo Nono Domingo do Tempo Comum. Na celebra\u00e7\u00e3o, somos convidados a rezar por todos os mission\u00e1rios espalhados pelo mundo, anunciando o Reino de Deus, pois hoje \u00e9 o Dia Mundial das Miss\u00f5es.\u2026","rel":"","context":"In &quot;A voz do Pastor&quot;","block_context":{"text":"A voz do Pastor","link":"https:\/\/correiodasemana.com\/site\/category\/a-voz-do-pastor\/"},"img":{"alt_text":"","src":"https:\/\/i0.wp.com\/correiodasemana.com\/site\/wp-content\/uploads\/2024\/04\/Dom-Jose-Luiz-Gomes-Vasconcelos-bispo-diocesano-de-Sobral.jpeg?resize=350%2C200&ssl=1","width":350,"height":200,"srcset":"https:\/\/i0.wp.com\/correiodasemana.com\/site\/wp-content\/uploads\/2024\/04\/Dom-Jose-Luiz-Gomes-Vasconcelos-bispo-diocesano-de-Sobral.jpeg?resize=350%2C200&ssl=1 1x, https:\/\/i0.wp.com\/correiodasemana.com\/site\/wp-content\/uploads\/2024\/04\/Dom-Jose-Luiz-Gomes-Vasconcelos-bispo-diocesano-de-Sobral.jpeg?resize=525%2C300&ssl=1 1.5x, https:\/\/i0.wp.com\/correiodasemana.com\/site\/wp-content\/uploads\/2024\/04\/Dom-Jose-Luiz-Gomes-Vasconcelos-bispo-diocesano-de-Sobral.jpeg?resize=700%2C400&ssl=1 2x, https:\/\/i0.wp.com\/correiodasemana.com\/site\/wp-content\/uploads\/2024\/04\/Dom-Jose-Luiz-Gomes-Vasconcelos-bispo-diocesano-de-Sobral.jpeg?resize=1050%2C600&ssl=1 3x"},"classes":[]},{"id":26444,"url":"https:\/\/correiodasemana.com\/site\/e-tempo-de-solidariedade\/","url_meta":{"origin":16759,"position":4},"title":"\u00c9 TEMPO DE SOLIDARIEDADE\u00a0","author":"adminredacao","date":"Setembro 11, 2023","format":false,"excerpt":"Nestes tempos de incerteza e sofrimento, \u00e9 importante buscar orienta\u00e7\u00e3o espiritual e for\u00e7a para enfrentar esses desafios. Deus est\u00e1 em n\u00f3s em todos os momentos, apesar dos nossos atos. A Sagrada Escritura nos ensina que somos chamados a ser bons administradores da cria\u00e7\u00e3o divina. No Livro de G\u00eanesis, Deus nos\u2026","rel":"","context":"In &quot;A voz do Pastor&quot;","block_context":{"text":"A voz do Pastor","link":"https:\/\/correiodasemana.com\/site\/category\/a-voz-do-pastor\/"},"img":{"alt_text":"","src":"https:\/\/i0.wp.com\/correiodasemana.com\/site\/wp-content\/uploads\/2018\/02\/Dom-Vasconcelos-posses.jpg?resize=350%2C200&ssl=1","width":350,"height":200,"srcset":"https:\/\/i0.wp.com\/correiodasemana.com\/site\/wp-content\/uploads\/2018\/02\/Dom-Vasconcelos-posses.jpg?resize=350%2C200&ssl=1 1x, https:\/\/i0.wp.com\/correiodasemana.com\/site\/wp-content\/uploads\/2018\/02\/Dom-Vasconcelos-posses.jpg?resize=525%2C300&ssl=1 1.5x, https:\/\/i0.wp.com\/correiodasemana.com\/site\/wp-content\/uploads\/2018\/02\/Dom-Vasconcelos-posses.jpg?resize=700%2C400&ssl=1 2x"},"classes":[]},{"id":11227,"url":"https:\/\/correiodasemana.com\/site\/sao-jose-o-pai-amoroso-do-filho-de-deus\/","url_meta":{"origin":16759,"position":5},"title":"S\u00c3O JOS\u00c9, O PAI AMOROSO DO FILHO DE DEUS","author":"","date":"Mar\u00e7o 18, 2020","format":false,"excerpt":"Os des\u00edgnios de Deus s\u00e3o insond\u00e1veis. Agostinho, o grande Bispo de Hipona, reconhecido santo da Santa Madre Igreja, uma das maiores intelig\u00eancias conhecidas, protagoniza uma dessas situa\u00e7\u00f5es. Andava ele numa praia quando viu um menininho com um buzio buscando \u00e1gua no mar e colocando num pequeno buraco. Agostinho, curioso, indagou:\u2026","rel":"","context":"In &quot;Artigos&quot;","block_context":{"text":"Artigos","link":"https:\/\/correiodasemana.com\/site\/category\/artigos\/"},"img":{"alt_text":"","src":"https:\/\/i0.wp.com\/correiodasemana.com\/site\/wp-content\/uploads\/2019\/07\/Jose%CC%81-1.jpg?resize=350%2C200&ssl=1","width":350,"height":200,"srcset":"https:\/\/i0.wp.com\/correiodasemana.com\/site\/wp-content\/uploads\/2019\/07\/Jose%CC%81-1.jpg?resize=350%2C200&ssl=1 1x, https:\/\/i0.wp.com\/correiodasemana.com\/site\/wp-content\/uploads\/2019\/07\/Jose%CC%81-1.jpg?resize=525%2C300&ssl=1 1.5x, https:\/\/i0.wp.com\/correiodasemana.com\/site\/wp-content\/uploads\/2019\/07\/Jose%CC%81-1.jpg?resize=700%2C400&ssl=1 2x"},"classes":[]}],"jetpack_sharing_enabled":true,"_links":{"self":[{"href":"https:\/\/correiodasemana.com\/site\/wp-json\/wp\/v2\/posts\/16759","targetHints":{"allow":["GET"]}}],"collection":[{"href":"https:\/\/correiodasemana.com\/site\/wp-json\/wp\/v2\/posts"}],"about":[{"href":"https:\/\/correiodasemana.com\/site\/wp-json\/wp\/v2\/types\/post"}],"author":[{"embeddable":true,"href":"https:\/\/correiodasemana.com\/site\/wp-json\/wp\/v2\/users\/1"}],"replies":[{"embeddable":true,"href":"https:\/\/correiodasemana.com\/site\/wp-json\/wp\/v2\/comments?post=16759"}],"version-history":[{"count":1,"href":"https:\/\/correiodasemana.com\/site\/wp-json\/wp\/v2\/posts\/16759\/revisions"}],"predecessor-version":[{"id":16760,"href":"https:\/\/correiodasemana.com\/site\/wp-json\/wp\/v2\/posts\/16759\/revisions\/16760"}],"wp:featuredmedia":[{"embeddable":true,"href":"https:\/\/correiodasemana.com\/site\/wp-json\/wp\/v2\/media\/79"}],"wp:attachment":[{"href":"https:\/\/correiodasemana.com\/site\/wp-json\/wp\/v2\/media?parent=16759"}],"wp:term":[{"taxonomy":"category","embeddable":true,"href":"https:\/\/correiodasemana.com\/site\/wp-json\/wp\/v2\/categories?post=16759"},{"taxonomy":"post_tag","embeddable":true,"href":"https:\/\/correiodasemana.com\/site\/wp-json\/wp\/v2\/tags?post=16759"}],"curies":[{"name":"wp","href":"https:\/\/api.w.org\/{rel}","templated":true}]}}