{"id":16764,"date":"2021-06-20T23:31:27","date_gmt":"2021-06-21T02:31:27","guid":{"rendered":"https:\/\/correiodasemana.com\/site\/?p=16764"},"modified":"2021-06-20T23:31:27","modified_gmt":"2021-06-21T02:31:27","slug":"radialista-chico-santana-internado-por-covid-19-na-santa-casa-de-sobral-recebe-homenagem-da-familia-durante-alta","status":"publish","type":"post","link":"https:\/\/correiodasemana.com\/site\/radialista-chico-santana-internado-por-covid-19-na-santa-casa-de-sobral-recebe-homenagem-da-familia-durante-alta\/","title":{"rendered":"Radialista Chico Santana, internado por Covid-19 na Santa Casa de Sobral recebe homenagem da fam\u00edlia durante alta"},"content":{"rendered":"<p>Acometido com Covid-19, o sobralense Francisco Firmino Filho, 56, ficou 10 dias internado na Santa Casa de Miseric\u00f3rdia de Sobral (SCMS), sendo seis deles na Unidade de Terapia Intensiva (UTI). Recuperado, Francisco Firmino recebeu alta hospitalar na ter\u00e7a-feira (15\/06), e foi surpreendido com uma homenagem dos filhos e da nora que aguardavam ansiosos \u00e0 volta para casa. A entrega de flores pela fam\u00edlia, que simbolizam a beleza e do\u00e7ura da vida, emocionou o patriarca e tornou o momento ainda mais especial.<br \/>\nPaulo Victor Teixeira Firmino, 33, \u00e9 um dos filhos de Francisco Firmino, e relatou a apreens\u00e3o e o processo doloroso de ficar na espera em casa pela recupera\u00e7\u00e3o do pai.\u00a0\u201cForam mais de 20 dias aflitos, 10 dias na Santa Casa, sendo seis na UTI, e o que amenizava a situa\u00e7\u00e3o eram as informa\u00e7\u00f5es di\u00e1rias que recebemos da equipe m\u00e9dica e do Servi\u00e7o Social do hospital. Como fam\u00edlia, estamos gratos por estarmos levando ele para casa, e agradecemos todos os profissionais da Santa Casa que contribu\u00edram para que meu pai vencesse essa doen\u00e7a e voltasse para casa\u201d, destaca.<br \/>\nSanta Casa de Miseric\u00f3rdia de Sobral Assessoria de Comunica\u00e7\u00e3o Thais Menezes\/ Henrique Brito\/ Domingos Jr.<\/p>\n<p><img fetchpriority=\"high\" decoding=\"async\" class=\"alignleft size-medium wp-image-16765\" src=\"https:\/\/correiodasemana.com\/site\/wp-content\/uploads\/2021\/06\/Chico-Santana-se-recupera-da-Covid-1-300x200.jpg\" alt=\"\" width=\"300\" height=\"200\" srcset=\"https:\/\/correiodasemana.com\/site\/wp-content\/uploads\/2021\/06\/Chico-Santana-se-recupera-da-Covid-1-300x200.jpg 300w, https:\/\/correiodasemana.com\/site\/wp-content\/uploads\/2021\/06\/Chico-Santana-se-recupera-da-Covid-1.jpg 567w\" sizes=\"(max-width: 300px) 100vw, 300px\" \/> <img decoding=\"async\" class=\"alignleft size-medium wp-image-16766\" src=\"https:\/\/correiodasemana.com\/site\/wp-content\/uploads\/2021\/06\/Chico-Santana-se-recupera-da-Covid-2-300x200.jpg\" alt=\"\" width=\"300\" height=\"200\" srcset=\"https:\/\/correiodasemana.com\/site\/wp-content\/uploads\/2021\/06\/Chico-Santana-se-recupera-da-Covid-2-300x200.jpg 300w, https:\/\/correiodasemana.com\/site\/wp-content\/uploads\/2021\/06\/Chico-Santana-se-recupera-da-Covid-2.jpg 567w\" sizes=\"(max-width: 300px) 100vw, 300px\" \/><\/p>\n","protected":false},"excerpt":{"rendered":"<p>Acometido com Covid-19, o sobralense Francisco Firmino Filho, 56, ficou 10 dias internado na Santa&#8230;<\/p>\n","protected":false},"author":1,"featured_media":16766,"comment_status":"open","ping_status":"open","sticky":false,"template":"","format":"standard","meta":{"_jetpack_memberships_contains_paid_content":false,"footnotes":"","jetpack_publicize_message":"","jetpack_publicize_feature_enabled":true,"jetpack_social_post_already_shared":true,"jetpack_social_options":{"image_generator_settings":{"template":"highway","default_image_id":0,"font":"","enabled":false},"version":2}},"categories":[1],"tags":[],"class_list":["post-16764","post","type-post","status-publish","format-standard","has-post-thumbnail","hentry","category-atualidade"],"jetpack_publicize_connections":[],"jetpack_featured_media_url":"https:\/\/correiodasemana.com\/site\/wp-content\/uploads\/2021\/06\/Chico-Santana-se-recupera-da-Covid-2.jpg","jetpack-related-posts":[{"id":12670,"url":"https:\/\/correiodasemana.com\/site\/internados-na-mesma-uti-da-santa-casa-de-misericordia-de-sobral-pai-e-filho-vencem-a-covid-19-e-recebem-alta-hospitalar-no-mesmo-dia\/","url_meta":{"origin":16764,"position":0},"title":"Internados na mesma UTI da Santa Casa de Miseric\u00f3rdia de Sobral, pai e filho vencem a Covid-19 e recebem alta hospitalar no mesmo dia","author":"","date":"Agosto 10, 2020","format":false,"excerpt":"Recuperados da Covid-19, Francisco Pereira dos Santos, 83, e Adriano Silva dos Santos, 48, receberam alta hospitalar na ter\u00e7a-feira (04\/08). Os dois s\u00e3o pai e filho e estavam internados na mesma Unidade de Terapia Intensiva (UTI) da Santa Casa de Miseric\u00f3rdia de Sobral (SCMS). Naturais de Vi\u00e7osa do Cear\u00e1, um\u2026","rel":"","context":"In &quot;Atualidade&quot;","block_context":{"text":"Atualidade","link":"https:\/\/correiodasemana.com\/site\/category\/atualidade\/"},"img":{"alt_text":"","src":"https:\/\/i0.wp.com\/correiodasemana.com\/site\/wp-content\/uploads\/2020\/08\/Alta-pai-e-filho-1.jpeg?resize=350%2C200&ssl=1","width":350,"height":200,"srcset":"https:\/\/i0.wp.com\/correiodasemana.com\/site\/wp-content\/uploads\/2020\/08\/Alta-pai-e-filho-1.jpeg?resize=350%2C200&ssl=1 1x, https:\/\/i0.wp.com\/correiodasemana.com\/site\/wp-content\/uploads\/2020\/08\/Alta-pai-e-filho-1.jpeg?resize=525%2C300&ssl=1 1.5x, https:\/\/i0.wp.com\/correiodasemana.com\/site\/wp-content\/uploads\/2020\/08\/Alta-pai-e-filho-1.jpeg?resize=700%2C400&ssl=1 2x, https:\/\/i0.wp.com\/correiodasemana.com\/site\/wp-content\/uploads\/2020\/08\/Alta-pai-e-filho-1.jpeg?resize=1050%2C600&ssl=1 3x"},"classes":[]},{"id":12526,"url":"https:\/\/correiodasemana.com\/site\/apos-se-recuperar-da-covid-19-e-deixar-a-uti-da-santa-casa-de-misericordia-de-sobral-paciente-distribui-cartas-para-profissionais-da-saude\/","url_meta":{"origin":16764,"position":1},"title":"Ap\u00f3s se recuperar da Covid-19 e deixar a UTI da Santa Casa de Miseric\u00f3rdia de Sobral, paciente distribui cartas para profissionais da sa\u00fade","author":"","date":"Agosto 5, 2020","format":false,"excerpt":"Ap\u00f3s se recuperar da Covid-19 e deixar a UTI da Santa Casa de Miseric\u00f3rdia de Sobral, paciente distribui cartas para profissionais da sa\u00fade \"Anjos com asas invis\u00edveis\",\u00a0foi dessa forma que a paciente Renata Alves Lima, 36 anos, do munic\u00edpio de Gra\u00e7a, classificou os profissionais da sa\u00fade que comp\u00f5em a Unidade\u2026","rel":"","context":"In &quot;Atualidade&quot;","block_context":{"text":"Atualidade","link":"https:\/\/correiodasemana.com\/site\/category\/atualidade\/"},"img":{"alt_text":"","src":"https:\/\/i0.wp.com\/correiodasemana.com\/site\/wp-content\/uploads\/2020\/08\/Renata-Recuperada-1-scaled.jpg?resize=350%2C200&ssl=1","width":350,"height":200,"srcset":"https:\/\/i0.wp.com\/correiodasemana.com\/site\/wp-content\/uploads\/2020\/08\/Renata-Recuperada-1-scaled.jpg?resize=350%2C200&ssl=1 1x, https:\/\/i0.wp.com\/correiodasemana.com\/site\/wp-content\/uploads\/2020\/08\/Renata-Recuperada-1-scaled.jpg?resize=525%2C300&ssl=1 1.5x, https:\/\/i0.wp.com\/correiodasemana.com\/site\/wp-content\/uploads\/2020\/08\/Renata-Recuperada-1-scaled.jpg?resize=700%2C400&ssl=1 2x, https:\/\/i0.wp.com\/correiodasemana.com\/site\/wp-content\/uploads\/2020\/08\/Renata-Recuperada-1-scaled.jpg?resize=1050%2C600&ssl=1 3x, https:\/\/i0.wp.com\/correiodasemana.com\/site\/wp-content\/uploads\/2020\/08\/Renata-Recuperada-1-scaled.jpg?resize=1400%2C800&ssl=1 4x"},"classes":[]},{"id":12611,"url":"https:\/\/correiodasemana.com\/site\/apos-se-recuperar-da-covid-19-e-deixar-a-uti-da-santa-casa-de-misericordia-de-sobral-paciente-distribui-cartas-para-profissionais-da-saude-2\/","url_meta":{"origin":16764,"position":2},"title":"Ap\u00f3s se recuperar da Covid-19 e deixar a UTI da Santa Casa de Miseric\u00f3rdia de Sobral, paciente distribui cartas para profissionais da sa\u00fade","author":"","date":"Agosto 10, 2020","format":false,"excerpt":"Durante a sua sa\u00edda, Renata foi aplaudida pelos profissionais de sa\u00fade e tamb\u00e9m recebeu o carinho do esposo. \u00a0 Assessoria de Comunica\u00e7\u00e3o Complexo SCMS \u201cAnjos com asas invis\u00edveis\u201d,\u00a0foi dessa forma que a paciente Renata Alves Lima, 36 anos, do munic\u00edpio de Gra\u00e7a, classificou os profissionais da sa\u00fade que comp\u00f5em a\u2026","rel":"","context":"In &quot;Atualidade&quot;","block_context":{"text":"Atualidade","link":"https:\/\/correiodasemana.com\/site\/category\/atualidade\/"},"img":{"alt_text":"","src":"","width":0,"height":0},"classes":[]},{"id":12613,"url":"https:\/\/correiodasemana.com\/site\/apos-se-recuperar-da-covid-19-e-deixar-a-uti-da-santa-casa-de-misericordia-de-sobral-paciente-distribui-cartas-para-profissionais-da-saude-3\/","url_meta":{"origin":16764,"position":3},"title":"Ap\u00f3s se recuperar da Covid-19 e deixar a UTI da Santa Casa de Miseric\u00f3rdia de Sobral, paciente distribui cartas para profissionais da sa\u00fade","author":"","date":"Agosto 10, 2020","format":false,"excerpt":"Durante a sua sa\u00edda, Renata foi aplaudida pelos profissionais de sa\u00fade e tamb\u00e9m recebeu o carinho do esposo. \u00a0 Assessoria de Comunica\u00e7\u00e3o Complexo SCMS \u201cAnjos com asas invis\u00edveis\u201d,\u00a0foi dessa forma que a paciente Renata Alves Lima, 36 anos, do munic\u00edpio de Gra\u00e7a, classificou os profissionais da sa\u00fade que comp\u00f5em a\u2026","rel":"","context":"In &quot;Atualidade&quot;","block_context":{"text":"Atualidade","link":"https:\/\/correiodasemana.com\/site\/category\/atualidade\/"},"img":{"alt_text":"","src":"https:\/\/i0.wp.com\/correiodasemana.com\/site\/wp-content\/uploads\/2020\/08\/Renata-Recuperada-1-1.jpg?resize=350%2C200&ssl=1","width":350,"height":200,"srcset":"https:\/\/i0.wp.com\/correiodasemana.com\/site\/wp-content\/uploads\/2020\/08\/Renata-Recuperada-1-1.jpg?resize=350%2C200&ssl=1 1x, https:\/\/i0.wp.com\/correiodasemana.com\/site\/wp-content\/uploads\/2020\/08\/Renata-Recuperada-1-1.jpg?resize=525%2C300&ssl=1 1.5x, https:\/\/i0.wp.com\/correiodasemana.com\/site\/wp-content\/uploads\/2020\/08\/Renata-Recuperada-1-1.jpg?resize=700%2C400&ssl=1 2x"},"classes":[]},{"id":13483,"url":"https:\/\/correiodasemana.com\/site\/alta-de-recem-nascida-prematura-que-ficou-tres-meses-internada-na-santa-casa-de-misericordia-de-sobral-emociona-familiares-e-profissionais\/","url_meta":{"origin":16764,"position":4},"title":"Alta de rec\u00e9m-nascida prematura que ficou tr\u00eas meses internada na Santa Casa de Miseric\u00f3rdia de Sobral emociona familiares e profissionais","author":"","date":"Setembro 14, 2020","format":false,"excerpt":"A pequena Maria Lis veio ao mundo no dia 02 de junho deste ano com apenas 25 semanas (seis meses) e 640 gramas. Depois de tr\u00eas meses internada na Santa Casa de Miseric\u00f3rdia de Sobral (SCMS) - mais de dois apenas na Unidade de Terapia Intensiva (UTI) Neonatal \u2013 onde\u2026","rel":"","context":"In &quot;Atualidade&quot;","block_context":{"text":"Atualidade","link":"https:\/\/correiodasemana.com\/site\/category\/atualidade\/"},"img":{"alt_text":"","src":"https:\/\/i0.wp.com\/correiodasemana.com\/site\/wp-content\/uploads\/2020\/09\/Alta-Lis.jpeg?resize=350%2C200&ssl=1","width":350,"height":200,"srcset":"https:\/\/i0.wp.com\/correiodasemana.com\/site\/wp-content\/uploads\/2020\/09\/Alta-Lis.jpeg?resize=350%2C200&ssl=1 1x, https:\/\/i0.wp.com\/correiodasemana.com\/site\/wp-content\/uploads\/2020\/09\/Alta-Lis.jpeg?resize=525%2C300&ssl=1 1.5x, https:\/\/i0.wp.com\/correiodasemana.com\/site\/wp-content\/uploads\/2020\/09\/Alta-Lis.jpeg?resize=700%2C400&ssl=1 2x"},"classes":[]},{"id":11462,"url":"https:\/\/correiodasemana.com\/site\/pacientes-que-venceram-o-coronavirus-sobral-registra-456-pessoas-recuperadas\/","url_meta":{"origin":16764,"position":5},"title":"Pacientes que venceram o coronav\u00edrus; Sobral registra 456 pessoas recuperadas","author":"","date":"Maio 30, 2020","format":false,"excerpt":"A doen\u00e7a deixa assintom\u00e1ticos, casos com sintomas leves, similares aos de uma gripe, e pessoas que precisam de cuidados especiais pois apresentam sintomas graves, como insufici\u00eancia respirat\u00f3ria. Por Thais Menezes e Correio da Semana At\u00e9 o fechamento desta edi\u00e7\u00e3o, realizado na quinta-feira (28), Sobral registrava 456 casos recuperados e 60\u2026","rel":"","context":"In &quot;Santa Casa&quot;","block_context":{"text":"Santa Casa","link":"https:\/\/correiodasemana.com\/site\/category\/santa-casa\/"},"img":{"alt_text":"","src":"https:\/\/i0.wp.com\/correiodasemana.com\/site\/wp-content\/uploads\/2020\/05\/WhatsApp-Image-2020-05-28-at-19.19.08-1.jpeg?resize=350%2C200&ssl=1","width":350,"height":200,"srcset":"https:\/\/i0.wp.com\/correiodasemana.com\/site\/wp-content\/uploads\/2020\/05\/WhatsApp-Image-2020-05-28-at-19.19.08-1.jpeg?resize=350%2C200&ssl=1 1x, https:\/\/i0.wp.com\/correiodasemana.com\/site\/wp-content\/uploads\/2020\/05\/WhatsApp-Image-2020-05-28-at-19.19.08-1.jpeg?resize=525%2C300&ssl=1 1.5x, https:\/\/i0.wp.com\/correiodasemana.com\/site\/wp-content\/uploads\/2020\/05\/WhatsApp-Image-2020-05-28-at-19.19.08-1.jpeg?resize=700%2C400&ssl=1 2x"},"classes":[]}],"jetpack_sharing_enabled":true,"_links":{"self":[{"href":"https:\/\/correiodasemana.com\/site\/wp-json\/wp\/v2\/posts\/16764","targetHints":{"allow":["GET"]}}],"collection":[{"href":"https:\/\/correiodasemana.com\/site\/wp-json\/wp\/v2\/posts"}],"about":[{"href":"https:\/\/correiodasemana.com\/site\/wp-json\/wp\/v2\/types\/post"}],"author":[{"embeddable":true,"href":"https:\/\/correiodasemana.com\/site\/wp-json\/wp\/v2\/users\/1"}],"replies":[{"embeddable":true,"href":"https:\/\/correiodasemana.com\/site\/wp-json\/wp\/v2\/comments?post=16764"}],"version-history":[{"count":1,"href":"https:\/\/correiodasemana.com\/site\/wp-json\/wp\/v2\/posts\/16764\/revisions"}],"predecessor-version":[{"id":16767,"href":"https:\/\/correiodasemana.com\/site\/wp-json\/wp\/v2\/posts\/16764\/revisions\/16767"}],"wp:featuredmedia":[{"embeddable":true,"href":"https:\/\/correiodasemana.com\/site\/wp-json\/wp\/v2\/media\/16766"}],"wp:attachment":[{"href":"https:\/\/correiodasemana.com\/site\/wp-json\/wp\/v2\/media?parent=16764"}],"wp:term":[{"taxonomy":"category","embeddable":true,"href":"https:\/\/correiodasemana.com\/site\/wp-json\/wp\/v2\/categories?post=16764"},{"taxonomy":"post_tag","embeddable":true,"href":"https:\/\/correiodasemana.com\/site\/wp-json\/wp\/v2\/tags?post=16764"}],"curies":[{"name":"wp","href":"https:\/\/api.w.org\/{rel}","templated":true}]}}