{"id":16768,"date":"2021-06-20T23:34:27","date_gmt":"2021-06-21T02:34:27","guid":{"rendered":"https:\/\/correiodasemana.com\/site\/?p=16768"},"modified":"2021-06-20T23:34:27","modified_gmt":"2021-06-21T02:34:27","slug":"cnbb-e-iphan-celebram-acordo-para-acoes-conjuntas-de-preservacao-e-valorizacao-do-patrimonio-cultural-da-igreja-catolica-no-brasil","status":"publish","type":"post","link":"https:\/\/correiodasemana.com\/site\/cnbb-e-iphan-celebram-acordo-para-acoes-conjuntas-de-preservacao-e-valorizacao-do-patrimonio-cultural-da-igreja-catolica-no-brasil\/","title":{"rendered":"CNBB e IPHAN celebram acordo para a\u00e7\u00f5es conjuntas de preserva\u00e7\u00e3o e valoriza\u00e7\u00e3o do patrim\u00f4nio cultural da Igreja Cat\u00f3lica no Brasil"},"content":{"rendered":"<p>Fonte: CNBB<br \/>\nA Confer\u00eancia Nacional dos Bispos do Brasil (CNBB) e Instituto do Patrim\u00f4nio Hist\u00f3rico e Art\u00edstico Nacional (IPHAN) assinaram, nesta quarta-feira, 16 de junho, o in\u00e9dito e hist\u00f3rico Acordo de Coopera\u00e7\u00e3o T\u00e9cnica (ACT) que estabelece uma parceria para realizar a\u00e7\u00f5es conjuntas de preserva\u00e7\u00e3o e valoriza\u00e7\u00e3o do Patrim\u00f4nio Cultural sob gest\u00e3o da Igreja Cat\u00f3lica no Brasil.<br \/>\nIgrejas, conventos, resid\u00eancias e acervos de arte sacra est\u00e3o entre os bens culturais inclu\u00eddos no acordo que abrange cerca de um ter\u00e7o do total dos bens tombados pelo IPHAN. Durante a cerim\u00f4nia, na sede da CNBB, em Bras\u00edlia, foi lan\u00e7ado ainda um selo criado especialmente para celebrar a parceria.<br \/>\nO acordo estabelece um conjunto de a\u00e7\u00f5es, que v\u00e3o desde o diagn\u00f3stico dos bens tombados a a\u00e7\u00f5es educativas, passando ainda pela identifica\u00e7\u00e3o desse Patrim\u00f4nio Cultural, estabelecimento de diretrizes para interven\u00e7\u00f5es, fomento \u00e0 conserva\u00e7\u00e3o e capacita\u00e7\u00e3o de colaboradores para a gest\u00e3o de im\u00f3veis e acervos.<br \/>\nDe acordo com a presidente do IPHAN, Larissa Peixoto, esse acordo representa a celebra\u00e7\u00e3o de uma parceria que existe h\u00e1 muitos anos entre as institui\u00e7\u00f5es.\u00a0\u201cEsse acordo ele vai proporcionar a capacita\u00e7\u00e3o de pessoal que cuida do patrim\u00f4nio no dia a dia, daquele bem. O Brasil possui mais de 400 bens que pertencem \u00e0 Igreja Cat\u00f3lica que ser\u00e3o beneficiados com esse acordo. Essa parceria vai promover a nossa identidade cultural e melhorar cada vez mais a gest\u00e3o desses bens que s\u00e3o t\u00e3o importantes para o brasil. Ent\u00e3o, \u00e9 uma conquista de todos os brasileiros.\u201d<br \/>\nPara o bispo auxiliar da arquidiocese do Rio de Janeiro e secret\u00e1rio-geral da CNBB, dom Joel Portella Amado, a assinatura desse acordo mostra o qu\u00e3o grande \u00e9 o alcance hist\u00f3rico geogr\u00e1fico dessa parceria.<br \/>\n\u201cO cuidado espec\u00edfico com os bens \u00e9 o ponto vis\u00edvel, sens\u00edvel de um cuidado muito maior que \u00e9 o cuidado com a hist\u00f3ria. No caso, a hist\u00f3ria do nosso pa\u00eds e, mais ainda, o cuidado com as pessoas que constru\u00edram essa hist\u00f3ria. Na maioria das vezes enfrentando dificuldades\u201d, destacou dom Joel.<br \/>\nAinda segundo dom Joel este acordo \u00e9 uma contribui\u00e7\u00e3o de cidadania.\u00a0\u201cCuidar desse acervo \u00e9 cuidar da mem\u00f3ria e dos valores mais profundos de um povo, respeitando a sua hist\u00f3ria, preservando seu passado para consolidar valores importantes hoje e, com certeza, ajudar as novas gera\u00e7\u00f5es a preparar o futuro.\u201d<br \/>\nO acordo tem vig\u00eancia de tr\u00eas anos e n\u00e3o abarca repasse de recursos financeiros entre as duas institui\u00e7\u00f5es. O custeio ser\u00e1 feito por meio do or\u00e7amento de cada uma delas. O acordo de coopera\u00e7\u00e3o assinado ser\u00e1 publicado na edi\u00e7\u00e3o da pr\u00f3xima segunda-feira, 21, do Di\u00e1rio Oficial da Uni\u00e3o (DOU).<br \/>\nBens Culturais da Igreja no Brasil<br \/>\nO Brasil desde o seu descobrimento construiu um dos maiores acervos de bens culturais, hist\u00f3ricos e art\u00edsticos da Igreja Cat\u00f3lica. A Santa Cruz, que, inclusive, deu os dois primeiros nomes a essa terra foi o primeiro bem cultural doado a Igreja.<br \/>\nDe acordo com o doutorando em Ambiente Constru\u00eddo e Patrim\u00f4nio Sustent\u00e1vel e Conservador Restaurador de Bens Culturais M\u00f3veis, Dener Chaves, os bens culturais da Igreja est\u00e3o divididos em: bens culturais materiais im\u00f3veis, integrados e m\u00f3veis, al\u00e9m dos bens culturais imateriais.<br \/>\nBens materiais im\u00f3veis: capelas, igrejas, mosteiros e catedrais;<br \/>\nBens integrados: altares, pias batismais e forros esculpidos que se encontram em Igrejas coloniais ou dos s\u00e9culos XIX e XX;<br \/>\nBens culturais m\u00f3veis: imagens em madeira policromadas, c\u00e1lices em ouro e prata, crucifixos, alfaias e uma diversidade de objetos lit\u00fargico, al\u00e9m de pinturas, livros e documentos raros.<br \/>\nBens culturais imateriais: est\u00e1 relacionada ao modo de fazer, de festejar, de preparar, de cantar que s\u00e3o particulares a um determinado grupo ou regi\u00e3o como a folia de reis, os tapetes de uma prociss\u00e3o, os festejos para um determinado santo, dentre outros.<\/p>\n<p><img fetchpriority=\"high\" decoding=\"async\" class=\"alignleft size-medium wp-image-16769\" src=\"https:\/\/correiodasemana.com\/site\/wp-content\/uploads\/2021\/06\/Patrimoniio-da-igreja-catolica-300x172.png\" alt=\"\" width=\"300\" height=\"172\" srcset=\"https:\/\/correiodasemana.com\/site\/wp-content\/uploads\/2021\/06\/Patrimoniio-da-igreja-catolica-300x172.png 300w, https:\/\/correiodasemana.com\/site\/wp-content\/uploads\/2021\/06\/Patrimoniio-da-igreja-catolica.png 747w\" sizes=\"(max-width: 300px) 100vw, 300px\" \/> <img decoding=\"async\" class=\"alignleft size-medium wp-image-16770\" src=\"https:\/\/correiodasemana.com\/site\/wp-content\/uploads\/2021\/06\/Presidente-da-CNBB-e-IPHAN-300x178.jpeg\" alt=\"\" width=\"300\" height=\"178\" srcset=\"https:\/\/correiodasemana.com\/site\/wp-content\/uploads\/2021\/06\/Presidente-da-CNBB-e-IPHAN-300x178.jpeg 300w, https:\/\/correiodasemana.com\/site\/wp-content\/uploads\/2021\/06\/Presidente-da-CNBB-e-IPHAN.jpeg 685w\" sizes=\"(max-width: 300px) 100vw, 300px\" \/><\/p>\n","protected":false},"excerpt":{"rendered":"<p>Fonte: CNBB A Confer\u00eancia Nacional dos Bispos do Brasil (CNBB) e Instituto do Patrim\u00f4nio Hist\u00f3rico&#8230;<\/p>\n","protected":false},"author":1,"featured_media":16770,"comment_status":"open","ping_status":"open","sticky":false,"template":"","format":"standard","meta":{"_jetpack_memberships_contains_paid_content":false,"footnotes":"","jetpack_publicize_message":"","jetpack_publicize_feature_enabled":true,"jetpack_social_post_already_shared":true,"jetpack_social_options":{"image_generator_settings":{"template":"highway","default_image_id":0,"font":"","enabled":false},"version":2}},"categories":[1],"tags":[],"class_list":["post-16768","post","type-post","status-publish","format-standard","has-post-thumbnail","hentry","category-atualidade"],"jetpack_publicize_connections":[],"jetpack_featured_media_url":"https:\/\/correiodasemana.com\/site\/wp-content\/uploads\/2021\/06\/Presidente-da-CNBB-e-IPHAN.jpeg","jetpack-related-posts":[{"id":9249,"url":"https:\/\/correiodasemana.com\/site\/um-passeio-pelo-patrimonio-historico-de-sobral\/","url_meta":{"origin":16768,"position":0},"title":"Um passeio pelo Patrim\u00f4nio Hist\u00f3rico de Sobral","author":"","date":"Setembro 30, 2019","format":false,"excerpt":"Quase 20 anos de tombamento do S\u00edtio Hist\u00f3rico da cidade O conjunto arquitet\u00f4nico e urban\u00edstico da cidade, foi tombado pelo Instituto do Patrim\u00f4nio Hist\u00f3rico e Art\u00edstico Nacional (IPHAN) em 1999, abrange uma \u00e1rea que se estende da margem do Rio Acara\u00fa \u00e0 Rua Coronel Monte Alverne, onde est\u00e3o in\u00fameros im\u00f3veis\u2026","rel":"","context":"In &quot;Atualidade&quot;","block_context":{"text":"Atualidade","link":"https:\/\/correiodasemana.com\/site\/category\/atualidade\/"},"img":{"alt_text":"","src":"https:\/\/i0.wp.com\/correiodasemana.com\/site\/wp-content\/uploads\/2019\/09\/Igreja-do-Ros%C3%A1rio.jpg?resize=350%2C200&ssl=1","width":350,"height":200,"srcset":"https:\/\/i0.wp.com\/correiodasemana.com\/site\/wp-content\/uploads\/2019\/09\/Igreja-do-Ros%C3%A1rio.jpg?resize=350%2C200&ssl=1 1x, https:\/\/i0.wp.com\/correiodasemana.com\/site\/wp-content\/uploads\/2019\/09\/Igreja-do-Ros%C3%A1rio.jpg?resize=525%2C300&ssl=1 1.5x, https:\/\/i0.wp.com\/correiodasemana.com\/site\/wp-content\/uploads\/2019\/09\/Igreja-do-Ros%C3%A1rio.jpg?resize=700%2C400&ssl=1 2x, https:\/\/i0.wp.com\/correiodasemana.com\/site\/wp-content\/uploads\/2019\/09\/Igreja-do-Ros%C3%A1rio.jpg?resize=1050%2C600&ssl=1 3x, https:\/\/i0.wp.com\/correiodasemana.com\/site\/wp-content\/uploads\/2019\/09\/Igreja-do-Ros%C3%A1rio.jpg?resize=1400%2C800&ssl=1 4x"},"classes":[]},{"id":18776,"url":"https:\/\/correiodasemana.com\/site\/igreja-do-menino-deus-e-reinaugurada\/","url_meta":{"origin":16768,"position":1},"title":"Igreja do Menino Deus \u00e9 reinaugurada","author":"","date":"Fevereiro 7, 2022","format":false,"excerpt":"Reda\u00e7\u00e3o Correio da Semana Nesta sexta-feira (04\/02), a Igreja do Menino foi reinaugurada em ato solene. A restaura\u00e7\u00e3o \u00e9 uma realiza\u00e7\u00e3o do munic\u00edpio de Sobral com o Instituto do Patrim\u00f4nio Hist\u00f3rico e Art\u00edstico Nacional (IPHAN) e contou com investimento de mais de R$ 1,3 milh\u00f5es. A obra da constru\u00e7\u00e3o hist\u00f3rica\u2026","rel":"","context":"In &quot;Atualidade&quot;","block_context":{"text":"Atualidade","link":"https:\/\/correiodasemana.com\/site\/category\/atualidade\/"},"img":{"alt_text":"","src":"https:\/\/i0.wp.com\/correiodasemana.com\/site\/wp-content\/uploads\/2022\/02\/igreja-menino-deus-8.jpg?resize=350%2C200&ssl=1","width":350,"height":200,"srcset":"https:\/\/i0.wp.com\/correiodasemana.com\/site\/wp-content\/uploads\/2022\/02\/igreja-menino-deus-8.jpg?resize=350%2C200&ssl=1 1x, https:\/\/i0.wp.com\/correiodasemana.com\/site\/wp-content\/uploads\/2022\/02\/igreja-menino-deus-8.jpg?resize=525%2C300&ssl=1 1.5x, https:\/\/i0.wp.com\/correiodasemana.com\/site\/wp-content\/uploads\/2022\/02\/igreja-menino-deus-8.jpg?resize=700%2C400&ssl=1 2x"},"classes":[]},{"id":18321,"url":"https:\/\/correiodasemana.com\/site\/dirigentes-do-iphan-e-ivo-gomes-fazem-visitas-a-obras-de-restauracao-em-sobral\/","url_meta":{"origin":16768,"position":2},"title":"Dirigentes do IPHAN e Ivo Gomes fazem visitas a obras de restaura\u00e7\u00e3o em Sobral","author":"","date":"Dezembro 12, 2021","format":false,"excerpt":"Por Samuel Carvalho Reda\u00e7\u00e3o Correio da Semana O prefeito Ivo Gomes (PDT) visitou na manh\u00e3 da \u00faltima ter\u00e7a-feira (07), junto com o diretor do Departamento de Projetos Especiais do Instituto do Patrim\u00f4nio Hist\u00f3rico e Art\u00edstico Nacional (Iphan) de Bras\u00edlia, Arlindo Pires Lopes, e com o superintendente do Iphan no Cear\u00e1,\u2026","rel":"","context":"In &quot;Atualidade&quot;","block_context":{"text":"Atualidade","link":"https:\/\/correiodasemana.com\/site\/category\/atualidade\/"},"img":{"alt_text":"","src":"https:\/\/i0.wp.com\/correiodasemana.com\/site\/wp-content\/uploads\/2021\/12\/WhatsApp-Image-2021-12-09-at-20.06.39.jpeg?resize=350%2C200&ssl=1","width":350,"height":200,"srcset":"https:\/\/i0.wp.com\/correiodasemana.com\/site\/wp-content\/uploads\/2021\/12\/WhatsApp-Image-2021-12-09-at-20.06.39.jpeg?resize=350%2C200&ssl=1 1x, https:\/\/i0.wp.com\/correiodasemana.com\/site\/wp-content\/uploads\/2021\/12\/WhatsApp-Image-2021-12-09-at-20.06.39.jpeg?resize=525%2C300&ssl=1 1.5x, https:\/\/i0.wp.com\/correiodasemana.com\/site\/wp-content\/uploads\/2021\/12\/WhatsApp-Image-2021-12-09-at-20.06.39.jpeg?resize=700%2C400&ssl=1 2x"},"classes":[]},{"id":32020,"url":"https:\/\/correiodasemana.com\/site\/prefeitura-de-sobral-e-iphan-realizam-entrega-da-capela-de-nossa-senhora-das-dores-apos-reforma\/","url_meta":{"origin":16768,"position":3},"title":"Prefeitura de Sobral e IPHAN realizam entrega da Capela de Nossa Senhora das Dores ap\u00f3s reforma","author":"adminredacao","date":"Janeiro 15, 2025","format":false,"excerpt":"O Instituto do Patrim\u00f4nio Hist\u00f3rico e Art\u00edstico Nacional (Iphan) em parceria com a Prefeitura Municipal de Sobral realizou a entrega da Capela de Nossa Senhora das Dores na tarde do dia 23 de dezembro, durante cerim\u00f4nia de reinaugura\u00e7\u00e3o. A igreja situada as margens do Rio Acara\u00fa datada de 1818, estava\u2026","rel":"","context":"In &quot;Atualidade&quot;","block_context":{"text":"Atualidade","link":"https:\/\/correiodasemana.com\/site\/category\/atualidade\/"},"img":{"alt_text":"","src":"https:\/\/i0.wp.com\/correiodasemana.com\/site\/wp-content\/uploads\/2025\/01\/igreja-das-dores-sobral-3.jpeg?resize=350%2C200&ssl=1","width":350,"height":200,"srcset":"https:\/\/i0.wp.com\/correiodasemana.com\/site\/wp-content\/uploads\/2025\/01\/igreja-das-dores-sobral-3.jpeg?resize=350%2C200&ssl=1 1x, https:\/\/i0.wp.com\/correiodasemana.com\/site\/wp-content\/uploads\/2025\/01\/igreja-das-dores-sobral-3.jpeg?resize=525%2C300&ssl=1 1.5x, https:\/\/i0.wp.com\/correiodasemana.com\/site\/wp-content\/uploads\/2025\/01\/igreja-das-dores-sobral-3.jpeg?resize=700%2C400&ssl=1 2x, https:\/\/i0.wp.com\/correiodasemana.com\/site\/wp-content\/uploads\/2025\/01\/igreja-das-dores-sobral-3.jpeg?resize=1050%2C600&ssl=1 3x, https:\/\/i0.wp.com\/correiodasemana.com\/site\/wp-content\/uploads\/2025\/01\/igreja-das-dores-sobral-3.jpeg?resize=1400%2C800&ssl=1 4x"},"classes":[]},{"id":16691,"url":"https:\/\/correiodasemana.com\/site\/chapada-do-araripe-candidatura-a-patrimonio-mundial\/","url_meta":{"origin":16768,"position":4},"title":"CHAPADA DO ARARIPE: CANDIDATURA A PATRIM\u00d4NIO MUNDIAL\u00a0","author":"","date":"Junho 7, 2021","format":false,"excerpt":"Na reuni\u00e3o ordin\u00e1ria do Conselho Estadual de Preserva\u00e7\u00e3o do Patrim\u00f4nio Cultural do Cear\u00e1 \u2013 COEPA, realizada no dia 19 de maio \u00faltimo, aconteceu a apresenta\u00e7\u00e3o da candidatura da Chapada do Araripe como Patrim\u00f4nio da Humanidade junto \u00e0 UNESCO. Na oportunidade, se pronunciaram os Professores-Doutores Jos\u00e9 Patr\u00edcio Pereira Melo, Alemberg Quindins\u2026","rel":"","context":"In &quot;Artigos&quot;","block_context":{"text":"Artigos","link":"https:\/\/correiodasemana.com\/site\/category\/artigos\/"},"img":{"alt_text":"","src":"https:\/\/i0.wp.com\/correiodasemana.com\/site\/wp-content\/uploads\/2018\/02\/Jose%CC%81-1.jpg?resize=350%2C200&ssl=1","width":350,"height":200,"srcset":"https:\/\/i0.wp.com\/correiodasemana.com\/site\/wp-content\/uploads\/2018\/02\/Jose%CC%81-1.jpg?resize=350%2C200&ssl=1 1x, https:\/\/i0.wp.com\/correiodasemana.com\/site\/wp-content\/uploads\/2018\/02\/Jose%CC%81-1.jpg?resize=525%2C300&ssl=1 1.5x, https:\/\/i0.wp.com\/correiodasemana.com\/site\/wp-content\/uploads\/2018\/02\/Jose%CC%81-1.jpg?resize=700%2C400&ssl=1 2x"},"classes":[]},{"id":18802,"url":"https:\/\/correiodasemana.com\/site\/sobral-recebe-visita-do-ministro-do-turismo-para-entrega-da-igreja-menino-deus-e-vistoria-da-ponte-estaiada\/","url_meta":{"origin":16768,"position":5},"title":"Sobral recebe visita do Ministro do Turismo para entrega da Igreja Menino Deus e vistoria da ponte estaiada","author":"","date":"Fevereiro 7, 2022","format":false,"excerpt":"Por Samuel Carvalho Reda\u00e7\u00e3o Correio da Semana O Ministro do Turismo, Gilson Machado visitou Sobral, sexta-feira (04\/02), para juntamente aos representantes da Diocese de Sobral, Secretaria da Cultura e Turismo de Sobral, Secretaria de Urbanismo, Habita\u00e7\u00e3o e Meio Ambiente e Prefeitura de Sobral entregar a reforma da Igreja do Menino\u2026","rel":"","context":"In &quot;Atualidade&quot;","block_context":{"text":"Atualidade","link":"https:\/\/correiodasemana.com\/site\/category\/atualidade\/"},"img":{"alt_text":"","src":"https:\/\/i0.wp.com\/correiodasemana.com\/site\/wp-content\/uploads\/2022\/02\/igreja-menino-deus-6.jpg?resize=350%2C200&ssl=1","width":350,"height":200,"srcset":"https:\/\/i0.wp.com\/correiodasemana.com\/site\/wp-content\/uploads\/2022\/02\/igreja-menino-deus-6.jpg?resize=350%2C200&ssl=1 1x, https:\/\/i0.wp.com\/correiodasemana.com\/site\/wp-content\/uploads\/2022\/02\/igreja-menino-deus-6.jpg?resize=525%2C300&ssl=1 1.5x, https:\/\/i0.wp.com\/correiodasemana.com\/site\/wp-content\/uploads\/2022\/02\/igreja-menino-deus-6.jpg?resize=700%2C400&ssl=1 2x"},"classes":[]}],"jetpack_sharing_enabled":true,"_links":{"self":[{"href":"https:\/\/correiodasemana.com\/site\/wp-json\/wp\/v2\/posts\/16768","targetHints":{"allow":["GET"]}}],"collection":[{"href":"https:\/\/correiodasemana.com\/site\/wp-json\/wp\/v2\/posts"}],"about":[{"href":"https:\/\/correiodasemana.com\/site\/wp-json\/wp\/v2\/types\/post"}],"author":[{"embeddable":true,"href":"https:\/\/correiodasemana.com\/site\/wp-json\/wp\/v2\/users\/1"}],"replies":[{"embeddable":true,"href":"https:\/\/correiodasemana.com\/site\/wp-json\/wp\/v2\/comments?post=16768"}],"version-history":[{"count":2,"href":"https:\/\/correiodasemana.com\/site\/wp-json\/wp\/v2\/posts\/16768\/revisions"}],"predecessor-version":[{"id":16772,"href":"https:\/\/correiodasemana.com\/site\/wp-json\/wp\/v2\/posts\/16768\/revisions\/16772"}],"wp:featuredmedia":[{"embeddable":true,"href":"https:\/\/correiodasemana.com\/site\/wp-json\/wp\/v2\/media\/16770"}],"wp:attachment":[{"href":"https:\/\/correiodasemana.com\/site\/wp-json\/wp\/v2\/media?parent=16768"}],"wp:term":[{"taxonomy":"category","embeddable":true,"href":"https:\/\/correiodasemana.com\/site\/wp-json\/wp\/v2\/categories?post=16768"},{"taxonomy":"post_tag","embeddable":true,"href":"https:\/\/correiodasemana.com\/site\/wp-json\/wp\/v2\/tags?post=16768"}],"curies":[{"name":"wp","href":"https:\/\/api.w.org\/{rel}","templated":true}]}}