{"id":16773,"date":"2021-06-20T23:38:34","date_gmt":"2021-06-21T02:38:34","guid":{"rendered":"https:\/\/correiodasemana.com\/site\/?p=16773"},"modified":"2021-06-20T23:38:34","modified_gmt":"2021-06-21T02:38:34","slug":"divulgado-os-sorteados-da-rifa-promovida-pela-catedral-da-se","status":"publish","type":"post","link":"https:\/\/correiodasemana.com\/site\/divulgado-os-sorteados-da-rifa-promovida-pela-catedral-da-se\/","title":{"rendered":"Divulgado os sorteados da rifa promovida pela Catedral da S\u00e9"},"content":{"rendered":"<p>Por Samuel Carvalho &#8211; Reda\u00e7\u00e3o Correio da Semana<br \/>\nA Catedral da S\u00e9 promoveu a rifa de um carro e uma assistente virtual Alexa para a campanha \u201cA\u00e7\u00e3o entre amigos\u201d. A entrega dos pr\u00eamios ocorreu nessa segunda-feira (14) na resid\u00eancia paroquial pelo Padre Jo\u00e3o Paulo a Lindojohnson Pereira que levou o pr\u00eamio principal, um carro Gol 1.6 e Marc\u00e9lia Ximenes, que recebeu o segundo pr\u00eamio atrav\u00e9s de um representante, seu pai Ronaldo Ximenes, pois a ganhadora mora na Para\u00edba.<br \/>\nA a\u00e7\u00e3o foi feita para custear despesas da par\u00f3quia que durante a pandemia enfrentou problemas administrativos. De acordo com o Padre Jo\u00e3o Paulo, a par\u00f3quia teve que passar por desafios como a maioria da popula\u00e7\u00e3o, ent\u00e3o decidiram fazer a rifa do carro utilizado pela par\u00f3quia. \u201cA situa\u00e7\u00e3o administrativa n\u00e3o ficou t\u00e3o f\u00e1cil, a gente teve que passar por alguns desafios para honrar nossos compromissos, ent\u00e3o n\u00f3s decidimos fazer a rifa desse carro para que pud\u00e9ssemos ter condi\u00e7\u00f5es de manter o dia-a-dia da nossa par\u00f3quia\u201d argumentou Padre Jo\u00e3o Paulo.<br \/>\nAinda segundo o padre, a recep\u00e7\u00e3o dos paroquianos para a a\u00e7\u00e3o foi bem recebida bem como dos padres que comp\u00f5e a administra\u00e7\u00e3o. \u201cFoi a melhor [ades\u00e3o] poss\u00edvel, Gra\u00e7as \u00e0 Deus. Muito mais do que o bem material ou participar do sorteio de uma rifa, n\u00f3s sentimos a alegria do povo em colaborar\u201d disse Padre Jo\u00e3o Paulo. A cartela da rifa custava R$ 20,00, mas o real intuito era ajudar com as despesas da par\u00f3quia. Ainda nas palavras do Padre Jo\u00e3o Paulo, a rifa atingiu os objetivos e j\u00e1 \u00e9 poss\u00edvel notar melhora nas finan\u00e7as da administra\u00e7\u00e3o da catedral da S\u00e9.<br \/>\n\u201cMuito bom compartilhar e ajudar a Igreja, isso \u00e9 o mais importante\u201d falou Ronaldo Ximenes que representou a filha Marc\u00e9lia Ximenes na entrega, pois a mesma mora no estado da Para\u00edba. O vencedor do carro, Lindojohnson Pereira, que teve a inciativa de comprar o carro esteve presente juntamente com a fam\u00edlia. \u201cPrimeiramente [sou grato] em ter a possibilidade de ajudar a Igreja e segundo por ter sido agraciado com o primeiro pr\u00eamio\u201d relatou Lindojohnson.<br \/>\nA rifa correu com sucesso e muitos paroquianos se mobilizaram para ajudar a par\u00f3quia na venda e na compra dos bilhetes. O Padre Jo\u00e3o Paulo expressou sua gratid\u00e3o a todos que se disponibilizaram com o esp\u00edrito de solidariedade presente durante o sorteio.<\/p>\n<p><img fetchpriority=\"high\" decoding=\"async\" class=\"alignleft size-medium wp-image-16774\" src=\"https:\/\/correiodasemana.com\/site\/wp-content\/uploads\/2021\/06\/sorteio-catedral-2-222x300.png\" alt=\"\" width=\"222\" height=\"300\" srcset=\"https:\/\/correiodasemana.com\/site\/wp-content\/uploads\/2021\/06\/sorteio-catedral-2-222x300.png 222w, https:\/\/correiodasemana.com\/site\/wp-content\/uploads\/2021\/06\/sorteio-catedral-2.png 576w\" sizes=\"(max-width: 222px) 100vw, 222px\" \/> <img decoding=\"async\" class=\"alignleft size-medium wp-image-16775\" src=\"https:\/\/correiodasemana.com\/site\/wp-content\/uploads\/2021\/06\/sorteio-catedral-279x300.png\" alt=\"\" width=\"279\" height=\"300\" srcset=\"https:\/\/correiodasemana.com\/site\/wp-content\/uploads\/2021\/06\/sorteio-catedral-279x300.png 279w, https:\/\/correiodasemana.com\/site\/wp-content\/uploads\/2021\/06\/sorteio-catedral.png 576w\" sizes=\"(max-width: 279px) 100vw, 279px\" \/><\/p>\n","protected":false},"excerpt":{"rendered":"<p>Por Samuel Carvalho &#8211; Reda\u00e7\u00e3o Correio da Semana A Catedral da S\u00e9 promoveu a rifa&#8230;<\/p>\n","protected":false},"author":1,"featured_media":16775,"comment_status":"open","ping_status":"open","sticky":false,"template":"","format":"standard","meta":{"_jetpack_memberships_contains_paid_content":false,"footnotes":"","jetpack_publicize_message":"","jetpack_publicize_feature_enabled":true,"jetpack_social_post_already_shared":true,"jetpack_social_options":{"image_generator_settings":{"template":"highway","default_image_id":0,"font":"","enabled":false},"version":2}},"categories":[1],"tags":[],"class_list":["post-16773","post","type-post","status-publish","format-standard","has-post-thumbnail","hentry","category-atualidade"],"jetpack_publicize_connections":[],"jetpack_featured_media_url":"https:\/\/correiodasemana.com\/site\/wp-content\/uploads\/2021\/06\/sorteio-catedral.png","jetpack-related-posts":[{"id":21230,"url":"https:\/\/correiodasemana.com\/site\/padre-joao-paulo-celebra-dez-anos-de-ordenacao-presbiteral\/","url_meta":{"origin":16773,"position":0},"title":"Padre Jo\u00e3o Paulo celebra dez anos de Ordena\u00e7\u00e3o Presbiteral","author":"","date":"Outubro 10, 2022","format":false,"excerpt":"(Thais Helena \u2013 Reda\u00e7\u00e3o Correio da Semana) A Par\u00f3quia de Nossa Senhora da Concei\u00e7\u00e3o \u2013 S\u00e9 Catedral de Sobral realizou na noite do \u00faltimo s\u00e1bado (01\/10), dia de Santa Terezinha do Menino Jesus, a Santa Missa em A\u00e7\u00e3o de Gra\u00e7as pelos 10 anos de Ordena\u00e7\u00e3o Presbiteral de Pe. Jo\u00e3o Paulo\u2026","rel":"","context":"In &quot;Atualidade&quot;","block_context":{"text":"Atualidade","link":"https:\/\/correiodasemana.com\/site\/category\/atualidade\/"},"img":{"alt_text":"","src":"https:\/\/i0.wp.com\/correiodasemana.com\/site\/wp-content\/uploads\/2022\/10\/padre-joao-paulo-5.png?resize=350%2C200&ssl=1","width":350,"height":200,"srcset":"https:\/\/i0.wp.com\/correiodasemana.com\/site\/wp-content\/uploads\/2022\/10\/padre-joao-paulo-5.png?resize=350%2C200&ssl=1 1x, https:\/\/i0.wp.com\/correiodasemana.com\/site\/wp-content\/uploads\/2022\/10\/padre-joao-paulo-5.png?resize=525%2C300&ssl=1 1.5x, https:\/\/i0.wp.com\/correiodasemana.com\/site\/wp-content\/uploads\/2022\/10\/padre-joao-paulo-5.png?resize=700%2C400&ssl=1 2x, https:\/\/i0.wp.com\/correiodasemana.com\/site\/wp-content\/uploads\/2022\/10\/padre-joao-paulo-5.png?resize=1050%2C600&ssl=1 3x, https:\/\/i0.wp.com\/correiodasemana.com\/site\/wp-content\/uploads\/2022\/10\/padre-joao-paulo-5.png?resize=1400%2C800&ssl=1 4x"},"classes":[]},{"id":21323,"url":"https:\/\/correiodasemana.com\/site\/paroquia-de-nossa-senhora-de-fatima-promove-festa-de-sua-padroeira-em-sobral\/","url_meta":{"origin":16773,"position":1},"title":"Par\u00f3quia de Nossa Senhora de F\u00e1tima promove festa de sua padroeira em Sobral","author":"","date":"Outubro 24, 2022","format":false,"excerpt":"Sendo o tema: \u201cA igreja \u00e9 miss\u00e3o\u201d, e o lema: \u201cSereis minhas testemunhas\u201d. (At 1, 8), a comunidade paroquial do bairro Sinh\u00e1 Sab\u00f3ia em Sobral festejou entre os dias 07 a 16 de outubro a festa de sua padroeira, Nossa Senhora de F\u00e1tima. Essa festa \u00e9 celebrada neste per\u00edodo porque\u2026","rel":"","context":"In &quot;Atualidade&quot;","block_context":{"text":"Atualidade","link":"https:\/\/correiodasemana.com\/site\/category\/atualidade\/"},"img":{"alt_text":"","src":"https:\/\/i0.wp.com\/correiodasemana.com\/site\/wp-content\/uploads\/2022\/10\/paroquia-de-fatima.jpg?resize=350%2C200&ssl=1","width":350,"height":200,"srcset":"https:\/\/i0.wp.com\/correiodasemana.com\/site\/wp-content\/uploads\/2022\/10\/paroquia-de-fatima.jpg?resize=350%2C200&ssl=1 1x, https:\/\/i0.wp.com\/correiodasemana.com\/site\/wp-content\/uploads\/2022\/10\/paroquia-de-fatima.jpg?resize=525%2C300&ssl=1 1.5x, https:\/\/i0.wp.com\/correiodasemana.com\/site\/wp-content\/uploads\/2022\/10\/paroquia-de-fatima.jpg?resize=700%2C400&ssl=1 2x"},"classes":[]},{"id":20000,"url":"https:\/\/correiodasemana.com\/site\/projeto-do-santuario-da-divina-misericordia-e-apresentado-durante-missa-no-bairro-antonio-carlos-belchior-espaco-abrigara-ate-500-pessoas\/","url_meta":{"origin":16773,"position":2},"title":"Projeto do Santu\u00e1rio da Divina Miseric\u00f3rdia \u00e9 apresentado durante missa no bairro Ant\u00f4nio Carlos Belchior; espa\u00e7o abrigar\u00e1 at\u00e9 500 pessoas","author":"","date":"Junho 6, 2022","format":false,"excerpt":"A Comunidade da Divina Miseric\u00f3rdia, no bairro Belchior, ganhar\u00e1 um Santu\u00e1rio dedicado a Jesus Misericordioso. O novo espa\u00e7o foi projetado para 500 pessoas e contar\u00e1 com Centro Pastoral, lanchonete, lojinha, salas para catequeses, administra\u00e7\u00e3o e audit\u00f3rio. A maquete eletr\u00f4nica foi apresentada pelo Vig\u00e1rio Paroquial da Par\u00f3quia da S\u00e9, Padre \u00cdtalo\u2026","rel":"","context":"In &quot;Atualidade&quot;","block_context":{"text":"Atualidade","link":"https:\/\/correiodasemana.com\/site\/category\/atualidade\/"},"img":{"alt_text":"","src":"https:\/\/i0.wp.com\/correiodasemana.com\/site\/wp-content\/uploads\/2022\/06\/WhatsApp-Image-2022-06-02-at-10.42.43-3.jpeg?resize=350%2C200&ssl=1","width":350,"height":200,"srcset":"https:\/\/i0.wp.com\/correiodasemana.com\/site\/wp-content\/uploads\/2022\/06\/WhatsApp-Image-2022-06-02-at-10.42.43-3.jpeg?resize=350%2C200&ssl=1 1x, https:\/\/i0.wp.com\/correiodasemana.com\/site\/wp-content\/uploads\/2022\/06\/WhatsApp-Image-2022-06-02-at-10.42.43-3.jpeg?resize=525%2C300&ssl=1 1.5x, https:\/\/i0.wp.com\/correiodasemana.com\/site\/wp-content\/uploads\/2022\/06\/WhatsApp-Image-2022-06-02-at-10.42.43-3.jpeg?resize=700%2C400&ssl=1 2x, https:\/\/i0.wp.com\/correiodasemana.com\/site\/wp-content\/uploads\/2022\/06\/WhatsApp-Image-2022-06-02-at-10.42.43-3.jpeg?resize=1050%2C600&ssl=1 3x"},"classes":[]},{"id":15658,"url":"https:\/\/correiodasemana.com\/site\/missa-de-celebracao-de-acolhida-e-posse-do-pe-joao-paulo-aguiar-e-realizada-na-catedral-da-se\/","url_meta":{"origin":16773,"position":3},"title":"Missa de Celebra\u00e7\u00e3o de Acolhida e Posse do Pe. Jo\u00e3o Paulo Aguiar \u00e9 realizada na Catedral da S\u00e9","author":"","date":"Fevereiro 6, 2021","format":false,"excerpt":"Por Samuel Carvalho - Reda\u00e7\u00e3o Correio da Semana Aconteceu no dia 29 de Fevereiro, a Missa de Celebra\u00e7\u00e3o de Acolhida e Posse do novo p\u00e1roco da par\u00f3quia Nossa Senhora da Concei\u00e7\u00e3o, Padre Jo\u00e3o Paulo Aguiar Bezerra, na catedral da S\u00e9, em Sobral. A missa foi celebrada pelo bispo Dom Jos\u00e9\u2026","rel":"","context":"In &quot;Diocese&quot;","block_context":{"text":"Diocese","link":"https:\/\/correiodasemana.com\/site\/category\/diocese\/"},"img":{"alt_text":"","src":"https:\/\/i0.wp.com\/correiodasemana.com\/site\/wp-content\/uploads\/2021\/02\/DSC1297.jpg?resize=350%2C200&ssl=1","width":350,"height":200,"srcset":"https:\/\/i0.wp.com\/correiodasemana.com\/site\/wp-content\/uploads\/2021\/02\/DSC1297.jpg?resize=350%2C200&ssl=1 1x, https:\/\/i0.wp.com\/correiodasemana.com\/site\/wp-content\/uploads\/2021\/02\/DSC1297.jpg?resize=525%2C300&ssl=1 1.5x, https:\/\/i0.wp.com\/correiodasemana.com\/site\/wp-content\/uploads\/2021\/02\/DSC1297.jpg?resize=700%2C400&ssl=1 2x"},"classes":[]},{"id":37051,"url":"https:\/\/correiodasemana.com\/site\/paroquia-da-se-realiza-semana-missionaria-com-os-seminaristas\/","url_meta":{"origin":16773,"position":4},"title":"Par\u00f3quia da S\u00e9 realiza Semana Mission\u00e1ria com os seminaristas","author":"adminredacao","date":"Janeiro 17, 2026","format":false,"excerpt":"De 12 a 17 de janeiro, a Par\u00f3quia de Nossa Senhora da Concei\u00e7\u00e3o \u2013 S\u00e9 Catedral de Sobral realizou a Semana Mission\u00e1ria com os seminaristas, um tempo marcado pela viv\u00eancia da f\u00e9, do servi\u00e7o e do an\u00fancio do Evangelho no territ\u00f3rio paroquial. O p\u00e1roco, padre Berg, presidiu a Missa de\u2026","rel":"","context":"In &quot;Atualidade&quot;","block_context":{"text":"Atualidade","link":"https:\/\/correiodasemana.com\/site\/category\/atualidade\/"},"img":{"alt_text":"","src":"https:\/\/i0.wp.com\/correiodasemana.com\/site\/wp-content\/uploads\/2026\/01\/IMG_4074-scaled.jpg?resize=350%2C200&ssl=1","width":350,"height":200,"srcset":"https:\/\/i0.wp.com\/correiodasemana.com\/site\/wp-content\/uploads\/2026\/01\/IMG_4074-scaled.jpg?resize=350%2C200&ssl=1 1x, https:\/\/i0.wp.com\/correiodasemana.com\/site\/wp-content\/uploads\/2026\/01\/IMG_4074-scaled.jpg?resize=525%2C300&ssl=1 1.5x, https:\/\/i0.wp.com\/correiodasemana.com\/site\/wp-content\/uploads\/2026\/01\/IMG_4074-scaled.jpg?resize=700%2C400&ssl=1 2x, https:\/\/i0.wp.com\/correiodasemana.com\/site\/wp-content\/uploads\/2026\/01\/IMG_4074-scaled.jpg?resize=1050%2C600&ssl=1 3x, https:\/\/i0.wp.com\/correiodasemana.com\/site\/wp-content\/uploads\/2026\/01\/IMG_4074-scaled.jpg?resize=1400%2C800&ssl=1 4x"},"classes":[]},{"id":30410,"url":"https:\/\/correiodasemana.com\/site\/festa-de-sao-lourenco-diaconos-celebram-vocacao-ministerial-para-o-servico\/","url_meta":{"origin":16773,"position":5},"title":"Festa de S\u00e3o Louren\u00e7o: Di\u00e1conos celebram voca\u00e7\u00e3o ministerial para o servi\u00e7o","author":"adminredacao","date":"Agosto 19, 2024","format":false,"excerpt":"A igreja celebrou no \u00faltimo s\u00e1bado, 10 de agosto, a festa lit\u00fargica de S\u00e3o Louren\u00e7o, padroeiro dos di\u00e1conos. Sendo uma voca\u00e7\u00e3o ministerial para o servi\u00e7o, o di\u00e1cono atua na Palavra de Deus, na caridade e na liturgia. Atualmente, a Diocese de Sobral conta com vinte di\u00e1conos permanentes. Uma parte destes\u2026","rel":"","context":"In &quot;Atualidade&quot;","block_context":{"text":"Atualidade","link":"https:\/\/correiodasemana.com\/site\/category\/atualidade\/"},"img":{"alt_text":"","src":"https:\/\/i0.wp.com\/correiodasemana.com\/site\/wp-content\/uploads\/2024\/08\/WhatsApp-Image-2024-08-16-at-12.34.33.jpeg?resize=350%2C200&ssl=1","width":350,"height":200,"srcset":"https:\/\/i0.wp.com\/correiodasemana.com\/site\/wp-content\/uploads\/2024\/08\/WhatsApp-Image-2024-08-16-at-12.34.33.jpeg?resize=350%2C200&ssl=1 1x, https:\/\/i0.wp.com\/correiodasemana.com\/site\/wp-content\/uploads\/2024\/08\/WhatsApp-Image-2024-08-16-at-12.34.33.jpeg?resize=525%2C300&ssl=1 1.5x, https:\/\/i0.wp.com\/correiodasemana.com\/site\/wp-content\/uploads\/2024\/08\/WhatsApp-Image-2024-08-16-at-12.34.33.jpeg?resize=700%2C400&ssl=1 2x, https:\/\/i0.wp.com\/correiodasemana.com\/site\/wp-content\/uploads\/2024\/08\/WhatsApp-Image-2024-08-16-at-12.34.33.jpeg?resize=1050%2C600&ssl=1 3x, https:\/\/i0.wp.com\/correiodasemana.com\/site\/wp-content\/uploads\/2024\/08\/WhatsApp-Image-2024-08-16-at-12.34.33.jpeg?resize=1400%2C800&ssl=1 4x"},"classes":[]}],"jetpack_sharing_enabled":true,"_links":{"self":[{"href":"https:\/\/correiodasemana.com\/site\/wp-json\/wp\/v2\/posts\/16773","targetHints":{"allow":["GET"]}}],"collection":[{"href":"https:\/\/correiodasemana.com\/site\/wp-json\/wp\/v2\/posts"}],"about":[{"href":"https:\/\/correiodasemana.com\/site\/wp-json\/wp\/v2\/types\/post"}],"author":[{"embeddable":true,"href":"https:\/\/correiodasemana.com\/site\/wp-json\/wp\/v2\/users\/1"}],"replies":[{"embeddable":true,"href":"https:\/\/correiodasemana.com\/site\/wp-json\/wp\/v2\/comments?post=16773"}],"version-history":[{"count":1,"href":"https:\/\/correiodasemana.com\/site\/wp-json\/wp\/v2\/posts\/16773\/revisions"}],"predecessor-version":[{"id":16777,"href":"https:\/\/correiodasemana.com\/site\/wp-json\/wp\/v2\/posts\/16773\/revisions\/16777"}],"wp:featuredmedia":[{"embeddable":true,"href":"https:\/\/correiodasemana.com\/site\/wp-json\/wp\/v2\/media\/16775"}],"wp:attachment":[{"href":"https:\/\/correiodasemana.com\/site\/wp-json\/wp\/v2\/media?parent=16773"}],"wp:term":[{"taxonomy":"category","embeddable":true,"href":"https:\/\/correiodasemana.com\/site\/wp-json\/wp\/v2\/categories?post=16773"},{"taxonomy":"post_tag","embeddable":true,"href":"https:\/\/correiodasemana.com\/site\/wp-json\/wp\/v2\/tags?post=16773"}],"curies":[{"name":"wp","href":"https:\/\/api.w.org\/{rel}","templated":true}]}}