{"id":16782,"date":"2021-06-20T23:47:20","date_gmt":"2021-06-21T02:47:20","guid":{"rendered":"https:\/\/correiodasemana.com\/site\/?p=16782"},"modified":"2021-06-20T23:47:20","modified_gmt":"2021-06-21T02:47:20","slug":"em-clima-de-arraia-idosos-do-abrigo-sagrado-coracao-de-jesus-sao-vacinados-contra-gripe-h1n1","status":"publish","type":"post","link":"https:\/\/correiodasemana.com\/site\/em-clima-de-arraia-idosos-do-abrigo-sagrado-coracao-de-jesus-sao-vacinados-contra-gripe-h1n1\/","title":{"rendered":"Em clima de arrai\u00e1, idosos do Abrigo Sagrado Cora\u00e7\u00e3o de Jesus s\u00e3o vacinados contra gripe H1N1"},"content":{"rendered":"<p>Para celebrar a imuniza\u00e7\u00e3o contra a gripe H1N1 dos 31 idosos acolhidos no Abrigo Sagrado Cora\u00e7\u00e3o de Jesus, unidade do Complexo Santa Casa de Miseric\u00f3rdia de Sobral, a institui\u00e7\u00e3o organizou nesta quarta-feira (16\/06) o \u2018Arrai\u00e1 H1N1\u2019. O momento em clima de festa junina aconteceu seguindo a campanha de vacina\u00e7\u00e3o municipal, e contou com a presen\u00e7a de profissionais do\u00a0Centro de Sa\u00fade da Fam\u00edlia (CSF) do bairro\u00a0Pedrinhas para aplica\u00e7\u00e3o das vacinas.<br \/>\nDe acordo com a enfermeira respons\u00e1vel t\u00e9cnica pela institui\u00e7\u00e3o, D\u00e9borah Lopes, o momento \u00e9 essencial para garantir maior seguran\u00e7a e qualidade de vida aos idosos acolhidos.\u00a0\u201cA imuniza\u00e7\u00e3o de nossos idosos nos tranquiliza para continuarmos ofertando diariamente uma sa\u00fade de qualidade e humanizada. Todos j\u00e1 est\u00e3o vacinados contra Covid-19, e agora tamb\u00e9m contra a gripe H1N1. Por isso, agradecemos a parceria com a Secretaria de Sa\u00fade Municipal por nos auxiliar nesse momento necess\u00e1rio\u201d, destaca a enfermeira.<br \/>\n\u201cE para celebrar o momento com ainda mais alegria, organizamos durante o lanche matinal de nossos idosos, um pequeno arrai\u00e1 recheado de comidas t\u00edpicas, m\u00fasicas juninas que tornaram a aplica\u00e7\u00e3o das vacinas contra gripe H1N1 ainda mais especial\u201d, enfatiza a diretora do Abrigo, Maria Eliane de Oliveira.<br \/>\nSanta Casa de Miseric\u00f3rdia de Sobral Assessoria de Comunica\u00e7\u00e3o Thais Menezes\/ Henrique Brito\/ Domingos Jr. Fixo.: 88 3112-0435<\/p>\n","protected":false},"excerpt":{"rendered":"<p>Para celebrar a imuniza\u00e7\u00e3o contra a gripe H1N1 dos 31 idosos acolhidos no Abrigo Sagrado&#8230;<\/p>\n","protected":false},"author":1,"featured_media":16783,"comment_status":"open","ping_status":"open","sticky":false,"template":"","format":"standard","meta":{"_jetpack_memberships_contains_paid_content":false,"footnotes":"","jetpack_publicize_message":"","jetpack_publicize_feature_enabled":true,"jetpack_social_post_already_shared":true,"jetpack_social_options":{"image_generator_settings":{"template":"highway","default_image_id":0,"font":"","enabled":false},"version":2}},"categories":[1],"tags":[],"class_list":["post-16782","post","type-post","status-publish","format-standard","has-post-thumbnail","hentry","category-atualidade"],"jetpack_publicize_connections":[],"jetpack_featured_media_url":"https:\/\/correiodasemana.com\/site\/wp-content\/uploads\/2021\/06\/arraia-coracaodejesus.jpg","jetpack-related-posts":[{"id":15517,"url":"https:\/\/correiodasemana.com\/site\/idosos-do-abrigo-sagrado-coracao-de-jesus-em-sobral-sao-vacinados-contra-covid-19\/","url_meta":{"origin":16782,"position":0},"title":"Idosos do Abrigo Sagrado Cora\u00e7\u00e3o de Jesus em Sobral s\u00e3o vacinados contra Covid-19","author":"","date":"Janeiro 24, 2021","format":false,"excerpt":"A vacina\u00e7\u00e3o contempla a primeira fase da imuniza\u00e7\u00e3o no munic\u00edpio que al\u00e9m dos profissionais da sa\u00fade abrange Institui\u00e7\u00f5es de Longa Perman\u00eancia para Idosos (ILPI). Ascom Complexo SCMS Os 32 idosos acolhidos pelo Abrigo Sagrado Cora\u00e7\u00e3o de Jesus, unidade do Complexo Santa Casa de Miseric\u00f3rdia de Sobral, foram os primeiros idosos\u2026","rel":"","context":"In &quot;Atualidade&quot;","block_context":{"text":"Atualidade","link":"https:\/\/correiodasemana.com\/site\/category\/atualidade\/"},"img":{"alt_text":"","src":"https:\/\/i0.wp.com\/correiodasemana.com\/site\/wp-content\/uploads\/2021\/01\/Vacinacao-Abrigo-Covid-19-1.jpeg?resize=350%2C200&ssl=1","width":350,"height":200,"srcset":"https:\/\/i0.wp.com\/correiodasemana.com\/site\/wp-content\/uploads\/2021\/01\/Vacinacao-Abrigo-Covid-19-1.jpeg?resize=350%2C200&ssl=1 1x, https:\/\/i0.wp.com\/correiodasemana.com\/site\/wp-content\/uploads\/2021\/01\/Vacinacao-Abrigo-Covid-19-1.jpeg?resize=525%2C300&ssl=1 1.5x, https:\/\/i0.wp.com\/correiodasemana.com\/site\/wp-content\/uploads\/2021\/01\/Vacinacao-Abrigo-Covid-19-1.jpeg?resize=700%2C400&ssl=1 2x"},"classes":[]},{"id":15443,"url":"https:\/\/correiodasemana.com\/site\/idosos-do-abrigo-sagrado-coracao-de-jesus-sao-vacinados-contra-covid-19\/","url_meta":{"origin":16782,"position":1},"title":"Idosos do Abrigo Sagrado Cora\u00e7\u00e3o de Jesus s\u00e3o vacinados contra Covid-19","author":"","date":"Janeiro 19, 2021","format":false,"excerpt":"Os 32 idosos acolhidos pelo Abrigo Sagrado Cora\u00e7\u00e3o de Jesus, unidade do Complexo Santa Casa de Miseric\u00f3rdia de Sobral, foram os primeiros idosos institucionalizados a receberem a primeira dose da vacina contra a Covid-19 em Sobral nesta ter\u00e7a-feira (19\/01). As vacinas foram enviadas pelo Governo Federal, e repassadas pela Secretaria\u2026","rel":"","context":"In &quot;Atualidade&quot;","block_context":{"text":"Atualidade","link":"https:\/\/correiodasemana.com\/site\/category\/atualidade\/"},"img":{"alt_text":"","src":"https:\/\/i0.wp.com\/correiodasemana.com\/site\/wp-content\/uploads\/2021\/01\/Vacinacao-Abrigo-Covid-19.jpeg?resize=350%2C200&ssl=1","width":350,"height":200,"srcset":"https:\/\/i0.wp.com\/correiodasemana.com\/site\/wp-content\/uploads\/2021\/01\/Vacinacao-Abrigo-Covid-19.jpeg?resize=350%2C200&ssl=1 1x, https:\/\/i0.wp.com\/correiodasemana.com\/site\/wp-content\/uploads\/2021\/01\/Vacinacao-Abrigo-Covid-19.jpeg?resize=525%2C300&ssl=1 1.5x, https:\/\/i0.wp.com\/correiodasemana.com\/site\/wp-content\/uploads\/2021\/01\/Vacinacao-Abrigo-Covid-19.jpeg?resize=700%2C400&ssl=1 2x"},"classes":[]},{"id":19587,"url":"https:\/\/correiodasemana.com\/site\/vacinacao-contra-gripe-e-sarampo-e-antecipada-para-a-proxima-semana\/","url_meta":{"origin":16782,"position":2},"title":"Vacina\u00e7\u00e3o contra gripe e sarampo \u00e9 antecipada para a pr\u00f3xima semana","author":"","date":"Abril 24, 2022","format":false,"excerpt":"Fonte: Secretaria da Sa\u00fade Faixa de seis meses a quatro anos iria come\u00e7ar a receber doses em maio, mas o in\u00edcio foi adiantado para segunda (25) por causa da demanda em atendimentos de urg\u00eancia pedi\u00e1trica A Secretaria da Sa\u00fade do Rio Grande do Sul vai antecipar a vacina\u00e7\u00e3o contra a\u2026","rel":"","context":"In &quot;Atualidade&quot;","block_context":{"text":"Atualidade","link":"https:\/\/correiodasemana.com\/site\/category\/atualidade\/"},"img":{"alt_text":"","src":"https:\/\/i0.wp.com\/correiodasemana.com\/site\/wp-content\/uploads\/2022\/04\/vacinacao-infantil.jpg?resize=350%2C200&ssl=1","width":350,"height":200,"srcset":"https:\/\/i0.wp.com\/correiodasemana.com\/site\/wp-content\/uploads\/2022\/04\/vacinacao-infantil.jpg?resize=350%2C200&ssl=1 1x, https:\/\/i0.wp.com\/correiodasemana.com\/site\/wp-content\/uploads\/2022\/04\/vacinacao-infantil.jpg?resize=525%2C300&ssl=1 1.5x, https:\/\/i0.wp.com\/correiodasemana.com\/site\/wp-content\/uploads\/2022\/04\/vacinacao-infantil.jpg?resize=700%2C400&ssl=1 2x, https:\/\/i0.wp.com\/correiodasemana.com\/site\/wp-content\/uploads\/2022\/04\/vacinacao-infantil.jpg?resize=1050%2C600&ssl=1 3x"},"classes":[]},{"id":34309,"url":"https:\/\/correiodasemana.com\/site\/sindrome-respiratoria-aguda-grave-ja-matou-676-pessoas-este-ano-no-rio\/","url_meta":{"origin":16782,"position":3},"title":"S\u00edndrome Respirat\u00f3ria Aguda Grave j\u00e1 matou 676 pessoas este ano no Rio","author":"adminredacao","date":"Junho 23, 2025","format":false,"excerpt":"Interna\u00e7\u00f5es caem, mas n\u00famero de v\u00edtimas continua elevado POR Douglas Corr\u00eaa - Rep\u00f3rter da Ag\u00eancia Brasil As interna\u00e7\u00f5es por S\u00edndrome Respirat\u00f3ria Aguda Grave (SRAG) no estado do Rio apresentam sinal de desacelera\u00e7\u00e3o, mas os n\u00fameros continuam elevados, especialmente entre crian\u00e7as de at\u00e9 9 anos e pessoas com mais de 70\u2026","rel":"","context":"In &quot;Atualidade&quot;","block_context":{"text":"Atualidade","link":"https:\/\/correiodasemana.com\/site\/category\/atualidade\/"},"img":{"alt_text":"","src":"https:\/\/i0.wp.com\/correiodasemana.com\/site\/wp-content\/uploads\/2025\/06\/35798732956_7ac222a974_o.webp?resize=350%2C200&ssl=1","width":350,"height":200,"srcset":"https:\/\/i0.wp.com\/correiodasemana.com\/site\/wp-content\/uploads\/2025\/06\/35798732956_7ac222a974_o.webp?resize=350%2C200&ssl=1 1x, https:\/\/i0.wp.com\/correiodasemana.com\/site\/wp-content\/uploads\/2025\/06\/35798732956_7ac222a974_o.webp?resize=525%2C300&ssl=1 1.5x, https:\/\/i0.wp.com\/correiodasemana.com\/site\/wp-content\/uploads\/2025\/06\/35798732956_7ac222a974_o.webp?resize=700%2C400&ssl=1 2x, https:\/\/i0.wp.com\/correiodasemana.com\/site\/wp-content\/uploads\/2025\/06\/35798732956_7ac222a974_o.webp?resize=1050%2C600&ssl=1 3x"},"classes":[]},{"id":17672,"url":"https:\/\/correiodasemana.com\/site\/populacao-que-vive-em-abrigos-de-sobral-recebe-aplicacao-da-dose-de-reforco\/","url_meta":{"origin":16782,"position":4},"title":"Popula\u00e7\u00e3o que vive em abrigos de Sobral recebe aplica\u00e7\u00e3o da dose de refor\u00e7o","author":"","date":"Outubro 4, 2021","format":false,"excerpt":"Por Samuel Carvalho Reda\u00e7\u00e3o Correio da Semana A dose de refor\u00e7o da vacina contra a Covid-19 foi aplicada em idosos de 70 anos ou mais que vivem nos abrigos Bom Samaritano e Sagrado Cora\u00e7\u00e3o de Jesus pela Secretaria da Sa\u00fade (SMS). A terceira dose, desde a semana passada foi disponibilizada\u2026","rel":"","context":"In &quot;Atualidade&quot;","block_context":{"text":"Atualidade","link":"https:\/\/correiodasemana.com\/site\/category\/atualidade\/"},"img":{"alt_text":"","src":"https:\/\/i0.wp.com\/correiodasemana.com\/site\/wp-content\/uploads\/2021\/10\/vacinacao-idoso-800x445-1.jpg?resize=350%2C200&ssl=1","width":350,"height":200,"srcset":"https:\/\/i0.wp.com\/correiodasemana.com\/site\/wp-content\/uploads\/2021\/10\/vacinacao-idoso-800x445-1.jpg?resize=350%2C200&ssl=1 1x, https:\/\/i0.wp.com\/correiodasemana.com\/site\/wp-content\/uploads\/2021\/10\/vacinacao-idoso-800x445-1.jpg?resize=525%2C300&ssl=1 1.5x, https:\/\/i0.wp.com\/correiodasemana.com\/site\/wp-content\/uploads\/2021\/10\/vacinacao-idoso-800x445-1.jpg?resize=700%2C400&ssl=1 2x"},"classes":[]},{"id":26614,"url":"https:\/\/correiodasemana.com\/site\/envelhecimento-da-populacao-vai-demandar-mais-vacinas-para-idosos\/","url_meta":{"origin":16782,"position":5},"title":"Envelhecimento da popula\u00e7\u00e3o vai demandar mais vacinas para idosos","author":"adminredacao","date":"Setembro 25, 2023","format":false,"excerpt":"Vacinas contra hepatite, difteria e t\u00e9tano est\u00e3o no calend\u00e1rio Por Vin\u00edcius Lisboa - rep\u00f3rter da Ag\u00eancia Brasil* - Florian\u00f3polis O continente americano e o Brasil est\u00e3o envelhecendo mais r\u00e1pido do que a m\u00e9dia mundial, e a amplia\u00e7\u00e3o do acesso dos idosos \u00e0 vacina\u00e7\u00e3o \u00e9 um dos instrumentos para a garantia\u2026","rel":"","context":"In &quot;Atualidade&quot;","block_context":{"text":"Atualidade","link":"https:\/\/correiodasemana.com\/site\/category\/atualidade\/"},"img":{"alt_text":"","src":"https:\/\/i0.wp.com\/correiodasemana.com\/site\/wp-content\/uploads\/2023\/09\/raf05950.jpg?resize=350%2C200&ssl=1","width":350,"height":200,"srcset":"https:\/\/i0.wp.com\/correiodasemana.com\/site\/wp-content\/uploads\/2023\/09\/raf05950.jpg?resize=350%2C200&ssl=1 1x, https:\/\/i0.wp.com\/correiodasemana.com\/site\/wp-content\/uploads\/2023\/09\/raf05950.jpg?resize=525%2C300&ssl=1 1.5x, https:\/\/i0.wp.com\/correiodasemana.com\/site\/wp-content\/uploads\/2023\/09\/raf05950.jpg?resize=700%2C400&ssl=1 2x, https:\/\/i0.wp.com\/correiodasemana.com\/site\/wp-content\/uploads\/2023\/09\/raf05950.jpg?resize=1050%2C600&ssl=1 3x"},"classes":[]}],"jetpack_sharing_enabled":true,"_links":{"self":[{"href":"https:\/\/correiodasemana.com\/site\/wp-json\/wp\/v2\/posts\/16782","targetHints":{"allow":["GET"]}}],"collection":[{"href":"https:\/\/correiodasemana.com\/site\/wp-json\/wp\/v2\/posts"}],"about":[{"href":"https:\/\/correiodasemana.com\/site\/wp-json\/wp\/v2\/types\/post"}],"author":[{"embeddable":true,"href":"https:\/\/correiodasemana.com\/site\/wp-json\/wp\/v2\/users\/1"}],"replies":[{"embeddable":true,"href":"https:\/\/correiodasemana.com\/site\/wp-json\/wp\/v2\/comments?post=16782"}],"version-history":[{"count":1,"href":"https:\/\/correiodasemana.com\/site\/wp-json\/wp\/v2\/posts\/16782\/revisions"}],"predecessor-version":[{"id":16784,"href":"https:\/\/correiodasemana.com\/site\/wp-json\/wp\/v2\/posts\/16782\/revisions\/16784"}],"wp:featuredmedia":[{"embeddable":true,"href":"https:\/\/correiodasemana.com\/site\/wp-json\/wp\/v2\/media\/16783"}],"wp:attachment":[{"href":"https:\/\/correiodasemana.com\/site\/wp-json\/wp\/v2\/media?parent=16782"}],"wp:term":[{"taxonomy":"category","embeddable":true,"href":"https:\/\/correiodasemana.com\/site\/wp-json\/wp\/v2\/categories?post=16782"},{"taxonomy":"post_tag","embeddable":true,"href":"https:\/\/correiodasemana.com\/site\/wp-json\/wp\/v2\/tags?post=16782"}],"curies":[{"name":"wp","href":"https:\/\/api.w.org\/{rel}","templated":true}]}}