{"id":16785,"date":"2021-06-20T23:48:46","date_gmt":"2021-06-21T02:48:46","guid":{"rendered":"https:\/\/correiodasemana.com\/site\/?p=16785"},"modified":"2021-06-20T23:48:46","modified_gmt":"2021-06-21T02:48:46","slug":"panegiricos-a-santo-antonio-i-2","status":"publish","type":"post","link":"https:\/\/correiodasemana.com\/site\/panegiricos-a-santo-antonio-i-2\/","title":{"rendered":"PANEG\u00cdRICOS A SANTO ANTONIO I"},"content":{"rendered":"<p>Por Matheus Ribeiro, seminarista<br \/>\nSe a beleza franciscana fosse pelos modernos escritos considerada em sua ess\u00eancia, haveria de decepcionar-se profundamente os que fazem da hist\u00f3ria do Pai Ser\u00e1fico o sustento de ideias que desfiguram o legado da ordem mendicante. N\u00e3o seria eu faltoso se, no pr\u00f3ximo artigo, valer-me da ocasi\u00e3o do dia de Santo Ant\u00f4nio para louv\u00e1-lo adequadamente, mas a desgra\u00e7a \u00e9 minha e nossa, e n\u00e3o sei se diria o mesmo santo que no dia 13 celebraremos, que ao inv\u00e9s de levantar elogios \u00e0 grande Arca do Testamento (como assim o chamou Greg\u00f3rio IX), terei eu que fazer hoje desagravos a Santo Ant\u00f4nio, com o qual incluo uma singela repara\u00e7\u00e3o \u00e0 mem\u00f3ria franciscana.<br \/>\nCom esta vileza, meu grande Santo, j\u00e1 diz a insol\u00eancia daqueles que desvirtuam vosso legado o qual equilibrou os c\u00e1taros e fez os peixes sacudirem as barbatanas, que fez Lisboa adot\u00e1-lo mestre e P\u00e1dua doutor. Se n\u00e3o me constrange saber que no brevi\u00e1rio, entre par\u00eanteses, est\u00e1 Lisboa da qual trouxestes vossa eloqu\u00eancia, e em P\u00e1dua que praticastes o que no vosso cora\u00e7\u00e3o estava inscrito desde a tenra idade, \u00e9 nestas terras de Santa Cruz que me faz pesaroso n\u00e3o vos ver venerado pela altivez com que transformastes o mundo e a Igreja, mas por serdes utilizado como instrumento ideol\u00f3gico de falsos profetas. O meu intento n\u00e3o \u00e9 tirar deles o direito adquirido, mas defender-vos pelo que foi tirado de v\u00f3s e de vossa santa ordem. Santo Ant\u00f4nio, inverteu-se tudo; j\u00e1 n\u00e3o \u00e9 pobre por amor a Cristo Jesus, mas pobre porque contraria um sistema vigente, deprecia o amor \u00e0 pobreza evang\u00e9lica e respinga dizeres de insatisfa\u00e7\u00e3o com o \u201copressor\u201d. Se consider\u00e1ssemos o valor que tem a pobreza em si, seria ela um infort\u00fanio, vivamo-la com Cristo, tornando-a virtude!<br \/>\nOlhai, Santo Ant\u00f4nio, o que j\u00e1 dizem estes homens insolentes, com sucessos pr\u00f3speros, que v\u00f3s lhes dais, ou permitis. J\u00e1 dizem que porque \u00e9 de Deus as suas ideias, s\u00e3o elas verdadeiras, e por isso Deus os benze. Depois, nos p\u00falpitos que n\u00e3o s\u00e3o mais p\u00falpitos, dizem que a Igreja de Cristo, a qual tanto defendestes, agora \u00e9 uma Religi\u00e3o corrompida onde a salva\u00e7\u00e3o transcende c\u00e1 debaixo para mais embaixo, e que a vida do crist\u00e3o deve ser pautada numa constante luta, n\u00e3o contra o pecado, mas contra as opress\u00f5es da hist\u00f3ria. Necessitamos de vossa santa intercess\u00e3o, oh glorioso, porque hoje nos sujeitamos \u00e0s loucuras de um sal insosso, do qual alimenta a alma dos fi\u00e9is com novidades de que a salva\u00e7\u00e3o se faz com liberta\u00e7\u00f5es hist\u00f3ricas, onde Jesus a partir destas liberta\u00e7\u00f5es salva a humanidade e seu povo. \u00c9 por isso, meu Santo, que jesus cura, faz milagres e expulsa os dem\u00f4nios, motivos pelos quais n\u00e3o \u00e9 por demonstra\u00e7\u00e3o de seu poder e de sua miseric\u00f3rdia, mas por pura instrumentaliza\u00e7\u00e3o da f\u00e9. Dizem com tanta for\u00e7a, da Religi\u00e3o que Deus os aben\u00e7oou serem filhos, ser agora uma institui\u00e7\u00e3o alienante, porque se ocupou de apontar para o c\u00e9u, deixando de lado o clamor dos que neste mundo viveram. Se isto vos for confirmado em verdade, Santo Ant\u00f4nio, clamarei mediante v\u00f3s a convers\u00e3o destes homens ao equil\u00edbrio, porque vestidos de p\u00farpura, dizem estas coisas disfar\u00e7adas aos ouvidos dos pr\u00f3prios leigos, que sofridos pelas mazelas deste mundo, procurar\u00e3o encontrar a luz por um caminho de escurid\u00e3o.<br \/>\nAssim sendo, amigo da pobreza, quando volverdes os sentidos \u00e0 confus\u00e3o do nosso tempo, n\u00e3o se esque\u00e7ais tamb\u00e9m do aux\u00edlio da Virgem Maria, ela que h\u00e1 muito rezamos aquelas apari\u00e7\u00f5es onde suplica a convers\u00e3o dos pecadores e o reparo ao Cora\u00e7\u00e3o de Jesus.<\/p>\n","protected":false},"excerpt":{"rendered":"<p>Por Matheus Ribeiro, seminarista Se a beleza franciscana fosse pelos modernos escritos considerada em sua&#8230;<\/p>\n","protected":false},"author":1,"featured_media":16089,"comment_status":"open","ping_status":"open","sticky":false,"template":"","format":"standard","meta":{"_jetpack_memberships_contains_paid_content":false,"footnotes":"","jetpack_publicize_message":"","jetpack_publicize_feature_enabled":true,"jetpack_social_post_already_shared":true,"jetpack_social_options":{"image_generator_settings":{"template":"highway","default_image_id":0,"font":"","enabled":false},"version":2}},"categories":[11,77],"tags":[],"class_list":["post-16785","post","type-post","status-publish","format-standard","has-post-thumbnail","hentry","category-artigos","category-matheus-ribeiro"],"jetpack_publicize_connections":[],"jetpack_featured_media_url":"https:\/\/correiodasemana.com\/site\/wp-content\/uploads\/2021\/04\/Matheus-Ribeiro.jpeg","jetpack-related-posts":[{"id":16724,"url":"https:\/\/correiodasemana.com\/site\/panegiricos-a-santo-antonio-i\/","url_meta":{"origin":16785,"position":0},"title":"PANEG\u00cdRICOS A SANTO ANTONIO I","author":"","date":"Junho 14, 2021","format":false,"excerpt":"Por Matheus Ribeiro, seminarista Se a beleza franciscana fosse pelos modernos escritos considerada em sua ess\u00eancia, haveria de decepcionar-se profundamente os que fazem da hist\u00f3ria do Pai Ser\u00e1fico o sustento de ideias que desfiguram o legado da ordem mendicante. N\u00e3o seria eu faltoso se, no pr\u00f3ximo artigo, valer-me da ocasi\u00e3o\u2026","rel":"","context":"In &quot;Artigos&quot;","block_context":{"text":"Artigos","link":"https:\/\/correiodasemana.com\/site\/category\/artigos\/"},"img":{"alt_text":"","src":"https:\/\/i0.wp.com\/correiodasemana.com\/site\/wp-content\/uploads\/2021\/04\/Matheus-Ribeiro.jpeg?resize=350%2C200&ssl=1","width":350,"height":200,"srcset":"https:\/\/i0.wp.com\/correiodasemana.com\/site\/wp-content\/uploads\/2021\/04\/Matheus-Ribeiro.jpeg?resize=350%2C200&ssl=1 1x, https:\/\/i0.wp.com\/correiodasemana.com\/site\/wp-content\/uploads\/2021\/04\/Matheus-Ribeiro.jpeg?resize=525%2C300&ssl=1 1.5x"},"classes":[]},{"id":16291,"url":"https:\/\/correiodasemana.com\/site\/santo-antonio-sabedoria-e-humildade\/","url_meta":{"origin":16785,"position":1},"title":"SANTO ANT\u00d4NIO: SABEDORIA E HUMILDADE\u00a0","author":"","date":"Abril 26, 2021","format":false,"excerpt":"Outro dia iniciei os coment\u00e1rios sobre o livro \u201cSanto Ant\u00f4nio: A hist\u00f3ria do intelectual portugu\u00eas que se chamava Fernando, quase morreu na \u00c1frica, pregou por toda a It\u00e1lia, ganhou fama de casamenteiro e se tornou o santo mais querido do Brasil\u201d, Editora Planeta, autoria de Edison Veiga, a mim presenteado\u2026","rel":"","context":"In &quot;Artigos&quot;","block_context":{"text":"Artigos","link":"https:\/\/correiodasemana.com\/site\/category\/artigos\/"},"img":{"alt_text":"","src":"https:\/\/i0.wp.com\/correiodasemana.com\/site\/wp-content\/uploads\/2018\/02\/Jose%CC%81-1.jpg?resize=350%2C200&ssl=1","width":350,"height":200,"srcset":"https:\/\/i0.wp.com\/correiodasemana.com\/site\/wp-content\/uploads\/2018\/02\/Jose%CC%81-1.jpg?resize=350%2C200&ssl=1 1x, https:\/\/i0.wp.com\/correiodasemana.com\/site\/wp-content\/uploads\/2018\/02\/Jose%CC%81-1.jpg?resize=525%2C300&ssl=1 1.5x, https:\/\/i0.wp.com\/correiodasemana.com\/site\/wp-content\/uploads\/2018\/02\/Jose%CC%81-1.jpg?resize=700%2C400&ssl=1 2x"},"classes":[]},{"id":16754,"url":"https:\/\/correiodasemana.com\/site\/festa-de-santo-antonio\/","url_meta":{"origin":16785,"position":2},"title":"FESTA DE SANTO ANT\u00d4NIO","author":"","date":"Junho 14, 2021","format":false,"excerpt":"Hoje \u00e9 dia dos namorados e quando se fala no tema, depois do romantismo e dos tantos poemas belos que podemos lembrar, uma imagem vem \u00e0 nossa mente: Santo Ant\u00f4nio. Na m\u00fasica, Lamartine Babo tem uma marchinha chamada \u201cIsso \u00e9 l\u00e1 com Santo Ant\u00f4nio\u201d. Nela vemos uma pessoa pedindo ajuda\u2026","rel":"","context":"In &quot;Artigos&quot;","block_context":{"text":"Artigos","link":"https:\/\/correiodasemana.com\/site\/category\/artigos\/"},"img":{"alt_text":"","src":"https:\/\/i0.wp.com\/correiodasemana.com\/site\/wp-content\/uploads\/2018\/02\/Jose%CC%81-1.jpg?resize=350%2C200&ssl=1","width":350,"height":200,"srcset":"https:\/\/i0.wp.com\/correiodasemana.com\/site\/wp-content\/uploads\/2018\/02\/Jose%CC%81-1.jpg?resize=350%2C200&ssl=1 1x, https:\/\/i0.wp.com\/correiodasemana.com\/site\/wp-content\/uploads\/2018\/02\/Jose%CC%81-1.jpg?resize=525%2C300&ssl=1 1.5x, https:\/\/i0.wp.com\/correiodasemana.com\/site\/wp-content\/uploads\/2018\/02\/Jose%CC%81-1.jpg?resize=700%2C400&ssl=1 2x"},"classes":[]},{"id":16398,"url":"https:\/\/correiodasemana.com\/site\/auxilio-dos-cristaos-rogai-por-nos\/","url_meta":{"origin":16785,"position":3},"title":"Aux\u00edlio dos crist\u00e3os, rogai por n\u00f3s.","author":"","date":"Maio 10, 2021","format":false,"excerpt":"Por Matheus Ribeiro, seminarista Era um pastor de ovelhas, de origem modesta, chamado Antonio que veio a ser dominicano, e depois que se tornou o papa Pio V, seu nome ficou registrado no enredo dos grandes pont\u00edfices, venerado hoje como Santo. As suas feitorias seriam t\u00e3o cerimoniosamente honradas, que se\u2026","rel":"","context":"In &quot;Artigos&quot;","block_context":{"text":"Artigos","link":"https:\/\/correiodasemana.com\/site\/category\/artigos\/"},"img":{"alt_text":"","src":"https:\/\/i0.wp.com\/correiodasemana.com\/site\/wp-content\/uploads\/2021\/05\/papa-pio-v-correio-da-semana.jpg?resize=350%2C200&ssl=1","width":350,"height":200,"srcset":"https:\/\/i0.wp.com\/correiodasemana.com\/site\/wp-content\/uploads\/2021\/05\/papa-pio-v-correio-da-semana.jpg?resize=350%2C200&ssl=1 1x, https:\/\/i0.wp.com\/correiodasemana.com\/site\/wp-content\/uploads\/2021\/05\/papa-pio-v-correio-da-semana.jpg?resize=525%2C300&ssl=1 1.5x, https:\/\/i0.wp.com\/correiodasemana.com\/site\/wp-content\/uploads\/2021\/05\/papa-pio-v-correio-da-semana.jpg?resize=700%2C400&ssl=1 2x"},"classes":[]},{"id":35212,"url":"https:\/\/correiodasemana.com\/site\/santa-dulce-dos-pobres-2\/","url_meta":{"origin":16785,"position":4},"title":"Santa Dulce dos Pobres\u00a0","author":"adminredacao","date":"Agosto 17, 2025","format":false,"excerpt":"Celebramos nesta quarta-feira, dia 13 de agosto, a mem\u00f3ria lit\u00fargica de Santa Dulce dos pobres, uma santa genuinamente brasileira, considerada o anjo bom da Bahia. Al\u00e9m de Santa Dulce temos outros santos brasileiros como por exemplo Santo Ant\u00f4nio de Sant\u2019Ana Galv\u00e3o, a Beata Nh\u00e1 Chica, Madre Assunta, Santa Paulina, o\u2026","rel":"","context":"In &quot;A voz do Pastor&quot;","block_context":{"text":"A voz do Pastor","link":"https:\/\/correiodasemana.com\/site\/category\/a-voz-do-pastor\/"},"img":{"alt_text":"","src":"https:\/\/i0.wp.com\/correiodasemana.com\/site\/wp-content\/uploads\/2024\/12\/festa-santa-luzia-com-dom-Vasconcelos-5-scaled.jpg?resize=350%2C200&ssl=1","width":350,"height":200,"srcset":"https:\/\/i0.wp.com\/correiodasemana.com\/site\/wp-content\/uploads\/2024\/12\/festa-santa-luzia-com-dom-Vasconcelos-5-scaled.jpg?resize=350%2C200&ssl=1 1x, https:\/\/i0.wp.com\/correiodasemana.com\/site\/wp-content\/uploads\/2024\/12\/festa-santa-luzia-com-dom-Vasconcelos-5-scaled.jpg?resize=525%2C300&ssl=1 1.5x, https:\/\/i0.wp.com\/correiodasemana.com\/site\/wp-content\/uploads\/2024\/12\/festa-santa-luzia-com-dom-Vasconcelos-5-scaled.jpg?resize=700%2C400&ssl=1 2x, https:\/\/i0.wp.com\/correiodasemana.com\/site\/wp-content\/uploads\/2024\/12\/festa-santa-luzia-com-dom-Vasconcelos-5-scaled.jpg?resize=1050%2C600&ssl=1 3x, https:\/\/i0.wp.com\/correiodasemana.com\/site\/wp-content\/uploads\/2024\/12\/festa-santa-luzia-com-dom-Vasconcelos-5-scaled.jpg?resize=1400%2C800&ssl=1 4x"},"classes":[]},{"id":16088,"url":"https:\/\/correiodasemana.com\/site\/in-novitate-vitae\/","url_meta":{"origin":16785,"position":5},"title":"In novitate vitae","author":"","date":"Abril 5, 2021","format":false,"excerpt":"Por Matheus Ribeiro, seminarista. - Semin\u00e1rio S\u00e3o Jos\u00e9, diocese de Sobral \u00c9 a celebra\u00e7\u00e3o da nossa f\u00e9, o verdadeiro motivo de crermos, e por que n\u00e3o dizer, da nossa exist\u00eancia. Para n\u00f3s crist\u00e3os, mediante Cristo crucificado e ressuscitado, fomos libertos da escravid\u00e3o do pecado, part\u00edcipes da vida divina e objetos\u2026","rel":"","context":"In &quot;Artigos&quot;","block_context":{"text":"Artigos","link":"https:\/\/correiodasemana.com\/site\/category\/artigos\/"},"img":{"alt_text":"","src":"https:\/\/i0.wp.com\/correiodasemana.com\/site\/wp-content\/uploads\/2021\/04\/Matheus-Ribeiro.jpeg?resize=350%2C200&ssl=1","width":350,"height":200,"srcset":"https:\/\/i0.wp.com\/correiodasemana.com\/site\/wp-content\/uploads\/2021\/04\/Matheus-Ribeiro.jpeg?resize=350%2C200&ssl=1 1x, https:\/\/i0.wp.com\/correiodasemana.com\/site\/wp-content\/uploads\/2021\/04\/Matheus-Ribeiro.jpeg?resize=525%2C300&ssl=1 1.5x"},"classes":[]}],"jetpack_sharing_enabled":true,"_links":{"self":[{"href":"https:\/\/correiodasemana.com\/site\/wp-json\/wp\/v2\/posts\/16785","targetHints":{"allow":["GET"]}}],"collection":[{"href":"https:\/\/correiodasemana.com\/site\/wp-json\/wp\/v2\/posts"}],"about":[{"href":"https:\/\/correiodasemana.com\/site\/wp-json\/wp\/v2\/types\/post"}],"author":[{"embeddable":true,"href":"https:\/\/correiodasemana.com\/site\/wp-json\/wp\/v2\/users\/1"}],"replies":[{"embeddable":true,"href":"https:\/\/correiodasemana.com\/site\/wp-json\/wp\/v2\/comments?post=16785"}],"version-history":[{"count":1,"href":"https:\/\/correiodasemana.com\/site\/wp-json\/wp\/v2\/posts\/16785\/revisions"}],"predecessor-version":[{"id":16786,"href":"https:\/\/correiodasemana.com\/site\/wp-json\/wp\/v2\/posts\/16785\/revisions\/16786"}],"wp:featuredmedia":[{"embeddable":true,"href":"https:\/\/correiodasemana.com\/site\/wp-json\/wp\/v2\/media\/16089"}],"wp:attachment":[{"href":"https:\/\/correiodasemana.com\/site\/wp-json\/wp\/v2\/media?parent=16785"}],"wp:term":[{"taxonomy":"category","embeddable":true,"href":"https:\/\/correiodasemana.com\/site\/wp-json\/wp\/v2\/categories?post=16785"},{"taxonomy":"post_tag","embeddable":true,"href":"https:\/\/correiodasemana.com\/site\/wp-json\/wp\/v2\/tags?post=16785"}],"curies":[{"name":"wp","href":"https:\/\/api.w.org\/{rel}","templated":true}]}}