{"id":16787,"date":"2021-06-20T23:51:20","date_gmt":"2021-06-21T02:51:20","guid":{"rendered":"https:\/\/correiodasemana.com\/site\/?p=16787"},"modified":"2021-06-20T23:56:17","modified_gmt":"2021-06-21T02:56:17","slug":"o-fenomeno-da-estetica-do-cangaco","status":"publish","type":"post","link":"https:\/\/correiodasemana.com\/site\/o-fenomeno-da-estetica-do-cangaco\/","title":{"rendered":"O FEN\u00d4MENO DA EST\u00c9TICA DO CANGA\u00c7O"},"content":{"rendered":"<p>Lucas Monteiro Barbosa<br \/>\nseminaristalucas18@gmail.com<br \/>\nApesar de o cangaceiro receber este nome em alus\u00e3o a seu vestu\u00e1rio, dado o fato de que se vestia qual um animal de transporte carregando uma por\u00e7\u00e3o de utens\u00edlios na canga que lhe era imposta, a indument\u00e1ria dos bandoleiros das caatingas nunca tinha sido ostentada como uma farda ex\u00f3tica e imponente como nos tempos de Lampi\u00e3o, que resignificou os paramentos que identificavam o cangaceiro, de tal modo que era imitado at\u00e9 mesmo pela pol\u00edcia que o perseguia, a volante. Na verdade, at\u00e9 a d\u00e9cada de 1920, o cangaceiro quase n\u00e3o se diferenciava, em vestimentas, de um sertanejo comum. Isso mudou no \u201creinado\u201d de Lampi\u00e3o. A est\u00e9tica do canga\u00e7o \u00e9 um dos assuntos mais analisados por historiadores e curiosos que, ao se facearem com esta est\u00e9tica, percebem a singularidade do fen\u00f4meno, sobretudo a partir do Rei do canga\u00e7o, como um elemento imprescind\u00edvel na historia mundial, uma vez que a fama e a moda dos cangaceiros ultrapassaram os limites do Brasil.<br \/>\nVirgulino Ferreira da Silva, antes de entrar para o canga\u00e7o e se tornar a figura mais proeminente deste fen\u00f4meno, vivera como um nordestino comum \u00e0 \u00e9poca. Com seus pais e junto aos irm\u00e3os, aprendera o of\u00edcio de almocreve, vaqueiro, artes\u00e3o, dentre outros. Confeccionando, bordando e costurando utens\u00edlios de couro, o jovem oriundo de Vila Bela, atualmente Serra Talhada \u2013 PE, aprendera muitas t\u00e9cnicas na lida di\u00e1ria que serviram tamb\u00e9m em sua vida errante como cangaceiro. Em 1922, ap\u00f3s receber a chefia do bando do qual era membro, das m\u00e3os de Sinh\u00f4 Pereira, o jovem de vinte e quatro anos, j\u00e1 com o ep\u00edteto de Lampi\u00e3o, passara, em pouco tempo, a ser uma das principais not\u00edcias dos jornais de todo Brasil. J\u00e1 na d\u00e9cada de 1930, quando as mulheres passaram a integrar os bandos, o vestu\u00e1rio dos cancagaceiros passou a ser uma das principais caracter\u00edsticas do grupo. Nesta an\u00e1lise, o que complementa a curiosidade, \u00e9 o fato de que o pr\u00f3prio Lampi\u00e3o era um dos principais confeccionistas desta est\u00e9tica, tendo, inclusive, tra\u00e7os de estilista. Isso tudo, sem desdouro \u00e0 masculinidade do Rei do canga\u00e7o.<br \/>\nDo chap\u00e9u \u00e0 alpercata, o cangaceiro era um tipo \u00fanico de bandido. Usava e abusava das cores, sobretudo nos embornais. No chap\u00e9u, usava s\u00edmbolos religiosos, moedas ou adornos diversos, e at\u00e9 nas bandoleiras dos fuzis com enfeites de metal ou moedas. Nos dedos, ostentavam opul\u00eancia com an\u00e9is de ouro ou outros metais preciosos, \u00e0s vezes com mais de um anel em um \u00fanico dedo. O canga\u00e7o passou a viver o que o professor Luciano Bonfim intitula de \u201capoteose da est\u00e9tica do canga\u00e7o\u201d (BONFIM, Luciano. 2018, p. 49). Lampi\u00e3o t\u00e3o logo propalou a moda entre os chefes de seus subgrupos. N\u00e3o obstante, cada cangaceiro tinha sua particularidade nos s\u00edmbolos, nenhum repetia o que o outro usava como s\u00edmbolo no chap\u00e9u. O pr\u00f3prio Lampi\u00e3o era visto, comumente, com \u201ca m\u00e3o na massa\u201d, utilizando uma m\u00e1quina de costura port\u00e1til modelo Singer para bordar os chap\u00e9us, bornais e toda a indument\u00e1ria de seus \u201ccabras\u201d.<br \/>\nA est\u00e9tica do canga\u00e7o, sem d\u00favida, ajudou na constru\u00e7\u00e3o do imagin\u00e1rio popular sobre este fen\u00f4meno \u00fanico no mundo inteiro. Este senso est\u00e9tico do cangaceiro, misturando beleza ex\u00f3tica, a arte genuinamente do Nordeste e o misticismo, \u00e9 fruto de uma tradi\u00e7\u00e3o j\u00e1 h\u00e1 muito consolidada entre os sertanejos. O canga\u00e7o, portanto, \u00e9 express\u00e3o e produto de uma conjuntura de elementos exclusivamente nordestinos. Apesar de o canga\u00e7o em seu tempo ter sido, irrefutavelmente, uma contraven\u00e7\u00e3o \u00e0s leis, embora n\u00e3o se definindo, exclusiva e meramente, do ponto de vista criminal, \u00e9 hoje parte da cultura nordestina que, tendo na est\u00e9tica um s\u00edmbolo concreto do canga\u00e7o, e de certa forma o traduzindo, elencou o canga\u00e7o, expresso em Lampi\u00e3o, como um dos itens mais ilustres da hist\u00f3ria e, por conseguinte, da cultura do Nordeste.<\/p>\n","protected":false},"excerpt":{"rendered":"<p>Lucas Monteiro Barbosa seminaristalucas18@gmail.com Apesar de o cangaceiro receber este nome em alus\u00e3o a seu&#8230;<\/p>\n","protected":false},"author":1,"featured_media":16791,"comment_status":"open","ping_status":"open","sticky":false,"template":"","format":"standard","meta":{"_jetpack_memberships_contains_paid_content":false,"footnotes":"","jetpack_publicize_message":"","jetpack_publicize_feature_enabled":true,"jetpack_social_post_already_shared":true,"jetpack_social_options":{"image_generator_settings":{"template":"highway","default_image_id":0,"font":"","enabled":false},"version":2}},"categories":[11,79],"tags":[],"class_list":["post-16787","post","type-post","status-publish","format-standard","has-post-thumbnail","hentry","category-artigos","category-lucas-monteiro-barbosa"],"jetpack_publicize_connections":[],"jetpack_featured_media_url":"https:\/\/correiodasemana.com\/site\/wp-content\/uploads\/2021\/06\/lampiao.jpg","jetpack-related-posts":[{"id":18570,"url":"https:\/\/correiodasemana.com\/site\/lampiao-em-limoeiro-do-norte\/","url_meta":{"origin":16787,"position":0},"title":"Lampi\u00e3o em Limoeiro do Norte.","author":"","date":"Janeiro 16, 2022","format":false,"excerpt":"Lucas Monteiro Barbosa seminaristalucas18@gmail.com De todos os temas espec\u00edficos que envolvem a figura de Lampi\u00e3o se pode, com muito esmero e detalhes, tirar uma excelente obra bibliogr\u00e1fica. A historiografia do canga\u00e7o lampi\u00f4nico \u00e9 embasada em uma literatura rica, vasta e diversificada. Al\u00e9m das v\u00e1rias biografias sobre o Rei do canga\u00e7o,\u2026","rel":"","context":"In &quot;Atualidade&quot;","block_context":{"text":"Atualidade","link":"https:\/\/correiodasemana.com\/site\/category\/atualidade\/"},"img":{"alt_text":"","src":"https:\/\/i0.wp.com\/correiodasemana.com\/site\/wp-content\/uploads\/2022\/01\/lampeoes.jpg?resize=350%2C200&ssl=1","width":350,"height":200},"classes":[]},{"id":17339,"url":"https:\/\/correiodasemana.com\/site\/o-carrasco-de-lampiao\/","url_meta":{"origin":16787,"position":1},"title":"O CARRASCO DE LAMPI\u00c3O","author":"","date":"Agosto 30, 2021","format":false,"excerpt":"Lucas Monteiro Barbosa - seminaristalucas18@gmail.com Oitenta e tr\u00eas anos se passaram desde a morte de Lampi\u00e3o, Maria Bonita e mais nove cangaceiros do bando do ic\u00f4nico bandoleiro, mas os questionamentos sobre a vers\u00e3o mais contada da morte de Virgolino Ferreira da Silva ainda reverberam pelo imagin\u00e1rio popular. Vez por outra,\u2026","rel":"","context":"In &quot;Artigos&quot;","block_context":{"text":"Artigos","link":"https:\/\/correiodasemana.com\/site\/category\/artigos\/"},"img":{"alt_text":"","src":"","width":0,"height":0},"classes":[]},{"id":15967,"url":"https:\/\/correiodasemana.com\/site\/a-mulher-no-cangaco\/","url_meta":{"origin":16787,"position":2},"title":"A MULHER NO CANGA\u00c7O","author":"","date":"Mar\u00e7o 14, 2021","format":false,"excerpt":"Monteiro Barbosa - seminaristalucas18@gmail.com Desde que Maria Gomes de Oliveira, a famigerada Maria Bonita, passara a integrar o bando de seu grande amor Lampi\u00e3o em 1930, acompanhando-o at\u00e9 a morte do casal em 28 de julho de 1938, outras mulheres, a exemplo do casal real, tamb\u00e9m passaram a seguir seus\u2026","rel":"","context":"In &quot;Atualidade&quot;","block_context":{"text":"Atualidade","link":"https:\/\/correiodasemana.com\/site\/category\/atualidade\/"},"img":{"alt_text":"","src":"https:\/\/i0.wp.com\/correiodasemana.com\/site\/wp-content\/uploads\/2021\/03\/Jornal-Correio-da-Semana-No-889-2.jpg?resize=350%2C200&ssl=1","width":350,"height":200},"classes":[]},{"id":18303,"url":"https:\/\/correiodasemana.com\/site\/um-descendente-do-cangaco\/","url_meta":{"origin":16787,"position":3},"title":"Um descendente do Canga\u00e7o","author":"","date":"Dezembro 12, 2021","format":false,"excerpt":"Lucas Monteiro Barbosa seminaristalucas18@gmail.com Com o passar dos anos, naturalmente, as fontes auriculares com as quais se faz pesquisas hist\u00f3ricas v\u00e3o se esvaindo. Na pesquisa historiogr\u00e1fica, al\u00e9m da leitura de documentos e livros sobre os fatos ou os personagens pesquisados, \u00e9 imprescind\u00edvel que se colete depoimentos de pessoas que viveram\u2026","rel":"","context":"In &quot;Atualidade&quot;","block_context":{"text":"Atualidade","link":"https:\/\/correiodasemana.com\/site\/category\/atualidade\/"},"img":{"alt_text":"","src":"https:\/\/i0.wp.com\/correiodasemana.com\/site\/wp-content\/uploads\/2021\/12\/cangaco-2-300x256.jpg?resize=350%2C200&ssl=1","width":350,"height":200},"classes":[]},{"id":16726,"url":"https:\/\/correiodasemana.com\/site\/123-anos-de-lampiao\/","url_meta":{"origin":16787,"position":4},"title":"123 anos de Lampi\u00e3o","author":"","date":"Junho 14, 2021","format":false,"excerpt":"Lucas Monteiro Barbosa - seminaristalucas18@gmail.com Por muitos anos, propalou-se uma ic\u00f4nica pergunta: \u201cLampi\u00e3o, bandido ou her\u00f3i?\u201d. Independentemente de opini\u00f5es e, sobretudo, descobertas hist\u00f3ricas, Lampi\u00e3o \u00e9 um dos personagens mais ilustres da hist\u00f3ria brasileira. Sendo o brasileiro mais biografado e o segundo entre os latino-americanos, Virgolino, representando todo o canga\u00e7o, \u00e9\u2026","rel":"","context":"In &quot;Atualidade&quot;","block_context":{"text":"Atualidade","link":"https:\/\/correiodasemana.com\/site\/category\/atualidade\/"},"img":{"alt_text":"","src":"https:\/\/i0.wp.com\/correiodasemana.com\/site\/wp-content\/uploads\/2021\/06\/lampeiao.jpg?resize=350%2C200&ssl=1","width":350,"height":200,"srcset":"https:\/\/i0.wp.com\/correiodasemana.com\/site\/wp-content\/uploads\/2021\/06\/lampeiao.jpg?resize=350%2C200&ssl=1 1x, https:\/\/i0.wp.com\/correiodasemana.com\/site\/wp-content\/uploads\/2021\/06\/lampeiao.jpg?resize=525%2C300&ssl=1 1.5x, https:\/\/i0.wp.com\/correiodasemana.com\/site\/wp-content\/uploads\/2021\/06\/lampeiao.jpg?resize=700%2C400&ssl=1 2x, https:\/\/i0.wp.com\/correiodasemana.com\/site\/wp-content\/uploads\/2021\/06\/lampeiao.jpg?resize=1050%2C600&ssl=1 3x"},"classes":[]},{"id":27121,"url":"https:\/\/correiodasemana.com\/site\/as-hodiernas-dificuldades-de-se-estudar-o-cangaco\/","url_meta":{"origin":16787,"position":5},"title":"As hodiernas dificuldades de se estudar o canga\u00e7o","author":"adminredacao","date":"Novembro 6, 2023","format":false,"excerpt":"Por Lucas Monteiro Barbosa. Atualmente, o estudo sobre o fen\u00f4meno do canga\u00e7o e mais particularmente sobre Lampi\u00e3o tem tido peculiares dificuldades . Talvez as mais desafiadoras de todos os tempos. O principal fator para tais obst\u00e1culos s\u00e3o as inverdades facilmente propaladas pela Internet. Como vivemos em uma gera\u00e7\u00e3o pouco habituada\u2026","rel":"","context":"In &quot;Atualidade&quot;","block_context":{"text":"Atualidade","link":"https:\/\/correiodasemana.com\/site\/category\/atualidade\/"},"img":{"alt_text":"","src":"https:\/\/i0.wp.com\/correiodasemana.com\/site\/wp-content\/uploads\/2023\/11\/WhatsApp-Image-2023-11-04-at-18.09.52.jpeg?resize=350%2C200&ssl=1","width":350,"height":200,"srcset":"https:\/\/i0.wp.com\/correiodasemana.com\/site\/wp-content\/uploads\/2023\/11\/WhatsApp-Image-2023-11-04-at-18.09.52.jpeg?resize=350%2C200&ssl=1 1x, https:\/\/i0.wp.com\/correiodasemana.com\/site\/wp-content\/uploads\/2023\/11\/WhatsApp-Image-2023-11-04-at-18.09.52.jpeg?resize=525%2C300&ssl=1 1.5x, https:\/\/i0.wp.com\/correiodasemana.com\/site\/wp-content\/uploads\/2023\/11\/WhatsApp-Image-2023-11-04-at-18.09.52.jpeg?resize=700%2C400&ssl=1 2x"},"classes":[]}],"jetpack_sharing_enabled":true,"_links":{"self":[{"href":"https:\/\/correiodasemana.com\/site\/wp-json\/wp\/v2\/posts\/16787","targetHints":{"allow":["GET"]}}],"collection":[{"href":"https:\/\/correiodasemana.com\/site\/wp-json\/wp\/v2\/posts"}],"about":[{"href":"https:\/\/correiodasemana.com\/site\/wp-json\/wp\/v2\/types\/post"}],"author":[{"embeddable":true,"href":"https:\/\/correiodasemana.com\/site\/wp-json\/wp\/v2\/users\/1"}],"replies":[{"embeddable":true,"href":"https:\/\/correiodasemana.com\/site\/wp-json\/wp\/v2\/comments?post=16787"}],"version-history":[{"count":1,"href":"https:\/\/correiodasemana.com\/site\/wp-json\/wp\/v2\/posts\/16787\/revisions"}],"predecessor-version":[{"id":16788,"href":"https:\/\/correiodasemana.com\/site\/wp-json\/wp\/v2\/posts\/16787\/revisions\/16788"}],"wp:featuredmedia":[{"embeddable":true,"href":"https:\/\/correiodasemana.com\/site\/wp-json\/wp\/v2\/media\/16791"}],"wp:attachment":[{"href":"https:\/\/correiodasemana.com\/site\/wp-json\/wp\/v2\/media?parent=16787"}],"wp:term":[{"taxonomy":"category","embeddable":true,"href":"https:\/\/correiodasemana.com\/site\/wp-json\/wp\/v2\/categories?post=16787"},{"taxonomy":"post_tag","embeddable":true,"href":"https:\/\/correiodasemana.com\/site\/wp-json\/wp\/v2\/tags?post=16787"}],"curies":[{"name":"wp","href":"https:\/\/api.w.org\/{rel}","templated":true}]}}