{"id":16847,"date":"2021-06-27T23:43:52","date_gmt":"2021-06-28T02:43:52","guid":{"rendered":"https:\/\/correiodasemana.com\/site\/?p=16847"},"modified":"2021-06-27T23:43:52","modified_gmt":"2021-06-28T02:43:52","slug":"inaugurada-unidade-feminina-da-fazenda-da-esperanca-na-meruoca","status":"publish","type":"post","link":"https:\/\/correiodasemana.com\/site\/inaugurada-unidade-feminina-da-fazenda-da-esperanca-na-meruoca\/","title":{"rendered":"Inaugurada unidade feminina da Fazenda da Esperan\u00e7a na Meruoca"},"content":{"rendered":"<p><strong>Fazenda Santa Clara \u00e9 a segunda unidade de acolhimento para mulheres do Estado<\/strong><\/p>\n<p>A Fazenda da Esperan\u00e7a \u00e9 uma comunidade terap\u00eautica que atua desde 1983 no processo de recupera\u00e7\u00e3o de pessoas que buscam a liberta\u00e7\u00e3o de seus v\u00edcios, principalmente do \u00e1lcool e da droga. No Brasil s\u00e3o mais de 105 unidades e o n\u00famero de comunidades no mundo j\u00e1 superou 155, estruturadas em pa\u00edses da \u00c1sia, \u00c1frica, Am\u00e9ricas e Europa. No \u00faltimo domingo (20), com uma missa presidida pelo bispo da Diocese de Sobral, Dom Jos\u00e9 Luiz Gomes de Vasconcelos, foi inaugurada, na cidade de Meruoca-CE, a mais nova unidade da comunidade terap\u00eautica, com capacidade inicial para acolher 16 mulheres.<br \/>\nLocalizada no distrito de Palestina, em Meruoca-CE, a Fazenda Santa Clara \u00e9 a segunda unidade feminina da comunidade terap\u00eautica no Estado e a quinta em funcionamento no Cear\u00e1. O projeto \u00e9 um sonho antigo, fruto do trabalho desenvolvido pela institui\u00e7\u00e3o h\u00e1 mais de 10 anos na cidade de Sobral.<br \/>\nA unidade feminina foi instalada em um espa\u00e7o que abrange dois terrenos doados e a primeira casa foi constru\u00edda com a ajuda de recursos oriundos de cargas apreendidas e doadas pela Receita Federal e por meio de diversas iniciativas de volunt\u00e1rios e benfeitores, como o evento Sobral Canta a Esperan\u00e7a, que trouxe a Sobral, no ano de 2018, um show beneficente com o padre Reginaldo Manzotti.<br \/>\n\u201cEsse \u00e9 um momento de grande felicidade para todos n\u00f3s. A Fazenda da Esperan\u00e7a \u00e9 um lugar de liberta\u00e7\u00e3o, \u00e9 uma obra de Deus, ser\u00e1 uma luz no munic\u00edpio de Meruoca\u201d, destacou o bispo de Sobral, Dom Vasconcelos. Ele lembrou que no ano de 2015 a Fazenda da Esperan\u00e7a S\u00e3o Bento, localizada no distrito de Patriarca, em Sobral, foi escolhida para ser uma Porta da Miseric\u00f3rdia e informou que, atendendo a uma solicita\u00e7\u00e3o feita \u00e0 \u00e9poca, a capela da unidade ser\u00e1 oficialmente reconhecida como Santu\u00e1rio Diocesano de S\u00e3o Bento.<br \/>\n\u201cPoder estar presente representando todas as fazendas do mundo, ver com os pr\u00f3prios olhos esse grande milagre que Deus est\u00e1 realizando aqui na Palestina \u00e9 uma grande alegria. Que esta Fazenda possa sempre estar de portas abertas para acolher as mulheres que aqui chegarem, n\u00e3o s\u00f3 para se recuperarem das drogas, mas tamb\u00e9m aquelas que desejarem se encontrar com Deus\u201d, disse a vice-presidente da Fazenda da Esperan\u00e7a, Angel\u00facia dos Santos.<br \/>\nNa oportunidade, o prefeito de Meruoca, Herton Alves, enfatizou seu apoio e unidade com o novo projeto na cidade. \u201cEstaremos juntos trabalhando para fortalecer esse projeto, nos colocamos \u00e0 disposi\u00e7\u00e3o da Fazenda da Esperan\u00e7a\u201d.<br \/>\nA solenidade tamb\u00e9m contou com a presen\u00e7a de Caetano Thiene, representando a Receita Federal, da secret\u00e1ria do Trabalho e Desenvolvimento Econ\u00f4mico de Sobral, Sandra Arcanjo, do chanceler da C\u00faria Diocesana, Pe Agnaldo Tim\u00f3teo da Silveira, do p\u00e1roco de Meruoca, Pe F\u00e1bio Soares, do Pe Chitumba, sacerdote da Fazenda da Esperan\u00e7a, al\u00e9m de religiosas, volunt\u00e1rios e benfeitores.<\/p>\n<p><strong>Recupera\u00e7\u00e3o<\/strong><br \/>\nO m\u00e9todo de acolhimento da Fazenda da Esperan\u00e7a contempla tr\u00eas aspectos determinantes: o Trabalho como processo pedag\u00f3gico; a Conviv\u00eancia em fam\u00edlia; e a Espiritualidade para encontrar o sentido da vida. Atualmente mais de 8 mil pessoas est\u00e3o em recupera\u00e7\u00e3o nas centenas de unidades espalhadas por todo o mundo. Para informa\u00e7\u00f5es sobre acolhimento ou saber como ajudar a Fazenda da Esperan\u00e7a Santa Clara, entre em contato pelo fone (88) 3611-0054 ou pelo whatsapp (88) 9 9998-0990.<\/p>\n<p><img fetchpriority=\"high\" decoding=\"async\" class=\"alignleft size-medium wp-image-16848\" src=\"https:\/\/correiodasemana.com\/site\/wp-content\/uploads\/2021\/06\/fazenda-da-esperanca-santa-clara-1-300x201.jpg\" alt=\"\" width=\"300\" height=\"201\" srcset=\"https:\/\/correiodasemana.com\/site\/wp-content\/uploads\/2021\/06\/fazenda-da-esperanca-santa-clara-1-300x201.jpg 300w, https:\/\/correiodasemana.com\/site\/wp-content\/uploads\/2021\/06\/fazenda-da-esperanca-santa-clara-1.jpg 724w\" sizes=\"(max-width: 300px) 100vw, 300px\" \/> <img decoding=\"async\" class=\"alignleft size-medium wp-image-16849\" src=\"https:\/\/correiodasemana.com\/site\/wp-content\/uploads\/2021\/06\/fazenda-da-esperanca-santa-clara-2-300x201.jpg\" alt=\"\" width=\"300\" height=\"201\" srcset=\"https:\/\/correiodasemana.com\/site\/wp-content\/uploads\/2021\/06\/fazenda-da-esperanca-santa-clara-2-300x201.jpg 300w, https:\/\/correiodasemana.com\/site\/wp-content\/uploads\/2021\/06\/fazenda-da-esperanca-santa-clara-2.jpg 724w\" sizes=\"(max-width: 300px) 100vw, 300px\" \/> <img decoding=\"async\" class=\"alignleft size-medium wp-image-16850\" src=\"https:\/\/correiodasemana.com\/site\/wp-content\/uploads\/2021\/06\/fazenda-da-esperanca-santa-clara-3-300x201.jpg\" alt=\"\" width=\"300\" height=\"201\" srcset=\"https:\/\/correiodasemana.com\/site\/wp-content\/uploads\/2021\/06\/fazenda-da-esperanca-santa-clara-3-300x201.jpg 300w, https:\/\/correiodasemana.com\/site\/wp-content\/uploads\/2021\/06\/fazenda-da-esperanca-santa-clara-3.jpg 724w\" sizes=\"(max-width: 300px) 100vw, 300px\" \/> <img loading=\"lazy\" decoding=\"async\" class=\"alignleft size-medium wp-image-16851\" src=\"https:\/\/correiodasemana.com\/site\/wp-content\/uploads\/2021\/06\/fazenda-da-esperanca-santa-clara-4-300x201.jpg\" alt=\"\" width=\"300\" height=\"201\" srcset=\"https:\/\/correiodasemana.com\/site\/wp-content\/uploads\/2021\/06\/fazenda-da-esperanca-santa-clara-4-300x201.jpg 300w, https:\/\/correiodasemana.com\/site\/wp-content\/uploads\/2021\/06\/fazenda-da-esperanca-santa-clara-4.jpg 724w\" sizes=\"(max-width: 300px) 100vw, 300px\" \/> <img loading=\"lazy\" decoding=\"async\" class=\"alignleft size-medium wp-image-16852\" src=\"https:\/\/correiodasemana.com\/site\/wp-content\/uploads\/2021\/06\/fazenda-da-esperanca-santa-clara-5-300x201.jpg\" alt=\"\" width=\"300\" height=\"201\" srcset=\"https:\/\/correiodasemana.com\/site\/wp-content\/uploads\/2021\/06\/fazenda-da-esperanca-santa-clara-5-300x201.jpg 300w, https:\/\/correiodasemana.com\/site\/wp-content\/uploads\/2021\/06\/fazenda-da-esperanca-santa-clara-5.jpg 724w\" sizes=\"(max-width: 300px) 100vw, 300px\" \/><\/p>\n","protected":false},"excerpt":{"rendered":"<p>Fazenda Santa Clara \u00e9 a segunda unidade de acolhimento para mulheres do Estado A Fazenda&#8230;<\/p>\n","protected":false},"author":1,"featured_media":16852,"comment_status":"open","ping_status":"open","sticky":false,"template":"","format":"standard","meta":{"_jetpack_memberships_contains_paid_content":false,"footnotes":"","jetpack_publicize_message":"","jetpack_publicize_feature_enabled":true,"jetpack_social_post_already_shared":true,"jetpack_social_options":{"image_generator_settings":{"template":"highway","default_image_id":0,"font":"","enabled":false},"version":2}},"categories":[1],"tags":[],"class_list":["post-16847","post","type-post","status-publish","format-standard","has-post-thumbnail","hentry","category-atualidade"],"jetpack_publicize_connections":[],"jetpack_featured_media_url":"https:\/\/correiodasemana.com\/site\/wp-content\/uploads\/2021\/06\/fazenda-da-esperanca-santa-clara-5.jpg","jetpack-related-posts":[{"id":16584,"url":"https:\/\/correiodasemana.com\/site\/fazenda-da-esperanca-se-prepara-para-inauguracao-de-unidade-feminina-na-meruoca\/","url_meta":{"origin":16847,"position":0},"title":"Fazenda da Esperan\u00e7a se prepara para inaugura\u00e7\u00e3o de unidade feminina na Meruoca","author":"","date":"Maio 31, 2021","format":false,"excerpt":"Fazenda Santa Clara \u00e9 a segunda unidade feminina do Estado e ser\u00e1 inaugurada em junho Por Za\u00edra Almeida - Fazenda da Esperan\u00e7a A Fazenda da Esperan\u00e7a, institui\u00e7\u00e3o sem fins lucrativos que atua na recupera\u00e7\u00e3o de dependentes qu\u00edmicos, j\u00e1 iniciou os preparativos finais para inaugurar, no dia 20 de junho, mais\u2026","rel":"","context":"In &quot;Atualidade&quot;","block_context":{"text":"Atualidade","link":"https:\/\/correiodasemana.com\/site\/category\/atualidade\/"},"img":{"alt_text":"","src":"https:\/\/i0.wp.com\/correiodasemana.com\/site\/wp-content\/uploads\/2021\/05\/foto-2.jpeg?resize=350%2C200&ssl=1","width":350,"height":200,"srcset":"https:\/\/i0.wp.com\/correiodasemana.com\/site\/wp-content\/uploads\/2021\/05\/foto-2.jpeg?resize=350%2C200&ssl=1 1x, https:\/\/i0.wp.com\/correiodasemana.com\/site\/wp-content\/uploads\/2021\/05\/foto-2.jpeg?resize=525%2C300&ssl=1 1.5x, https:\/\/i0.wp.com\/correiodasemana.com\/site\/wp-content\/uploads\/2021\/05\/foto-2.jpeg?resize=700%2C400&ssl=1 2x, https:\/\/i0.wp.com\/correiodasemana.com\/site\/wp-content\/uploads\/2021\/05\/foto-2.jpeg?resize=1050%2C600&ssl=1 3x"},"classes":[]},{"id":15727,"url":"https:\/\/correiodasemana.com\/site\/fazenda-da-esperanca-na-serra-da-meruoca-tem-inauguracao-prevista-para-abril-de-2021\/","url_meta":{"origin":16847,"position":1},"title":"Fazenda da Esperan\u00e7a na Serra da Meruoca tem inaugura\u00e7\u00e3o prevista para abril de 2021","author":"","date":"Fevereiro 16, 2021","format":false,"excerpt":"Primeira unidade feminina da Fazenda na regi\u00e3o ter\u00e1 capacidade para acolher 15 mulheres em recupera\u00e7\u00e3o das drogas J\u00e1 se encontra em fase de finaliza\u00e7\u00e3o a primeira unidade feminina da Fazenda da Esperan\u00e7a na regi\u00e3o Norte do Cear\u00e1, destinada \u00e0 recupera\u00e7\u00e3o de mulheres contra o v\u00edcio das drogas. O projeto, que\u2026","rel":"","context":"In &quot;Atualidade&quot;","block_context":{"text":"Atualidade","link":"https:\/\/correiodasemana.com\/site\/category\/atualidade\/"},"img":{"alt_text":"","src":"https:\/\/i0.wp.com\/correiodasemana.com\/site\/wp-content\/uploads\/2021\/02\/WhatsApp-Image-2021-02-11-at-18.07.09.jpeg?resize=350%2C200&ssl=1","width":350,"height":200,"srcset":"https:\/\/i0.wp.com\/correiodasemana.com\/site\/wp-content\/uploads\/2021\/02\/WhatsApp-Image-2021-02-11-at-18.07.09.jpeg?resize=350%2C200&ssl=1 1x, https:\/\/i0.wp.com\/correiodasemana.com\/site\/wp-content\/uploads\/2021\/02\/WhatsApp-Image-2021-02-11-at-18.07.09.jpeg?resize=525%2C300&ssl=1 1.5x, https:\/\/i0.wp.com\/correiodasemana.com\/site\/wp-content\/uploads\/2021\/02\/WhatsApp-Image-2021-02-11-at-18.07.09.jpeg?resize=700%2C400&ssl=1 2x, https:\/\/i0.wp.com\/correiodasemana.com\/site\/wp-content\/uploads\/2021\/02\/WhatsApp-Image-2021-02-11-at-18.07.09.jpeg?resize=1050%2C600&ssl=1 3x"},"classes":[]},{"id":11957,"url":"https:\/\/correiodasemana.com\/site\/dom-vasconcelos-celebra-missa-em-honra-a-sao-bento-na-fazenda-da-esperanca\/","url_meta":{"origin":16847,"position":2},"title":"Dom Vasconcelos celebra missa em honra a S\u00e3o Bento na Fazenda da Esperan\u00e7a","author":"","date":"Julho 19, 2020","format":false,"excerpt":"Celebra\u00e7\u00e3o eucar\u00edstica tamb\u00e9m marcou o anivers\u00e1rio de cinco anos de inaugura\u00e7\u00e3o do Santu\u00e1rio da Esperan\u00e7a O bispo da Diocese de Sobral, Dom Vasconcelos, esteve na Fazenda da Esperan\u00e7a S\u00e3o Bento no \u00faltimo dia 11 de julho, ocasi\u00e3o em que celebrou a missa em honra a S\u00e3o Bento, santo padroeiro da\u2026","rel":"","context":"In &quot;Atualidade&quot;","block_context":{"text":"Atualidade","link":"https:\/\/correiodasemana.com\/site\/category\/atualidade\/"},"img":{"alt_text":"","src":"https:\/\/i0.wp.com\/correiodasemana.com\/site\/wp-content\/uploads\/2020\/07\/dom-11-07-2020-5.jpg?resize=350%2C200&ssl=1","width":350,"height":200,"srcset":"https:\/\/i0.wp.com\/correiodasemana.com\/site\/wp-content\/uploads\/2020\/07\/dom-11-07-2020-5.jpg?resize=350%2C200&ssl=1 1x, https:\/\/i0.wp.com\/correiodasemana.com\/site\/wp-content\/uploads\/2020\/07\/dom-11-07-2020-5.jpg?resize=525%2C300&ssl=1 1.5x, https:\/\/i0.wp.com\/correiodasemana.com\/site\/wp-content\/uploads\/2020\/07\/dom-11-07-2020-5.jpg?resize=700%2C400&ssl=1 2x"},"classes":[]},{"id":15752,"url":"https:\/\/correiodasemana.com\/site\/missionaria-partilha-sua-experiencia-em-prol-da-recuperacao-de-mulheres-na-fazenda-da-esperanca\/","url_meta":{"origin":16847,"position":3},"title":"Mission\u00e1ria partilha sua experi\u00eancia em prol da recupera\u00e7\u00e3o de mulheres na Fazenda da Esperan\u00e7a","author":"","date":"Fevereiro 24, 2021","format":false,"excerpt":"\u201cDeixei tudo para tr\u00e1s, fam\u00edlia, trabalho e comecei essa divina aventura de escolher Deus como tudo\u201d A Fazenda da Esperan\u00e7a \u00e9 uma Associa\u00e7\u00e3o Internacional de Fi\u00e9is com reconhecimento pontif\u00edcio. Seu carisma teve in\u00edcio com a experi\u00eancia do jovem paulista Nelson Giovanelli, que \u00e0 \u00e9poca encontrou uma forma concreta de viver\u2026","rel":"","context":"In &quot;Atualidade&quot;","block_context":{"text":"Atualidade","link":"https:\/\/correiodasemana.com\/site\/category\/atualidade\/"},"img":{"alt_text":"","src":"https:\/\/i0.wp.com\/correiodasemana.com\/site\/wp-content\/uploads\/2021\/02\/WhatsApp-Image-2021-02-18-at-18.59.59.jpeg?resize=350%2C200&ssl=1","width":350,"height":200,"srcset":"https:\/\/i0.wp.com\/correiodasemana.com\/site\/wp-content\/uploads\/2021\/02\/WhatsApp-Image-2021-02-18-at-18.59.59.jpeg?resize=350%2C200&ssl=1 1x, https:\/\/i0.wp.com\/correiodasemana.com\/site\/wp-content\/uploads\/2021\/02\/WhatsApp-Image-2021-02-18-at-18.59.59.jpeg?resize=525%2C300&ssl=1 1.5x, https:\/\/i0.wp.com\/correiodasemana.com\/site\/wp-content\/uploads\/2021\/02\/WhatsApp-Image-2021-02-18-at-18.59.59.jpeg?resize=700%2C400&ssl=1 2x"},"classes":[]},{"id":9120,"url":"https:\/\/correiodasemana.com\/site\/fazenda-da-esperanca-recebe-visita-da-vice-prefeita-de-sobral\/","url_meta":{"origin":16847,"position":4},"title":"Fazenda da Esperan\u00e7a recebe visita da vice-prefeita de Sobral","author":"","date":"Setembro 15, 2019","format":false,"excerpt":"Christianne Coelho conheceu as instala\u00e7\u00f5es da comunidade terap\u00eautica e reafirmou apoio aos projetos em prol da recupera\u00e7\u00e3o de dependentes qu\u00edmicos Za\u00edra Almeida - Assessoria de Imprensa da Fazenda da Esperan\u00e7a A vice-prefeita de Sobral, Christianne Coelho, visitou na \u00faltima quinta-feira (12) a Fazenda da Esperan\u00e7a S\u00e3o Bento, comunidade terap\u00eautica que\u2026","rel":"","context":"In &quot;Atualidade&quot;","block_context":{"text":"Atualidade","link":"https:\/\/correiodasemana.com\/site\/category\/atualidade\/"},"img":{"alt_text":"","src":"https:\/\/i0.wp.com\/correiodasemana.com\/site\/wp-content\/uploads\/2019\/09\/vice-prefeita-3.jpg?resize=350%2C200&ssl=1","width":350,"height":200,"srcset":"https:\/\/i0.wp.com\/correiodasemana.com\/site\/wp-content\/uploads\/2019\/09\/vice-prefeita-3.jpg?resize=350%2C200&ssl=1 1x, https:\/\/i0.wp.com\/correiodasemana.com\/site\/wp-content\/uploads\/2019\/09\/vice-prefeita-3.jpg?resize=525%2C300&ssl=1 1.5x, https:\/\/i0.wp.com\/correiodasemana.com\/site\/wp-content\/uploads\/2019\/09\/vice-prefeita-3.jpg?resize=700%2C400&ssl=1 2x"},"classes":[]},{"id":16996,"url":"https:\/\/correiodasemana.com\/site\/capela-da-fazenda-da-esperanca-e-elevada-a-santuario-diocesano-de-sao-bento\/","url_meta":{"origin":16847,"position":5},"title":"Capela da Fazenda da Esperan\u00e7a \u00e9 elevada a Santu\u00e1rio Diocesano de S\u00e3o Bento","author":"","date":"Julho 19, 2021","format":false,"excerpt":"Eleva\u00e7\u00e3o aconteceu durante a Festa de S\u00e3o Bento, 11 de julho, data que marca os 6 anos de inaugura\u00e7\u00e3o da Capela Seis anos ap\u00f3s a sua inaugura\u00e7\u00e3o, a Capela localizada na Fazenda da Esperan\u00e7a S\u00e3o Bento, no Patriarca, foi elevada \u00e0 categoria de Santu\u00e1rio Diocesano de S\u00e3o Bento pelo bispo\u2026","rel":"","context":"In &quot;Atualidade&quot;","block_context":{"text":"Atualidade","link":"https:\/\/correiodasemana.com\/site\/category\/atualidade\/"},"img":{"alt_text":"","src":"https:\/\/i0.wp.com\/correiodasemana.com\/site\/wp-content\/uploads\/2021\/07\/capela-fazenda-da-esperanca-6.jpg?resize=350%2C200&ssl=1","width":350,"height":200,"srcset":"https:\/\/i0.wp.com\/correiodasemana.com\/site\/wp-content\/uploads\/2021\/07\/capela-fazenda-da-esperanca-6.jpg?resize=350%2C200&ssl=1 1x, https:\/\/i0.wp.com\/correiodasemana.com\/site\/wp-content\/uploads\/2021\/07\/capela-fazenda-da-esperanca-6.jpg?resize=525%2C300&ssl=1 1.5x, https:\/\/i0.wp.com\/correiodasemana.com\/site\/wp-content\/uploads\/2021\/07\/capela-fazenda-da-esperanca-6.jpg?resize=700%2C400&ssl=1 2x"},"classes":[]}],"jetpack_sharing_enabled":true,"_links":{"self":[{"href":"https:\/\/correiodasemana.com\/site\/wp-json\/wp\/v2\/posts\/16847","targetHints":{"allow":["GET"]}}],"collection":[{"href":"https:\/\/correiodasemana.com\/site\/wp-json\/wp\/v2\/posts"}],"about":[{"href":"https:\/\/correiodasemana.com\/site\/wp-json\/wp\/v2\/types\/post"}],"author":[{"embeddable":true,"href":"https:\/\/correiodasemana.com\/site\/wp-json\/wp\/v2\/users\/1"}],"replies":[{"embeddable":true,"href":"https:\/\/correiodasemana.com\/site\/wp-json\/wp\/v2\/comments?post=16847"}],"version-history":[{"count":1,"href":"https:\/\/correiodasemana.com\/site\/wp-json\/wp\/v2\/posts\/16847\/revisions"}],"predecessor-version":[{"id":16853,"href":"https:\/\/correiodasemana.com\/site\/wp-json\/wp\/v2\/posts\/16847\/revisions\/16853"}],"wp:featuredmedia":[{"embeddable":true,"href":"https:\/\/correiodasemana.com\/site\/wp-json\/wp\/v2\/media\/16852"}],"wp:attachment":[{"href":"https:\/\/correiodasemana.com\/site\/wp-json\/wp\/v2\/media?parent=16847"}],"wp:term":[{"taxonomy":"category","embeddable":true,"href":"https:\/\/correiodasemana.com\/site\/wp-json\/wp\/v2\/categories?post=16847"},{"taxonomy":"post_tag","embeddable":true,"href":"https:\/\/correiodasemana.com\/site\/wp-json\/wp\/v2\/tags?post=16847"}],"curies":[{"name":"wp","href":"https:\/\/api.w.org\/{rel}","templated":true}]}}