{"id":16854,"date":"2021-06-27T23:45:17","date_gmt":"2021-06-28T02:45:17","guid":{"rendered":"https:\/\/correiodasemana.com\/site\/?p=16854"},"modified":"2021-06-27T23:45:17","modified_gmt":"2021-06-28T02:45:17","slug":"nosso-pai-06-anos","status":"publish","type":"post","link":"https:\/\/correiodasemana.com\/site\/nosso-pai-06-anos\/","title":{"rendered":"Nosso Pai, 06 Anos"},"content":{"rendered":"<p>Tudo passa e passa mesmo, da\u00ed se dizer que o tempo \u00e9 implac\u00e1vel e ningu\u00e9m segura. Verdade tanta prova \u00e9 que a nefasta e miser\u00e1vel Pandemia ainda estar indo embora, mesmo vagarosamente. Aleluia!<br \/>\nA aus\u00eancia terrena do nosso pai j\u00e1 estar no 6\u00ba ano, no entanto saudades e lembran\u00e7as ainda est\u00e3o reinando nos familiares e amigos, justific\u00e1vel sim, por que o Sr. Jos\u00e9 Maria Ribeiro Linhares, nasceu, cresceu, viveu e amou. Com tudo isso, \u00e0s vezes em goza\u00e7\u00e3o dizia: \u201cNingu\u00e9m fica pra semente mesmo que a gente n\u00e3o queira morrer. Por falar em morte no \u00faltimo mar\u00e7o perdemos o nosso querido tio Sr. Jo\u00e3o Arruda Ponte, brincalh\u00e3o, trabalhador, \u00edntegro, muito fam\u00edlia e que acima de tudo tinha uma f\u00e9 imensur\u00e1vel no Divino Esp\u00edrito Santo. Triste, no entanto, temos a certeza que Jos\u00e9 Maria e Jo\u00e3o vivem l\u00e1 no c\u00e9u bem pertinho de JESUS NOSSO SENHOR, confabulando ideias e pedindo pelos seus aqui na terra.<br \/>\nQuanto \u00e0 lembran\u00e7a do semblante e comportamento do nosso pai, \u00e0s vezes questionamos: \u201cQual dos filhos no total de oito, deles aparentava-se mais com o pai? Na nossa mente como diz o matuto \u00e9 o Dr. Alexandre Linhares, hoje advogado renomado, muito trabalhador, meio prodigo e dir\u00edamos ainda: GRAND\u00c3O DE CORA\u00c7\u00c3O. Com tudo isso todos s\u00e3o bons\u2026<br \/>\nTodos os seus filhos sem exce\u00e7\u00e3o no mais alto amplexo filial, aqui na terra nunca esquecer\u00e3o que tiveram um SUPER PAI.<br \/>\nJos\u00e9 Haroldo Ponte Linhares. Filho do Homenageado.<\/p>\n","protected":false},"excerpt":{"rendered":"<p>Tudo passa e passa mesmo, da\u00ed se dizer que o tempo \u00e9 implac\u00e1vel e ningu\u00e9m&#8230;<\/p>\n","protected":false},"author":1,"featured_media":16855,"comment_status":"open","ping_status":"open","sticky":false,"template":"","format":"standard","meta":{"_jetpack_memberships_contains_paid_content":false,"footnotes":"","jetpack_publicize_message":"","jetpack_publicize_feature_enabled":true,"jetpack_social_post_already_shared":true,"jetpack_social_options":{"image_generator_settings":{"template":"highway","default_image_id":0,"font":"","enabled":false},"version":2}},"categories":[1],"tags":[],"class_list":["post-16854","post","type-post","status-publish","format-standard","has-post-thumbnail","hentry","category-atualidade"],"jetpack_publicize_connections":[],"jetpack_featured_media_url":"https:\/\/correiodasemana.com\/site\/wp-content\/uploads\/2021\/06\/homenagem-sr-linhares.png","jetpack-related-posts":[{"id":24136,"url":"https:\/\/correiodasemana.com\/site\/quando-os-pais-se-vao\/","url_meta":{"origin":16854,"position":0},"title":"Quando os Pais se V\u00e3o","author":"adminredacao","date":"Abril 17, 2023","format":false,"excerpt":"Quando os nossos pais se v\u00e3o eles nunca v\u00e3o sozinhos... Vai junto com eles as m\u00e3os estendidas, o colo para as horas dif\u00edceis, o carinho, a aten\u00e7\u00e3o e o amor incondicional. Quando Pai e M\u00e3e se v\u00e3o... Vai junto a mesa cheia, as conversas fiadas, as gargalhadas, as piadas e\u2026","rel":"","context":"In &quot;Artigos&quot;","block_context":{"text":"Artigos","link":"https:\/\/correiodasemana.com\/site\/category\/artigos\/"},"img":{"alt_text":"","src":"https:\/\/i0.wp.com\/correiodasemana.com\/site\/wp-content\/uploads\/2021\/08\/Salmito-Campos.jpg?resize=350%2C200&ssl=1","width":350,"height":200,"srcset":"https:\/\/i0.wp.com\/correiodasemana.com\/site\/wp-content\/uploads\/2021\/08\/Salmito-Campos.jpg?resize=350%2C200&ssl=1 1x, https:\/\/i0.wp.com\/correiodasemana.com\/site\/wp-content\/uploads\/2021\/08\/Salmito-Campos.jpg?resize=525%2C300&ssl=1 1.5x, https:\/\/i0.wp.com\/correiodasemana.com\/site\/wp-content\/uploads\/2021\/08\/Salmito-Campos.jpg?resize=700%2C400&ssl=1 2x, https:\/\/i0.wp.com\/correiodasemana.com\/site\/wp-content\/uploads\/2021\/08\/Salmito-Campos.jpg?resize=1050%2C600&ssl=1 3x, https:\/\/i0.wp.com\/correiodasemana.com\/site\/wp-content\/uploads\/2021\/08\/Salmito-Campos.jpg?resize=1400%2C800&ssl=1 4x"},"classes":[]},{"id":17564,"url":"https:\/\/correiodasemana.com\/site\/os-flanelinhas-de-sobral-pastoradores-e-lavadores-de-carros\/","url_meta":{"origin":16854,"position":1},"title":"Os \u201cflanelinhas\u201d de Sobral \u2013 pastoradores e lavadores de carros","author":"","date":"Setembro 26, 2021","format":false,"excerpt":"O Sr. Ant\u00f4nio Dutra, casado com a Sra. Maria L\u00facia Fernandes Dutra, mora no Bairro Dom Expedito, tem tr\u00eas filhos e quatro filhas. Sustenta sua fam\u00edlia a 32 anos pastorando e lavando carros na Pra\u00e7a da Coluna da Hora. Sempre muito atencioso, gosta do trabalho que faz e tem uma\u2026","rel":"","context":"In &quot;Artigos&quot;","block_context":{"text":"Artigos","link":"https:\/\/correiodasemana.com\/site\/category\/artigos\/"},"img":{"alt_text":"","src":"https:\/\/i0.wp.com\/correiodasemana.com\/site\/wp-content\/uploads\/2021\/08\/Salmito-Campos.jpg?resize=350%2C200&ssl=1","width":350,"height":200,"srcset":"https:\/\/i0.wp.com\/correiodasemana.com\/site\/wp-content\/uploads\/2021\/08\/Salmito-Campos.jpg?resize=350%2C200&ssl=1 1x, https:\/\/i0.wp.com\/correiodasemana.com\/site\/wp-content\/uploads\/2021\/08\/Salmito-Campos.jpg?resize=525%2C300&ssl=1 1.5x, https:\/\/i0.wp.com\/correiodasemana.com\/site\/wp-content\/uploads\/2021\/08\/Salmito-Campos.jpg?resize=700%2C400&ssl=1 2x, https:\/\/i0.wp.com\/correiodasemana.com\/site\/wp-content\/uploads\/2021\/08\/Salmito-Campos.jpg?resize=1050%2C600&ssl=1 3x, https:\/\/i0.wp.com\/correiodasemana.com\/site\/wp-content\/uploads\/2021\/08\/Salmito-Campos.jpg?resize=1400%2C800&ssl=1 4x"},"classes":[]},{"id":28256,"url":"https:\/\/correiodasemana.com\/site\/poucas-e-boas-25\/","url_meta":{"origin":16854,"position":2},"title":"POUCAS E BOAS","author":"adminredacao","date":"Fevereiro 6, 2024","format":false,"excerpt":"Zuleika Viana parte deixando exemplo de f\u00e9, dedica\u00e7\u00e3o e trabalho Na quarta-feira (31), por volta das 22h, faleceu no Hospital do Cora\u00e7\u00e3o de Sobral Zuleika Ximenes Viana, de 94 anos, em decorr\u00eancia de problemas card\u00edacos. Inupta e de imenso talento profissional, a distinta senhorita prestou relevantes servi\u00e7os \u00e0 sociedade sobralense\u2026","rel":"","context":"In &quot;Artigos&quot;","block_context":{"text":"Artigos","link":"https:\/\/correiodasemana.com\/site\/category\/artigos\/"},"img":{"alt_text":"","src":"https:\/\/i0.wp.com\/correiodasemana.com\/site\/wp-content\/uploads\/2023\/05\/artemisio-da-costa-2.jpg?resize=350%2C200&ssl=1","width":350,"height":200},"classes":[]},{"id":18573,"url":"https:\/\/correiodasemana.com\/site\/a-grande-relevancia-da-educacao-informal\/","url_meta":{"origin":16854,"position":3},"title":"A grande relev\u00e2ncia da educa\u00e7\u00e3o informal","author":"","date":"Janeiro 16, 2022","format":false,"excerpt":"Lembro-me muito bem quando ainda crian\u00e7a para a minha adolesc\u00eancia brincava de bola feita de meias, brincava de bila, dos quatro cantos, de melancia, de esconde-esconde, jogo de pe\u00e3o, de castanha, de tri\u00e2ngulo e de esquerda. Esta brincadeira quando j\u00e1 estava paquerando. Era muito divertido. Todavia, t\u00ednhamos que chegar na\u2026","rel":"","context":"In &quot;Artigos&quot;","block_context":{"text":"Artigos","link":"https:\/\/correiodasemana.com\/site\/category\/artigos\/"},"img":{"alt_text":"","src":"https:\/\/i0.wp.com\/correiodasemana.com\/site\/wp-content\/uploads\/2021\/08\/Salmito-Campos.jpg?resize=350%2C200&ssl=1","width":350,"height":200,"srcset":"https:\/\/i0.wp.com\/correiodasemana.com\/site\/wp-content\/uploads\/2021\/08\/Salmito-Campos.jpg?resize=350%2C200&ssl=1 1x, https:\/\/i0.wp.com\/correiodasemana.com\/site\/wp-content\/uploads\/2021\/08\/Salmito-Campos.jpg?resize=525%2C300&ssl=1 1.5x, https:\/\/i0.wp.com\/correiodasemana.com\/site\/wp-content\/uploads\/2021\/08\/Salmito-Campos.jpg?resize=700%2C400&ssl=1 2x, https:\/\/i0.wp.com\/correiodasemana.com\/site\/wp-content\/uploads\/2021\/08\/Salmito-Campos.jpg?resize=1050%2C600&ssl=1 3x, https:\/\/i0.wp.com\/correiodasemana.com\/site\/wp-content\/uploads\/2021\/08\/Salmito-Campos.jpg?resize=1400%2C800&ssl=1 4x"},"classes":[]},{"id":13096,"url":"https:\/\/correiodasemana.com\/site\/a-arte-de-ser-pai\/","url_meta":{"origin":16854,"position":4},"title":"A ARTE DE SER PAI","author":"","date":"Agosto 24, 2020","format":false,"excerpt":"Ao Sr. Iz\u00eddio Ribeiro Lira, meu Pai! Tem temas que s\u00e3o atemporais. Pode ter um dia, mas, todos os dias s\u00e3o deles assim \u00e9 pai e m\u00e3e. N\u00e3o \u00e9 exagero dizer que este ano est\u00e1 estranho e que as comemora\u00e7\u00f5es\/celebra\u00e7\u00f5es est\u00e3o meio que truncadas. Claro que celebrei e comemorei com\u2026","rel":"","context":"In &quot;Artigos&quot;","block_context":{"text":"Artigos","link":"https:\/\/correiodasemana.com\/site\/category\/artigos\/"},"img":{"alt_text":"","src":"https:\/\/i0.wp.com\/correiodasemana.com\/site\/wp-content\/uploads\/2018\/02\/Jose%CC%81-1.jpg?resize=350%2C200&ssl=1","width":350,"height":200,"srcset":"https:\/\/i0.wp.com\/correiodasemana.com\/site\/wp-content\/uploads\/2018\/02\/Jose%CC%81-1.jpg?resize=350%2C200&ssl=1 1x, https:\/\/i0.wp.com\/correiodasemana.com\/site\/wp-content\/uploads\/2018\/02\/Jose%CC%81-1.jpg?resize=525%2C300&ssl=1 1.5x, https:\/\/i0.wp.com\/correiodasemana.com\/site\/wp-content\/uploads\/2018\/02\/Jose%CC%81-1.jpg?resize=700%2C400&ssl=1 2x"},"classes":[]},{"id":31685,"url":"https:\/\/correiodasemana.com\/site\/passado-presente-e-futuro\/","url_meta":{"origin":16854,"position":5},"title":"Passado, presente e futuro","author":"adminredacao","date":"Dezembro 2, 2024","format":false,"excerpt":"Desejamos recuperar com toda disposi\u00e7\u00e3o as esperan\u00e7as proclamadas pelos profetas, ao longo dos s\u00e9culos, olhando para frente e para o alto, formando o Povo de Deus que desejava ver o Messias prometido. Sejam nossas as expectativas do pequeno Resto, Pobres de Jav\u00e9, que n\u00e3o se permitiram o des\u00e2nimo diante do\u2026","rel":"","context":"In &quot;A voz do Pastor&quot;","block_context":{"text":"A voz do Pastor","link":"https:\/\/correiodasemana.com\/site\/category\/a-voz-do-pastor\/"},"img":{"alt_text":"","src":"https:\/\/i0.wp.com\/correiodasemana.com\/site\/wp-content\/uploads\/2024\/04\/Dom-Jose-Luiz-Gomes-Vasconcelos-bispo-diocesano-de-Sobral.jpeg?resize=350%2C200&ssl=1","width":350,"height":200,"srcset":"https:\/\/i0.wp.com\/correiodasemana.com\/site\/wp-content\/uploads\/2024\/04\/Dom-Jose-Luiz-Gomes-Vasconcelos-bispo-diocesano-de-Sobral.jpeg?resize=350%2C200&ssl=1 1x, https:\/\/i0.wp.com\/correiodasemana.com\/site\/wp-content\/uploads\/2024\/04\/Dom-Jose-Luiz-Gomes-Vasconcelos-bispo-diocesano-de-Sobral.jpeg?resize=525%2C300&ssl=1 1.5x, https:\/\/i0.wp.com\/correiodasemana.com\/site\/wp-content\/uploads\/2024\/04\/Dom-Jose-Luiz-Gomes-Vasconcelos-bispo-diocesano-de-Sobral.jpeg?resize=700%2C400&ssl=1 2x, https:\/\/i0.wp.com\/correiodasemana.com\/site\/wp-content\/uploads\/2024\/04\/Dom-Jose-Luiz-Gomes-Vasconcelos-bispo-diocesano-de-Sobral.jpeg?resize=1050%2C600&ssl=1 3x"},"classes":[]}],"jetpack_sharing_enabled":true,"_links":{"self":[{"href":"https:\/\/correiodasemana.com\/site\/wp-json\/wp\/v2\/posts\/16854","targetHints":{"allow":["GET"]}}],"collection":[{"href":"https:\/\/correiodasemana.com\/site\/wp-json\/wp\/v2\/posts"}],"about":[{"href":"https:\/\/correiodasemana.com\/site\/wp-json\/wp\/v2\/types\/post"}],"author":[{"embeddable":true,"href":"https:\/\/correiodasemana.com\/site\/wp-json\/wp\/v2\/users\/1"}],"replies":[{"embeddable":true,"href":"https:\/\/correiodasemana.com\/site\/wp-json\/wp\/v2\/comments?post=16854"}],"version-history":[{"count":1,"href":"https:\/\/correiodasemana.com\/site\/wp-json\/wp\/v2\/posts\/16854\/revisions"}],"predecessor-version":[{"id":16856,"href":"https:\/\/correiodasemana.com\/site\/wp-json\/wp\/v2\/posts\/16854\/revisions\/16856"}],"wp:featuredmedia":[{"embeddable":true,"href":"https:\/\/correiodasemana.com\/site\/wp-json\/wp\/v2\/media\/16855"}],"wp:attachment":[{"href":"https:\/\/correiodasemana.com\/site\/wp-json\/wp\/v2\/media?parent=16854"}],"wp:term":[{"taxonomy":"category","embeddable":true,"href":"https:\/\/correiodasemana.com\/site\/wp-json\/wp\/v2\/categories?post=16854"},{"taxonomy":"post_tag","embeddable":true,"href":"https:\/\/correiodasemana.com\/site\/wp-json\/wp\/v2\/tags?post=16854"}],"curies":[{"name":"wp","href":"https:\/\/api.w.org\/{rel}","templated":true}]}}