{"id":16857,"date":"2021-06-27T23:47:26","date_gmt":"2021-06-28T02:47:26","guid":{"rendered":"https:\/\/correiodasemana.com\/site\/?p=16857"},"modified":"2021-06-27T23:47:49","modified_gmt":"2021-06-28T02:47:49","slug":"em-tempo-88","status":"publish","type":"post","link":"https:\/\/correiodasemana.com\/site\/em-tempo-88\/","title":{"rendered":"Em Tempo"},"content":{"rendered":"<p><strong>M\u00fasica e Afeto no Hospital Regional<\/strong><br \/>\nOs colaboradores, pacientes e acompanhantes do Hospital Regional Norte (HRN), na cidade de Sobral, receberam, no dia 23 de junho, o projeto M\u00fasica e Afeto, com uma apresenta\u00e7\u00e3o da Banda de M\u00fasica Maestro Jos\u00e9 Pedro, sob a reg\u00eancia do maestro Thiago F\u00e9lix.<br \/>\nA apresenta\u00e7\u00e3o ocorreu em frente \u00e0 emerg\u00eancia do HRN. O projeto \u00e9 uma iniciativa do Instituto ECOA, Secretaria da Cultura e Turismo e da Banda de M\u00fasica. As a\u00e7\u00f5es acontecem em unidades de interna\u00e7\u00e3o e incentivam o acolhimento e a solidariedade entre as pessoas.<\/p>\n<p><strong>Programa de P\u00f3s-Gradua\u00e7\u00e3o na UFC\u00a0<\/strong><br \/>\nEst\u00e3o abertas,\u00a0at\u00e9 22 de julho, as inscri\u00e7\u00f5es para o processo seletivo 2021.2 do mestrado acad\u00eamico em Arquitetura e Urbanismo e Design da Universidade Federal do Cear\u00e1, com 18 vagas, via\u00a0Sistema Integrado de Gest\u00e3o de Atividades Acad\u00eamicas (https:\/\/ppgaud.ufc.br).<br \/>\nO curso oferta tr\u00eas linhas de pesquisa: Planejamento urbano e direito \u00e0 cidade; Teoria e hist\u00f3ria da arquitetura, do urbanismo e da urbaniza\u00e7\u00e3o; e modelagem e design da informa\u00e7\u00e3o. A sele\u00e7\u00e3o ter\u00e1 an\u00e1lise e argui\u00e7\u00e3o do pr\u00e9-projeto de pesquisa; e an\u00e1lise do curr\u00edculo Lattes.<\/p>\n<p><strong><img fetchpriority=\"high\" decoding=\"async\" class=\"alignleft size-medium wp-image-16858\" src=\"https:\/\/correiodasemana.com\/site\/wp-content\/uploads\/2021\/06\/1_jader_soares_teatro_chico_anysio-16175230-300x200.jpg\" alt=\"\" width=\"300\" height=\"200\" srcset=\"https:\/\/correiodasemana.com\/site\/wp-content\/uploads\/2021\/06\/1_jader_soares_teatro_chico_anysio-16175230-300x200.jpg 300w, https:\/\/correiodasemana.com\/site\/wp-content\/uploads\/2021\/06\/1_jader_soares_teatro_chico_anysio-16175230.jpg 750w\" sizes=\"(max-width: 300px) 100vw, 300px\" \/>Festival virtual de humor em Fortaleza<\/strong><br \/>\n<strong>Foto \u2013 Liezio Gomes<\/strong><br \/>\n<strong>A coordena\u00e7\u00e3o \u00e9 do humorista Jader Soares (Zebrinha), diretor do Teatro Chico Anysio<\/strong><br \/>\nO Teatro Chico Anysio realiza em Fortaleza o\u00a0Festival do Humor, que comemora os 30 anos do espa\u00e7o cultural. A iniciativa tamb\u00e9m busca homenagear o artista Chico Anysio, que completaria 90 anos em abril de 2021. A coordena\u00e7\u00e3o \u00e9 do humorista Jader Soares (Zebrinha).<br \/>\nQuinze humoristas disputam uma premia\u00e7\u00e3o de R$ 6.000. O evento, que acontece de 23 a 26 de junho, conta com os artistas convidados: Super Edson e Juanito, Aurineide Camurupim, Gil Soares e Ernesto Martins. Toda a programa\u00e7\u00e3o est\u00e1 dispon\u00edvel no facebook: https:\/\/www.facebook.com\/teatrochicoanysio.<\/p>\n<p><strong>Abertas inscri\u00e7\u00f5es do Sal\u00e3o de Abril<\/strong><br \/>\nUm dos principais eventos de artes visuais do Pa\u00eds, o Sal\u00e3o de Abril abre inscri\u00e7\u00f5es para a\u00a072\u00aa\u00a0edi\u00e7\u00e3o.\u00a0A inscri\u00e7\u00e3o \u00e9 gratuita e destinada a artistas visuais com forma\u00e7\u00e3o diversa, que sejam residentes no Cear\u00e1. Em 2021, a mostra homenageia o artista sobralense Raimundo Cela.<br \/>\nAs inscri\u00e7\u00f5es seguem\u00a0at\u00e9 4 de julho\u00a0deste ano, em plataforma virtual.\u00a0O processo seletivo ocorrer\u00e1 exclusivamente na modalidade online. O resultado ser\u00e1 divulgado no site do Sal\u00e3o de Abril e no canal da Cultura.\u00a0Inscri\u00e7\u00f5es e informa\u00e7\u00f5es no site https:\/\/www.salaodeabril.com.br.<\/p>\n<p><strong>Belas Artes da Universidade do Porto<\/strong><br \/>\nCom o objetivo de concluir o pagamento de seus estudos, o artista pl\u00e1stico fortalezense Luis Fernando Rodrigues, 22 anos, resolveu rifar um de seus trabalhos para ajudar nos custos de sua viagem para estudar na Faculdade de Belas Artes da Universidade do Porto, em Portugal.<br \/>\nO dinheiro ser\u00e1 para arcar com as taxas cobradas pela universidade, visto, alimenta\u00e7\u00e3o, passagem e a taxa do alojamento. O valor da rifa \u00e9 de R$ 10,00 e a data do sorteio est\u00e1 prevista para o dia 6 de agosto. Para visualizar a rifa\u00a0basta acessar https:\/\/www.rifatech.com.<\/p>\n<p><strong>Dica da Coluna<\/strong><br \/>\nLeia o Blog do Edilson (www.blogdoedilson.com.br). Cultura, educa\u00e7\u00e3o, pol\u00edtica e utilidade p\u00fablica.<\/p>\n","protected":false},"excerpt":{"rendered":"<p>M\u00fasica e Afeto no Hospital Regional Os colaboradores, pacientes e acompanhantes do Hospital Regional Norte&#8230;<\/p>\n","protected":false},"author":1,"featured_media":10199,"comment_status":"open","ping_status":"open","sticky":false,"template":"","format":"standard","meta":{"_jetpack_memberships_contains_paid_content":false,"footnotes":"","jetpack_publicize_message":"","jetpack_publicize_feature_enabled":true,"jetpack_social_post_already_shared":true,"jetpack_social_options":{"image_generator_settings":{"template":"highway","default_image_id":0,"font":"","enabled":false},"version":2}},"categories":[11,36],"tags":[],"class_list":["post-16857","post","type-post","status-publish","format-standard","has-post-thumbnail","hentry","category-artigos","category-em-tempo"],"jetpack_publicize_connections":[],"jetpack_featured_media_url":"https:\/\/correiodasemana.com\/site\/wp-content\/uploads\/2019\/12\/FOTO-EDILSON-SILVA-2.jpg","jetpack-related-posts":[{"id":8707,"url":"https:\/\/correiodasemana.com\/site\/em-tempo-6\/","url_meta":{"origin":16857,"position":0},"title":"Em Tempo","author":"","date":"Agosto 17, 2019","format":false,"excerpt":"HRN recebe cerifica\u00e7\u00e3o nacional O Hospital Regional Norte (HRN), da rede p\u00fablica do Governo do Cear\u00e1, administrado pelo Instituto de Sa\u00fade e Gest\u00e3o Hospitalar (ISGH), \u00e9 acreditado com excel\u00eancia pela Organiza\u00e7\u00e3o Nacional de Acredita\u00e7\u00e3o (ONA). O t\u00edtulo \u00e9 v\u00e1lido por tr\u00eas anos. O certificado de Acreditado com Excel\u00eancia \u2013 N\u00edvel\u2026","rel":"","context":"In &quot;Artigos&quot;","block_context":{"text":"Artigos","link":"https:\/\/correiodasemana.com\/site\/category\/artigos\/"},"img":{"alt_text":"","src":"https:\/\/i0.wp.com\/correiodasemana.com\/site\/wp-content\/uploads\/2019\/08\/SUMAR01.jpg?resize=350%2C200&ssl=1","width":350,"height":200,"srcset":"https:\/\/i0.wp.com\/correiodasemana.com\/site\/wp-content\/uploads\/2019\/08\/SUMAR01.jpg?resize=350%2C200&ssl=1 1x, https:\/\/i0.wp.com\/correiodasemana.com\/site\/wp-content\/uploads\/2019\/08\/SUMAR01.jpg?resize=525%2C300&ssl=1 1.5x, https:\/\/i0.wp.com\/correiodasemana.com\/site\/wp-content\/uploads\/2019\/08\/SUMAR01.jpg?resize=700%2C400&ssl=1 2x, https:\/\/i0.wp.com\/correiodasemana.com\/site\/wp-content\/uploads\/2019\/08\/SUMAR01.jpg?resize=1050%2C600&ssl=1 3x"},"classes":[]},{"id":8601,"url":"https:\/\/correiodasemana.com\/site\/em-tempo-5\/","url_meta":{"origin":16857,"position":1},"title":"Em Tempo","author":"","date":"Agosto 6, 2019","format":false,"excerpt":"Festival de Cinema no Cear\u00e1 Quatro longas-metragens ter\u00e3o exibi\u00e7\u00f5es especiais no 29\u00ba Cine Cear\u00e1. Al\u00e9m do j\u00e1 divulgado \u201cA Vida Invis\u00edvel de Eur\u00eddice Gusm\u00e3o\u201d, de KarimA\u00efnouz, escolhido para a abertura, outros dois diretores cearenses participam do festival, de 30 de agosto a 6 de setembro. Destaque para \u201cSoldados da Borracha\u201d,\u2026","rel":"","context":"In &quot;Artigos&quot;","block_context":{"text":"Artigos","link":"https:\/\/correiodasemana.com\/site\/category\/artigos\/"},"img":{"alt_text":"","src":"https:\/\/i0.wp.com\/correiodasemana.com\/site\/wp-content\/uploads\/2019\/08\/Bandas.jpeg?resize=350%2C200&ssl=1","width":350,"height":200,"srcset":"https:\/\/i0.wp.com\/correiodasemana.com\/site\/wp-content\/uploads\/2019\/08\/Bandas.jpeg?resize=350%2C200&ssl=1 1x, https:\/\/i0.wp.com\/correiodasemana.com\/site\/wp-content\/uploads\/2019\/08\/Bandas.jpeg?resize=525%2C300&ssl=1 1.5x, https:\/\/i0.wp.com\/correiodasemana.com\/site\/wp-content\/uploads\/2019\/08\/Bandas.jpeg?resize=700%2C400&ssl=1 2x"},"classes":[]},{"id":29547,"url":"https:\/\/correiodasemana.com\/site\/semana-verde-hrn-promove-programacao-em-alusao-ao-dia-mundial-do-meio-ambiente\/","url_meta":{"origin":16857,"position":2},"title":"Semana Verde: HRN promove programa\u00e7\u00e3o em alus\u00e3o ao Dia Mundial do Meio Ambiente","author":"adminredacao","date":"Junho 10, 2024","format":false,"excerpt":"Com foco em sustentabilidade e responsabilidade socioambiental, o Hospital Regional Norte (HRN), unidade da Secretaria da Sa\u00fade (Sesa), administrada pelo Instituto de Sa\u00fade e Gest\u00e3o Hospitalar (ISGH), em Sobral, est\u00e1 realizando a Semana Verde em alus\u00e3o ao Dia Mundial do Meio Ambiente, celebrado dia 5 de junho. As atividades visam\u2026","rel":"","context":"In &quot;Atualidade&quot;","block_context":{"text":"Atualidade","link":"https:\/\/correiodasemana.com\/site\/category\/atualidade\/"},"img":{"alt_text":"","src":"https:\/\/i0.wp.com\/correiodasemana.com\/site\/wp-content\/uploads\/2024\/06\/Arvores-1-scaled.jpg?resize=350%2C200&ssl=1","width":350,"height":200,"srcset":"https:\/\/i0.wp.com\/correiodasemana.com\/site\/wp-content\/uploads\/2024\/06\/Arvores-1-scaled.jpg?resize=350%2C200&ssl=1 1x, https:\/\/i0.wp.com\/correiodasemana.com\/site\/wp-content\/uploads\/2024\/06\/Arvores-1-scaled.jpg?resize=525%2C300&ssl=1 1.5x, https:\/\/i0.wp.com\/correiodasemana.com\/site\/wp-content\/uploads\/2024\/06\/Arvores-1-scaled.jpg?resize=700%2C400&ssl=1 2x, https:\/\/i0.wp.com\/correiodasemana.com\/site\/wp-content\/uploads\/2024\/06\/Arvores-1-scaled.jpg?resize=1050%2C600&ssl=1 3x, https:\/\/i0.wp.com\/correiodasemana.com\/site\/wp-content\/uploads\/2024\/06\/Arvores-1-scaled.jpg?resize=1400%2C800&ssl=1 4x"},"classes":[]},{"id":26759,"url":"https:\/\/correiodasemana.com\/site\/em-tempo-196\/","url_meta":{"origin":16857,"position":3},"title":"EM TEMPO \u2022","author":"adminredacao","date":"Outubro 9, 2023","format":false,"excerpt":"Sa\u00fade da mulher e da crian\u00e7a Encontram-se abertas, at\u00e9 15 de outubro, as inscri\u00e7\u00f5es para o Mestrado Profissional em Sa\u00fade da Mulher e da Crian\u00e7a da Universidade Federal do Cear\u00e1, com 20 vagas distribu\u00eddas em duas \u00e1reas: Aten\u00e7\u00e3o \u00e0 Sa\u00fade Materna e Perinatal e Desenvolvimento e Primeira Inf\u00e2ncia. Podem se\u2026","rel":"","context":"In &quot;Artigos&quot;","block_context":{"text":"Artigos","link":"https:\/\/correiodasemana.com\/site\/category\/artigos\/"},"img":{"alt_text":"","src":"https:\/\/i0.wp.com\/correiodasemana.com\/site\/wp-content\/uploads\/2023\/10\/Orquestra-10-300x225.jpg?resize=350%2C200&ssl=1","width":350,"height":200},"classes":[]},{"id":25811,"url":"https:\/\/correiodasemana.com\/site\/hrn-encerra-ciclo-do-projeto-lean-nas-emergencias-com-reducao-de-permanencia-de-pacientes-e-alta-precoce\/","url_meta":{"origin":16857,"position":4},"title":"HRN encerra ciclo do Projeto Lean nas Emerg\u00eancias com redu\u00e7\u00e3o de perman\u00eancia de pacientes e alta precoce","author":"adminredacao","date":"Julho 24, 2023","format":false,"excerpt":"O Hospital Regional Norte (HRN) encerrou, na \u00faltima sexta-feira (14), o ciclo de participa\u00e7\u00e3o no Projeto Lean nas Emerg\u00eancias, iniciativa do Minist\u00e9rio da Sa\u00fade por meio do Programa de Apoio ao Desenvolvimento Institucional do Sistema \u00danico de Sa\u00fade (Proadi-SUS), desenvolvido pelo Hospital S\u00edrio-Liban\u00eas. O objetivo \u00e9 reduzir a superlota\u00e7\u00e3o nas\u2026","rel":"","context":"In &quot;Atualidade&quot;","block_context":{"text":"Atualidade","link":"https:\/\/correiodasemana.com\/site\/category\/atualidade\/"},"img":{"alt_text":"","src":"https:\/\/i0.wp.com\/correiodasemana.com\/site\/wp-content\/uploads\/2023\/07\/Encerramento-Lean-HRN-1-scaled.jpg?resize=350%2C200&ssl=1","width":350,"height":200,"srcset":"https:\/\/i0.wp.com\/correiodasemana.com\/site\/wp-content\/uploads\/2023\/07\/Encerramento-Lean-HRN-1-scaled.jpg?resize=350%2C200&ssl=1 1x, https:\/\/i0.wp.com\/correiodasemana.com\/site\/wp-content\/uploads\/2023\/07\/Encerramento-Lean-HRN-1-scaled.jpg?resize=525%2C300&ssl=1 1.5x, https:\/\/i0.wp.com\/correiodasemana.com\/site\/wp-content\/uploads\/2023\/07\/Encerramento-Lean-HRN-1-scaled.jpg?resize=700%2C400&ssl=1 2x, https:\/\/i0.wp.com\/correiodasemana.com\/site\/wp-content\/uploads\/2023\/07\/Encerramento-Lean-HRN-1-scaled.jpg?resize=1050%2C600&ssl=1 3x, https:\/\/i0.wp.com\/correiodasemana.com\/site\/wp-content\/uploads\/2023\/07\/Encerramento-Lean-HRN-1-scaled.jpg?resize=1400%2C800&ssl=1 4x"},"classes":[]},{"id":9997,"url":"https:\/\/correiodasemana.com\/site\/em-tempo-21\/","url_meta":{"origin":16857,"position":5},"title":"Em Tempo","author":"","date":"Novembro 27, 2019","format":false,"excerpt":"3\u00ba Festival Acordes do Amanh\u00e3 O 3\u00ba Festival Acordes do Amanh\u00e3chegou a Sobral, no dia 19 de novembro, com a Banda Maestro Jos\u00e9 Pedro, no Abrigo Sagrado Cora\u00e7\u00e3o de Jesus. Houve tamb\u00e9m programa\u00e7\u00e3o no dia 21, com o Grupo de Flautas da Escola de M\u00fasica, na Escola Maria do Carmo\u2026","rel":"","context":"In &quot;Artigos&quot;","block_context":{"text":"Artigos","link":"https:\/\/correiodasemana.com\/site\/category\/artigos\/"},"img":{"alt_text":"","src":"https:\/\/i0.wp.com\/correiodasemana.com\/site\/wp-content\/uploads\/2019\/11\/DSC_9877-1024x684.jpg?resize=350%2C200&ssl=1","width":350,"height":200,"srcset":"https:\/\/i0.wp.com\/correiodasemana.com\/site\/wp-content\/uploads\/2019\/11\/DSC_9877-1024x684.jpg?resize=350%2C200&ssl=1 1x, https:\/\/i0.wp.com\/correiodasemana.com\/site\/wp-content\/uploads\/2019\/11\/DSC_9877-1024x684.jpg?resize=525%2C300&ssl=1 1.5x, https:\/\/i0.wp.com\/correiodasemana.com\/site\/wp-content\/uploads\/2019\/11\/DSC_9877-1024x684.jpg?resize=700%2C400&ssl=1 2x"},"classes":[]}],"jetpack_sharing_enabled":true,"_links":{"self":[{"href":"https:\/\/correiodasemana.com\/site\/wp-json\/wp\/v2\/posts\/16857","targetHints":{"allow":["GET"]}}],"collection":[{"href":"https:\/\/correiodasemana.com\/site\/wp-json\/wp\/v2\/posts"}],"about":[{"href":"https:\/\/correiodasemana.com\/site\/wp-json\/wp\/v2\/types\/post"}],"author":[{"embeddable":true,"href":"https:\/\/correiodasemana.com\/site\/wp-json\/wp\/v2\/users\/1"}],"replies":[{"embeddable":true,"href":"https:\/\/correiodasemana.com\/site\/wp-json\/wp\/v2\/comments?post=16857"}],"version-history":[{"count":1,"href":"https:\/\/correiodasemana.com\/site\/wp-json\/wp\/v2\/posts\/16857\/revisions"}],"predecessor-version":[{"id":16859,"href":"https:\/\/correiodasemana.com\/site\/wp-json\/wp\/v2\/posts\/16857\/revisions\/16859"}],"wp:featuredmedia":[{"embeddable":true,"href":"https:\/\/correiodasemana.com\/site\/wp-json\/wp\/v2\/media\/10199"}],"wp:attachment":[{"href":"https:\/\/correiodasemana.com\/site\/wp-json\/wp\/v2\/media?parent=16857"}],"wp:term":[{"taxonomy":"category","embeddable":true,"href":"https:\/\/correiodasemana.com\/site\/wp-json\/wp\/v2\/categories?post=16857"},{"taxonomy":"post_tag","embeddable":true,"href":"https:\/\/correiodasemana.com\/site\/wp-json\/wp\/v2\/tags?post=16857"}],"curies":[{"name":"wp","href":"https:\/\/api.w.org\/{rel}","templated":true}]}}