{"id":16860,"date":"2021-06-27T23:49:33","date_gmt":"2021-06-28T02:49:33","guid":{"rendered":"https:\/\/correiodasemana.com\/site\/?p=16860"},"modified":"2021-06-27T23:49:33","modified_gmt":"2021-06-28T02:49:33","slug":"as-memorias-de-dr-nildomar-soares","status":"publish","type":"post","link":"https:\/\/correiodasemana.com\/site\/as-memorias-de-dr-nildomar-soares\/","title":{"rendered":"AS MEM\u00d3RIAS DE DR. NILDOMAR SOARES\u00a0"},"content":{"rendered":"<p>N\u00e3o \u00e9 a primeira e n\u00e3o vai ser a \u00faltima que repetirei\u00a0Thomas Carlyle (1795\/1881), escritor, historiador, ensa\u00edsta e professor escoc\u00eas, que afirmava \u201cA Hist\u00f3ria \u00e9 a ess\u00eancia de in\u00fameras biografias\u201d. \u00c9 o que sinto ao terminar numa manh\u00e3 de domingo, de um f\u00f4lego s\u00f3, a leitura do livro \u201cRetalhos de Mem\u00f3rias\u201d, do imortal Nildomar da Silveira Soares.<br \/>\nAl\u00e9m do Direito, Dr. Nildomar chegou ao \u00e1pice da carreira, empossado desembargador do Tribunal de Justi\u00e7a do Estado do Piau\u00ed, e da Literatura, entre ele e eu h\u00e1 uma familiaridade. Seu pai, Domingos Cordeiro Soares, era primo de um dos santos de minha devo\u00e7\u00e3o, canonizado em meu cora\u00e7\u00e3o, Mons. Antonino Cordeiro Soares. Foi em Guaraciaba do Norte, h\u00e1 alguns anos, que conheci o Dr. Nildomar (que guarda tra\u00e7os do santo Monsenhor), num hotel-fazenda pertinho do s\u00edtio Monte-Alegre.<br \/>\nMas, o livro. Julgo da maior import\u00e2ncia uma biografia. \u00c9 tanto que j\u00e1 escrevi v\u00e1rias. O amigo e poeta L\u00e9o Prud\u00eancio quis uma vez escrever algo assim sobre mim, mas, acho que ainda n\u00e3o \u00e9 o momento. Mas, se um dia for feita, a prefer\u00eancia \u00e9 do L\u00e9o. E o Dr. Nildomar, como confessa em pref\u00e1cio o Presidente da Academia Piauiense de Letras, jornalista Z\u00f3zimo Tavares, foi provocado, eu diria inquirido, a escrever sua biografia, suas mem\u00f3rias.<br \/>\nO autor explica que foi \u201caqui e ali, contando um pouco de meu passado mais remoto, o da primeira inf\u00e2ncia, da adolesc\u00eancia que representou parte de um per\u00edodo vivido ao longo de 83 anos\u201d&#8230; \u201cQuantas voltas eu dei nesta vida, quantos sonhos realizei, quantas tristezas cruzaram o meu caminho, assim sou um homem feliz\u201d.<br \/>\nE o livro se inicia com a rua da inf\u00e2ncia e uma foto da velha casa da inf\u00e2ncia e a placa de denomina\u00e7\u00e3o da rua F\u00e9lix Pach\u00eaco, ainda sem acento. \u00c9 naquela \u201cvelha rua, antes denominada de S\u00e3o Jos\u00e9\u201d que tudo se inicia. Ali nasceu Nildomar, aluno do Col\u00e9gio Pedro II, no Rio de Janeiro, formado pela antiga Faculdade Nacional de Direito da Universidade do Brasil, no Rio de Janeiro (1961), que se iniciou na vida profissional como datil\u00f3grafo, passou pelo Banco do Brasil, presidiu a Ordem dos Advogados do Brasil \u2013 Subse\u00e7\u00e3o do Piau\u00ed, imortalizou-se na Academia Piauiense de Letras e vestiu a toga de desembargador no Tribunal de Justi\u00e7a do Estado do Piau\u00ed, toga que honrou at\u00e9 sua aposentadoria.<br \/>\nNildomar \u00e9 casado com a Sra. Maria Salete Lopes Soares h\u00e1 mais de 50 anos. Ao falar de seu casamento no livro, coloca foto antiga do Iracema Plaza Hotel, de Fortaleza, foi que passou seus primeiros momentos de casado. O edif\u00edcio, apelidado de Bolo de Noiva, na praia de Iracema, em Fortaleza, hoje est\u00e1 em abando. \u00c9 de carta que ele leu para dona Salete nas suas bodas de ouro que encontro uma frase muito interessante: \u201cAs recorda\u00e7\u00f5es s\u00e3o os \u00fanicos espelhos em que os velhos se miram satisfeitos\u201d, mas, n\u00e3o s\u00f3 os mais vividos, os novos tamb\u00e9m t\u00eam suas recorda\u00e7\u00f5es que amadurecidas poder\u00e3o se tornar um memorial, como o faz o autor.<br \/>\nNildomar Soares percorre n\u00e3o somente suas lembran\u00e7as, mas, a pr\u00f3pria hist\u00f3ria da sua amada Academia Piauiense, do Tribunal de Justi\u00e7a e da Capital do Piau\u00ed, Teresina, com seus pr\u00e9dios, suas pra\u00e7as (num dos causos lembra o \u201cHabeas Pinho\u201d de R. Cunha Lima), ruas, alguns de seus governos e tantas outras informa\u00e7\u00f5es que merecem ser lidas!<br \/>\nParab\u00e9ns, Dr. Nildomar!<\/p>\n","protected":false},"excerpt":{"rendered":"<p>N\u00e3o \u00e9 a primeira e n\u00e3o vai ser a \u00faltima que repetirei\u00a0Thomas Carlyle (1795\/1881), escritor,&#8230;<\/p>\n","protected":false},"author":1,"featured_media":8256,"comment_status":"open","ping_status":"open","sticky":false,"template":"","format":"standard","meta":{"_jetpack_memberships_contains_paid_content":false,"footnotes":"","jetpack_publicize_message":"","jetpack_publicize_feature_enabled":true,"jetpack_social_post_already_shared":true,"jetpack_social_options":{"image_generator_settings":{"template":"highway","default_image_id":0,"font":"","enabled":false},"version":2}},"categories":[11,41],"tags":[],"class_list":["post-16860","post","type-post","status-publish","format-standard","has-post-thumbnail","hentry","category-artigos","category-jose-luis-lira"],"jetpack_publicize_connections":[],"jetpack_featured_media_url":"https:\/\/correiodasemana.com\/site\/wp-content\/uploads\/2019\/07\/Jose\u0301-1.jpg","jetpack-related-posts":[{"id":27448,"url":"https:\/\/correiodasemana.com\/site\/dia-da-literatura-guaraciabense-e-criado\/","url_meta":{"origin":16860,"position":0},"title":"DIA DA LITERATURA GUARACIABENSE \u00c9 CRIADO","author":"adminredacao","date":"Dezembro 4, 2023","format":false,"excerpt":"A C\u00e2mara Municipal de Guaraciaba do Norte, em sess\u00e3o ordin\u00e1ria realizada no dia 27 de novembro \u00faltimo, sob a presid\u00eancia da Vereadora Regiane Gomes, aprovou o Projeto de Lei N\u00ba 81\/2023, de autoria da Vereadora Carla Cristiane Ara\u00fajo, que institui o Dia da Literatura Guaraciabense, por unanimidade dos vereadores presentes:\u2026","rel":"","context":"In &quot;Atualidade&quot;","block_context":{"text":"Atualidade","link":"https:\/\/correiodasemana.com\/site\/category\/atualidade\/"},"img":{"alt_text":"","src":"https:\/\/i0.wp.com\/correiodasemana.com\/site\/wp-content\/uploads\/2023\/12\/Vereadores-homenageado-seus-parentes-e-convidados-scaled.jpg?resize=350%2C200&ssl=1","width":350,"height":200,"srcset":"https:\/\/i0.wp.com\/correiodasemana.com\/site\/wp-content\/uploads\/2023\/12\/Vereadores-homenageado-seus-parentes-e-convidados-scaled.jpg?resize=350%2C200&ssl=1 1x, https:\/\/i0.wp.com\/correiodasemana.com\/site\/wp-content\/uploads\/2023\/12\/Vereadores-homenageado-seus-parentes-e-convidados-scaled.jpg?resize=525%2C300&ssl=1 1.5x, https:\/\/i0.wp.com\/correiodasemana.com\/site\/wp-content\/uploads\/2023\/12\/Vereadores-homenageado-seus-parentes-e-convidados-scaled.jpg?resize=700%2C400&ssl=1 2x, https:\/\/i0.wp.com\/correiodasemana.com\/site\/wp-content\/uploads\/2023\/12\/Vereadores-homenageado-seus-parentes-e-convidados-scaled.jpg?resize=1050%2C600&ssl=1 3x, https:\/\/i0.wp.com\/correiodasemana.com\/site\/wp-content\/uploads\/2023\/12\/Vereadores-homenageado-seus-parentes-e-convidados-scaled.jpg?resize=1400%2C800&ssl=1 4x"},"classes":[]},{"id":33838,"url":"https:\/\/correiodasemana.com\/site\/sessao-solene-promovida-pela-academia-sobralense-de-estudos-e-letras-asel-lembrando-o-centenario-do-academico-e-comunicador-jose-maria-soares-in-memoriam\/","url_meta":{"origin":16860,"position":1},"title":"Sess\u00e3o Solene promovida pela Academia Sobralense de Estudos e Letras-asel lembrando o Centen\u00e1rio do Acad\u00eamico e Comunicador Jos\u00e9 Maria Soares (in memoriam)","author":"adminredacao","date":"Maio 19, 2025","format":false,"excerpt":"Ontem, dia 15 de maio de 2025, rememorando o dia 5, data em que o Acad\u00eamico Jos\u00e9 Maria Soares, de saudosa mem\u00f3ria, completaria 100 anos de vida, a Academia Sobralense de Estudos e Letras-ASEL, celebrou a data com uma Sess\u00e3o Solene onde familiares, Acad\u00eamicos e demais amigos do agraciado estiveram\u2026","rel":"","context":"In &quot;Atualidade&quot;","block_context":{"text":"Atualidade","link":"https:\/\/correiodasemana.com\/site\/category\/atualidade\/"},"img":{"alt_text":"","src":"https:\/\/i0.wp.com\/correiodasemana.com\/site\/wp-content\/uploads\/2025\/05\/foto-8-scaled.jpg?resize=350%2C200&ssl=1","width":350,"height":200,"srcset":"https:\/\/i0.wp.com\/correiodasemana.com\/site\/wp-content\/uploads\/2025\/05\/foto-8-scaled.jpg?resize=350%2C200&ssl=1 1x, https:\/\/i0.wp.com\/correiodasemana.com\/site\/wp-content\/uploads\/2025\/05\/foto-8-scaled.jpg?resize=525%2C300&ssl=1 1.5x, https:\/\/i0.wp.com\/correiodasemana.com\/site\/wp-content\/uploads\/2025\/05\/foto-8-scaled.jpg?resize=700%2C400&ssl=1 2x, https:\/\/i0.wp.com\/correiodasemana.com\/site\/wp-content\/uploads\/2025\/05\/foto-8-scaled.jpg?resize=1050%2C600&ssl=1 3x, https:\/\/i0.wp.com\/correiodasemana.com\/site\/wp-content\/uploads\/2025\/05\/foto-8-scaled.jpg?resize=1400%2C800&ssl=1 4x"},"classes":[]},{"id":16876,"url":"https:\/\/correiodasemana.com\/site\/padre-jose-linhares-ponte-lanca-livros-sobre-historia-da-santa-casa-de-misericordia-de-sobral\/","url_meta":{"origin":16860,"position":2},"title":"Padre Jos\u00e9 Linhares Ponte lan\u00e7a livros sobre hist\u00f3ria da Santa Casa de Miseric\u00f3rdia de Sobral","author":"","date":"Julho 5, 2021","format":false,"excerpt":"Padre Z\u00e9 ainda recebeu uma comenda de agradecimento pelos 33 anos de dedica\u00e7\u00e3o ao desenvolvimento do hospital, pelas m\u00e3os do bispo da Diocese de Sobral e provedor do Complexo Santa Casa de Sobral, Dom Jos\u00e9 Luiz Gomes de Vasconcelos. Por Henrique Brito \u201cDedico esta obra a todos os pacientes que\u2026","rel":"","context":"In &quot;Atualidade&quot;","block_context":{"text":"Atualidade","link":"https:\/\/correiodasemana.com\/site\/category\/atualidade\/"},"img":{"alt_text":"","src":"https:\/\/i0.wp.com\/correiodasemana.com\/site\/wp-content\/uploads\/2021\/07\/padre-ze-lanca-livro-sobre-a-historia-da-santa-casa-de-sobral-4.jpg?resize=350%2C200&ssl=1","width":350,"height":200,"srcset":"https:\/\/i0.wp.com\/correiodasemana.com\/site\/wp-content\/uploads\/2021\/07\/padre-ze-lanca-livro-sobre-a-historia-da-santa-casa-de-sobral-4.jpg?resize=350%2C200&ssl=1 1x, https:\/\/i0.wp.com\/correiodasemana.com\/site\/wp-content\/uploads\/2021\/07\/padre-ze-lanca-livro-sobre-a-historia-da-santa-casa-de-sobral-4.jpg?resize=525%2C300&ssl=1 1.5x, https:\/\/i0.wp.com\/correiodasemana.com\/site\/wp-content\/uploads\/2021\/07\/padre-ze-lanca-livro-sobre-a-historia-da-santa-casa-de-sobral-4.jpg?resize=700%2C400&ssl=1 2x"},"classes":[]},{"id":18590,"url":"https:\/\/correiodasemana.com\/site\/paciente-internada-ha-dois-meses-na-santa-casa-de-sobral-recebe-alta-da-uti-e-emociona-profissionais\/","url_meta":{"origin":16860,"position":3},"title":"Paciente internada h\u00e1 dois meses na Santa Casa de Sobral recebe alta da UTI e emociona profissionais","author":"","date":"Janeiro 16, 2022","format":false,"excerpt":"Nubia Ferreira Soares foi v\u00edtima de acidente de carro e permaneceu sob cuidados m\u00e9dicos na unidade hospitalar. Internada na Santa Casa de Miseric\u00f3rdia de Sobral desde o dia 8 de novembro de 2021, ap\u00f3s ser v\u00edtima de acidente de carro que tamb\u00e9m vitimou seus familiares, Nubia Ferreira Soares, 21 anos,\u2026","rel":"","context":"In &quot;Atualidade&quot;","block_context":{"text":"Atualidade","link":"https:\/\/correiodasemana.com\/site\/category\/atualidade\/"},"img":{"alt_text":"","src":"https:\/\/i0.wp.com\/correiodasemana.com\/site\/wp-content\/uploads\/2022\/01\/Paciente-Nubia.jpeg?resize=350%2C200&ssl=1","width":350,"height":200,"srcset":"https:\/\/i0.wp.com\/correiodasemana.com\/site\/wp-content\/uploads\/2022\/01\/Paciente-Nubia.jpeg?resize=350%2C200&ssl=1 1x, https:\/\/i0.wp.com\/correiodasemana.com\/site\/wp-content\/uploads\/2022\/01\/Paciente-Nubia.jpeg?resize=525%2C300&ssl=1 1.5x, https:\/\/i0.wp.com\/correiodasemana.com\/site\/wp-content\/uploads\/2022\/01\/Paciente-Nubia.jpeg?resize=700%2C400&ssl=1 2x, https:\/\/i0.wp.com\/correiodasemana.com\/site\/wp-content\/uploads\/2022\/01\/Paciente-Nubia.jpeg?resize=1050%2C600&ssl=1 3x"},"classes":[]},{"id":16668,"url":"https:\/\/correiodasemana.com\/site\/em-assembleia-ordinaria-virtual-novo-conselho-fiscal-do-complexo-santa-casa-de-misericordia-de-sobral-e-eleito\/","url_meta":{"origin":16860,"position":4},"title":"Em Assembleia Ordin\u00e1ria virtual, novo conselho fiscal do Complexo Santa Casa de Miseric\u00f3rdia de Sobral \u00e9 eleito","author":"","date":"Junho 7, 2021","format":false,"excerpt":"Encontro virtual contou com a participa\u00e7\u00e3o do bispo da diocese de Sobral e provedor do Complexo SCMS, Dom Jos\u00e9 Luiz Gomes de Vasconcelos, al\u00e9m de toda dire\u00e7\u00e3o-geral da institui\u00e7\u00e3o, associados e convidados. Ascom Complexo SCMS Com o objetivo de continuar o desenvolvimento dos processos administrativos do Complexo Santa Casa de\u2026","rel":"","context":"In &quot;Atualidade&quot;","block_context":{"text":"Atualidade","link":"https:\/\/correiodasemana.com\/site\/category\/atualidade\/"},"img":{"alt_text":"","src":"https:\/\/i0.wp.com\/correiodasemana.com\/site\/wp-content\/uploads\/2021\/06\/Assembleia-Virtual.png?resize=350%2C200&ssl=1","width":350,"height":200,"srcset":"https:\/\/i0.wp.com\/correiodasemana.com\/site\/wp-content\/uploads\/2021\/06\/Assembleia-Virtual.png?resize=350%2C200&ssl=1 1x, https:\/\/i0.wp.com\/correiodasemana.com\/site\/wp-content\/uploads\/2021\/06\/Assembleia-Virtual.png?resize=525%2C300&ssl=1 1.5x, https:\/\/i0.wp.com\/correiodasemana.com\/site\/wp-content\/uploads\/2021\/06\/Assembleia-Virtual.png?resize=700%2C400&ssl=1 2x, https:\/\/i0.wp.com\/correiodasemana.com\/site\/wp-content\/uploads\/2021\/06\/Assembleia-Virtual.png?resize=1050%2C600&ssl=1 3x, https:\/\/i0.wp.com\/correiodasemana.com\/site\/wp-content\/uploads\/2021\/06\/Assembleia-Virtual.png?resize=1400%2C800&ssl=1 4x"},"classes":[]},{"id":37605,"url":"https:\/\/correiodasemana.com\/site\/o-legado-etico-e-intelectual-do-dr-jose-cordeiro-damasceno\/","url_meta":{"origin":16860,"position":5},"title":"O Legado \u00c9tico e Intelectual do Dr. Jos\u00e9 Cordeiro Damasceno","author":"adminredacao","date":"Mar\u00e7o 3, 2026","format":false,"excerpt":"Por Rafael Ponte \u2013 Presidente da OAB Subse\u00e7\u00e3o de Sobral A hist\u00f3ria de uma cidade \u00e9 escrita pela estatura moral e intelectual de seus filhos ilustres. Sobral despediu-se recentemente de uma de suas mentes mais brilhantes: o Dr. Jos\u00e9 Cordeiro Damasceno (1934\u20132026). Advogado, professor e acad\u00eamico, sua trajet\u00f3ria de 91\u2026","rel":"","context":"In &quot;Atualidade&quot;","block_context":{"text":"Atualidade","link":"https:\/\/correiodasemana.com\/site\/category\/atualidade\/"},"img":{"alt_text":"","src":"https:\/\/i0.wp.com\/correiodasemana.com\/site\/wp-content\/uploads\/2026\/03\/WhatsApp-Image-2026-02-22-at-10.01.20-1.jpeg?resize=350%2C200&ssl=1","width":350,"height":200,"srcset":"https:\/\/i0.wp.com\/correiodasemana.com\/site\/wp-content\/uploads\/2026\/03\/WhatsApp-Image-2026-02-22-at-10.01.20-1.jpeg?resize=350%2C200&ssl=1 1x, https:\/\/i0.wp.com\/correiodasemana.com\/site\/wp-content\/uploads\/2026\/03\/WhatsApp-Image-2026-02-22-at-10.01.20-1.jpeg?resize=525%2C300&ssl=1 1.5x"},"classes":[]}],"jetpack_sharing_enabled":true,"_links":{"self":[{"href":"https:\/\/correiodasemana.com\/site\/wp-json\/wp\/v2\/posts\/16860","targetHints":{"allow":["GET"]}}],"collection":[{"href":"https:\/\/correiodasemana.com\/site\/wp-json\/wp\/v2\/posts"}],"about":[{"href":"https:\/\/correiodasemana.com\/site\/wp-json\/wp\/v2\/types\/post"}],"author":[{"embeddable":true,"href":"https:\/\/correiodasemana.com\/site\/wp-json\/wp\/v2\/users\/1"}],"replies":[{"embeddable":true,"href":"https:\/\/correiodasemana.com\/site\/wp-json\/wp\/v2\/comments?post=16860"}],"version-history":[{"count":1,"href":"https:\/\/correiodasemana.com\/site\/wp-json\/wp\/v2\/posts\/16860\/revisions"}],"predecessor-version":[{"id":16861,"href":"https:\/\/correiodasemana.com\/site\/wp-json\/wp\/v2\/posts\/16860\/revisions\/16861"}],"wp:featuredmedia":[{"embeddable":true,"href":"https:\/\/correiodasemana.com\/site\/wp-json\/wp\/v2\/media\/8256"}],"wp:attachment":[{"href":"https:\/\/correiodasemana.com\/site\/wp-json\/wp\/v2\/media?parent=16860"}],"wp:term":[{"taxonomy":"category","embeddable":true,"href":"https:\/\/correiodasemana.com\/site\/wp-json\/wp\/v2\/categories?post=16860"},{"taxonomy":"post_tag","embeddable":true,"href":"https:\/\/correiodasemana.com\/site\/wp-json\/wp\/v2\/tags?post=16860"}],"curies":[{"name":"wp","href":"https:\/\/api.w.org\/{rel}","templated":true}]}}