{"id":16865,"date":"2021-06-27T23:53:02","date_gmt":"2021-06-28T02:53:02","guid":{"rendered":"https:\/\/correiodasemana.com\/site\/?p=16865"},"modified":"2021-06-27T23:53:02","modified_gmt":"2021-06-28T02:53:02","slug":"as-festividades-juninas","status":"publish","type":"post","link":"https:\/\/correiodasemana.com\/site\/as-festividades-juninas\/","title":{"rendered":"As festividades juninas"},"content":{"rendered":"<p>Estamos vivenciando o m\u00eas das festas juninas, um tempo no qual as tradi\u00e7\u00f5es religiosas e populares se misturam. \u00c9 uma oportunidade de valorizarmos a nossa cultura com toda a sua riqueza.<br \/>\nTais festas possuem origem antiga, quando os povos pag\u00e3os festejavam o solst\u00edcio de ver\u00e3o, ou seja, o dia mais longo do ano que ocorre neste m\u00eas. Com o in\u00edcio do cristianismo, a festa ganhou um car\u00e1ter religioso e passou a integrar a cultura popular.<br \/>\nCom a coloniza\u00e7\u00e3o portuguesa, as festividades joaninas chegaram ao Brasil e rapidamente se difundiram por todas as regi\u00f5es do pa\u00eds. E a festa que era dedicada, inicialmente, somente ao nascimento de S\u00e3o Jo\u00e3o Batista, passou a integrar tamb\u00e9m os festejos de Santo Ant\u00f4nio e S\u00e3o Pedro.<br \/>\nSanto Ant\u00f4nio, celebrado a 13 de junho, \u00e9 o santo junino com maior apelo popular. \u00c9 chamado de Santo dos Pobres e tamb\u00e9m procurado como santo casamenteiro porque, em vida, ajudou mo\u00e7as pobres a conseguirem os dotes para o casamento. Al\u00e9m disso, Santo Ant\u00f4nio sempre promoveu a uni\u00e3o dentro das fam\u00edlias.<br \/>\nNo dia 24, celebramos o nascimento de S\u00e3o Jo\u00e3o Batista, o precursor de Jesus. Ele foi o \u00fanico profeta a anunciar a chegada do Messias e a mostr\u00e1-lo no meio do povo. Ele batizou no Rio Jord\u00e3o o pr\u00f3prio autor do batismo e foi ele quem apontou Jesus, proclamando-o \u201cCordeiro de Deus que tira o pecado do mundo\u201d (Jo 1, 29). S\u00e3o Jo\u00e3o \u00e9 o \u00fanico santo celebrado no dia do seu nascimento e no dia de sua morte.<br \/>\nOutro santo venerado neste m\u00eas \u00e9 S\u00e3o Pedro, sobre o testemunho de quem a Igreja foi edificada. Jesus o convidou para deixar o barco na praia e ir caminhar com Ele, pois o faria pescador de homens. Pedro prontamente deixou tudo e passou a caminhar com Jesus.<br \/>\nA partir disso, percebemos o car\u00e1ter fortemente religioso das festas juninas, quando exaltamos tr\u00eas grandes santos da Igreja, que s\u00e3o modelos de testemunho de f\u00e9. Por isso, o tempo das festas juninas tamb\u00e9m nos conduz a um horizonte de f\u00e9, al\u00e9m das conhecidas festividades, dan\u00e7as e comidas t\u00edpicas.<br \/>\nAs fogueiras realizadas neste m\u00eas, tamb\u00e9m possuem origem religiosa. Conta-se que Isabel, m\u00e3e de Jo\u00e3o Batista, mandou acender uma fogueira no topo de um monte para avisar sua prima Maria que seu Filho havia nascido. Atualmente, as pessoas se re\u00fanem em torno das fogueiras em clima festivo de confraterniza\u00e7\u00e3o pelas boas colheitas do inverno e de partilha das comidas t\u00edpicas deste m\u00eas.<br \/>\nToda essa festividade revela a for\u00e7a dos nossos costumes, perpassados pela religi\u00e3o, que v\u00e3o sendo transmitido pelas gera\u00e7\u00f5es. Viva a nossa cultura junina! Viva Santo Ant\u00f4nio! Viva S\u00e3o Jo\u00e3o! E Viva S\u00e3o Pedro!<\/p>\n","protected":false},"excerpt":{"rendered":"<p>Estamos vivenciando o m\u00eas das festas juninas, um tempo no qual as tradi\u00e7\u00f5es religiosas e&#8230;<\/p>\n","protected":false},"author":1,"featured_media":75,"comment_status":"open","ping_status":"open","sticky":false,"template":"","format":"standard","meta":{"_jetpack_memberships_contains_paid_content":false,"footnotes":"","jetpack_publicize_message":"","jetpack_publicize_feature_enabled":true,"jetpack_social_post_already_shared":true,"jetpack_social_options":{"image_generator_settings":{"template":"highway","default_image_id":0,"font":"","enabled":false},"version":2}},"categories":[11,20],"tags":[],"class_list":["post-16865","post","type-post","status-publish","format-standard","has-post-thumbnail","hentry","category-artigos","category-editorial"],"jetpack_publicize_connections":[],"jetpack_featured_media_url":"https:\/\/correiodasemana.com\/site\/wp-content\/uploads\/2019\/07\/editorial-cs.jpg","jetpack-related-posts":[{"id":16339,"url":"https:\/\/correiodasemana.com\/site\/sao-joao-batista-o-santo-de-devocao-do-catolicismo-popular\/","url_meta":{"origin":16865,"position":0},"title":"S\u00e3o Jo\u00e3o Batista, o santo de devo\u00e7\u00e3o do catolicismo popular!","author":"","date":"Maio 3, 2021","format":false,"excerpt":"Francisco Silas Lopes Sim\u00e3o\/ Historiador J\u00e1 se aproxima o m\u00eas de junho, m\u00eas dedicado a festa em honra ao nascimento de S\u00e3o Jo\u00e3o Batista, que celebramos as festas a Santo Ant\u00f4nio, S\u00e3o Pedro e S\u00e3o Paulo. Junho \u00e9 marcado pelas festas juninas, festas de car\u00e1ter popular que marcam a identidade\u2026","rel":"","context":"In &quot;Atualidade&quot;","block_context":{"text":"Atualidade","link":"https:\/\/correiodasemana.com\/site\/category\/atualidade\/"},"img":{"alt_text":"","src":"https:\/\/i0.wp.com\/correiodasemana.com\/site\/wp-content\/uploads\/2021\/05\/sao-joao-batista-FotoCNBB.jpg?resize=350%2C200&ssl=1","width":350,"height":200,"srcset":"https:\/\/i0.wp.com\/correiodasemana.com\/site\/wp-content\/uploads\/2021\/05\/sao-joao-batista-FotoCNBB.jpg?resize=350%2C200&ssl=1 1x, https:\/\/i0.wp.com\/correiodasemana.com\/site\/wp-content\/uploads\/2021\/05\/sao-joao-batista-FotoCNBB.jpg?resize=525%2C300&ssl=1 1.5x, https:\/\/i0.wp.com\/correiodasemana.com\/site\/wp-content\/uploads\/2021\/05\/sao-joao-batista-FotoCNBB.jpg?resize=700%2C400&ssl=1 2x, https:\/\/i0.wp.com\/correiodasemana.com\/site\/wp-content\/uploads\/2021\/05\/sao-joao-batista-FotoCNBB.jpg?resize=1050%2C600&ssl=1 3x"},"classes":[]},{"id":29833,"url":"https:\/\/correiodasemana.com\/site\/educacao-e-cidadania-53\/","url_meta":{"origin":16865,"position":1},"title":"EDUCA\u00c7\u00c3O E CIDADANIA \u2022","author":"adminredacao","date":"Julho 1, 2024","format":false,"excerpt":"Origens das Festas Juninas \u201cOs historiadores apontam que as origens das Festas Juninas est\u00e3o diretamente relacionadas a festividades pag\u00e3s realizadas na Europa no solst\u00edcio de ver\u00e3o, momento em que ocorre a passagem da primavera para o ver\u00e3o. Essas festas eram realizadas como forma de afastar os maus esp\u00edritos e qualquer\u2026","rel":"","context":"In &quot;Artigos&quot;","block_context":{"text":"Artigos","link":"https:\/\/correiodasemana.com\/site\/category\/artigos\/"},"img":{"alt_text":"","src":"https:\/\/i0.wp.com\/correiodasemana.com\/site\/wp-content\/uploads\/2021\/08\/Salmito-Campos.jpg?resize=350%2C200&ssl=1","width":350,"height":200,"srcset":"https:\/\/i0.wp.com\/correiodasemana.com\/site\/wp-content\/uploads\/2021\/08\/Salmito-Campos.jpg?resize=350%2C200&ssl=1 1x, https:\/\/i0.wp.com\/correiodasemana.com\/site\/wp-content\/uploads\/2021\/08\/Salmito-Campos.jpg?resize=525%2C300&ssl=1 1.5x, https:\/\/i0.wp.com\/correiodasemana.com\/site\/wp-content\/uploads\/2021\/08\/Salmito-Campos.jpg?resize=700%2C400&ssl=1 2x, https:\/\/i0.wp.com\/correiodasemana.com\/site\/wp-content\/uploads\/2021\/08\/Salmito-Campos.jpg?resize=1050%2C600&ssl=1 3x, https:\/\/i0.wp.com\/correiodasemana.com\/site\/wp-content\/uploads\/2021\/08\/Salmito-Campos.jpg?resize=1400%2C800&ssl=1 4x"},"classes":[]},{"id":16815,"url":"https:\/\/correiodasemana.com\/site\/pula-a-fogueira\/","url_meta":{"origin":16865,"position":2},"title":"PULA A FOGUEIRA&#8230;","author":"","date":"Junho 21, 2021","format":false,"excerpt":"Pr\u00f3xima semana teremos a fogueira de S\u00e3o Jo\u00e3o. Domingo passado foi Santo Ant\u00f4nio, amado em todo o Brasil. At\u00e9 concedi entrevista \u00e0 BBC sobre o Santo. Os tempos s\u00e3o estranhos. Em torno das fogueiras (fazemos as tr\u00eas), costumamos reunir al\u00e9m da fam\u00edlia, amigos e os amigos destes, l\u00e1 no Monte\u2026","rel":"","context":"In &quot;Artigos&quot;","block_context":{"text":"Artigos","link":"https:\/\/correiodasemana.com\/site\/category\/artigos\/"},"img":{"alt_text":"","src":"https:\/\/i0.wp.com\/correiodasemana.com\/site\/wp-content\/uploads\/2018\/02\/Jose%CC%81-1.jpg?resize=350%2C200&ssl=1","width":350,"height":200,"srcset":"https:\/\/i0.wp.com\/correiodasemana.com\/site\/wp-content\/uploads\/2018\/02\/Jose%CC%81-1.jpg?resize=350%2C200&ssl=1 1x, https:\/\/i0.wp.com\/correiodasemana.com\/site\/wp-content\/uploads\/2018\/02\/Jose%CC%81-1.jpg?resize=525%2C300&ssl=1 1.5x, https:\/\/i0.wp.com\/correiodasemana.com\/site\/wp-content\/uploads\/2018\/02\/Jose%CC%81-1.jpg?resize=700%2C400&ssl=1 2x"},"classes":[]},{"id":11459,"url":"https:\/\/correiodasemana.com\/site\/uma-quebra-na-tradicao\/","url_meta":{"origin":16865,"position":3},"title":"UMA QUEBRA  NA TRADI\u00c7\u00c3O!","author":"","date":"Maio 30, 2020","format":false,"excerpt":"FRANCISCO SILAS LOPES SIM\u00c3O Graduado em Hist\u00f3ria licenciatura pela Universidade Estadual Vale do Acara\u00fa- UVA Agente de Pastoral na Par\u00f3quia S\u00e3o Jo\u00e3o Batista, Pacuj\u00e1\/CE Desde os prim\u00f3rdios da humanidade, as festas sempre se fizeram presentes no cotidiano do ser humano, nas mais diversas sociedades. Na Igreja, as festas dos santos\u2026","rel":"","context":"In &quot;Artigos&quot;","block_context":{"text":"Artigos","link":"https:\/\/correiodasemana.com\/site\/category\/artigos\/"},"img":{"alt_text":"","src":"https:\/\/i0.wp.com\/correiodasemana.com\/site\/wp-content\/uploads\/2020\/05\/96561863_1010567309362898_3119994806525231104_n.jpg?resize=350%2C200&ssl=1","width":350,"height":200,"srcset":"https:\/\/i0.wp.com\/correiodasemana.com\/site\/wp-content\/uploads\/2020\/05\/96561863_1010567309362898_3119994806525231104_n.jpg?resize=350%2C200&ssl=1 1x, https:\/\/i0.wp.com\/correiodasemana.com\/site\/wp-content\/uploads\/2020\/05\/96561863_1010567309362898_3119994806525231104_n.jpg?resize=525%2C300&ssl=1 1.5x, https:\/\/i0.wp.com\/correiodasemana.com\/site\/wp-content\/uploads\/2020\/05\/96561863_1010567309362898_3119994806525231104_n.jpg?resize=700%2C400&ssl=1 2x"},"classes":[]},{"id":20145,"url":"https:\/\/correiodasemana.com\/site\/paroquia-de-santo-antonio-em-aracatiacu-realiza-festa-de-seu-padroeiro\/","url_meta":{"origin":16865,"position":4},"title":"Par\u00f3quia de Santo Ant\u00f4nio em Aracatia\u00e7u realiza festa de seu padroeiro","author":"","date":"Junho 19, 2022","format":false,"excerpt":"DE ARACATIA\u00c7U: CORRESPONDENTE: KALU CAVALCANTE Sob um clima de muito fervor religioso, a Par\u00f3quia de Aracatia\u00e7u realizou do dia 03 a 14 de junho a festa de seu padroeiro Santo Ant\u00f4nio Devido o triste per\u00edodo que o mundo vivenciou com a pandemia do Covid 19, em que todos os pa\u00edses\u2026","rel":"","context":"In &quot;Atualidade&quot;","block_context":{"text":"Atualidade","link":"https:\/\/correiodasemana.com\/site\/category\/atualidade\/"},"img":{"alt_text":"","src":"https:\/\/i0.wp.com\/correiodasemana.com\/site\/wp-content\/uploads\/2022\/06\/parquia-santo-antonio.jpg?resize=350%2C200&ssl=1","width":350,"height":200,"srcset":"https:\/\/i0.wp.com\/correiodasemana.com\/site\/wp-content\/uploads\/2022\/06\/parquia-santo-antonio.jpg?resize=350%2C200&ssl=1 1x, https:\/\/i0.wp.com\/correiodasemana.com\/site\/wp-content\/uploads\/2022\/06\/parquia-santo-antonio.jpg?resize=525%2C300&ssl=1 1.5x, https:\/\/i0.wp.com\/correiodasemana.com\/site\/wp-content\/uploads\/2022\/06\/parquia-santo-antonio.jpg?resize=700%2C400&ssl=1 2x"},"classes":[]},{"id":25171,"url":"https:\/\/correiodasemana.com\/site\/poucas-e-boas-9\/","url_meta":{"origin":16865,"position":5},"title":"POUCAS E BOAS","author":"adminredacao","date":"Junho 12, 2023","format":false,"excerpt":"Respeitem nosso S\u00e3o Jo\u00e3o! Foi extremamente triste e revoltante o que ocorreu na sexta-feira (2), por ocasi\u00e3o de show comemorativo dos 40 anos do \u201cMaior S\u00e3o Jo\u00e3o do Mundo\u201d, em Campina Grande (PB). \u00c9 mais um epis\u00f3dio lament\u00e1vel em que ficam claro e evidente a falta de respeito \u00e0 m\u00fasica\u2026","rel":"","context":"In &quot;Artigos&quot;","block_context":{"text":"Artigos","link":"https:\/\/correiodasemana.com\/site\/category\/artigos\/"},"img":{"alt_text":"","src":"https:\/\/i0.wp.com\/correiodasemana.com\/site\/wp-content\/uploads\/2023\/05\/artemisio-da-costa-2.jpg?resize=350%2C200&ssl=1","width":350,"height":200},"classes":[]}],"jetpack_sharing_enabled":true,"_links":{"self":[{"href":"https:\/\/correiodasemana.com\/site\/wp-json\/wp\/v2\/posts\/16865","targetHints":{"allow":["GET"]}}],"collection":[{"href":"https:\/\/correiodasemana.com\/site\/wp-json\/wp\/v2\/posts"}],"about":[{"href":"https:\/\/correiodasemana.com\/site\/wp-json\/wp\/v2\/types\/post"}],"author":[{"embeddable":true,"href":"https:\/\/correiodasemana.com\/site\/wp-json\/wp\/v2\/users\/1"}],"replies":[{"embeddable":true,"href":"https:\/\/correiodasemana.com\/site\/wp-json\/wp\/v2\/comments?post=16865"}],"version-history":[{"count":1,"href":"https:\/\/correiodasemana.com\/site\/wp-json\/wp\/v2\/posts\/16865\/revisions"}],"predecessor-version":[{"id":16866,"href":"https:\/\/correiodasemana.com\/site\/wp-json\/wp\/v2\/posts\/16865\/revisions\/16866"}],"wp:featuredmedia":[{"embeddable":true,"href":"https:\/\/correiodasemana.com\/site\/wp-json\/wp\/v2\/media\/75"}],"wp:attachment":[{"href":"https:\/\/correiodasemana.com\/site\/wp-json\/wp\/v2\/media?parent=16865"}],"wp:term":[{"taxonomy":"category","embeddable":true,"href":"https:\/\/correiodasemana.com\/site\/wp-json\/wp\/v2\/categories?post=16865"},{"taxonomy":"post_tag","embeddable":true,"href":"https:\/\/correiodasemana.com\/site\/wp-json\/wp\/v2\/tags?post=16865"}],"curies":[{"name":"wp","href":"https:\/\/api.w.org\/{rel}","templated":true}]}}