{"id":16872,"date":"2021-07-05T01:13:25","date_gmt":"2021-07-05T04:13:25","guid":{"rendered":"https:\/\/correiodasemana.com\/site\/?p=16872"},"modified":"2021-07-05T01:13:25","modified_gmt":"2021-07-05T04:13:25","slug":"pessoas-em-situacao-de-rua-de-sobral-sao-os-primeiros-a-receber-o-imunizante","status":"publish","type":"post","link":"https:\/\/correiodasemana.com\/site\/pessoas-em-situacao-de-rua-de-sobral-sao-os-primeiros-a-receber-o-imunizante\/","title":{"rendered":"Pessoas em situa\u00e7\u00e3o de Rua de Sobral s\u00e3o os primeiros a receber o imunizante"},"content":{"rendered":"<p>Por Samuel Carvalho &#8211; Reda\u00e7\u00e3o Correio da Semana<br \/>\nO Centro de Refer\u00eancia Especializado para a Popula\u00e7\u00e3o em Situa\u00e7\u00e3o de Rua (Centro Pop) realizou na \u00faltima segunda-feira (28) a aplica\u00e7\u00e3o de imunizantes contra a Covid-19 para usu\u00e1rios do servi\u00e7o. Na ocasi\u00e3o, foi aplicada a dose do imunizante Janssen, de dose \u00fanica, para facilitar a ades\u00e3o da popula\u00e7\u00e3o em situa\u00e7\u00e3o de rua. A vacina\u00e7\u00e3o foi coordenada pelas secretarias da Sa\u00fade (SMS) e dos Direitos Humanos, Habita\u00e7\u00e3o e Assist\u00eancia Social (Sedhas).<br \/>\n\u201c\u00c9 um trabalho importante para garantir que pessoas em situa\u00e7\u00e3o de rua tamb\u00e9m sejam vacinadas\u201d, disse a coordenadora da unidade do Centro Pop, Reisglaucia Lobo. A equipe de Abordagem Social esteve nas ruas para mobilizar os usu\u00e1rios para a vacina\u00e7\u00e3o. Ainda no momento, foi oferecido um caf\u00e9 da manh\u00e3 junino aos usu\u00e1rios do servi\u00e7o e a entrega de kits de preven\u00e7\u00e3o contra Covid-19 e Infec\u00e7\u00f5es Sexualmente Transmiss\u00edveis (IST\u2019s), pela Coordenadoria dos Direitos Humanos, em alus\u00e3o ao Dia do Orgulho LGBT.<br \/>\nEm v\u00e1rias cidades do pa\u00eds, o imunizante Janssen est\u00e1 sendo aplicado na popula\u00e7\u00e3o em situa\u00e7\u00e3o de rua. Devido \u00e0 dificuldade do acesso de pessoas em situa\u00e7\u00e3o de rua a sistemas de fil\u00f4metro como o vacinasol e outros dispon\u00edveis ao redor do pa\u00eds, bem como a situa\u00e7\u00e3o de vulnerabilidade social, o uso de apenas uma dose facilita o acesso \u00e0 vacina\u00e7\u00e3o entre essa popula\u00e7\u00e3o.<br \/>\nA vantagem de apenas uma dose oferecida pela vacina passou ocupar uma nova posi\u00e7\u00e3o na estrat\u00e9gia de vacina\u00e7\u00e3o dos munic\u00edpios em todo o pa\u00eds ao imunizar grupos que correm o risco de n\u00e3o retornar para a segunda aplica\u00e7\u00e3o ou que precisam de mais rapidez no processo, estados como Cear\u00e1, Minas, Paran\u00e1 e Rio Grande do Norte, e cidades como S\u00e3o Paulo e Aragua\u00edna (Tocantins). Al\u00e9m da popula\u00e7\u00e3o de rua, caminhoneiros tamb\u00e9m est\u00e3o recebendo o imunizante em dose \u00fanica.<\/p>\n","protected":false},"excerpt":{"rendered":"<p>Por Samuel Carvalho &#8211; Reda\u00e7\u00e3o Correio da Semana O Centro de Refer\u00eancia Especializado para a&#8230;<\/p>\n","protected":false},"author":1,"featured_media":16873,"comment_status":"open","ping_status":"open","sticky":false,"template":"","format":"standard","meta":{"_jetpack_memberships_contains_paid_content":false,"footnotes":"","jetpack_publicize_message":"","jetpack_publicize_feature_enabled":true,"jetpack_social_post_already_shared":true,"jetpack_social_options":{"image_generator_settings":{"template":"highway","default_image_id":0,"font":"","enabled":false},"version":2}},"categories":[1],"tags":[],"class_list":["post-16872","post","type-post","status-publish","format-standard","has-post-thumbnail","hentry","category-atualidade"],"jetpack_publicize_connections":[],"jetpack_featured_media_url":"https:\/\/correiodasemana.com\/site\/wp-content\/uploads\/2021\/07\/vacinacao.jpeg","jetpack-related-posts":[{"id":18300,"url":"https:\/\/correiodasemana.com\/site\/ceara-detem-o-maior-numero-de-imunizados-no-nordeste-com-65-da-populacao-vacinada-contra-a-covid-19\/","url_meta":{"origin":16872,"position":0},"title":"Cear\u00e1 det\u00e9m o maior n\u00famero de imunizados no Nordeste, com 65% da popula\u00e7\u00e3o vacinada contra a covid-19","author":"","date":"Dezembro 12, 2021","format":false,"excerpt":"Por Samuel Carvalho Reda\u00e7\u00e3o Correio da Semana De acordo com levantamento de dados realizado pelo cons\u00f3rcio de ve\u00edculos de imprensa, a partir de dados divulgados pelas secretarias estaduais de Sa\u00fade o Cear\u00e1 tem 65,07% da popula\u00e7\u00e3o imunizada contra a Covid-19. Conta como imunizados pessoas que receberam as duas doses da\u2026","rel":"","context":"In &quot;Atualidade&quot;","block_context":{"text":"Atualidade","link":"https:\/\/correiodasemana.com\/site\/category\/atualidade\/"},"img":{"alt_text":"","src":"https:\/\/i0.wp.com\/correiodasemana.com\/site\/wp-content\/uploads\/2021\/12\/seis-meses-vacinacao-1.png?resize=350%2C200&ssl=1","width":350,"height":200,"srcset":"https:\/\/i0.wp.com\/correiodasemana.com\/site\/wp-content\/uploads\/2021\/12\/seis-meses-vacinacao-1.png?resize=350%2C200&ssl=1 1x, https:\/\/i0.wp.com\/correiodasemana.com\/site\/wp-content\/uploads\/2021\/12\/seis-meses-vacinacao-1.png?resize=525%2C300&ssl=1 1.5x, https:\/\/i0.wp.com\/correiodasemana.com\/site\/wp-content\/uploads\/2021\/12\/seis-meses-vacinacao-1.png?resize=700%2C400&ssl=1 2x"},"classes":[]},{"id":16021,"url":"https:\/\/correiodasemana.com\/site\/ceara-aprova-compra-de-587-milhoes-de-doses-da-vacina-sputnik-v\/","url_meta":{"origin":16872,"position":1},"title":"Cear\u00e1 aprova compra de 5,87 milh\u00f5es de doses da vacina Sputnik V","author":"","date":"Mar\u00e7o 22, 2021","format":false,"excerpt":"Por Samuel Carvalho - Reda\u00e7\u00e3o Correio da Semana Camilo Santana (PT) anunciou em publica\u00e7\u00e3o em suas redes sociais ter\u00e7a-feira (16) que assinou a lei aprovada pela Assembleia Legislativa do Cear\u00e1 que permite a compra de 5,8 milh\u00f5es de doses da vacina russa Sputnik V. No \u00faltimo domingo (14) o governador\u2026","rel":"","context":"In &quot;Atualidade&quot;","block_context":{"text":"Atualidade","link":"https:\/\/correiodasemana.com\/site\/category\/atualidade\/"},"img":{"alt_text":"","src":"https:\/\/i0.wp.com\/correiodasemana.com\/site\/wp-content\/uploads\/2021\/03\/dp.jpg?resize=350%2C200&ssl=1","width":350,"height":200,"srcset":"https:\/\/i0.wp.com\/correiodasemana.com\/site\/wp-content\/uploads\/2021\/03\/dp.jpg?resize=350%2C200&ssl=1 1x, https:\/\/i0.wp.com\/correiodasemana.com\/site\/wp-content\/uploads\/2021\/03\/dp.jpg?resize=525%2C300&ssl=1 1.5x"},"classes":[]},{"id":18643,"url":"https:\/\/correiodasemana.com\/site\/sobral-iniciou-vacinacao-com-criancas-na-ultima-terca-feira-18-imunizacao-comecou-com-criancas-de-11-anos\/","url_meta":{"origin":16872,"position":2},"title":"Sobral iniciou vacina\u00e7\u00e3o com crian\u00e7as na \u00faltima ter\u00e7a-feira (18); Imuniza\u00e7\u00e3o come\u00e7ou com crian\u00e7as de 11 anos","author":"","date":"Janeiro 24, 2022","format":false,"excerpt":"Por Samuel Carvalho - Reda\u00e7\u00e3o Correio da Semana A vacina\u00e7\u00e3o do p\u00fablico infantil no munic\u00edpio de Sobral iniciou na \u00faltima ter\u00e7a-feira (18), no Centro de Educa\u00e7\u00e3o a Dist\u00e2ncia (CED) e em algumas escolas municipais. Durante a primeira etapa crian\u00e7as de 11 anos cadastradas at\u00e9 o dia 11 de janeiro ser\u00e3o\u2026","rel":"","context":"In &quot;Atualidade&quot;","block_context":{"text":"Atualidade","link":"https:\/\/correiodasemana.com\/site\/category\/atualidade\/"},"img":{"alt_text":"","src":"https:\/\/i0.wp.com\/correiodasemana.com\/site\/wp-content\/uploads\/2021\/06\/1611055102756.jpg?resize=350%2C200&ssl=1","width":350,"height":200,"srcset":"https:\/\/i0.wp.com\/correiodasemana.com\/site\/wp-content\/uploads\/2021\/06\/1611055102756.jpg?resize=350%2C200&ssl=1 1x, https:\/\/i0.wp.com\/correiodasemana.com\/site\/wp-content\/uploads\/2021\/06\/1611055102756.jpg?resize=525%2C300&ssl=1 1.5x, https:\/\/i0.wp.com\/correiodasemana.com\/site\/wp-content\/uploads\/2021\/06\/1611055102756.jpg?resize=700%2C400&ssl=1 2x"},"classes":[]},{"id":17309,"url":"https:\/\/correiodasemana.com\/site\/mais-de-60-da-populacao-de-sobral-ja-esta-vacinada-com-pelo-menos-uma-dose-do-imunizante-contra-a-covid-19\/","url_meta":{"origin":16872,"position":3},"title":"Mais de 60% da popula\u00e7\u00e3o de Sobral j\u00e1 est\u00e1 vacinada com pelo menos uma dose do imunizante contra a covid-19","author":"","date":"Agosto 23, 2021","format":false,"excerpt":"Por Samuel Carvalho Reda\u00e7\u00e3o Correio da Semana Sobral atingiu a marca de 63.2% da popula\u00e7\u00e3o vacinada com pelo menos uma dose do imunizante contra a covid-19, avan\u00e7ando quase 10 anos na faixa et\u00e1ria e iniciando a vacina\u00e7\u00e3o das pessoas com 21 anos durante esta semana. Segundo as \u00faltimas contagens foram\u2026","rel":"","context":"In &quot;Atualidade&quot;","block_context":{"text":"Atualidade","link":"https:\/\/correiodasemana.com\/site\/category\/atualidade\/"},"img":{"alt_text":"","src":"https:\/\/i0.wp.com\/correiodasemana.com\/site\/wp-content\/uploads\/2021\/08\/lp_080621___vacinacao__22_-9333698.jpg?resize=350%2C200&ssl=1","width":350,"height":200,"srcset":"https:\/\/i0.wp.com\/correiodasemana.com\/site\/wp-content\/uploads\/2021\/08\/lp_080621___vacinacao__22_-9333698.jpg?resize=350%2C200&ssl=1 1x, https:\/\/i0.wp.com\/correiodasemana.com\/site\/wp-content\/uploads\/2021\/08\/lp_080621___vacinacao__22_-9333698.jpg?resize=525%2C300&ssl=1 1.5x, https:\/\/i0.wp.com\/correiodasemana.com\/site\/wp-content\/uploads\/2021\/08\/lp_080621___vacinacao__22_-9333698.jpg?resize=700%2C400&ssl=1 2x"},"classes":[]},{"id":17167,"url":"https:\/\/correiodasemana.com\/site\/sobral-inicia-mais-uma-rodada-de-vacinacao-e-municipio-anuncia-implantacao-de-tres-novas-linhas-de-onibus-na-cidade\/","url_meta":{"origin":16872,"position":4},"title":"Sobral inicia mais uma rodada de vacina\u00e7\u00e3o e munic\u00edpio anuncia implanta\u00e7\u00e3o de tr\u00eas novas linhas de \u00f4nibus na cidade","author":"","date":"Agosto 9, 2021","format":false,"excerpt":"Por Samuel Carvalho - Reda\u00e7\u00e3o Correio da Semana Na \u00faltima quarta-feira (04), o governo municipal realizou uma reuni\u00e3o com a participa\u00e7\u00e3o da secret\u00e1ria da Sa\u00fade de Sobral, Regina Carvalho, e com sua equipe t\u00e9cnica e definiu a nova rodada de vacina\u00e7\u00e3o contra a Covid-19 no munic\u00edpio. Desde \u00faltim quinta-feira (5),\u2026","rel":"","context":"In &quot;Atualidade&quot;","block_context":{"text":"Atualidade","link":"https:\/\/correiodasemana.com\/site\/category\/atualidade\/"},"img":{"alt_text":"","src":"https:\/\/i0.wp.com\/correiodasemana.com\/site\/wp-content\/uploads\/2021\/08\/nova-frota-de-onibus-municipal-em-sobral-3.jpg?resize=350%2C200&ssl=1","width":350,"height":200,"srcset":"https:\/\/i0.wp.com\/correiodasemana.com\/site\/wp-content\/uploads\/2021\/08\/nova-frota-de-onibus-municipal-em-sobral-3.jpg?resize=350%2C200&ssl=1 1x, https:\/\/i0.wp.com\/correiodasemana.com\/site\/wp-content\/uploads\/2021\/08\/nova-frota-de-onibus-municipal-em-sobral-3.jpg?resize=525%2C300&ssl=1 1.5x"},"classes":[]},{"id":17599,"url":"https:\/\/correiodasemana.com\/site\/municipios-cearenses-ja-podem-aplicar-terceira-dose-da-vacina-em-pessoas-imunossuprimidas\/","url_meta":{"origin":16872,"position":5},"title":"Munic\u00edpios cearenses j\u00e1 podem aplicar terceira dose da vacina em pessoas imunossuprimidas","author":"","date":"Setembro 26, 2021","format":false,"excerpt":"Por Samuel Carvalho - Reda\u00e7\u00e3o Correio da Semana A Secretaria da Sa\u00fade (Sesa) anunciou ontem, quinta-feira (23) o inicio da vacina\u00e7\u00e3o em pessoas idosas de at\u00e9 70 anos e pacientes com grau elevado de imunossupress\u00e3o com a terceira dose (D3). Os imunizantes j\u00e1 est\u00e3o sendo enviados aos munic\u00edpios. Atrav\u00e9s de\u2026","rel":"","context":"In &quot;Atualidade&quot;","block_context":{"text":"Atualidade","link":"https:\/\/correiodasemana.com\/site\/category\/atualidade\/"},"img":{"alt_text":"","src":"https:\/\/i0.wp.com\/correiodasemana.com\/site\/wp-content\/uploads\/2020\/12\/2020-11-04t192156z_1_lynxmpega31lb_rtroptp_4_health-coronavirus-britain-vaccine.jpg?resize=350%2C200&ssl=1","width":350,"height":200,"srcset":"https:\/\/i0.wp.com\/correiodasemana.com\/site\/wp-content\/uploads\/2020\/12\/2020-11-04t192156z_1_lynxmpega31lb_rtroptp_4_health-coronavirus-britain-vaccine.jpg?resize=350%2C200&ssl=1 1x, https:\/\/i0.wp.com\/correiodasemana.com\/site\/wp-content\/uploads\/2020\/12\/2020-11-04t192156z_1_lynxmpega31lb_rtroptp_4_health-coronavirus-britain-vaccine.jpg?resize=525%2C300&ssl=1 1.5x, https:\/\/i0.wp.com\/correiodasemana.com\/site\/wp-content\/uploads\/2020\/12\/2020-11-04t192156z_1_lynxmpega31lb_rtroptp_4_health-coronavirus-britain-vaccine.jpg?resize=700%2C400&ssl=1 2x, https:\/\/i0.wp.com\/correiodasemana.com\/site\/wp-content\/uploads\/2020\/12\/2020-11-04t192156z_1_lynxmpega31lb_rtroptp_4_health-coronavirus-britain-vaccine.jpg?resize=1050%2C600&ssl=1 3x"},"classes":[]}],"jetpack_sharing_enabled":true,"_links":{"self":[{"href":"https:\/\/correiodasemana.com\/site\/wp-json\/wp\/v2\/posts\/16872","targetHints":{"allow":["GET"]}}],"collection":[{"href":"https:\/\/correiodasemana.com\/site\/wp-json\/wp\/v2\/posts"}],"about":[{"href":"https:\/\/correiodasemana.com\/site\/wp-json\/wp\/v2\/types\/post"}],"author":[{"embeddable":true,"href":"https:\/\/correiodasemana.com\/site\/wp-json\/wp\/v2\/users\/1"}],"replies":[{"embeddable":true,"href":"https:\/\/correiodasemana.com\/site\/wp-json\/wp\/v2\/comments?post=16872"}],"version-history":[{"count":2,"href":"https:\/\/correiodasemana.com\/site\/wp-json\/wp\/v2\/posts\/16872\/revisions"}],"predecessor-version":[{"id":16875,"href":"https:\/\/correiodasemana.com\/site\/wp-json\/wp\/v2\/posts\/16872\/revisions\/16875"}],"wp:featuredmedia":[{"embeddable":true,"href":"https:\/\/correiodasemana.com\/site\/wp-json\/wp\/v2\/media\/16873"}],"wp:attachment":[{"href":"https:\/\/correiodasemana.com\/site\/wp-json\/wp\/v2\/media?parent=16872"}],"wp:term":[{"taxonomy":"category","embeddable":true,"href":"https:\/\/correiodasemana.com\/site\/wp-json\/wp\/v2\/categories?post=16872"},{"taxonomy":"post_tag","embeddable":true,"href":"https:\/\/correiodasemana.com\/site\/wp-json\/wp\/v2\/tags?post=16872"}],"curies":[{"name":"wp","href":"https:\/\/api.w.org\/{rel}","templated":true}]}}